{"id":16976,"date":"2021-05-28T23:09:23","date_gmt":"2021-05-29T02:09:23","guid":{"rendered":"https:\/\/verdadeon.com.br\/portal\/?p=16976"},"modified":"2021-05-28T23:09:23","modified_gmt":"2021-05-29T02:09:23","slug":"franca-bate-recorde-com-18-mortes-por-covid-em-24h","status":"publish","type":"post","link":"https:\/\/verdadeon.com.br\/portal\/2021\/05\/28\/franca-bate-recorde-com-18-mortes-por-covid-em-24h\/","title":{"rendered":"Franca bate recorde com 18 mortes por Covid em 24h"},"content":{"rendered":"<h2>Dado foi divulgado pelo Boletim da Vigil\u00e2ncia Epidemiol\u00f3gica na noite desta sexta-feira<\/h2>\n<p>A sexta-feira (28), foi um dia de um triste recorde para Franca, a cidade registrou 18 mortes causadas pela Covid-19 em 24h. No dia anterior haviam sido registrados 15, at\u00e9 ent\u00e3o o recorde de registros. O total de mortes agora chegou a 656.<br \/>\nDe acordo com o Boletim da Vigil\u00e2ncia Epidemiol\u00f3gica, os pacientes que vieram a \u00f3bito s\u00e3o: 7 mulheres na faixa et\u00e1ria de 40, 46, 49, 61, 62 e 63 anos (duas pacientes), sendo que n\u00e3o constam informa\u00e7\u00f5es sobre comorbidades para as pacientes (46 e 61 anos), al\u00e9m de 11 homens, com 25, 49, 50, 53, 57 (dois pacientes), 62, 63, 64, 74 e 79 anos, contudo, n\u00e3o apresentam informa\u00e7\u00f5es sobre comorbidades para os pacientes com (25, 49, 50 e 62 anos).<br \/>\nForam confirmados ainda 345 novos casos positivos da doen\u00e7a, passando de 29.131 para 29.476 pessoas.<br \/>\nOs casos negativos apresentaram alta de 43.060 para 43.156 pessoas.<br \/>\nOs casos suspeitos subiram de 3.506 para 3.761 pessoas.<br \/>\nOs pacientes recuperados cresceram de 25.035 para 25.101 pessoas.<\/p>\n<h4>\nLeitos<\/h4>\n<p>A situa\u00e7\u00e3o dos leitos ainda \u00e9 critica em Franca, embora a ocupa\u00e7\u00e3o tenha recuado um pouco, o grande n\u00famero de \u00f3bitos pode explicar isso.<br \/>\nO n\u00famero de leitos de Enfermaria (Cl\u00ednicos) est\u00e1 em 63 ocupados de 67 dispon\u00edveis &#8211; ocupa\u00e7\u00e3o de 94,0%.<br \/>\nDos 59 leitos de UTI SUS Adulto dispon\u00edveis, 56 est\u00e3o ocupados &#8211; 94,9% de ocupa\u00e7\u00e3o.<br \/>\nOs leitos de UTI Particular est\u00e3o com 37 ocupados de 47 dispon\u00edveis \u2013 78,7% de ocupa\u00e7\u00e3o.<\/p>\n","protected":false},"excerpt":{"rendered":"<p>Dado foi divulgado pelo Boletim da Vigil\u00e2ncia Epidemiol\u00f3gica na noite desta sexta-feira A sexta-feira (28), foi um dia de um triste recorde para Franca, a cidade<span class=\"excerpt-hellip\"> [\u2026]<\/span><\/p>\n","protected":false},"author":4,"featured_media":16977,"comment_status":"open","ping_status":"open","sticky":false,"template":"","format":"standard","meta":{"_jetpack_memberships_contains_paid_content":false,"footnotes":"","jetpack_publicize_message":"","jetpack_publicize_feature_enabled":true,"jetpack_social_post_already_shared":false,"jetpack_social_options":{"image_generator_settings":{"template":"highway","default_image_id":0,"enabled":false},"version":2}},"categories":[28,81],"tags":[],"class_list":["post-16976","post","type-post","status-publish","format-standard","has-post-thumbnail","hentry","category-cotidiano","category-manchete"],"yoast_head":"<!-- This site is optimized with the Yoast SEO plugin v25.6 - https:\/\/yoast.com\/wordpress\/plugins\/seo\/ -->\n<title>Franca bate recorde com 18 mortes por Covid em 24h - VerdadeOn<\/title>\n<meta name=\"robots\" content=\"index, follow, max-snippet:-1, max-image-preview:large, max-video-preview:-1\" \/>\n<link rel=\"canonical\" href=\"https:\/\/verdadeon.com.br\/portal\/2021\/05\/28\/franca-bate-recorde-com-18-mortes-por-covid-em-24h\/\" \/>\n<meta property=\"og:locale\" content=\"pt_BR\" \/>\n<meta property=\"og:type\" content=\"article\" \/>\n<meta property=\"og:title\" content=\"Franca bate recorde com 18 mortes por Covid em 24h - VerdadeOn\" \/>\n<meta property=\"og:description\" content=\"Dado foi divulgado pelo Boletim da Vigil\u00e2ncia Epidemiol\u00f3gica na noite desta sexta-feira A sexta-feira (28), foi um dia de um triste recorde para Franca, a cidade [\u2026]\" \/>\n<meta property=\"og:url\" content=\"https:\/\/verdadeon.com.br\/portal\/2021\/05\/28\/franca-bate-recorde-com-18-mortes-por-covid-em-24h\/\" \/>\n<meta property=\"og:site_name\" content=\"VerdadeOn\" \/>\n<meta property=\"article:published_time\" content=\"2021-05-29T02:09:23+00:00\" \/>\n<meta property=\"og:image\" content=\"https:\/\/verdadeon.com.br\/portal\/wp-content\/uploads\/2021\/05\/WhatsApp-Image-2021-05-28-at-20.27.48.jpeg\" \/>\n\t<meta property=\"og:image:width\" content=\"1000\" \/>\n\t<meta property=\"og:image:height\" content=\"670\" \/>\n\t<meta property=\"og:image:type\" content=\"image\/jpeg\" \/>\n<meta name=\"author\" content=\"Fernando Calixto\" \/>\n<meta name=\"twitter:card\" content=\"summary_large_image\" \/>\n<meta name=\"twitter:label1\" content=\"Escrito por\" \/>\n\t<meta name=\"twitter:data1\" content=\"Fernando Calixto\" \/>\n\t<meta name=\"twitter:label2\" content=\"Est. tempo de leitura\" \/>\n\t<meta name=\"twitter:data2\" content=\"2 minutos\" \/>\n<script type=\"application\/ld+json\" class=\"yoast-schema-graph\">{\"@context\":\"https:\/\/schema.org\",\"@graph\":[{\"@type\":\"WebPage\",\"@id\":\"https:\/\/verdadeon.com.br\/portal\/2021\/05\/28\/franca-bate-recorde-com-18-mortes-por-covid-em-24h\/\",\"url\":\"https:\/\/verdadeon.com.br\/portal\/2021\/05\/28\/franca-bate-recorde-com-18-mortes-por-covid-em-24h\/\",\"name\":\"Franca bate recorde com 18 mortes por Covid em 24h - VerdadeOn\",\"isPartOf\":{\"@id\":\"https:\/\/verdadeon.com.br\/portal\/#website\"},\"primaryImageOfPage\":{\"@id\":\"https:\/\/verdadeon.com.br\/portal\/2021\/05\/28\/franca-bate-recorde-com-18-mortes-por-covid-em-24h\/#primaryimage\"},\"image\":{\"@id\":\"https:\/\/verdadeon.com.br\/portal\/2021\/05\/28\/franca-bate-recorde-com-18-mortes-por-covid-em-24h\/#primaryimage\"},\"thumbnailUrl\":\"https:\/\/i0.wp.com\/verdadeon.com.br\/portal\/wp-content\/uploads\/2021\/05\/WhatsApp-Image-2021-05-28-at-20.27.48.jpeg?fit=1000%2C670&ssl=1\",\"datePublished\":\"2021-05-29T02:09:23+00:00\",\"author\":{\"@id\":\"https:\/\/verdadeon.com.br\/portal\/#\/schema\/person\/8994718f49ee62ba5610471e29ca1f62\"},\"breadcrumb\":{\"@id\":\"https:\/\/verdadeon.com.br\/portal\/2021\/05\/28\/franca-bate-recorde-com-18-mortes-por-covid-em-24h\/#breadcrumb\"},\"inLanguage\":\"pt-BR\",\"potentialAction\":[{\"@type\":\"ReadAction\",\"target\":[\"https:\/\/verdadeon.com.br\/portal\/2021\/05\/28\/franca-bate-recorde-com-18-mortes-por-covid-em-24h\/\"]}]},{\"@type\":\"ImageObject\",\"inLanguage\":\"pt-BR\",\"@id\":\"https:\/\/verdadeon.com.br\/portal\/2021\/05\/28\/franca-bate-recorde-com-18-mortes-por-covid-em-24h\/#primaryimage\",\"url\":\"https:\/\/i0.wp.com\/verdadeon.com.br\/portal\/wp-content\/uploads\/2021\/05\/WhatsApp-Image-2021-05-28-at-20.27.48.jpeg?fit=1000%2C670&ssl=1\",\"contentUrl\":\"https:\/\/i0.wp.com\/verdadeon.com.br\/portal\/wp-content\/uploads\/2021\/05\/WhatsApp-Image-2021-05-28-at-20.27.48.jpeg?fit=1000%2C670&ssl=1\",\"width\":1000,\"height\":670,\"caption\":\"Semana foi de recorde de mortes pela doen\u00e7a na cidade | Foto: Jornal Verdade\"},{\"@type\":\"BreadcrumbList\",\"@id\":\"https:\/\/verdadeon.com.br\/portal\/2021\/05\/28\/franca-bate-recorde-com-18-mortes-por-covid-em-24h\/#breadcrumb\",\"itemListElement\":[{\"@type\":\"ListItem\",\"position\":1,\"name\":\"In\u00edcio\",\"item\":\"https:\/\/verdadeon.com.br\/portal\/\"},{\"@type\":\"ListItem\",\"position\":2,\"name\":\"Franca bate recorde com 18 mortes por Covid em 24h\"}]},{\"@type\":\"WebSite\",\"@id\":\"https:\/\/verdadeon.com.br\/portal\/#website\",\"url\":\"https:\/\/verdadeon.com.br\/portal\/\",\"name\":\"VerdadeOn\",\"description\":\"Not\u00edcias di\u00e1rias sobre Franca, Regi\u00e3o, Esporte, Cultura, Cotidiano, Colunas. Cobertura nos principais eventos da cidade \u00e9 aqui - Verdadeon Franca\",\"potentialAction\":[{\"@type\":\"SearchAction\",\"target\":{\"@type\":\"EntryPoint\",\"urlTemplate\":\"https:\/\/verdadeon.com.br\/portal\/?s={search_term_string}\"},\"query-input\":{\"@type\":\"PropertyValueSpecification\",\"valueRequired\":true,\"valueName\":\"search_term_string\"}}],\"inLanguage\":\"pt-BR\"},{\"@type\":\"Person\",\"@id\":\"https:\/\/verdadeon.com.br\/portal\/#\/schema\/person\/8994718f49ee62ba5610471e29ca1f62\",\"name\":\"Fernando Calixto\",\"image\":{\"@type\":\"ImageObject\",\"inLanguage\":\"pt-BR\",\"@id\":\"https:\/\/verdadeon.com.br\/portal\/#\/schema\/person\/image\/\",\"url\":\"https:\/\/secure.gravatar.com\/avatar\/7578910c24966c0316c340f9dbd601e93ee9f9212e1033968b367af9306bd9fb?s=96&d=mm&r=g\",\"contentUrl\":\"https:\/\/secure.gravatar.com\/avatar\/7578910c24966c0316c340f9dbd601e93ee9f9212e1033968b367af9306bd9fb?s=96&d=mm&r=g\",\"caption\":\"Fernando Calixto\"},\"url\":\"https:\/\/verdadeon.com.br\/portal\/author\/fernando-calixto\/\"}]}<\/script>\n<!-- \/ Yoast SEO plugin. -->","yoast_head_json":{"title":"Franca bate recorde com 18 mortes por Covid em 24h - VerdadeOn","robots":{"index":"index","follow":"follow","max-snippet":"max-snippet:-1","max-image-preview":"max-image-preview:large","max-video-preview":"max-video-preview:-1"},"canonical":"https:\/\/verdadeon.com.br\/portal\/2021\/05\/28\/franca-bate-recorde-com-18-mortes-por-covid-em-24h\/","og_locale":"pt_BR","og_type":"article","og_title":"Franca bate recorde com 18 mortes por Covid em 24h - VerdadeOn","og_description":"Dado foi divulgado pelo Boletim da Vigil\u00e2ncia Epidemiol\u00f3gica na noite desta sexta-feira A sexta-feira (28), foi um dia de um triste recorde para Franca, a cidade [\u2026]","og_url":"https:\/\/verdadeon.com.br\/portal\/2021\/05\/28\/franca-bate-recorde-com-18-mortes-por-covid-em-24h\/","og_site_name":"VerdadeOn","article_published_time":"2021-05-29T02:09:23+00:00","og_image":[{"width":1000,"height":670,"url":"https:\/\/verdadeon.com.br\/portal\/wp-content\/uploads\/2021\/05\/WhatsApp-Image-2021-05-28-at-20.27.48.jpeg","type":"image\/jpeg"}],"author":"Fernando Calixto","twitter_card":"summary_large_image","twitter_misc":{"Escrito por":"Fernando Calixto","Est. tempo de leitura":"2 minutos"},"schema":{"@context":"https:\/\/schema.org","@graph":[{"@type":"WebPage","@id":"https:\/\/verdadeon.com.br\/portal\/2021\/05\/28\/franca-bate-recorde-com-18-mortes-por-covid-em-24h\/","url":"https:\/\/verdadeon.com.br\/portal\/2021\/05\/28\/franca-bate-recorde-com-18-mortes-por-covid-em-24h\/","name":"Franca bate recorde com 18 mortes por Covid em 24h - VerdadeOn","isPartOf":{"@id":"https:\/\/verdadeon.com.br\/portal\/#website"},"primaryImageOfPage":{"@id":"https:\/\/verdadeon.com.br\/portal\/2021\/05\/28\/franca-bate-recorde-com-18-mortes-por-covid-em-24h\/#primaryimage"},"image":{"@id":"https:\/\/verdadeon.com.br\/portal\/2021\/05\/28\/franca-bate-recorde-com-18-mortes-por-covid-em-24h\/#primaryimage"},"thumbnailUrl":"https:\/\/i0.wp.com\/verdadeon.com.br\/portal\/wp-content\/uploads\/2021\/05\/WhatsApp-Image-2021-05-28-at-20.27.48.jpeg?fit=1000%2C670&ssl=1","datePublished":"2021-05-29T02:09:23+00:00","author":{"@id":"https:\/\/verdadeon.com.br\/portal\/#\/schema\/person\/8994718f49ee62ba5610471e29ca1f62"},"breadcrumb":{"@id":"https:\/\/verdadeon.com.br\/portal\/2021\/05\/28\/franca-bate-recorde-com-18-mortes-por-covid-em-24h\/#breadcrumb"},"inLanguage":"pt-BR","potentialAction":[{"@type":"ReadAction","target":["https:\/\/verdadeon.com.br\/portal\/2021\/05\/28\/franca-bate-recorde-com-18-mortes-por-covid-em-24h\/"]}]},{"@type":"ImageObject","inLanguage":"pt-BR","@id":"https:\/\/verdadeon.com.br\/portal\/2021\/05\/28\/franca-bate-recorde-com-18-mortes-por-covid-em-24h\/#primaryimage","url":"https:\/\/i0.wp.com\/verdadeon.com.br\/portal\/wp-content\/uploads\/2021\/05\/WhatsApp-Image-2021-05-28-at-20.27.48.jpeg?fit=1000%2C670&ssl=1","contentUrl":"https:\/\/i0.wp.com\/verdadeon.com.br\/portal\/wp-content\/uploads\/2021\/05\/WhatsApp-Image-2021-05-28-at-20.27.48.jpeg?fit=1000%2C670&ssl=1","width":1000,"height":670,"caption":"Semana foi de recorde de mortes pela doen\u00e7a na cidade | Foto: Jornal Verdade"},{"@type":"BreadcrumbList","@id":"https:\/\/verdadeon.com.br\/portal\/2021\/05\/28\/franca-bate-recorde-com-18-mortes-por-covid-em-24h\/#breadcrumb","itemListElement":[{"@type":"ListItem","position":1,"name":"In\u00edcio","item":"https:\/\/verdadeon.com.br\/portal\/"},{"@type":"ListItem","position":2,"name":"Franca bate recorde com 18 mortes por Covid em 24h"}]},{"@type":"WebSite","@id":"https:\/\/verdadeon.com.br\/portal\/#website","url":"https:\/\/verdadeon.com.br\/portal\/","name":"VerdadeOn","description":"Not\u00edcias di\u00e1rias sobre Franca, Regi\u00e3o, Esporte, Cultura, Cotidiano, Colunas. Cobertura nos principais eventos da cidade \u00e9 aqui - Verdadeon Franca","potentialAction":[{"@type":"SearchAction","target":{"@type":"EntryPoint","urlTemplate":"https:\/\/verdadeon.com.br\/portal\/?s={search_term_string}"},"query-input":{"@type":"PropertyValueSpecification","valueRequired":true,"valueName":"search_term_string"}}],"inLanguage":"pt-BR"},{"@type":"Person","@id":"https:\/\/verdadeon.com.br\/portal\/#\/schema\/person\/8994718f49ee62ba5610471e29ca1f62","name":"Fernando Calixto","image":{"@type":"ImageObject","inLanguage":"pt-BR","@id":"https:\/\/verdadeon.com.br\/portal\/#\/schema\/person\/image\/","url":"https:\/\/secure.gravatar.com\/avatar\/7578910c24966c0316c340f9dbd601e93ee9f9212e1033968b367af9306bd9fb?s=96&d=mm&r=g","contentUrl":"https:\/\/secure.gravatar.com\/avatar\/7578910c24966c0316c340f9dbd601e93ee9f9212e1033968b367af9306bd9fb?s=96&d=mm&r=g","caption":"Fernando Calixto"},"url":"https:\/\/verdadeon.com.br\/portal\/author\/fernando-calixto\/"}]}},"jetpack_publicize_connections":[],"jetpack_featured_media_url":"https:\/\/i0.wp.com\/verdadeon.com.br\/portal\/wp-content\/uploads\/2021\/05\/WhatsApp-Image-2021-05-28-at-20.27.48.jpeg?fit=1000%2C670&ssl=1","jetpack_sharing_enabled":true,"_links":{"self":[{"href":"https:\/\/verdadeon.com.br\/portal\/wp-json\/wp\/v2\/posts\/16976","targetHints":{"allow":["GET"]}}],"collection":[{"href":"https:\/\/verdadeon.com.br\/portal\/wp-json\/wp\/v2\/posts"}],"about":[{"href":"https:\/\/verdadeon.com.br\/portal\/wp-json\/wp\/v2\/types\/post"}],"author":[{"embeddable":true,"href":"https:\/\/verdadeon.com.br\/portal\/wp-json\/wp\/v2\/users\/4"}],"replies":[{"embeddable":true,"href":"https:\/\/verdadeon.com.br\/portal\/wp-json\/wp\/v2\/comments?post=16976"}],"version-history":[{"count":0,"href":"https:\/\/verdadeon.com.br\/portal\/wp-json\/wp\/v2\/posts\/16976\/revisions"}],"wp:featuredmedia":[{"embeddable":true,"href":"https:\/\/verdadeon.com.br\/portal\/wp-json\/wp\/v2\/media\/16977"}],"wp:attachment":[{"href":"https:\/\/verdadeon.com.br\/portal\/wp-json\/wp\/v2\/media?parent=16976"}],"wp:term":[{"taxonomy":"category","embeddable":true,"href":"https:\/\/verdadeon.com.br\/portal\/wp-json\/wp\/v2\/categories?post=16976"},{"taxonomy":"post_tag","embeddable":true,"href":"https:\/\/verdadeon.com.br\/portal\/wp-json\/wp\/v2\/tags?post=16976"}],"curies":[{"name":"wp","href":"https:\/\/api.w.org\/{rel}","templated":true}]}}