{"id":16955,"date":"2021-05-28T14:52:46","date_gmt":"2021-05-28T17:52:46","guid":{"rendered":"https:\/\/verdadeon.com.br\/portal\/?p=16955"},"modified":"2021-05-28T14:52:46","modified_gmt":"2021-05-28T17:52:46","slug":"eduardo-bolsonaro-visita-grupo-santa-casa-de-franca","status":"publish","type":"post","link":"https:\/\/verdadeon.com.br\/portal\/2021\/05\/28\/eduardo-bolsonaro-visita-grupo-santa-casa-de-franca\/","title":{"rendered":"Eduardo Bolsonaro visita Grupo Santa Casa de Franca"},"content":{"rendered":"<h2>Deputado Federal visitou setores em que foram aplicadas\u00a0as verbas de emendas parlamentares por ele indicadas<\/h2>\n<p style=\"font-weight: 400;\">Na quinta-feira, 27 de maio, o Deputado Federal Eduardo Bolsonaro esteve no Grupo Santa Casa de Franca em visita pr\u00e9-agendada. Junto com Bolsonaro, esteve tamb\u00e9m o Deputado Estadual Gil Diniz.<\/p>\n<p style=\"font-weight: 400;\">Como ambos os deputados direcionam verbas de emendas parlamentares para a institui\u00e7\u00e3o, a visita teve o intuito de conhecer os setores do hospital onde tais verbas foram aplicadas para tratamento e diagn\u00f3stico dos pacientes.<\/p>\n<p style=\"font-weight: 400;\">O presidente da Santa Casa, Tony Graciano, juntamente com o administrador Thiago Silva, o gerente institucional Marcelo Reis e a gerente assistencial Ana Carolina Botto Paulino, levaram os deputados para conhecer o Raio X digital (equipamento que gera imagens de alta resolu\u00e7\u00e3o sem mais necessitar de revela\u00e7\u00e3o de filmes e uso de produtos qu\u00edmicos prejudiciais ao meio ambiente); conheceram a Maternidade, o Pronto Atendimento de Ginecologia e Obstetr\u00edcia, a Unidade de Cuidados Intermedi\u00e1rios Convencionais (Pedi\u00e1trica), o Banco de Leite e a nova Lavanderia Hospitalar. Todos estes setores visitados receberam novos equipamentos ou foram revitalizados com aux\u00edlio das emendas parlamentares dos Deputados Eduardo Bolsonaro (federal) e Gil Diniz (estadual).<\/p>\n<p style=\"font-weight: 400;\">Em seguida, o administrador hospitalar Thiago Silva realizou uma apresenta\u00e7\u00e3o t\u00e9cnica na qual apresentou os dados de produ\u00e7\u00e3o da institui\u00e7\u00e3o para os atendimentos aos usu\u00e1rios do SUS, falando ainda sobre os investimentos de despesas com a estrutura destinada aos tratamentos de pacientes de COVID-19.<\/p>\n<p><img data-recalc-dims=\"1\" loading=\"lazy\" decoding=\"async\" class=\"alignnone wp-image-16957 size-full\" src=\"https:\/\/i0.wp.com\/verdadeon.com.br\/portal\/wp-content\/uploads\/2021\/05\/191918709_3591726934265147_6955330328477125874_n.jpg?resize=1220%2C813&#038;ssl=1\" alt=\"\" width=\"1220\" height=\"813\" srcset=\"https:\/\/i0.wp.com\/verdadeon.com.br\/portal\/wp-content\/uploads\/2021\/05\/191918709_3591726934265147_6955330328477125874_n.jpg?w=2048&amp;ssl=1 2048w, https:\/\/i0.wp.com\/verdadeon.com.br\/portal\/wp-content\/uploads\/2021\/05\/191918709_3591726934265147_6955330328477125874_n.jpg?resize=300%2C200&amp;ssl=1 300w, https:\/\/i0.wp.com\/verdadeon.com.br\/portal\/wp-content\/uploads\/2021\/05\/191918709_3591726934265147_6955330328477125874_n.jpg?resize=1024%2C683&amp;ssl=1 1024w, https:\/\/i0.wp.com\/verdadeon.com.br\/portal\/wp-content\/uploads\/2021\/05\/191918709_3591726934265147_6955330328477125874_n.jpg?resize=768%2C512&amp;ssl=1 768w, https:\/\/i0.wp.com\/verdadeon.com.br\/portal\/wp-content\/uploads\/2021\/05\/191918709_3591726934265147_6955330328477125874_n.jpg?resize=1536%2C1024&amp;ssl=1 1536w, https:\/\/i0.wp.com\/verdadeon.com.br\/portal\/wp-content\/uploads\/2021\/05\/191918709_3591726934265147_6955330328477125874_n.jpg?resize=219%2C146&amp;ssl=1 219w, https:\/\/i0.wp.com\/verdadeon.com.br\/portal\/wp-content\/uploads\/2021\/05\/191918709_3591726934265147_6955330328477125874_n.jpg?resize=50%2C33&amp;ssl=1 50w, https:\/\/i0.wp.com\/verdadeon.com.br\/portal\/wp-content\/uploads\/2021\/05\/191918709_3591726934265147_6955330328477125874_n.jpg?resize=113%2C75&amp;ssl=1 113w\" sizes=\"auto, (max-width: 1220px) 100vw, 1220px\" \/><\/p>\n<p style=\"font-weight: 400;\">O deputado Eduardo Bolsonaro mostrou-se impressionado com a organiza\u00e7\u00e3o e efici\u00eancia dos setores do hospital &#8211; e com a compet\u00eancia e transpar\u00eancia da diretoria na administra\u00e7\u00e3o e aplica\u00e7\u00e3o dos recursos por ele destinados.<\/p>\n<p style=\"font-weight: 400;\">Ao final da visita o presidente Tony Graciano fez a entrega de certificados de agradecimento aos deputados, agradecendo ainda aos assessores parlamentares e membros da equipe, que constantemente t\u00eam prestado seu apoio ao Grupo Santa Casa de Franca, sempre recebendo o gerente de rela\u00e7\u00f5es institucionais Marcelo Reis em seus gabinetes, onde tem a oportunidade de apresentar as demandas e indicadores da institui\u00e7\u00e3o em busca de recursos que auxiliem diretamente a popula\u00e7\u00e3o de Franca e de 22 munic\u00edpios da regi\u00e3o aqui atendidos &#8211; com uma popula\u00e7\u00e3o estimada em 750 mil habitantes.<\/p>\n","protected":false},"excerpt":{"rendered":"<p>Deputado Federal visitou setores em que foram aplicadas\u00a0as verbas de emendas parlamentares por ele indicadas Na quinta-feira, 27 de maio, o Deputado Federal Eduardo Bolsonaro esteve<span class=\"excerpt-hellip\"> [\u2026]<\/span><\/p>\n","protected":false},"author":4,"featured_media":16956,"comment_status":"open","ping_status":"open","sticky":false,"template":"","format":"standard","meta":{"_jetpack_memberships_contains_paid_content":false,"footnotes":"","jetpack_publicize_message":"","jetpack_publicize_feature_enabled":true,"jetpack_social_post_already_shared":false,"jetpack_social_options":{"image_generator_settings":{"template":"highway","default_image_id":0,"enabled":false},"version":2}},"categories":[28,81],"tags":[],"class_list":["post-16955","post","type-post","status-publish","format-standard","has-post-thumbnail","hentry","category-cotidiano","category-manchete"],"yoast_head":"<!-- This site is optimized with the Yoast SEO plugin v25.6 - https:\/\/yoast.com\/wordpress\/plugins\/seo\/ -->\n<title>Eduardo Bolsonaro visita Grupo Santa Casa de Franca - VerdadeOn<\/title>\n<meta name=\"robots\" content=\"index, follow, max-snippet:-1, max-image-preview:large, max-video-preview:-1\" \/>\n<link rel=\"canonical\" href=\"https:\/\/verdadeon.com.br\/portal\/2021\/05\/28\/eduardo-bolsonaro-visita-grupo-santa-casa-de-franca\/\" \/>\n<meta property=\"og:locale\" content=\"pt_BR\" \/>\n<meta property=\"og:type\" content=\"article\" \/>\n<meta property=\"og:title\" content=\"Eduardo Bolsonaro visita Grupo Santa Casa de Franca - VerdadeOn\" \/>\n<meta property=\"og:description\" content=\"Deputado Federal visitou setores em que foram aplicadas\u00a0as verbas de emendas parlamentares por ele indicadas Na quinta-feira, 27 de maio, o Deputado Federal Eduardo Bolsonaro esteve [\u2026]\" \/>\n<meta property=\"og:url\" content=\"https:\/\/verdadeon.com.br\/portal\/2021\/05\/28\/eduardo-bolsonaro-visita-grupo-santa-casa-de-franca\/\" \/>\n<meta property=\"og:site_name\" content=\"VerdadeOn\" \/>\n<meta property=\"article:published_time\" content=\"2021-05-28T17:52:46+00:00\" \/>\n<meta property=\"og:image\" content=\"https:\/\/verdadeon.com.br\/portal\/wp-content\/uploads\/2021\/05\/IMG_1088.jpg\" \/>\n\t<meta property=\"og:image:width\" content=\"1000\" \/>\n\t<meta property=\"og:image:height\" content=\"670\" \/>\n\t<meta property=\"og:image:type\" content=\"image\/jpeg\" \/>\n<meta name=\"author\" content=\"Fernando Calixto\" \/>\n<meta name=\"twitter:card\" content=\"summary_large_image\" \/>\n<meta name=\"twitter:label1\" content=\"Escrito por\" \/>\n\t<meta name=\"twitter:data1\" content=\"Fernando Calixto\" \/>\n\t<meta name=\"twitter:label2\" content=\"Est. tempo de leitura\" \/>\n\t<meta name=\"twitter:data2\" content=\"2 minutos\" \/>\n<script type=\"application\/ld+json\" class=\"yoast-schema-graph\">{\"@context\":\"https:\/\/schema.org\",\"@graph\":[{\"@type\":\"WebPage\",\"@id\":\"https:\/\/verdadeon.com.br\/portal\/2021\/05\/28\/eduardo-bolsonaro-visita-grupo-santa-casa-de-franca\/\",\"url\":\"https:\/\/verdadeon.com.br\/portal\/2021\/05\/28\/eduardo-bolsonaro-visita-grupo-santa-casa-de-franca\/\",\"name\":\"Eduardo Bolsonaro visita Grupo Santa Casa de Franca - VerdadeOn\",\"isPartOf\":{\"@id\":\"https:\/\/verdadeon.com.br\/portal\/#website\"},\"primaryImageOfPage\":{\"@id\":\"https:\/\/verdadeon.com.br\/portal\/2021\/05\/28\/eduardo-bolsonaro-visita-grupo-santa-casa-de-franca\/#primaryimage\"},\"image\":{\"@id\":\"https:\/\/verdadeon.com.br\/portal\/2021\/05\/28\/eduardo-bolsonaro-visita-grupo-santa-casa-de-franca\/#primaryimage\"},\"thumbnailUrl\":\"https:\/\/i0.wp.com\/verdadeon.com.br\/portal\/wp-content\/uploads\/2021\/05\/IMG_1088.jpg?fit=1000%2C670&ssl=1\",\"datePublished\":\"2021-05-28T17:52:46+00:00\",\"author\":{\"@id\":\"https:\/\/verdadeon.com.br\/portal\/#\/schema\/person\/8994718f49ee62ba5610471e29ca1f62\"},\"breadcrumb\":{\"@id\":\"https:\/\/verdadeon.com.br\/portal\/2021\/05\/28\/eduardo-bolsonaro-visita-grupo-santa-casa-de-franca\/#breadcrumb\"},\"inLanguage\":\"pt-BR\",\"potentialAction\":[{\"@type\":\"ReadAction\",\"target\":[\"https:\/\/verdadeon.com.br\/portal\/2021\/05\/28\/eduardo-bolsonaro-visita-grupo-santa-casa-de-franca\/\"]}]},{\"@type\":\"ImageObject\",\"inLanguage\":\"pt-BR\",\"@id\":\"https:\/\/verdadeon.com.br\/portal\/2021\/05\/28\/eduardo-bolsonaro-visita-grupo-santa-casa-de-franca\/#primaryimage\",\"url\":\"https:\/\/i0.wp.com\/verdadeon.com.br\/portal\/wp-content\/uploads\/2021\/05\/IMG_1088.jpg?fit=1000%2C670&ssl=1\",\"contentUrl\":\"https:\/\/i0.wp.com\/verdadeon.com.br\/portal\/wp-content\/uploads\/2021\/05\/IMG_1088.jpg?fit=1000%2C670&ssl=1\",\"width\":1000,\"height\":670,\"caption\":\"Diretoria, administrador e gerentes do Grupo Santa Casa de Franca com o Deputado Federal Eduardo Bolsonaro\"},{\"@type\":\"BreadcrumbList\",\"@id\":\"https:\/\/verdadeon.com.br\/portal\/2021\/05\/28\/eduardo-bolsonaro-visita-grupo-santa-casa-de-franca\/#breadcrumb\",\"itemListElement\":[{\"@type\":\"ListItem\",\"position\":1,\"name\":\"In\u00edcio\",\"item\":\"https:\/\/verdadeon.com.br\/portal\/\"},{\"@type\":\"ListItem\",\"position\":2,\"name\":\"Eduardo Bolsonaro visita Grupo Santa Casa de Franca\"}]},{\"@type\":\"WebSite\",\"@id\":\"https:\/\/verdadeon.com.br\/portal\/#website\",\"url\":\"https:\/\/verdadeon.com.br\/portal\/\",\"name\":\"VerdadeOn\",\"description\":\"Not\u00edcias di\u00e1rias sobre Franca, Regi\u00e3o, Esporte, Cultura, Cotidiano, Colunas. Cobertura nos principais eventos da cidade \u00e9 aqui - Verdadeon Franca\",\"potentialAction\":[{\"@type\":\"SearchAction\",\"target\":{\"@type\":\"EntryPoint\",\"urlTemplate\":\"https:\/\/verdadeon.com.br\/portal\/?s={search_term_string}\"},\"query-input\":{\"@type\":\"PropertyValueSpecification\",\"valueRequired\":true,\"valueName\":\"search_term_string\"}}],\"inLanguage\":\"pt-BR\"},{\"@type\":\"Person\",\"@id\":\"https:\/\/verdadeon.com.br\/portal\/#\/schema\/person\/8994718f49ee62ba5610471e29ca1f62\",\"name\":\"Fernando Calixto\",\"image\":{\"@type\":\"ImageObject\",\"inLanguage\":\"pt-BR\",\"@id\":\"https:\/\/verdadeon.com.br\/portal\/#\/schema\/person\/image\/\",\"url\":\"https:\/\/secure.gravatar.com\/avatar\/7578910c24966c0316c340f9dbd601e93ee9f9212e1033968b367af9306bd9fb?s=96&d=mm&r=g\",\"contentUrl\":\"https:\/\/secure.gravatar.com\/avatar\/7578910c24966c0316c340f9dbd601e93ee9f9212e1033968b367af9306bd9fb?s=96&d=mm&r=g\",\"caption\":\"Fernando Calixto\"},\"url\":\"https:\/\/verdadeon.com.br\/portal\/author\/fernando-calixto\/\"}]}<\/script>\n<!-- \/ Yoast SEO plugin. -->","yoast_head_json":{"title":"Eduardo Bolsonaro visita Grupo Santa Casa de Franca - VerdadeOn","robots":{"index":"index","follow":"follow","max-snippet":"max-snippet:-1","max-image-preview":"max-image-preview:large","max-video-preview":"max-video-preview:-1"},"canonical":"https:\/\/verdadeon.com.br\/portal\/2021\/05\/28\/eduardo-bolsonaro-visita-grupo-santa-casa-de-franca\/","og_locale":"pt_BR","og_type":"article","og_title":"Eduardo Bolsonaro visita Grupo Santa Casa de Franca - VerdadeOn","og_description":"Deputado Federal visitou setores em que foram aplicadas\u00a0as verbas de emendas parlamentares por ele indicadas Na quinta-feira, 27 de maio, o Deputado Federal Eduardo Bolsonaro esteve [\u2026]","og_url":"https:\/\/verdadeon.com.br\/portal\/2021\/05\/28\/eduardo-bolsonaro-visita-grupo-santa-casa-de-franca\/","og_site_name":"VerdadeOn","article_published_time":"2021-05-28T17:52:46+00:00","og_image":[{"width":1000,"height":670,"url":"https:\/\/verdadeon.com.br\/portal\/wp-content\/uploads\/2021\/05\/IMG_1088.jpg","type":"image\/jpeg"}],"author":"Fernando Calixto","twitter_card":"summary_large_image","twitter_misc":{"Escrito por":"Fernando Calixto","Est. tempo de leitura":"2 minutos"},"schema":{"@context":"https:\/\/schema.org","@graph":[{"@type":"WebPage","@id":"https:\/\/verdadeon.com.br\/portal\/2021\/05\/28\/eduardo-bolsonaro-visita-grupo-santa-casa-de-franca\/","url":"https:\/\/verdadeon.com.br\/portal\/2021\/05\/28\/eduardo-bolsonaro-visita-grupo-santa-casa-de-franca\/","name":"Eduardo Bolsonaro visita Grupo Santa Casa de Franca - VerdadeOn","isPartOf":{"@id":"https:\/\/verdadeon.com.br\/portal\/#website"},"primaryImageOfPage":{"@id":"https:\/\/verdadeon.com.br\/portal\/2021\/05\/28\/eduardo-bolsonaro-visita-grupo-santa-casa-de-franca\/#primaryimage"},"image":{"@id":"https:\/\/verdadeon.com.br\/portal\/2021\/05\/28\/eduardo-bolsonaro-visita-grupo-santa-casa-de-franca\/#primaryimage"},"thumbnailUrl":"https:\/\/i0.wp.com\/verdadeon.com.br\/portal\/wp-content\/uploads\/2021\/05\/IMG_1088.jpg?fit=1000%2C670&ssl=1","datePublished":"2021-05-28T17:52:46+00:00","author":{"@id":"https:\/\/verdadeon.com.br\/portal\/#\/schema\/person\/8994718f49ee62ba5610471e29ca1f62"},"breadcrumb":{"@id":"https:\/\/verdadeon.com.br\/portal\/2021\/05\/28\/eduardo-bolsonaro-visita-grupo-santa-casa-de-franca\/#breadcrumb"},"inLanguage":"pt-BR","potentialAction":[{"@type":"ReadAction","target":["https:\/\/verdadeon.com.br\/portal\/2021\/05\/28\/eduardo-bolsonaro-visita-grupo-santa-casa-de-franca\/"]}]},{"@type":"ImageObject","inLanguage":"pt-BR","@id":"https:\/\/verdadeon.com.br\/portal\/2021\/05\/28\/eduardo-bolsonaro-visita-grupo-santa-casa-de-franca\/#primaryimage","url":"https:\/\/i0.wp.com\/verdadeon.com.br\/portal\/wp-content\/uploads\/2021\/05\/IMG_1088.jpg?fit=1000%2C670&ssl=1","contentUrl":"https:\/\/i0.wp.com\/verdadeon.com.br\/portal\/wp-content\/uploads\/2021\/05\/IMG_1088.jpg?fit=1000%2C670&ssl=1","width":1000,"height":670,"caption":"Diretoria, administrador e gerentes do Grupo Santa Casa de Franca com o Deputado Federal Eduardo Bolsonaro"},{"@type":"BreadcrumbList","@id":"https:\/\/verdadeon.com.br\/portal\/2021\/05\/28\/eduardo-bolsonaro-visita-grupo-santa-casa-de-franca\/#breadcrumb","itemListElement":[{"@type":"ListItem","position":1,"name":"In\u00edcio","item":"https:\/\/verdadeon.com.br\/portal\/"},{"@type":"ListItem","position":2,"name":"Eduardo Bolsonaro visita Grupo Santa Casa de Franca"}]},{"@type":"WebSite","@id":"https:\/\/verdadeon.com.br\/portal\/#website","url":"https:\/\/verdadeon.com.br\/portal\/","name":"VerdadeOn","description":"Not\u00edcias di\u00e1rias sobre Franca, Regi\u00e3o, Esporte, Cultura, Cotidiano, Colunas. Cobertura nos principais eventos da cidade \u00e9 aqui - Verdadeon Franca","potentialAction":[{"@type":"SearchAction","target":{"@type":"EntryPoint","urlTemplate":"https:\/\/verdadeon.com.br\/portal\/?s={search_term_string}"},"query-input":{"@type":"PropertyValueSpecification","valueRequired":true,"valueName":"search_term_string"}}],"inLanguage":"pt-BR"},{"@type":"Person","@id":"https:\/\/verdadeon.com.br\/portal\/#\/schema\/person\/8994718f49ee62ba5610471e29ca1f62","name":"Fernando Calixto","image":{"@type":"ImageObject","inLanguage":"pt-BR","@id":"https:\/\/verdadeon.com.br\/portal\/#\/schema\/person\/image\/","url":"https:\/\/secure.gravatar.com\/avatar\/7578910c24966c0316c340f9dbd601e93ee9f9212e1033968b367af9306bd9fb?s=96&d=mm&r=g","contentUrl":"https:\/\/secure.gravatar.com\/avatar\/7578910c24966c0316c340f9dbd601e93ee9f9212e1033968b367af9306bd9fb?s=96&d=mm&r=g","caption":"Fernando Calixto"},"url":"https:\/\/verdadeon.com.br\/portal\/author\/fernando-calixto\/"}]}},"jetpack_publicize_connections":[],"jetpack_featured_media_url":"https:\/\/i0.wp.com\/verdadeon.com.br\/portal\/wp-content\/uploads\/2021\/05\/IMG_1088.jpg?fit=1000%2C670&ssl=1","jetpack_sharing_enabled":true,"_links":{"self":[{"href":"https:\/\/verdadeon.com.br\/portal\/wp-json\/wp\/v2\/posts\/16955","targetHints":{"allow":["GET"]}}],"collection":[{"href":"https:\/\/verdadeon.com.br\/portal\/wp-json\/wp\/v2\/posts"}],"about":[{"href":"https:\/\/verdadeon.com.br\/portal\/wp-json\/wp\/v2\/types\/post"}],"author":[{"embeddable":true,"href":"https:\/\/verdadeon.com.br\/portal\/wp-json\/wp\/v2\/users\/4"}],"replies":[{"embeddable":true,"href":"https:\/\/verdadeon.com.br\/portal\/wp-json\/wp\/v2\/comments?post=16955"}],"version-history":[{"count":0,"href":"https:\/\/verdadeon.com.br\/portal\/wp-json\/wp\/v2\/posts\/16955\/revisions"}],"wp:featuredmedia":[{"embeddable":true,"href":"https:\/\/verdadeon.com.br\/portal\/wp-json\/wp\/v2\/media\/16956"}],"wp:attachment":[{"href":"https:\/\/verdadeon.com.br\/portal\/wp-json\/wp\/v2\/media?parent=16955"}],"wp:term":[{"taxonomy":"category","embeddable":true,"href":"https:\/\/verdadeon.com.br\/portal\/wp-json\/wp\/v2\/categories?post=16955"},{"taxonomy":"post_tag","embeddable":true,"href":"https:\/\/verdadeon.com.br\/portal\/wp-json\/wp\/v2\/tags?post=16955"}],"curies":[{"name":"wp","href":"https:\/\/api.w.org\/{rel}","templated":true}]}}