{"id":16948,"date":"2021-05-27T22:38:40","date_gmt":"2021-05-28T01:38:40","guid":{"rendered":"https:\/\/verdadeon.com.br\/portal\/?p=16948"},"modified":"2021-05-27T22:38:40","modified_gmt":"2021-05-28T01:38:40","slug":"a-ma-administracao-do-poder-publico-resultou-no-lockdown-defende-especialista","status":"publish","type":"post","link":"https:\/\/verdadeon.com.br\/portal\/2021\/05\/27\/a-ma-administracao-do-poder-publico-resultou-no-lockdown-defende-especialista\/","title":{"rendered":"\u201cA m\u00e1 administra\u00e7\u00e3o do Poder P\u00fablico resultou no lockdown\u201d, defende especialista"},"content":{"rendered":"<h2>A afirma\u00e7\u00e3o \u00e9 do advogado Mestre em Direito P\u00fablico, Toninho Menezes. Em entrevista ele defendeu que lockdown n\u00e3o \u00e9 eficiente<\/h2>\n<p>O lockdown em Franca divide opini\u00f5es, enquanto grande parte apoia, outra parcela tamb\u00e9m grande discorda. O assunto \u00e9 pol\u00eamico e traz uma leque de possibilidades de discuss\u00f5es.<\/p>\n<p>O Mestre em Direito P\u00fablico, Professor de Direito Administrativo e Operador na \u00c1rea P\u00fablica, Toninho Menezes critica a medida. Para ele tudo o que est\u00e1 sendo vivido agora \u00e9 resultado de uma m\u00e1 gest\u00e3o da pandemia pelo poder p\u00fablico.<\/p>\n<p>\u201cOs defensores do lockdown n\u00e3o aceitam que tal procedimento n\u00e3o deu certo em lugar nenhum no mundo obviamente em lugares s\u00e9rios, onde ele \u00e9 analisado sem o problema pol\u00edtico. \u00c9 s\u00f3 olhar que onde fizeram o fechamento total n\u00e3o trouxe o resultado que se esperava. Excluindo os locais que manipulam os dados, como por exemplo Araraquara, pois l\u00e1 se fala que o percentual de utiliza\u00e7\u00e3o das UTIS caiu ap\u00f3s o lockdown, o que \u00e9 uma inverdade. Ap\u00f3s o lockdown, o governo estadual aumentou o n\u00famero de leitos de UTI, obviamente assim pode parecer que o percentual de uso caiu, mas \u00e9 porque houve um aumento de leitos, consequentemente queda no percentual dos internados. Somente os desatentos aceitam o que n\u00e3o tem comprova\u00e7\u00e3o cientifica\u201d, defendeu.<\/p>\n<p>Sobre a administra\u00e7\u00e3o do poder p\u00fablico, Menezes defendeu ainda que falta ousadia por parte de administradores para defender a popula\u00e7\u00e3o. Posso afirmar que n\u00e3o temos gestores p\u00fablicos, mas sim pessoas que n\u00e3o possuem a ousadia necess\u00e1ria e a coragem para tomar decis\u00f5es na defesa de seus administrados. Temos apenas dubl\u00eas de administradores que n\u00e3o fazem outra coisa a n\u00e3o ser plagiar o que os outros fizeram. Basta olhar que as reda\u00e7\u00f5es dos decretos s\u00e3o id\u00eanticas, n\u00e3o redigem um decreto diferente dos modelos que est\u00e3o rodando por a\u00ed\u201d.<\/p>\n<p>Para o advogado, as consequ\u00eancias do lockdown j\u00e1 est\u00e3o sendo sentidas, principalmente por conta de a medida ter sido tomada em cima da hora, prejudicando o planejamento de empres\u00e1rios, por exemplo. \u201cAs consequ\u00eancias s\u00e3o n\u00edtidas para quem tem consci\u00eancia do que \u00e9 vida em sociedade. Temos empres\u00e1rios com pedidos para serem entregues e v\u00e3o arcar com todo o preju\u00edzo e perda da clientela, como no caso da exporta\u00e7\u00e3o. Parece que nossas autoridades n\u00e3o t\u00eam nenhum conhecimento e nem viv\u00eancia nessa \u00e1rea e tomam tais medidas. Temos comerciantes que v\u00e3o perder seus estoques de perec\u00edveis, temos prestadores que tiram seu sustento do trabalho no dia a dia, \u00e9 um desastre que a m\u00e1 administra\u00e7\u00e3o amputa ao seu cidad\u00e3o e n\u00e3o tem a humildade de aceitar e assumir. Cad\u00ea as UTIS que foram retiradas durante o per\u00edodo eleitoral, apenas para dar a sensa\u00e7\u00e3o de que estava tudo sobre controle? Cad\u00ea os hospitais de campanha? Cad\u00ea o dinheiro e a presta\u00e7\u00e3o de contas? \u201d, avaliou.<\/p>\n<p>Ainda de acordo com o especialista, o poder Judici\u00e1rio tamb\u00e9m deixou a desejar nos \u00faltimos meses, j\u00e1 que n\u00e3o defendeu a popula\u00e7\u00e3o. O pior de tudo isso para n\u00f3s operadores do Direito \u00e9 ver um Judici\u00e1rio que compactua com tudo isso, pois n\u00e3o sabe nem se quer interpretar a Constitui\u00e7\u00e3o Federal que pro\u00edbe tais atos. Onde est\u00e1 o Minist\u00e9rio P\u00fablico, que deveria se contrapor a isso, ao contr\u00e1rio de defender tal situa\u00e7\u00e3o pol\u00edtica, porque sabemos que todos s\u00e3o capacitados e conhecem o direito constitucional. Obviamente os servidores est\u00e3o tranquilos, seus pagamentos est\u00e3o garantidos todo m\u00eas diferentemente dos cidad\u00e3os comuns que n\u00e3o sabem mais como v\u00e3o fazer. Porque durante o lockdown n\u00e3o suspendeu as cobran\u00e7as dos impostos municipais? O que falar da cobran\u00e7a de \u00e1gua e energia? N\u00e3o sou a favor de lockdown, mas sim de medidas preventivas e investimentos na sa\u00fade que ficou relegado em d\u00e9cadas, visto que as cidades cresceram e o investimento n\u00e3o acompanhou. Cad\u00ea os investimentos dos impostos? \u00c9 isso que n\u00f3s precisamos agora\u201d, finalizou.<\/p>\n<p>&nbsp;<\/p>\n<p>Sentindo na pele<\/p>\n<p>O empres\u00e1rio Jos\u00e9 Rosa Jacomete, conhecido como \u201cZuza\u201d, criticou a postura da popula\u00e7\u00e3o diante \u00e0 pandemia. Para ele os maiores culpados s\u00e3o os jovens, principalmente aqueles que fazem festas clandestinas. \u201cN\u00e3o posso falar que foi uma m\u00e1 administra\u00e7\u00e3o. Voc\u00ea anda aqui em Franca voc\u00ea encontra bares lotados, vemos not\u00edcias de baladas, festas, at\u00e9 mesmo aquela cavalgada com mais de 500 pessoas, falta consci\u00eancia de muitos\u201d, pontuou.<\/p>\n<p>O empres\u00e1rio contou ainda que est\u00e1 sentindo na pele os preju\u00edzos causados pelo lockdown e outras restri\u00e7\u00f5es. \u201cEu j\u00e1 tive 270 funcion\u00e1rios, hoje tenho 200. S\u00e3o pais, m\u00e3es, estudantes, pessoas que precisam de trabalhar e agora est\u00e3o parados por conta da falta de colabora\u00e7\u00e3o de muitos. Eu tinha uma entrega de tr\u00eas mil pares de sapatos para o dia dos namorados, vou ficar sem entregar infelizmente, \u00e9 uma consequ\u00eancia que estamos sofrendo. Isso me gera muita revolta, indigna\u00e7\u00e3o de pensar que tem gente que n\u00e3o est\u00e1 nem a\u00ed para a pandemia\u201d, afirmou.<\/p>\n","protected":false},"excerpt":{"rendered":"<p>A afirma\u00e7\u00e3o \u00e9 do advogado Mestre em Direito P\u00fablico, Toninho Menezes. Em entrevista ele defendeu que lockdown n\u00e3o \u00e9 eficiente O lockdown em Franca divide opini\u00f5es,<span class=\"excerpt-hellip\"> [\u2026]<\/span><\/p>\n","protected":false},"author":7,"featured_media":4014,"comment_status":"open","ping_status":"open","sticky":false,"template":"","format":"standard","meta":{"_jetpack_memberships_contains_paid_content":false,"footnotes":"","jetpack_publicize_message":"","jetpack_publicize_feature_enabled":true,"jetpack_social_post_already_shared":false,"jetpack_social_options":{"image_generator_settings":{"template":"highway","default_image_id":0,"enabled":false},"version":2}},"categories":[28,81],"tags":[],"class_list":["post-16948","post","type-post","status-publish","format-standard","has-post-thumbnail","hentry","category-cotidiano","category-manchete"],"yoast_head":"<!-- This site is optimized with the Yoast SEO plugin v25.6 - https:\/\/yoast.com\/wordpress\/plugins\/seo\/ -->\n<title>\u201cA m\u00e1 administra\u00e7\u00e3o do Poder P\u00fablico resultou no lockdown\u201d, defende especialista - VerdadeOn<\/title>\n<meta name=\"robots\" content=\"index, follow, max-snippet:-1, max-image-preview:large, max-video-preview:-1\" \/>\n<link rel=\"canonical\" href=\"https:\/\/verdadeon.com.br\/portal\/2021\/05\/27\/a-ma-administracao-do-poder-publico-resultou-no-lockdown-defende-especialista\/\" \/>\n<meta property=\"og:locale\" content=\"pt_BR\" \/>\n<meta property=\"og:type\" content=\"article\" \/>\n<meta property=\"og:title\" content=\"\u201cA m\u00e1 administra\u00e7\u00e3o do Poder P\u00fablico resultou no lockdown\u201d, defende especialista - VerdadeOn\" \/>\n<meta property=\"og:description\" content=\"A afirma\u00e7\u00e3o \u00e9 do advogado Mestre em Direito P\u00fablico, Toninho Menezes. Em entrevista ele defendeu que lockdown n\u00e3o \u00e9 eficiente O lockdown em Franca divide opini\u00f5es, [\u2026]\" \/>\n<meta property=\"og:url\" content=\"https:\/\/verdadeon.com.br\/portal\/2021\/05\/27\/a-ma-administracao-do-poder-publico-resultou-no-lockdown-defende-especialista\/\" \/>\n<meta property=\"og:site_name\" content=\"VerdadeOn\" \/>\n<meta property=\"article:published_time\" content=\"2021-05-28T01:38:40+00:00\" \/>\n<meta property=\"og:image\" content=\"https:\/\/verdadeon.com.br\/portal\/wp-content\/uploads\/2020\/02\/Toninho-Menezes-foto-Lindomar-Cailton-8.jpg\" \/>\n\t<meta property=\"og:image:width\" content=\"1000\" \/>\n\t<meta property=\"og:image:height\" content=\"668\" \/>\n\t<meta property=\"og:image:type\" content=\"image\/jpeg\" \/>\n<meta name=\"author\" content=\"Fernando Lima\" \/>\n<meta name=\"twitter:card\" content=\"summary_large_image\" \/>\n<meta name=\"twitter:label1\" content=\"Escrito por\" \/>\n\t<meta name=\"twitter:data1\" content=\"Fernando Lima\" \/>\n\t<meta name=\"twitter:label2\" content=\"Est. tempo de leitura\" \/>\n\t<meta name=\"twitter:data2\" content=\"4 minutos\" \/>\n<script type=\"application\/ld+json\" class=\"yoast-schema-graph\">{\"@context\":\"https:\/\/schema.org\",\"@graph\":[{\"@type\":\"WebPage\",\"@id\":\"https:\/\/verdadeon.com.br\/portal\/2021\/05\/27\/a-ma-administracao-do-poder-publico-resultou-no-lockdown-defende-especialista\/\",\"url\":\"https:\/\/verdadeon.com.br\/portal\/2021\/05\/27\/a-ma-administracao-do-poder-publico-resultou-no-lockdown-defende-especialista\/\",\"name\":\"\u201cA m\u00e1 administra\u00e7\u00e3o do Poder P\u00fablico resultou no lockdown\u201d, defende especialista - VerdadeOn\",\"isPartOf\":{\"@id\":\"https:\/\/verdadeon.com.br\/portal\/#website\"},\"primaryImageOfPage\":{\"@id\":\"https:\/\/verdadeon.com.br\/portal\/2021\/05\/27\/a-ma-administracao-do-poder-publico-resultou-no-lockdown-defende-especialista\/#primaryimage\"},\"image\":{\"@id\":\"https:\/\/verdadeon.com.br\/portal\/2021\/05\/27\/a-ma-administracao-do-poder-publico-resultou-no-lockdown-defende-especialista\/#primaryimage\"},\"thumbnailUrl\":\"https:\/\/i0.wp.com\/verdadeon.com.br\/portal\/wp-content\/uploads\/2020\/02\/Toninho-Menezes-foto-Lindomar-Cailton-8.jpg?fit=1000%2C668&ssl=1\",\"datePublished\":\"2021-05-28T01:38:40+00:00\",\"author\":{\"@id\":\"https:\/\/verdadeon.com.br\/portal\/#\/schema\/person\/cc32be22b8e8599387c480bc83e1d11a\"},\"breadcrumb\":{\"@id\":\"https:\/\/verdadeon.com.br\/portal\/2021\/05\/27\/a-ma-administracao-do-poder-publico-resultou-no-lockdown-defende-especialista\/#breadcrumb\"},\"inLanguage\":\"pt-BR\",\"potentialAction\":[{\"@type\":\"ReadAction\",\"target\":[\"https:\/\/verdadeon.com.br\/portal\/2021\/05\/27\/a-ma-administracao-do-poder-publico-resultou-no-lockdown-defende-especialista\/\"]}]},{\"@type\":\"ImageObject\",\"inLanguage\":\"pt-BR\",\"@id\":\"https:\/\/verdadeon.com.br\/portal\/2021\/05\/27\/a-ma-administracao-do-poder-publico-resultou-no-lockdown-defende-especialista\/#primaryimage\",\"url\":\"https:\/\/i0.wp.com\/verdadeon.com.br\/portal\/wp-content\/uploads\/2020\/02\/Toninho-Menezes-foto-Lindomar-Cailton-8.jpg?fit=1000%2C668&ssl=1\",\"contentUrl\":\"https:\/\/i0.wp.com\/verdadeon.com.br\/portal\/wp-content\/uploads\/2020\/02\/Toninho-Menezes-foto-Lindomar-Cailton-8.jpg?fit=1000%2C668&ssl=1\",\"width\":1000,\"height\":668,\"caption\":\"Toninho Menezes avalia que a atual gest\u00e3o deveria cobrar mais respostas da Sabesp sobre inconsist\u00eancias no abastecimento | Foto: Jornal Verdade\"},{\"@type\":\"BreadcrumbList\",\"@id\":\"https:\/\/verdadeon.com.br\/portal\/2021\/05\/27\/a-ma-administracao-do-poder-publico-resultou-no-lockdown-defende-especialista\/#breadcrumb\",\"itemListElement\":[{\"@type\":\"ListItem\",\"position\":1,\"name\":\"In\u00edcio\",\"item\":\"https:\/\/verdadeon.com.br\/portal\/\"},{\"@type\":\"ListItem\",\"position\":2,\"name\":\"\u201cA m\u00e1 administra\u00e7\u00e3o do Poder P\u00fablico resultou no lockdown\u201d, defende especialista\"}]},{\"@type\":\"WebSite\",\"@id\":\"https:\/\/verdadeon.com.br\/portal\/#website\",\"url\":\"https:\/\/verdadeon.com.br\/portal\/\",\"name\":\"VerdadeOn\",\"description\":\"Not\u00edcias di\u00e1rias sobre Franca, Regi\u00e3o, Esporte, Cultura, Cotidiano, Colunas. Cobertura nos principais eventos da cidade \u00e9 aqui - Verdadeon Franca\",\"potentialAction\":[{\"@type\":\"SearchAction\",\"target\":{\"@type\":\"EntryPoint\",\"urlTemplate\":\"https:\/\/verdadeon.com.br\/portal\/?s={search_term_string}\"},\"query-input\":{\"@type\":\"PropertyValueSpecification\",\"valueRequired\":true,\"valueName\":\"search_term_string\"}}],\"inLanguage\":\"pt-BR\"},{\"@type\":\"Person\",\"@id\":\"https:\/\/verdadeon.com.br\/portal\/#\/schema\/person\/cc32be22b8e8599387c480bc83e1d11a\",\"name\":\"Fernando Lima\",\"image\":{\"@type\":\"ImageObject\",\"inLanguage\":\"pt-BR\",\"@id\":\"https:\/\/verdadeon.com.br\/portal\/#\/schema\/person\/image\/\",\"url\":\"https:\/\/secure.gravatar.com\/avatar\/df4c8e132080d2b3a4841d5d232045464e0eed11a1d6e43115ca0843d48768d3?s=96&d=mm&r=g\",\"contentUrl\":\"https:\/\/secure.gravatar.com\/avatar\/df4c8e132080d2b3a4841d5d232045464e0eed11a1d6e43115ca0843d48768d3?s=96&d=mm&r=g\",\"caption\":\"Fernando Lima\"},\"sameAs\":[\"http:\/\/verdadeon.com.br\/\"],\"url\":\"https:\/\/verdadeon.com.br\/portal\/author\/fernando-lima\/\"}]}<\/script>\n<!-- \/ Yoast SEO plugin. -->","yoast_head_json":{"title":"\u201cA m\u00e1 administra\u00e7\u00e3o do Poder P\u00fablico resultou no lockdown\u201d, defende especialista - VerdadeOn","robots":{"index":"index","follow":"follow","max-snippet":"max-snippet:-1","max-image-preview":"max-image-preview:large","max-video-preview":"max-video-preview:-1"},"canonical":"https:\/\/verdadeon.com.br\/portal\/2021\/05\/27\/a-ma-administracao-do-poder-publico-resultou-no-lockdown-defende-especialista\/","og_locale":"pt_BR","og_type":"article","og_title":"\u201cA m\u00e1 administra\u00e7\u00e3o do Poder P\u00fablico resultou no lockdown\u201d, defende especialista - VerdadeOn","og_description":"A afirma\u00e7\u00e3o \u00e9 do advogado Mestre em Direito P\u00fablico, Toninho Menezes. Em entrevista ele defendeu que lockdown n\u00e3o \u00e9 eficiente O lockdown em Franca divide opini\u00f5es, [\u2026]","og_url":"https:\/\/verdadeon.com.br\/portal\/2021\/05\/27\/a-ma-administracao-do-poder-publico-resultou-no-lockdown-defende-especialista\/","og_site_name":"VerdadeOn","article_published_time":"2021-05-28T01:38:40+00:00","og_image":[{"width":1000,"height":668,"url":"https:\/\/verdadeon.com.br\/portal\/wp-content\/uploads\/2020\/02\/Toninho-Menezes-foto-Lindomar-Cailton-8.jpg","type":"image\/jpeg"}],"author":"Fernando Lima","twitter_card":"summary_large_image","twitter_misc":{"Escrito por":"Fernando Lima","Est. tempo de leitura":"4 minutos"},"schema":{"@context":"https:\/\/schema.org","@graph":[{"@type":"WebPage","@id":"https:\/\/verdadeon.com.br\/portal\/2021\/05\/27\/a-ma-administracao-do-poder-publico-resultou-no-lockdown-defende-especialista\/","url":"https:\/\/verdadeon.com.br\/portal\/2021\/05\/27\/a-ma-administracao-do-poder-publico-resultou-no-lockdown-defende-especialista\/","name":"\u201cA m\u00e1 administra\u00e7\u00e3o do Poder P\u00fablico resultou no lockdown\u201d, defende especialista - VerdadeOn","isPartOf":{"@id":"https:\/\/verdadeon.com.br\/portal\/#website"},"primaryImageOfPage":{"@id":"https:\/\/verdadeon.com.br\/portal\/2021\/05\/27\/a-ma-administracao-do-poder-publico-resultou-no-lockdown-defende-especialista\/#primaryimage"},"image":{"@id":"https:\/\/verdadeon.com.br\/portal\/2021\/05\/27\/a-ma-administracao-do-poder-publico-resultou-no-lockdown-defende-especialista\/#primaryimage"},"thumbnailUrl":"https:\/\/i0.wp.com\/verdadeon.com.br\/portal\/wp-content\/uploads\/2020\/02\/Toninho-Menezes-foto-Lindomar-Cailton-8.jpg?fit=1000%2C668&ssl=1","datePublished":"2021-05-28T01:38:40+00:00","author":{"@id":"https:\/\/verdadeon.com.br\/portal\/#\/schema\/person\/cc32be22b8e8599387c480bc83e1d11a"},"breadcrumb":{"@id":"https:\/\/verdadeon.com.br\/portal\/2021\/05\/27\/a-ma-administracao-do-poder-publico-resultou-no-lockdown-defende-especialista\/#breadcrumb"},"inLanguage":"pt-BR","potentialAction":[{"@type":"ReadAction","target":["https:\/\/verdadeon.com.br\/portal\/2021\/05\/27\/a-ma-administracao-do-poder-publico-resultou-no-lockdown-defende-especialista\/"]}]},{"@type":"ImageObject","inLanguage":"pt-BR","@id":"https:\/\/verdadeon.com.br\/portal\/2021\/05\/27\/a-ma-administracao-do-poder-publico-resultou-no-lockdown-defende-especialista\/#primaryimage","url":"https:\/\/i0.wp.com\/verdadeon.com.br\/portal\/wp-content\/uploads\/2020\/02\/Toninho-Menezes-foto-Lindomar-Cailton-8.jpg?fit=1000%2C668&ssl=1","contentUrl":"https:\/\/i0.wp.com\/verdadeon.com.br\/portal\/wp-content\/uploads\/2020\/02\/Toninho-Menezes-foto-Lindomar-Cailton-8.jpg?fit=1000%2C668&ssl=1","width":1000,"height":668,"caption":"Toninho Menezes avalia que a atual gest\u00e3o deveria cobrar mais respostas da Sabesp sobre inconsist\u00eancias no abastecimento | Foto: Jornal Verdade"},{"@type":"BreadcrumbList","@id":"https:\/\/verdadeon.com.br\/portal\/2021\/05\/27\/a-ma-administracao-do-poder-publico-resultou-no-lockdown-defende-especialista\/#breadcrumb","itemListElement":[{"@type":"ListItem","position":1,"name":"In\u00edcio","item":"https:\/\/verdadeon.com.br\/portal\/"},{"@type":"ListItem","position":2,"name":"\u201cA m\u00e1 administra\u00e7\u00e3o do Poder P\u00fablico resultou no lockdown\u201d, defende especialista"}]},{"@type":"WebSite","@id":"https:\/\/verdadeon.com.br\/portal\/#website","url":"https:\/\/verdadeon.com.br\/portal\/","name":"VerdadeOn","description":"Not\u00edcias di\u00e1rias sobre Franca, Regi\u00e3o, Esporte, Cultura, Cotidiano, Colunas. Cobertura nos principais eventos da cidade \u00e9 aqui - Verdadeon Franca","potentialAction":[{"@type":"SearchAction","target":{"@type":"EntryPoint","urlTemplate":"https:\/\/verdadeon.com.br\/portal\/?s={search_term_string}"},"query-input":{"@type":"PropertyValueSpecification","valueRequired":true,"valueName":"search_term_string"}}],"inLanguage":"pt-BR"},{"@type":"Person","@id":"https:\/\/verdadeon.com.br\/portal\/#\/schema\/person\/cc32be22b8e8599387c480bc83e1d11a","name":"Fernando Lima","image":{"@type":"ImageObject","inLanguage":"pt-BR","@id":"https:\/\/verdadeon.com.br\/portal\/#\/schema\/person\/image\/","url":"https:\/\/secure.gravatar.com\/avatar\/df4c8e132080d2b3a4841d5d232045464e0eed11a1d6e43115ca0843d48768d3?s=96&d=mm&r=g","contentUrl":"https:\/\/secure.gravatar.com\/avatar\/df4c8e132080d2b3a4841d5d232045464e0eed11a1d6e43115ca0843d48768d3?s=96&d=mm&r=g","caption":"Fernando Lima"},"sameAs":["http:\/\/verdadeon.com.br\/"],"url":"https:\/\/verdadeon.com.br\/portal\/author\/fernando-lima\/"}]}},"jetpack_publicize_connections":[],"jetpack_featured_media_url":"https:\/\/i0.wp.com\/verdadeon.com.br\/portal\/wp-content\/uploads\/2020\/02\/Toninho-Menezes-foto-Lindomar-Cailton-8.jpg?fit=1000%2C668&ssl=1","jetpack_sharing_enabled":true,"_links":{"self":[{"href":"https:\/\/verdadeon.com.br\/portal\/wp-json\/wp\/v2\/posts\/16948","targetHints":{"allow":["GET"]}}],"collection":[{"href":"https:\/\/verdadeon.com.br\/portal\/wp-json\/wp\/v2\/posts"}],"about":[{"href":"https:\/\/verdadeon.com.br\/portal\/wp-json\/wp\/v2\/types\/post"}],"author":[{"embeddable":true,"href":"https:\/\/verdadeon.com.br\/portal\/wp-json\/wp\/v2\/users\/7"}],"replies":[{"embeddable":true,"href":"https:\/\/verdadeon.com.br\/portal\/wp-json\/wp\/v2\/comments?post=16948"}],"version-history":[{"count":0,"href":"https:\/\/verdadeon.com.br\/portal\/wp-json\/wp\/v2\/posts\/16948\/revisions"}],"wp:featuredmedia":[{"embeddable":true,"href":"https:\/\/verdadeon.com.br\/portal\/wp-json\/wp\/v2\/media\/4014"}],"wp:attachment":[{"href":"https:\/\/verdadeon.com.br\/portal\/wp-json\/wp\/v2\/media?parent=16948"}],"wp:term":[{"taxonomy":"category","embeddable":true,"href":"https:\/\/verdadeon.com.br\/portal\/wp-json\/wp\/v2\/categories?post=16948"},{"taxonomy":"post_tag","embeddable":true,"href":"https:\/\/verdadeon.com.br\/portal\/wp-json\/wp\/v2\/tags?post=16948"}],"curies":[{"name":"wp","href":"https:\/\/api.w.org\/{rel}","templated":true}]}}