{"id":16916,"date":"2021-05-26T13:03:10","date_gmt":"2021-05-26T16:03:10","guid":{"rendered":"https:\/\/verdadeon.com.br\/portal\/?p=16916"},"modified":"2021-05-26T13:03:10","modified_gmt":"2021-05-26T16:03:10","slug":"documentario-conversa-fiada-sobre-as-fiadeiras-do-sertao-mineiro-e-o-tema-da-live-do-projeto-virtual-do-sesc-ribeirao-brasil-vivo-festas-tradicoes-e-cultura-popular","status":"publish","type":"post","link":"https:\/\/verdadeon.com.br\/portal\/2021\/05\/26\/documentario-conversa-fiada-sobre-as-fiadeiras-do-sertao-mineiro-e-o-tema-da-live-do-projeto-virtual-do-sesc-ribeirao-brasil-vivo-festas-tradicoes-e-cultura-popular\/","title":{"rendered":"Document\u00e1rio \u2018Conversa Fiada\u2019 sobre as fiadeiras do sert\u00e3o mineiro \u00e9 o tema da live do projeto virtual do Sesc Ribeir\u00e3o \u2018Brasil Vivo! Festas, Tradi\u00e7\u00f5es e Cultura Popular\u2019"},"content":{"rendered":"<h2>Nesta quinta-feira (27\/05), \u00e0s 19h30, no YouTube, o bate-papo ser\u00e1 sobre o filme que retrata as mulheres fiadeiras, tingideiras e tecedeiras do Vale do Urucuia, no sert\u00e3o de Minas Gerais<\/h2>\n<p>&nbsp;<\/p>\n<div>O projeto virtual \u201cBrasil Vivo! Festas, Tradi\u00e7\u00f5es e Cultura Popular\u201d, promovido pelo Sesc Ribeir\u00e3o Preto, apresenta nesta quinta-feira (27\/05), \u00e0s 19h30, no canal do YouTube (<a href=\"https:\/\/youtube.com\/sescribeirao?fbclid=IwAR2xOOqqwXoxA9ZmYhNr3Pndqw9lhtIKux-ela-tG2oz8KJNLTkLDRu56n8\" target=\"_blank\" rel=\"noopener\">YouTube.com\/sescribeirao<\/a>), uma live com bate-papo ao vivo sobre o document\u00e1rio \u201cConversa Fiada\u201d, dos diretores Diego Zanotti e Dinalva Ribeiro. O filme, que est\u00e1 em cartaz no Sesc TV, retrata as mulheres fiadeiras, tingideiras e tecedeiras de algod\u00e3o do sert\u00e3o de Minas Gerais. At\u00e9 o dia 8 de julho, encontros e exibi\u00e7\u00f5es que abordam cinema, fotografia e turismo convidam o p\u00fablico para uma viagem on-line, repleta de experi\u00eancias e hist\u00f3rias, com participa\u00e7\u00e3o de convidados especiais.<\/p>\n<p>\u201cConversa Fiada\u201d conta a hist\u00f3ria de 15 mulheres fiadeiras, sertanejas e protagonistas de um mergulho pelas quest\u00f5es atuais de igualdade e diversidade de g\u00eanero, na busca pela pot\u00eancia de ser mulher no mundo de hoje. Dirigido por Diego Zanotti e Dinalva Ribeiro, o filme percorre o fio das fiadeiras, tingideiras e tecedeiras de cinco munic\u00edpios do noroeste de Minas Gerais, no Vale do Urucuia &#8211; tamb\u00e9m cen\u00e1rio da saga \u201cGrande Sert\u00e3o Veredas\u201d, de Guimar\u00e3es Rosa -, que sediam as \u00faltimas estruturas remanescentes de produ\u00e7\u00e3o artesanal de fios e pe\u00e7as de puro algod\u00e3o do Brasil.<\/p>\n<p>O curta-metragem, com 30 minutos, foi exibido no Festival CineBaru, na Vila Sagarana (MG) em 2018, quando recebeu o Pr\u00eamio Aquisi\u00e7\u00e3o SescTV, por relatar em prosa e imagem a vida das fazedoras de tecido e coragem. Nesta semana, est\u00e1 sendo reexibido no Sesc TV (<a href=\"https:\/\/sesctv.org.br\/\">https:\/\/sesctv.org.br\/<\/a>) na segunda-feira (24\/05), \u00e0s 13h, ter\u00e7a-feira (25\/05), \u00e0s 7h, e quarta-feira (26\/05), \u00e0s 12h30.<\/p>\n<p>Segundo Renato Alves, programador de cinema do Sesc Ribeir\u00e3o, o cinema sempre ter\u00e1 esse papel de resgatar hist\u00f3rias reais, trazer vozes que precisam ser ouvidas para o centro da discuss\u00e3o e fazer com que as pessoas conhe\u00e7am realidades diferentes. \u201c\u00c9 essa pluralidade que forma nosso pa\u00eds e deveria ser lembrada sempre. O \u2018Conversa Fiada\u2019 \u00e9 um registro importante para todos esses pontos e, al\u00e9m disso, traz muito calor humano, te faz admirar a bagagem dessas personagens, mesmo que voc\u00ea nunca as tenha conhecido pessoalmente\u201d, diz Renato.<\/p>\n<p>\u201cBrasil Vivo! Festas, Tradi\u00e7\u00f5es e Cultura Popular\u201d, promovido pelo Sesc Ribeir\u00e3o Preto com curadoria da fot\u00f3grafa paulista e produtora audiovisual Andrea Goldschmidt, tem como objetivo estimular os participantes a fazer uma viagem virtual e encontrar um novo universo de refer\u00eancias culturais de um Brasil plural.<\/p>\n<p>Com media\u00e7\u00e3o da produtora cultural Vandreza Freiria, a live sobre o document\u00e1rio \u201cConversa Fiada\u201d ser\u00e1 nesta quinta-feira (27\/05), \u00e0s 19h30, no canal do YouTube (<a href=\"https:\/\/youtube.com\/sescribeirao?fbclid=IwAR2xOOqqwXoxA9ZmYhNr3Pndqw9lhtIKux-ela-tG2oz8KJNLTkLDRu56n8\" target=\"_blank\" rel=\"noopener\">YouTube.com\/sescribeirao<\/a>). O bate-papo contar\u00e1 com a participa\u00e7\u00e3o dos diretores do filme e de Solange Oliveira Almeida, fiadeira e uma das protagonistas do curta.<\/p>\n<p>No encontro virtual, Diego e Dinalva comentar\u00e3o sobre o trabalho de pesquisa, respaldado pela Universidade Federal de Goi\u00e1s (UFG) e pela Universidade Estadual de Campinas (Unicamp), fruto de dois anos intensos de conv\u00edvio e mergulho na vida das personagens, e tamb\u00e9m ter\u00e3o a oportunidade de interagir com os internautas.<\/p>\n<p><strong><em>Convidados:<\/em><\/strong><br \/>\n<em>&#8211; Diego Zanotti \u00e9\u00a0<\/em><em>documentarista e psic\u00f3logo transcultural, buscador de tecnologias ancestrais e contempor\u00e2neas de comunica\u00e7\u00e3o e presen\u00e7a, a partir de projetos que desenvolvam encontros de culturas e subjetividades. Mestre em Artes, Cultura e Linguagens (na linha Cinema e Audiovisual) pela UFJF\/MG. Em 2020 iniciou as atividades do \u201cCinema Invis\u00edvel\u201d, um dispositivo audiovisual para olhar al\u00e9m. \u00c9 o diretor da s\u00e9rie \u201cResto de Mundo\u201d, em busca das profetisas do Brasil profundo, lan\u00e7ada no site exclusivo\u00a0<\/em><a href=\"http:\/\/www.cinemainvisivel.com\/\"><em>www.cinemainvisivel.com<\/em><\/a><em><u>.<\/u><\/em><\/p>\n<p><em>&#8211; Dinalva Ribeiro \u00e9 ge\u00f3grafa (PhD), pesquisadora do universo campon\u00eas nas suas mais distintas express\u00f5es, dentre elas a cultura e o saber-fazer campesinos. \u00c9 professora, pesquisadora e extensionista na Universidade Federal de Goi\u00e1s, onde coordena projetos de pesquisa e extens\u00e3o entrela\u00e7ando ci\u00eancia e saberes origin\u00e1rios; letras, cheiros e sabores; laborat\u00f3rio e terra; alimento e comida, ansiando pela (re)constru\u00e7\u00e3o de territ\u00f3rios que possibilitem a perman\u00eancia no campo.<\/em><\/p>\n<p><em>&#8211;\u00a0<\/em><em>Solange Oliveira Almeida\u00a0<\/em><em>\u00e9 fiadeira da regi\u00e3o do Grande Sert\u00e3o no Vale do Urucuia e uma das protagonistas do filme \u201cConversa Fiada\u201d. Nasceu no ber\u00e7o de\u00a0fiadeiras\u00a0e tecedeiras onde\u00a0se tornou aprendiz do\u00a0fiar, tecer e tingir com suas duas av\u00f3s, desde muito pequena.\u00a0Tamb\u00e9m atua na \u00e1rea de sa\u00fade como enfermeira do hospital de Riachinho (MG).<\/em>\n<\/div>\n<div><strong>SERVI\u00c7O<\/strong><br \/>\n<strong>Projeto: Brasil Vivo! Festas, Tradi\u00e7\u00f5es e Cultura Popular<\/strong><br \/>\n<strong>Tema: \u201cConversa Fiada\u201d<\/strong>\u00a0\u2013 document\u00e1rio sobre as fiadeiras do Vale do Urucuia, no sert\u00e3o de Minas Gerais<br \/>\n<strong>Curadora:<\/strong>\u00a0Andrea Goldschmidt, fot\u00f3grafa e produtora audiovisual<br \/>\n<strong>Mediadora:<\/strong>\u00a0Vandreza Freiria, produtora cultural<br \/>\n<strong>Convidados:\u00a0<\/strong>diretores Diego Zanotti e Dinalva Ribeiro, e a fiadeira Solange Oliveira Almeida<br \/>\n<strong>Data:<\/strong>\u00a0quinta-feira, 27 de maio<br \/>\n<strong>Hor\u00e1rio:<\/strong>\u00a019h30<br \/>\n<strong>Local:\u00a0<\/strong>Canal do YouTube do Sesc Ribeir\u00e3o \u2013\u00a0<a href=\"https:\/\/youtube.com\/sescribeirao?fbclid=IwAR2xOOqqwXoxA9ZmYhNr3Pndqw9lhtIKux-ela-tG2oz8KJNLTkLDRu56n8\" target=\"_blank\" rel=\"noopener\">YouTube.com\/sescribeirao<\/a><br \/>\n<strong>O filme<\/strong>:\u00a0<a href=\"https:\/\/youtu.be\/3Ia1sC8a29I\">https:\/\/youtu.be\/3Ia1sC8a29I<\/a>\n<\/div>\n<div><strong>O projeto e a programa\u00e7\u00e3o<\/strong><br \/>\n\u201cBrasil Vivo! Festas, Tradi\u00e7\u00f5es e Cultura Popular\u201d acontece at\u00e9 o dia 8 julho, toda quinta-feira, com exce\u00e7\u00e3o de 03 de junho, \u00e0s 19h30, pelo canal do YouTube do Sesc Ribeir\u00e3o (<a href=\"https:\/\/youtube.com\/sescribeirao?fbclid=IwAR2xOOqqwXoxA9ZmYhNr3Pndqw9lhtIKux-ela-tG2oz8KJNLTkLDRu56n8\" target=\"_blank\" rel=\"noopener\">YouTube.com\/sescribeirao<\/a>). A viagem virtual pelas festas populares passar\u00e1 por todas as regi\u00f5es do pa\u00eds: Boi Bumb\u00e1 de Parintins \u2013 Amazonas (10\/06), Maracatu de Baque Solto de Nazar\u00e9 da Mata \u2013 Pernambuco (17\/06), Cavalhadas de Piren\u00f3polis \u2013 Goi\u00e1s (24\/06), Semana Farroupilha de Porto Alegre &#8211; Rio Grande do Sul (01\/07) e Prociss\u00e3o das Almas de Mariana &#8211; Minas Gerais (08\/07).<\/p>\n<p>O projeto integra uma iniciativa do Sesc S\u00e3o Paulo, denominada \u201cOutras Viagens\u201d, em que os temas do turismo e das viagens s\u00e3o abordados em atividades sem deslocamento dos participantes.\u00a0Com as restri\u00e7\u00f5es impostas pela pandemia da Covid-19, o Sesc Ribeir\u00e3o vem se dedicando ao planejamento de atividades virtuais que destacam a atividade tur\u00edstica.<\/p>\n<p>\u201cConvidamos os viajantes a experimentar novas formas de se relacionar consigo mesmos e com a hist\u00f3ria do pa\u00eds. Entende-se a educa\u00e7\u00e3o pelo turismo como momentos de desenvolvimento de conte\u00fados e aquisi\u00e7\u00e3o de conhecimentos, um processo cont\u00ednuo no qual os participantes interpretam a si mesmos e ao mundo ao seu redor, enquanto adquirem informa\u00e7\u00f5es por meio dos sentidos, de observa\u00e7\u00f5es e experi\u00eancias compartilhadas\u201d, diz Vitor Hugo Vieira, turism\u00f3logo e programador do Sesc Ribeir\u00e3o.<\/p><\/div>\n<div><\/div>\n<div><\/div>\n<div><img data-recalc-dims=\"1\" decoding=\"async\" src=\"https:\/\/i0.wp.com\/mcusercontent.com\/b22c85950155d96b8073dfdd6\/images\/db2efe5a-17be-4b79-0856-8d5a6e6624e4.jpeg?w=1220&#038;ssl=1\" \/><\/div>\n<div>Os diretores Diego Zanotti e Dinalva Ribeiro (acima), e a fiadeira\u00a0Solange Oliveira Almeida (abaixo, \u00e0 esquerda), uma das\u00a0protagonistas do filme, participam nesta quinta da live que ser\u00e1 mediada pela produtora cultural Vandreza Freiria (abaixo, \u00e0 direita)<\/div>\n<div><\/div>\n<div><img data-recalc-dims=\"1\" decoding=\"async\" src=\"https:\/\/i0.wp.com\/mcusercontent.com\/b22c85950155d96b8073dfdd6\/images\/436a61da-7365-f416-1416-52914d85694c.jpeg?w=1220&#038;ssl=1\" \/><\/div>\n<div>Renato Alves, programador de cinema do Sesc Ribeir\u00e3o, e Vitor Hugo Vieira, programador de turismo do Sesc Ribeir\u00e3o<\/div>\n","protected":false},"excerpt":{"rendered":"<p>Nesta quinta-feira (27\/05), \u00e0s 19h30, no YouTube, o bate-papo ser\u00e1 sobre o filme que retrata as mulheres fiadeiras, tingideiras e tecedeiras do Vale do Urucuia, no<span class=\"excerpt-hellip\"> [\u2026]<\/span><\/p>\n","protected":false},"author":4,"featured_media":16917,"comment_status":"open","ping_status":"open","sticky":false,"template":"","format":"standard","meta":{"_jetpack_memberships_contains_paid_content":false,"footnotes":"","jetpack_publicize_message":"","jetpack_publicize_feature_enabled":true,"jetpack_social_post_already_shared":false,"jetpack_social_options":{"image_generator_settings":{"template":"highway","default_image_id":0,"enabled":false},"version":2}},"categories":[28,44],"tags":[],"class_list":["post-16916","post","type-post","status-publish","format-standard","has-post-thumbnail","hentry","category-cotidiano","category-noticias"],"yoast_head":"<!-- This site is optimized with the Yoast SEO plugin v25.6 - https:\/\/yoast.com\/wordpress\/plugins\/seo\/ -->\n<title>Document\u00e1rio \u2018Conversa Fiada\u2019 sobre as fiadeiras do sert\u00e3o mineiro \u00e9 o tema da live do projeto virtual do Sesc Ribeir\u00e3o \u2018Brasil Vivo! Festas, Tradi\u00e7\u00f5es e Cultura Popular\u2019 - VerdadeOn<\/title>\n<meta name=\"robots\" content=\"index, follow, max-snippet:-1, max-image-preview:large, max-video-preview:-1\" \/>\n<link rel=\"canonical\" href=\"https:\/\/verdadeon.com.br\/portal\/2021\/05\/26\/documentario-conversa-fiada-sobre-as-fiadeiras-do-sertao-mineiro-e-o-tema-da-live-do-projeto-virtual-do-sesc-ribeirao-brasil-vivo-festas-tradicoes-e-cultura-popular\/\" \/>\n<meta property=\"og:locale\" content=\"pt_BR\" \/>\n<meta property=\"og:type\" content=\"article\" \/>\n<meta property=\"og:title\" content=\"Document\u00e1rio \u2018Conversa Fiada\u2019 sobre as fiadeiras do sert\u00e3o mineiro \u00e9 o tema da live do projeto virtual do Sesc Ribeir\u00e3o \u2018Brasil Vivo! Festas, Tradi\u00e7\u00f5es e Cultura Popular\u2019 - VerdadeOn\" \/>\n<meta property=\"og:description\" content=\"Nesta quinta-feira (27\/05), \u00e0s 19h30, no YouTube, o bate-papo ser\u00e1 sobre o filme que retrata as mulheres fiadeiras, tingideiras e tecedeiras do Vale do Urucuia, no [\u2026]\" \/>\n<meta property=\"og:url\" content=\"https:\/\/verdadeon.com.br\/portal\/2021\/05\/26\/documentario-conversa-fiada-sobre-as-fiadeiras-do-sertao-mineiro-e-o-tema-da-live-do-projeto-virtual-do-sesc-ribeirao-brasil-vivo-festas-tradicoes-e-cultura-popular\/\" \/>\n<meta property=\"og:site_name\" content=\"VerdadeOn\" \/>\n<meta property=\"article:published_time\" content=\"2021-05-26T16:03:10+00:00\" \/>\n<meta property=\"og:image\" content=\"https:\/\/verdadeon.com.br\/portal\/wp-content\/uploads\/2021\/05\/24e03caa-0350-62cd-1afd-a577222b1fac.jpg\" \/>\n\t<meta property=\"og:image:width\" content=\"1000\" \/>\n\t<meta property=\"og:image:height\" content=\"670\" \/>\n\t<meta property=\"og:image:type\" content=\"image\/jpeg\" \/>\n<meta name=\"author\" content=\"Fernando Calixto\" \/>\n<meta name=\"twitter:card\" content=\"summary_large_image\" \/>\n<meta name=\"twitter:label1\" content=\"Escrito por\" \/>\n\t<meta name=\"twitter:data1\" content=\"Fernando Calixto\" \/>\n\t<meta name=\"twitter:label2\" content=\"Est. tempo de leitura\" \/>\n\t<meta name=\"twitter:data2\" content=\"5 minutos\" \/>\n<script type=\"application\/ld+json\" class=\"yoast-schema-graph\">{\"@context\":\"https:\/\/schema.org\",\"@graph\":[{\"@type\":\"WebPage\",\"@id\":\"https:\/\/verdadeon.com.br\/portal\/2021\/05\/26\/documentario-conversa-fiada-sobre-as-fiadeiras-do-sertao-mineiro-e-o-tema-da-live-do-projeto-virtual-do-sesc-ribeirao-brasil-vivo-festas-tradicoes-e-cultura-popular\/\",\"url\":\"https:\/\/verdadeon.com.br\/portal\/2021\/05\/26\/documentario-conversa-fiada-sobre-as-fiadeiras-do-sertao-mineiro-e-o-tema-da-live-do-projeto-virtual-do-sesc-ribeirao-brasil-vivo-festas-tradicoes-e-cultura-popular\/\",\"name\":\"Document\u00e1rio \u2018Conversa Fiada\u2019 sobre as fiadeiras do sert\u00e3o mineiro \u00e9 o tema da live do projeto virtual do Sesc Ribeir\u00e3o \u2018Brasil Vivo! Festas, Tradi\u00e7\u00f5es e Cultura Popular\u2019 - VerdadeOn\",\"isPartOf\":{\"@id\":\"https:\/\/verdadeon.com.br\/portal\/#website\"},\"primaryImageOfPage\":{\"@id\":\"https:\/\/verdadeon.com.br\/portal\/2021\/05\/26\/documentario-conversa-fiada-sobre-as-fiadeiras-do-sertao-mineiro-e-o-tema-da-live-do-projeto-virtual-do-sesc-ribeirao-brasil-vivo-festas-tradicoes-e-cultura-popular\/#primaryimage\"},\"image\":{\"@id\":\"https:\/\/verdadeon.com.br\/portal\/2021\/05\/26\/documentario-conversa-fiada-sobre-as-fiadeiras-do-sertao-mineiro-e-o-tema-da-live-do-projeto-virtual-do-sesc-ribeirao-brasil-vivo-festas-tradicoes-e-cultura-popular\/#primaryimage\"},\"thumbnailUrl\":\"https:\/\/i0.wp.com\/verdadeon.com.br\/portal\/wp-content\/uploads\/2021\/05\/24e03caa-0350-62cd-1afd-a577222b1fac.jpg?fit=1000%2C670&ssl=1\",\"datePublished\":\"2021-05-26T16:03:10+00:00\",\"author\":{\"@id\":\"https:\/\/verdadeon.com.br\/portal\/#\/schema\/person\/8994718f49ee62ba5610471e29ca1f62\"},\"breadcrumb\":{\"@id\":\"https:\/\/verdadeon.com.br\/portal\/2021\/05\/26\/documentario-conversa-fiada-sobre-as-fiadeiras-do-sertao-mineiro-e-o-tema-da-live-do-projeto-virtual-do-sesc-ribeirao-brasil-vivo-festas-tradicoes-e-cultura-popular\/#breadcrumb\"},\"inLanguage\":\"pt-BR\",\"potentialAction\":[{\"@type\":\"ReadAction\",\"target\":[\"https:\/\/verdadeon.com.br\/portal\/2021\/05\/26\/documentario-conversa-fiada-sobre-as-fiadeiras-do-sertao-mineiro-e-o-tema-da-live-do-projeto-virtual-do-sesc-ribeirao-brasil-vivo-festas-tradicoes-e-cultura-popular\/\"]}]},{\"@type\":\"ImageObject\",\"inLanguage\":\"pt-BR\",\"@id\":\"https:\/\/verdadeon.com.br\/portal\/2021\/05\/26\/documentario-conversa-fiada-sobre-as-fiadeiras-do-sertao-mineiro-e-o-tema-da-live-do-projeto-virtual-do-sesc-ribeirao-brasil-vivo-festas-tradicoes-e-cultura-popular\/#primaryimage\",\"url\":\"https:\/\/i0.wp.com\/verdadeon.com.br\/portal\/wp-content\/uploads\/2021\/05\/24e03caa-0350-62cd-1afd-a577222b1fac.jpg?fit=1000%2C670&ssl=1\",\"contentUrl\":\"https:\/\/i0.wp.com\/verdadeon.com.br\/portal\/wp-content\/uploads\/2021\/05\/24e03caa-0350-62cd-1afd-a577222b1fac.jpg?fit=1000%2C670&ssl=1\",\"width\":1000,\"height\":670,\"caption\":\"'Conversa Fiada' conta a hist\u00f3ria de 15 mulheres fiadeiras, sertanejas e protagonistas de um mergulho pelas quest\u00f5es atuais de igualdade e diversidade de g\u00eanero. Foto: Diego Zanotti\"},{\"@type\":\"BreadcrumbList\",\"@id\":\"https:\/\/verdadeon.com.br\/portal\/2021\/05\/26\/documentario-conversa-fiada-sobre-as-fiadeiras-do-sertao-mineiro-e-o-tema-da-live-do-projeto-virtual-do-sesc-ribeirao-brasil-vivo-festas-tradicoes-e-cultura-popular\/#breadcrumb\",\"itemListElement\":[{\"@type\":\"ListItem\",\"position\":1,\"name\":\"In\u00edcio\",\"item\":\"https:\/\/verdadeon.com.br\/portal\/\"},{\"@type\":\"ListItem\",\"position\":2,\"name\":\"Document\u00e1rio \u2018Conversa Fiada\u2019 sobre as fiadeiras do sert\u00e3o mineiro \u00e9 o tema da live do projeto virtual do Sesc Ribeir\u00e3o \u2018Brasil Vivo! Festas, Tradi\u00e7\u00f5es e Cultura Popular\u2019\"}]},{\"@type\":\"WebSite\",\"@id\":\"https:\/\/verdadeon.com.br\/portal\/#website\",\"url\":\"https:\/\/verdadeon.com.br\/portal\/\",\"name\":\"VerdadeOn\",\"description\":\"Not\u00edcias di\u00e1rias sobre Franca, Regi\u00e3o, Esporte, Cultura, Cotidiano, Colunas. Cobertura nos principais eventos da cidade \u00e9 aqui - Verdadeon Franca\",\"potentialAction\":[{\"@type\":\"SearchAction\",\"target\":{\"@type\":\"EntryPoint\",\"urlTemplate\":\"https:\/\/verdadeon.com.br\/portal\/?s={search_term_string}\"},\"query-input\":{\"@type\":\"PropertyValueSpecification\",\"valueRequired\":true,\"valueName\":\"search_term_string\"}}],\"inLanguage\":\"pt-BR\"},{\"@type\":\"Person\",\"@id\":\"https:\/\/verdadeon.com.br\/portal\/#\/schema\/person\/8994718f49ee62ba5610471e29ca1f62\",\"name\":\"Fernando Calixto\",\"image\":{\"@type\":\"ImageObject\",\"inLanguage\":\"pt-BR\",\"@id\":\"https:\/\/verdadeon.com.br\/portal\/#\/schema\/person\/image\/\",\"url\":\"https:\/\/secure.gravatar.com\/avatar\/7578910c24966c0316c340f9dbd601e93ee9f9212e1033968b367af9306bd9fb?s=96&d=mm&r=g\",\"contentUrl\":\"https:\/\/secure.gravatar.com\/avatar\/7578910c24966c0316c340f9dbd601e93ee9f9212e1033968b367af9306bd9fb?s=96&d=mm&r=g\",\"caption\":\"Fernando Calixto\"},\"url\":\"https:\/\/verdadeon.com.br\/portal\/author\/fernando-calixto\/\"}]}<\/script>\n<!-- \/ Yoast SEO plugin. -->","yoast_head_json":{"title":"Document\u00e1rio \u2018Conversa Fiada\u2019 sobre as fiadeiras do sert\u00e3o mineiro \u00e9 o tema da live do projeto virtual do Sesc Ribeir\u00e3o \u2018Brasil Vivo! Festas, Tradi\u00e7\u00f5es e Cultura Popular\u2019 - VerdadeOn","robots":{"index":"index","follow":"follow","max-snippet":"max-snippet:-1","max-image-preview":"max-image-preview:large","max-video-preview":"max-video-preview:-1"},"canonical":"https:\/\/verdadeon.com.br\/portal\/2021\/05\/26\/documentario-conversa-fiada-sobre-as-fiadeiras-do-sertao-mineiro-e-o-tema-da-live-do-projeto-virtual-do-sesc-ribeirao-brasil-vivo-festas-tradicoes-e-cultura-popular\/","og_locale":"pt_BR","og_type":"article","og_title":"Document\u00e1rio \u2018Conversa Fiada\u2019 sobre as fiadeiras do sert\u00e3o mineiro \u00e9 o tema da live do projeto virtual do Sesc Ribeir\u00e3o \u2018Brasil Vivo! Festas, Tradi\u00e7\u00f5es e Cultura Popular\u2019 - VerdadeOn","og_description":"Nesta quinta-feira (27\/05), \u00e0s 19h30, no YouTube, o bate-papo ser\u00e1 sobre o filme que retrata as mulheres fiadeiras, tingideiras e tecedeiras do Vale do Urucuia, no [\u2026]","og_url":"https:\/\/verdadeon.com.br\/portal\/2021\/05\/26\/documentario-conversa-fiada-sobre-as-fiadeiras-do-sertao-mineiro-e-o-tema-da-live-do-projeto-virtual-do-sesc-ribeirao-brasil-vivo-festas-tradicoes-e-cultura-popular\/","og_site_name":"VerdadeOn","article_published_time":"2021-05-26T16:03:10+00:00","og_image":[{"width":1000,"height":670,"url":"https:\/\/verdadeon.com.br\/portal\/wp-content\/uploads\/2021\/05\/24e03caa-0350-62cd-1afd-a577222b1fac.jpg","type":"image\/jpeg"}],"author":"Fernando Calixto","twitter_card":"summary_large_image","twitter_misc":{"Escrito por":"Fernando Calixto","Est. tempo de leitura":"5 minutos"},"schema":{"@context":"https:\/\/schema.org","@graph":[{"@type":"WebPage","@id":"https:\/\/verdadeon.com.br\/portal\/2021\/05\/26\/documentario-conversa-fiada-sobre-as-fiadeiras-do-sertao-mineiro-e-o-tema-da-live-do-projeto-virtual-do-sesc-ribeirao-brasil-vivo-festas-tradicoes-e-cultura-popular\/","url":"https:\/\/verdadeon.com.br\/portal\/2021\/05\/26\/documentario-conversa-fiada-sobre-as-fiadeiras-do-sertao-mineiro-e-o-tema-da-live-do-projeto-virtual-do-sesc-ribeirao-brasil-vivo-festas-tradicoes-e-cultura-popular\/","name":"Document\u00e1rio \u2018Conversa Fiada\u2019 sobre as fiadeiras do sert\u00e3o mineiro \u00e9 o tema da live do projeto virtual do Sesc Ribeir\u00e3o \u2018Brasil Vivo! Festas, Tradi\u00e7\u00f5es e Cultura Popular\u2019 - VerdadeOn","isPartOf":{"@id":"https:\/\/verdadeon.com.br\/portal\/#website"},"primaryImageOfPage":{"@id":"https:\/\/verdadeon.com.br\/portal\/2021\/05\/26\/documentario-conversa-fiada-sobre-as-fiadeiras-do-sertao-mineiro-e-o-tema-da-live-do-projeto-virtual-do-sesc-ribeirao-brasil-vivo-festas-tradicoes-e-cultura-popular\/#primaryimage"},"image":{"@id":"https:\/\/verdadeon.com.br\/portal\/2021\/05\/26\/documentario-conversa-fiada-sobre-as-fiadeiras-do-sertao-mineiro-e-o-tema-da-live-do-projeto-virtual-do-sesc-ribeirao-brasil-vivo-festas-tradicoes-e-cultura-popular\/#primaryimage"},"thumbnailUrl":"https:\/\/i0.wp.com\/verdadeon.com.br\/portal\/wp-content\/uploads\/2021\/05\/24e03caa-0350-62cd-1afd-a577222b1fac.jpg?fit=1000%2C670&ssl=1","datePublished":"2021-05-26T16:03:10+00:00","author":{"@id":"https:\/\/verdadeon.com.br\/portal\/#\/schema\/person\/8994718f49ee62ba5610471e29ca1f62"},"breadcrumb":{"@id":"https:\/\/verdadeon.com.br\/portal\/2021\/05\/26\/documentario-conversa-fiada-sobre-as-fiadeiras-do-sertao-mineiro-e-o-tema-da-live-do-projeto-virtual-do-sesc-ribeirao-brasil-vivo-festas-tradicoes-e-cultura-popular\/#breadcrumb"},"inLanguage":"pt-BR","potentialAction":[{"@type":"ReadAction","target":["https:\/\/verdadeon.com.br\/portal\/2021\/05\/26\/documentario-conversa-fiada-sobre-as-fiadeiras-do-sertao-mineiro-e-o-tema-da-live-do-projeto-virtual-do-sesc-ribeirao-brasil-vivo-festas-tradicoes-e-cultura-popular\/"]}]},{"@type":"ImageObject","inLanguage":"pt-BR","@id":"https:\/\/verdadeon.com.br\/portal\/2021\/05\/26\/documentario-conversa-fiada-sobre-as-fiadeiras-do-sertao-mineiro-e-o-tema-da-live-do-projeto-virtual-do-sesc-ribeirao-brasil-vivo-festas-tradicoes-e-cultura-popular\/#primaryimage","url":"https:\/\/i0.wp.com\/verdadeon.com.br\/portal\/wp-content\/uploads\/2021\/05\/24e03caa-0350-62cd-1afd-a577222b1fac.jpg?fit=1000%2C670&ssl=1","contentUrl":"https:\/\/i0.wp.com\/verdadeon.com.br\/portal\/wp-content\/uploads\/2021\/05\/24e03caa-0350-62cd-1afd-a577222b1fac.jpg?fit=1000%2C670&ssl=1","width":1000,"height":670,"caption":"'Conversa Fiada' conta a hist\u00f3ria de 15 mulheres fiadeiras, sertanejas e protagonistas de um mergulho pelas quest\u00f5es atuais de igualdade e diversidade de g\u00eanero. Foto: Diego Zanotti"},{"@type":"BreadcrumbList","@id":"https:\/\/verdadeon.com.br\/portal\/2021\/05\/26\/documentario-conversa-fiada-sobre-as-fiadeiras-do-sertao-mineiro-e-o-tema-da-live-do-projeto-virtual-do-sesc-ribeirao-brasil-vivo-festas-tradicoes-e-cultura-popular\/#breadcrumb","itemListElement":[{"@type":"ListItem","position":1,"name":"In\u00edcio","item":"https:\/\/verdadeon.com.br\/portal\/"},{"@type":"ListItem","position":2,"name":"Document\u00e1rio \u2018Conversa Fiada\u2019 sobre as fiadeiras do sert\u00e3o mineiro \u00e9 o tema da live do projeto virtual do Sesc Ribeir\u00e3o \u2018Brasil Vivo! Festas, Tradi\u00e7\u00f5es e Cultura Popular\u2019"}]},{"@type":"WebSite","@id":"https:\/\/verdadeon.com.br\/portal\/#website","url":"https:\/\/verdadeon.com.br\/portal\/","name":"VerdadeOn","description":"Not\u00edcias di\u00e1rias sobre Franca, Regi\u00e3o, Esporte, Cultura, Cotidiano, Colunas. Cobertura nos principais eventos da cidade \u00e9 aqui - Verdadeon Franca","potentialAction":[{"@type":"SearchAction","target":{"@type":"EntryPoint","urlTemplate":"https:\/\/verdadeon.com.br\/portal\/?s={search_term_string}"},"query-input":{"@type":"PropertyValueSpecification","valueRequired":true,"valueName":"search_term_string"}}],"inLanguage":"pt-BR"},{"@type":"Person","@id":"https:\/\/verdadeon.com.br\/portal\/#\/schema\/person\/8994718f49ee62ba5610471e29ca1f62","name":"Fernando Calixto","image":{"@type":"ImageObject","inLanguage":"pt-BR","@id":"https:\/\/verdadeon.com.br\/portal\/#\/schema\/person\/image\/","url":"https:\/\/secure.gravatar.com\/avatar\/7578910c24966c0316c340f9dbd601e93ee9f9212e1033968b367af9306bd9fb?s=96&d=mm&r=g","contentUrl":"https:\/\/secure.gravatar.com\/avatar\/7578910c24966c0316c340f9dbd601e93ee9f9212e1033968b367af9306bd9fb?s=96&d=mm&r=g","caption":"Fernando Calixto"},"url":"https:\/\/verdadeon.com.br\/portal\/author\/fernando-calixto\/"}]}},"jetpack_publicize_connections":[],"jetpack_featured_media_url":"https:\/\/i0.wp.com\/verdadeon.com.br\/portal\/wp-content\/uploads\/2021\/05\/24e03caa-0350-62cd-1afd-a577222b1fac.jpg?fit=1000%2C670&ssl=1","jetpack_sharing_enabled":true,"_links":{"self":[{"href":"https:\/\/verdadeon.com.br\/portal\/wp-json\/wp\/v2\/posts\/16916","targetHints":{"allow":["GET"]}}],"collection":[{"href":"https:\/\/verdadeon.com.br\/portal\/wp-json\/wp\/v2\/posts"}],"about":[{"href":"https:\/\/verdadeon.com.br\/portal\/wp-json\/wp\/v2\/types\/post"}],"author":[{"embeddable":true,"href":"https:\/\/verdadeon.com.br\/portal\/wp-json\/wp\/v2\/users\/4"}],"replies":[{"embeddable":true,"href":"https:\/\/verdadeon.com.br\/portal\/wp-json\/wp\/v2\/comments?post=16916"}],"version-history":[{"count":0,"href":"https:\/\/verdadeon.com.br\/portal\/wp-json\/wp\/v2\/posts\/16916\/revisions"}],"wp:featuredmedia":[{"embeddable":true,"href":"https:\/\/verdadeon.com.br\/portal\/wp-json\/wp\/v2\/media\/16917"}],"wp:attachment":[{"href":"https:\/\/verdadeon.com.br\/portal\/wp-json\/wp\/v2\/media?parent=16916"}],"wp:term":[{"taxonomy":"category","embeddable":true,"href":"https:\/\/verdadeon.com.br\/portal\/wp-json\/wp\/v2\/categories?post=16916"},{"taxonomy":"post_tag","embeddable":true,"href":"https:\/\/verdadeon.com.br\/portal\/wp-json\/wp\/v2\/tags?post=16916"}],"curies":[{"name":"wp","href":"https:\/\/api.w.org\/{rel}","templated":true}]}}