{"id":16908,"date":"2021-05-25T23:22:22","date_gmt":"2021-05-26T02:22:22","guid":{"rendered":"https:\/\/verdadeon.com.br\/portal\/?p=16908"},"modified":"2021-05-25T23:22:22","modified_gmt":"2021-05-26T02:22:22","slug":"camara-em-pauta-4","status":"publish","type":"post","link":"https:\/\/verdadeon.com.br\/portal\/2021\/05\/25\/camara-em-pauta-4\/","title":{"rendered":"C\u00e2mara em Pauta"},"content":{"rendered":"<p class=\"p1\"><span class=\"s1\">O vereador Donizete da Farm\u00e1cia destacou que o momento \u00e9 cr\u00edtico e que todos ter\u00e3o que fazer sacrif\u00edcios<\/span><\/p>\n<p class=\"p1\"><span class=\"s1\"><b>Marcela Barros<\/b><\/span><\/p>\n<p class=\"p3\"><span class=\"s1\">O advogado Dr. Moacir Piola, participou da sess\u00e3o da c\u00e2mara \u201con-line\u201d, representando as farm\u00e1cias e drogarias da cidade de Franca, onde manifestou a preocupa\u00e7\u00e3o destes estabelecimentos com a medida de \u201clockdown\u201d adotada pela prefeitura. Segundo o advogado, a cidade conta com cerca de 170 farm\u00e1cias com m\u00e9dia de doze a quinze mil atendimentos di\u00e1rios, dos quais muitos est\u00e3o relacionados a programas de atendimento do governo como por exemplo o chamado \u201cFarm\u00e1cia Popular\u201d, que visa fornecer medicamentos sem custo \u00e0 popula\u00e7\u00e3o, mas que obrigatoriamente precisam de atendimento presencial para atender \u00e0s exig\u00eancias do Minist\u00e9rio da Sa\u00fade, como a obten\u00e7\u00e3o de c\u00f3pia de receita. Ele ainda ressaltou que as farm\u00e1cias fornecem determinados atendimentos que descongestionam os servi\u00e7os de sa\u00fade, como auferimento de press\u00e3o e aplica\u00e7\u00e3o de inje\u00e7\u00f5es. Piola destacou que as farm\u00e1cias se enquadram como atividades essenciais e desta forma n\u00e3o poderiam se restringir ao atendimento no formato \u201cdelivery\u201d, pois as prescri\u00e7\u00f5es m\u00e9dicas possuem particularidades quanto \u00e0 dosagem e f\u00f3rmula que devem receber a m\u00e1xima aten\u00e7\u00e3o, sob pena de consumo errado. Defendeu que as farm\u00e1cias t\u00eam tomado todas as medidas de higieniza\u00e7\u00e3o e distanciamento, n\u00e3o havendo relatos de aglomera\u00e7\u00f5es, e que nesse momento onde as pessoas precisam ainda mais de medica\u00e7\u00f5es n\u00e3o h\u00e1 que se cogitar a entrega \u201cdelivery\u201d de medicamentos, principalmente dos que s\u00e3o de uso di\u00e1rio e imprescind\u00edveis como no caso da insulina.<\/span><\/p>\n<p class=\"p3\"><span class=\"s1\">O vereador Donizete da Farm\u00e1cia (MDB), que tamb\u00e9m \u00e9 empres\u00e1rio do ramo disse entender as dificuldades enfrentadas pelos comerciantes, mas destacou que o momento \u00e9 cr\u00edtico e que todos ter\u00e3o que fazer sacrif\u00edcios, pois \u201co momento \u00e9 desesperador\u201d. Donizete afirmou que \u00e9 totalmente contra o fechamento total da cidade, mas que nesse momento \u00e9 a \u00fanica solu\u00e7\u00e3o para conter a contamina\u00e7\u00e3o, e pediu a colabora\u00e7\u00e3o das farm\u00e1cias para que aguentem esses quinze dias de isolamento visando diminuir o cont\u00e1gio, por\u00e9m ressaltou que n\u00e3o se pode come\u00e7ar a conceder exce\u00e7\u00f5es, sen\u00e3o o objetivo n\u00e3o ser\u00e1 alcan\u00e7ado.<\/span><\/p>\n<p class=\"p3\"><span class=\"s1\">Carlinho Petr\u00f3polis (PL) que tamb\u00e9m j\u00e1 atuou no ramo farmac\u00eautico registrou que \u00e9 preciso considerar os atendimentos realizados por esses estabelecimentos, que poder\u00e3o impactar nos atendimentos das unidades de sa\u00fade, e se disp\u00f4s a dialogar com o prefeito juntamente com Donizete. Gilson Pelizaro (PT) por sua vez, pontuou que o \u00fanico setor que n\u00e3o pode reclamar dessa pandemia \u00e9 o farmac\u00eautico, pois foi o que mais faturou e n\u00e3o precisou paralisar em momento algum, lembrando ainda que quinze dias podem ser suportados com atendimento domiciliar. <\/span><\/p>\n<p class=\"p3\"><span class=\"s1\">O vereador Donizeti pediu que os pol\u00edticos deixem as diverg\u00eancias partid\u00e1rias de lado e se emocionou ao lembrar das pessoas que n\u00e3o possuem dinheiro para realizar a compra de supermercado para esses quinze dias de isolamento, pois h\u00e1 quem n\u00e3o tenha um leite para dar ao filho. Ele afirmou \u201cn\u00e3o \u00e9 spo a quest\u00e3o da sa\u00fade n\u00e3o, \u00e9 tamb\u00e9m a quest\u00e3o da fome, a fome \u00e9 muito triste\u201d. Em meio \u00e0s l\u00e1grimas, o<span class=\"Apple-converted-space\">\u00a0 <\/span>vereador pediu que as pessoas ajudem umas as outras, que olhem pelo vizinho necessitado e contribuam com um alimento na medida de suas possibilidades.<\/span><\/p>\n","protected":false},"excerpt":{"rendered":"<p>O vereador Donizete da Farm\u00e1cia destacou que o momento \u00e9 cr\u00edtico e que todos ter\u00e3o que fazer sacrif\u00edcios Marcela Barros O advogado Dr. Moacir Piola, participou<span class=\"excerpt-hellip\"> [\u2026]<\/span><\/p>\n","protected":false},"author":4,"featured_media":16909,"comment_status":"open","ping_status":"open","sticky":false,"template":"","format":"standard","meta":{"_jetpack_memberships_contains_paid_content":false,"footnotes":"","jetpack_publicize_message":"","jetpack_publicize_feature_enabled":true,"jetpack_social_post_already_shared":false,"jetpack_social_options":{"image_generator_settings":{"template":"highway","default_image_id":0,"enabled":false},"version":2}},"categories":[28,44],"tags":[],"class_list":["post-16908","post","type-post","status-publish","format-standard","has-post-thumbnail","hentry","category-cotidiano","category-noticias"],"yoast_head":"<!-- This site is optimized with the Yoast SEO plugin v25.6 - https:\/\/yoast.com\/wordpress\/plugins\/seo\/ -->\n<title>C\u00e2mara em Pauta - VerdadeOn<\/title>\n<meta name=\"robots\" content=\"index, follow, max-snippet:-1, max-image-preview:large, max-video-preview:-1\" \/>\n<link rel=\"canonical\" href=\"https:\/\/verdadeon.com.br\/portal\/2021\/05\/25\/camara-em-pauta-4\/\" \/>\n<meta property=\"og:locale\" content=\"pt_BR\" \/>\n<meta property=\"og:type\" content=\"article\" \/>\n<meta property=\"og:title\" content=\"C\u00e2mara em Pauta - VerdadeOn\" \/>\n<meta property=\"og:description\" content=\"O vereador Donizete da Farm\u00e1cia destacou que o momento \u00e9 cr\u00edtico e que todos ter\u00e3o que fazer sacrif\u00edcios Marcela Barros O advogado Dr. Moacir Piola, participou [\u2026]\" \/>\n<meta property=\"og:url\" content=\"https:\/\/verdadeon.com.br\/portal\/2021\/05\/25\/camara-em-pauta-4\/\" \/>\n<meta property=\"og:site_name\" content=\"VerdadeOn\" \/>\n<meta property=\"article:published_time\" content=\"2021-05-26T02:22:22+00:00\" \/>\n<meta property=\"og:image\" content=\"https:\/\/verdadeon.com.br\/portal\/wp-content\/uploads\/2021\/05\/WhatsApp-Image-2021-05-25-at-19.59.26.jpeg\" \/>\n\t<meta property=\"og:image:width\" content=\"1000\" \/>\n\t<meta property=\"og:image:height\" content=\"670\" \/>\n\t<meta property=\"og:image:type\" content=\"image\/jpeg\" \/>\n<meta name=\"author\" content=\"Fernando Calixto\" \/>\n<meta name=\"twitter:card\" content=\"summary_large_image\" \/>\n<meta name=\"twitter:label1\" content=\"Escrito por\" \/>\n\t<meta name=\"twitter:data1\" content=\"Fernando Calixto\" \/>\n\t<meta name=\"twitter:label2\" content=\"Est. tempo de leitura\" \/>\n\t<meta name=\"twitter:data2\" content=\"3 minutos\" \/>\n<script type=\"application\/ld+json\" class=\"yoast-schema-graph\">{\"@context\":\"https:\/\/schema.org\",\"@graph\":[{\"@type\":\"WebPage\",\"@id\":\"https:\/\/verdadeon.com.br\/portal\/2021\/05\/25\/camara-em-pauta-4\/\",\"url\":\"https:\/\/verdadeon.com.br\/portal\/2021\/05\/25\/camara-em-pauta-4\/\",\"name\":\"C\u00e2mara em Pauta - VerdadeOn\",\"isPartOf\":{\"@id\":\"https:\/\/verdadeon.com.br\/portal\/#website\"},\"primaryImageOfPage\":{\"@id\":\"https:\/\/verdadeon.com.br\/portal\/2021\/05\/25\/camara-em-pauta-4\/#primaryimage\"},\"image\":{\"@id\":\"https:\/\/verdadeon.com.br\/portal\/2021\/05\/25\/camara-em-pauta-4\/#primaryimage\"},\"thumbnailUrl\":\"https:\/\/i0.wp.com\/verdadeon.com.br\/portal\/wp-content\/uploads\/2021\/05\/WhatsApp-Image-2021-05-25-at-19.59.26.jpeg?fit=1000%2C670&ssl=1\",\"datePublished\":\"2021-05-26T02:22:22+00:00\",\"author\":{\"@id\":\"https:\/\/verdadeon.com.br\/portal\/#\/schema\/person\/8994718f49ee62ba5610471e29ca1f62\"},\"breadcrumb\":{\"@id\":\"https:\/\/verdadeon.com.br\/portal\/2021\/05\/25\/camara-em-pauta-4\/#breadcrumb\"},\"inLanguage\":\"pt-BR\",\"potentialAction\":[{\"@type\":\"ReadAction\",\"target\":[\"https:\/\/verdadeon.com.br\/portal\/2021\/05\/25\/camara-em-pauta-4\/\"]}]},{\"@type\":\"ImageObject\",\"inLanguage\":\"pt-BR\",\"@id\":\"https:\/\/verdadeon.com.br\/portal\/2021\/05\/25\/camara-em-pauta-4\/#primaryimage\",\"url\":\"https:\/\/i0.wp.com\/verdadeon.com.br\/portal\/wp-content\/uploads\/2021\/05\/WhatsApp-Image-2021-05-25-at-19.59.26.jpeg?fit=1000%2C670&ssl=1\",\"contentUrl\":\"https:\/\/i0.wp.com\/verdadeon.com.br\/portal\/wp-content\/uploads\/2021\/05\/WhatsApp-Image-2021-05-25-at-19.59.26.jpeg?fit=1000%2C670&ssl=1\",\"width\":1000,\"height\":670},{\"@type\":\"BreadcrumbList\",\"@id\":\"https:\/\/verdadeon.com.br\/portal\/2021\/05\/25\/camara-em-pauta-4\/#breadcrumb\",\"itemListElement\":[{\"@type\":\"ListItem\",\"position\":1,\"name\":\"In\u00edcio\",\"item\":\"https:\/\/verdadeon.com.br\/portal\/\"},{\"@type\":\"ListItem\",\"position\":2,\"name\":\"C\u00e2mara em Pauta\"}]},{\"@type\":\"WebSite\",\"@id\":\"https:\/\/verdadeon.com.br\/portal\/#website\",\"url\":\"https:\/\/verdadeon.com.br\/portal\/\",\"name\":\"VerdadeOn\",\"description\":\"Not\u00edcias di\u00e1rias sobre Franca, Regi\u00e3o, Esporte, Cultura, Cotidiano, Colunas. Cobertura nos principais eventos da cidade \u00e9 aqui - Verdadeon Franca\",\"potentialAction\":[{\"@type\":\"SearchAction\",\"target\":{\"@type\":\"EntryPoint\",\"urlTemplate\":\"https:\/\/verdadeon.com.br\/portal\/?s={search_term_string}\"},\"query-input\":{\"@type\":\"PropertyValueSpecification\",\"valueRequired\":true,\"valueName\":\"search_term_string\"}}],\"inLanguage\":\"pt-BR\"},{\"@type\":\"Person\",\"@id\":\"https:\/\/verdadeon.com.br\/portal\/#\/schema\/person\/8994718f49ee62ba5610471e29ca1f62\",\"name\":\"Fernando Calixto\",\"image\":{\"@type\":\"ImageObject\",\"inLanguage\":\"pt-BR\",\"@id\":\"https:\/\/verdadeon.com.br\/portal\/#\/schema\/person\/image\/\",\"url\":\"https:\/\/secure.gravatar.com\/avatar\/7578910c24966c0316c340f9dbd601e93ee9f9212e1033968b367af9306bd9fb?s=96&d=mm&r=g\",\"contentUrl\":\"https:\/\/secure.gravatar.com\/avatar\/7578910c24966c0316c340f9dbd601e93ee9f9212e1033968b367af9306bd9fb?s=96&d=mm&r=g\",\"caption\":\"Fernando Calixto\"},\"url\":\"https:\/\/verdadeon.com.br\/portal\/author\/fernando-calixto\/\"}]}<\/script>\n<!-- \/ Yoast SEO plugin. -->","yoast_head_json":{"title":"C\u00e2mara em Pauta - VerdadeOn","robots":{"index":"index","follow":"follow","max-snippet":"max-snippet:-1","max-image-preview":"max-image-preview:large","max-video-preview":"max-video-preview:-1"},"canonical":"https:\/\/verdadeon.com.br\/portal\/2021\/05\/25\/camara-em-pauta-4\/","og_locale":"pt_BR","og_type":"article","og_title":"C\u00e2mara em Pauta - VerdadeOn","og_description":"O vereador Donizete da Farm\u00e1cia destacou que o momento \u00e9 cr\u00edtico e que todos ter\u00e3o que fazer sacrif\u00edcios Marcela Barros O advogado Dr. Moacir Piola, participou [\u2026]","og_url":"https:\/\/verdadeon.com.br\/portal\/2021\/05\/25\/camara-em-pauta-4\/","og_site_name":"VerdadeOn","article_published_time":"2021-05-26T02:22:22+00:00","og_image":[{"width":1000,"height":670,"url":"https:\/\/verdadeon.com.br\/portal\/wp-content\/uploads\/2021\/05\/WhatsApp-Image-2021-05-25-at-19.59.26.jpeg","type":"image\/jpeg"}],"author":"Fernando Calixto","twitter_card":"summary_large_image","twitter_misc":{"Escrito por":"Fernando Calixto","Est. tempo de leitura":"3 minutos"},"schema":{"@context":"https:\/\/schema.org","@graph":[{"@type":"WebPage","@id":"https:\/\/verdadeon.com.br\/portal\/2021\/05\/25\/camara-em-pauta-4\/","url":"https:\/\/verdadeon.com.br\/portal\/2021\/05\/25\/camara-em-pauta-4\/","name":"C\u00e2mara em Pauta - VerdadeOn","isPartOf":{"@id":"https:\/\/verdadeon.com.br\/portal\/#website"},"primaryImageOfPage":{"@id":"https:\/\/verdadeon.com.br\/portal\/2021\/05\/25\/camara-em-pauta-4\/#primaryimage"},"image":{"@id":"https:\/\/verdadeon.com.br\/portal\/2021\/05\/25\/camara-em-pauta-4\/#primaryimage"},"thumbnailUrl":"https:\/\/i0.wp.com\/verdadeon.com.br\/portal\/wp-content\/uploads\/2021\/05\/WhatsApp-Image-2021-05-25-at-19.59.26.jpeg?fit=1000%2C670&ssl=1","datePublished":"2021-05-26T02:22:22+00:00","author":{"@id":"https:\/\/verdadeon.com.br\/portal\/#\/schema\/person\/8994718f49ee62ba5610471e29ca1f62"},"breadcrumb":{"@id":"https:\/\/verdadeon.com.br\/portal\/2021\/05\/25\/camara-em-pauta-4\/#breadcrumb"},"inLanguage":"pt-BR","potentialAction":[{"@type":"ReadAction","target":["https:\/\/verdadeon.com.br\/portal\/2021\/05\/25\/camara-em-pauta-4\/"]}]},{"@type":"ImageObject","inLanguage":"pt-BR","@id":"https:\/\/verdadeon.com.br\/portal\/2021\/05\/25\/camara-em-pauta-4\/#primaryimage","url":"https:\/\/i0.wp.com\/verdadeon.com.br\/portal\/wp-content\/uploads\/2021\/05\/WhatsApp-Image-2021-05-25-at-19.59.26.jpeg?fit=1000%2C670&ssl=1","contentUrl":"https:\/\/i0.wp.com\/verdadeon.com.br\/portal\/wp-content\/uploads\/2021\/05\/WhatsApp-Image-2021-05-25-at-19.59.26.jpeg?fit=1000%2C670&ssl=1","width":1000,"height":670},{"@type":"BreadcrumbList","@id":"https:\/\/verdadeon.com.br\/portal\/2021\/05\/25\/camara-em-pauta-4\/#breadcrumb","itemListElement":[{"@type":"ListItem","position":1,"name":"In\u00edcio","item":"https:\/\/verdadeon.com.br\/portal\/"},{"@type":"ListItem","position":2,"name":"C\u00e2mara em Pauta"}]},{"@type":"WebSite","@id":"https:\/\/verdadeon.com.br\/portal\/#website","url":"https:\/\/verdadeon.com.br\/portal\/","name":"VerdadeOn","description":"Not\u00edcias di\u00e1rias sobre Franca, Regi\u00e3o, Esporte, Cultura, Cotidiano, Colunas. Cobertura nos principais eventos da cidade \u00e9 aqui - Verdadeon Franca","potentialAction":[{"@type":"SearchAction","target":{"@type":"EntryPoint","urlTemplate":"https:\/\/verdadeon.com.br\/portal\/?s={search_term_string}"},"query-input":{"@type":"PropertyValueSpecification","valueRequired":true,"valueName":"search_term_string"}}],"inLanguage":"pt-BR"},{"@type":"Person","@id":"https:\/\/verdadeon.com.br\/portal\/#\/schema\/person\/8994718f49ee62ba5610471e29ca1f62","name":"Fernando Calixto","image":{"@type":"ImageObject","inLanguage":"pt-BR","@id":"https:\/\/verdadeon.com.br\/portal\/#\/schema\/person\/image\/","url":"https:\/\/secure.gravatar.com\/avatar\/7578910c24966c0316c340f9dbd601e93ee9f9212e1033968b367af9306bd9fb?s=96&d=mm&r=g","contentUrl":"https:\/\/secure.gravatar.com\/avatar\/7578910c24966c0316c340f9dbd601e93ee9f9212e1033968b367af9306bd9fb?s=96&d=mm&r=g","caption":"Fernando Calixto"},"url":"https:\/\/verdadeon.com.br\/portal\/author\/fernando-calixto\/"}]}},"jetpack_publicize_connections":[],"jetpack_featured_media_url":"https:\/\/i0.wp.com\/verdadeon.com.br\/portal\/wp-content\/uploads\/2021\/05\/WhatsApp-Image-2021-05-25-at-19.59.26.jpeg?fit=1000%2C670&ssl=1","jetpack_sharing_enabled":true,"_links":{"self":[{"href":"https:\/\/verdadeon.com.br\/portal\/wp-json\/wp\/v2\/posts\/16908","targetHints":{"allow":["GET"]}}],"collection":[{"href":"https:\/\/verdadeon.com.br\/portal\/wp-json\/wp\/v2\/posts"}],"about":[{"href":"https:\/\/verdadeon.com.br\/portal\/wp-json\/wp\/v2\/types\/post"}],"author":[{"embeddable":true,"href":"https:\/\/verdadeon.com.br\/portal\/wp-json\/wp\/v2\/users\/4"}],"replies":[{"embeddable":true,"href":"https:\/\/verdadeon.com.br\/portal\/wp-json\/wp\/v2\/comments?post=16908"}],"version-history":[{"count":0,"href":"https:\/\/verdadeon.com.br\/portal\/wp-json\/wp\/v2\/posts\/16908\/revisions"}],"wp:featuredmedia":[{"embeddable":true,"href":"https:\/\/verdadeon.com.br\/portal\/wp-json\/wp\/v2\/media\/16909"}],"wp:attachment":[{"href":"https:\/\/verdadeon.com.br\/portal\/wp-json\/wp\/v2\/media?parent=16908"}],"wp:term":[{"taxonomy":"category","embeddable":true,"href":"https:\/\/verdadeon.com.br\/portal\/wp-json\/wp\/v2\/categories?post=16908"},{"taxonomy":"post_tag","embeddable":true,"href":"https:\/\/verdadeon.com.br\/portal\/wp-json\/wp\/v2\/tags?post=16908"}],"curies":[{"name":"wp","href":"https:\/\/api.w.org\/{rel}","templated":true}]}}