{"id":16902,"date":"2021-05-25T17:26:52","date_gmt":"2021-05-25T20:26:52","guid":{"rendered":"https:\/\/verdadeon.com.br\/portal\/?p=16902"},"modified":"2021-05-25T17:26:52","modified_gmt":"2021-05-25T20:26:52","slug":"mulher-de-26-anos-e-presa-por-trafico-de-drogas-na-zona-sul-de-franca","status":"publish","type":"post","link":"https:\/\/verdadeon.com.br\/portal\/2021\/05\/25\/mulher-de-26-anos-e-presa-por-trafico-de-drogas-na-zona-sul-de-franca\/","title":{"rendered":"Mulher de 26 anos \u00e9 presa por tr\u00e1fico de drogas na zona sul de Franca"},"content":{"rendered":"<h2>Pris\u00e3o aconteceu no Jardim Parati na tarde desta ter\u00e7a-feira ap\u00f3s den\u00fancias an\u00f4nimas<\/h2>\n<p>Uma jovem de 26 anos foi presa por tr\u00e1fico de drogas no Jardim Parati, na zona sul de Franca na tarde desta ter\u00e7a-feira (25). Segundo o delegado Leopoldo Gomes, da Delegacia de Investiga\u00e7\u00f5es Sobre Entorpecentes (DISE), eles chegaram at\u00e9 a suspeita ap\u00f3s den\u00fancias an\u00f4nimas, durante as investiga\u00e7\u00f5es eles constaram as irregularidades.<\/p>\n<p>Com autoriza\u00e7\u00e3o da Justi\u00e7a, os policiais realizaram a busca e apreens\u00e3o na casa da mulher, coca\u00edna, maconha e uma nova droga conhecida como K4 foram apreendidas, al\u00e9m de diversos materiais para o tr\u00e1fico e dinheiro.<\/p>\n<p>\u201cFoi elaborado o auto de pris\u00e3o em flagrante, sendo a indiciada encaminhada ao sistema prisional, onde se encontra recolhida \u00e0 disposi\u00e7\u00e3o da Justi\u00e7a\u201d informou a DISE.<\/p>\n<p>A droga K4 \u00e9 conhecida pelo apelido de maconha sint\u00e9tica, pois apresenta em sua composi\u00e7\u00e3o subst\u00e2ncias que imitam o princ\u00edpio THC encontrado na erva. Por\u00e9m, fator preocupante est\u00e1 na certeza que seu efeito, atrav\u00e9s do princ\u00edpio ativo, torna-se 100 vezes mais potente que o da pr\u00f3pria maconha. Esta subst\u00e2ncia foi largamente apreendida no interior de penitenci\u00e1rias paulistas, considerando-se que por ser l\u00edquida, f\u00e1cil se torna a impregna\u00e7\u00e3o de folhas de papel, facilitando assim a entrada nas unidades prisionais.<\/p>\n<p>A DISE de Franca informou que agora possu\u00ed um aliado no combate ao tr\u00e1fico de drogas, um n\u00famero de WhatsApp. \u201cImportante frisar que as den\u00fancias podem ser feitas pelo WhatsApp 16-99255-6087. O sigilo \u00e9 absoluto\u201d, informou.<\/p>\n<p>&nbsp;<\/p>\n<p>Morte<\/p>\n<p>Faleceu na Santa Casa de Franca, o idoso de 60 anos que estava internado h\u00e1 10 dias ap\u00f3s um acidente na rodovia Ronan Rocha, em Itirapu\u00e3. Jos\u00e9 \u00c9der de Morais estava em um ve\u00edculo que foi atingido por um caminh\u00e3o carregado com cimento. Segundo testemunhas o caminh\u00e3o bateu de frente ao ve\u00edculo da v\u00edtima.<\/p>\n<p>Jos\u00e9 ficou preso nas ferragens, foi socorrido at\u00e9 a Santa Casa de Franca onde estava internado desde ent\u00e3o, mas n\u00e3o resistiu e faleceu.<\/p>\n<p>O caso \u00e9 apurado pela Pol\u00edcia Civil.<\/p>\n<p>&nbsp;<\/p>\n","protected":false},"excerpt":{"rendered":"<p>Pris\u00e3o aconteceu no Jardim Parati na tarde desta ter\u00e7a-feira ap\u00f3s den\u00fancias an\u00f4nimas Uma jovem de 26 anos foi presa por tr\u00e1fico de drogas no Jardim Parati,<span class=\"excerpt-hellip\"> [\u2026]<\/span><\/p>\n","protected":false},"author":7,"featured_media":16903,"comment_status":"open","ping_status":"open","sticky":false,"template":"","format":"standard","meta":{"_jetpack_memberships_contains_paid_content":false,"footnotes":"","jetpack_publicize_message":"","jetpack_publicize_feature_enabled":true,"jetpack_social_post_already_shared":false,"jetpack_social_options":{"image_generator_settings":{"template":"highway","default_image_id":0,"enabled":false},"version":2}},"categories":[28,81],"tags":[],"class_list":["post-16902","post","type-post","status-publish","format-standard","has-post-thumbnail","hentry","category-cotidiano","category-manchete"],"yoast_head":"<!-- This site is optimized with the Yoast SEO plugin v25.6 - https:\/\/yoast.com\/wordpress\/plugins\/seo\/ -->\n<title>Mulher de 26 anos \u00e9 presa por tr\u00e1fico de drogas na zona sul de Franca - VerdadeOn<\/title>\n<meta name=\"robots\" content=\"index, follow, max-snippet:-1, max-image-preview:large, max-video-preview:-1\" \/>\n<link rel=\"canonical\" href=\"https:\/\/verdadeon.com.br\/portal\/2021\/05\/25\/mulher-de-26-anos-e-presa-por-trafico-de-drogas-na-zona-sul-de-franca\/\" \/>\n<meta property=\"og:locale\" content=\"pt_BR\" \/>\n<meta property=\"og:type\" content=\"article\" \/>\n<meta property=\"og:title\" content=\"Mulher de 26 anos \u00e9 presa por tr\u00e1fico de drogas na zona sul de Franca - VerdadeOn\" \/>\n<meta property=\"og:description\" content=\"Pris\u00e3o aconteceu no Jardim Parati na tarde desta ter\u00e7a-feira ap\u00f3s den\u00fancias an\u00f4nimas Uma jovem de 26 anos foi presa por tr\u00e1fico de drogas no Jardim Parati, [\u2026]\" \/>\n<meta property=\"og:url\" content=\"https:\/\/verdadeon.com.br\/portal\/2021\/05\/25\/mulher-de-26-anos-e-presa-por-trafico-de-drogas-na-zona-sul-de-franca\/\" \/>\n<meta property=\"og:site_name\" content=\"VerdadeOn\" \/>\n<meta property=\"article:published_time\" content=\"2021-05-25T20:26:52+00:00\" \/>\n<meta property=\"og:image\" content=\"https:\/\/verdadeon.com.br\/portal\/wp-content\/uploads\/2021\/05\/drogas-.jpeg\" \/>\n\t<meta property=\"og:image:width\" content=\"1000\" \/>\n\t<meta property=\"og:image:height\" content=\"670\" \/>\n\t<meta property=\"og:image:type\" content=\"image\/jpeg\" \/>\n<meta name=\"author\" content=\"Fernando Lima\" \/>\n<meta name=\"twitter:card\" content=\"summary_large_image\" \/>\n<meta name=\"twitter:label1\" content=\"Escrito por\" \/>\n\t<meta name=\"twitter:data1\" content=\"Fernando Lima\" \/>\n\t<meta name=\"twitter:label2\" content=\"Est. tempo de leitura\" \/>\n\t<meta name=\"twitter:data2\" content=\"2 minutos\" \/>\n<script type=\"application\/ld+json\" class=\"yoast-schema-graph\">{\"@context\":\"https:\/\/schema.org\",\"@graph\":[{\"@type\":\"WebPage\",\"@id\":\"https:\/\/verdadeon.com.br\/portal\/2021\/05\/25\/mulher-de-26-anos-e-presa-por-trafico-de-drogas-na-zona-sul-de-franca\/\",\"url\":\"https:\/\/verdadeon.com.br\/portal\/2021\/05\/25\/mulher-de-26-anos-e-presa-por-trafico-de-drogas-na-zona-sul-de-franca\/\",\"name\":\"Mulher de 26 anos \u00e9 presa por tr\u00e1fico de drogas na zona sul de Franca - VerdadeOn\",\"isPartOf\":{\"@id\":\"https:\/\/verdadeon.com.br\/portal\/#website\"},\"primaryImageOfPage\":{\"@id\":\"https:\/\/verdadeon.com.br\/portal\/2021\/05\/25\/mulher-de-26-anos-e-presa-por-trafico-de-drogas-na-zona-sul-de-franca\/#primaryimage\"},\"image\":{\"@id\":\"https:\/\/verdadeon.com.br\/portal\/2021\/05\/25\/mulher-de-26-anos-e-presa-por-trafico-de-drogas-na-zona-sul-de-franca\/#primaryimage\"},\"thumbnailUrl\":\"https:\/\/i0.wp.com\/verdadeon.com.br\/portal\/wp-content\/uploads\/2021\/05\/drogas-.jpeg?fit=1000%2C670&ssl=1\",\"datePublished\":\"2021-05-25T20:26:52+00:00\",\"author\":{\"@id\":\"https:\/\/verdadeon.com.br\/portal\/#\/schema\/person\/cc32be22b8e8599387c480bc83e1d11a\"},\"breadcrumb\":{\"@id\":\"https:\/\/verdadeon.com.br\/portal\/2021\/05\/25\/mulher-de-26-anos-e-presa-por-trafico-de-drogas-na-zona-sul-de-franca\/#breadcrumb\"},\"inLanguage\":\"pt-BR\",\"potentialAction\":[{\"@type\":\"ReadAction\",\"target\":[\"https:\/\/verdadeon.com.br\/portal\/2021\/05\/25\/mulher-de-26-anos-e-presa-por-trafico-de-drogas-na-zona-sul-de-franca\/\"]}]},{\"@type\":\"ImageObject\",\"inLanguage\":\"pt-BR\",\"@id\":\"https:\/\/verdadeon.com.br\/portal\/2021\/05\/25\/mulher-de-26-anos-e-presa-por-trafico-de-drogas-na-zona-sul-de-franca\/#primaryimage\",\"url\":\"https:\/\/i0.wp.com\/verdadeon.com.br\/portal\/wp-content\/uploads\/2021\/05\/drogas-.jpeg?fit=1000%2C670&ssl=1\",\"contentUrl\":\"https:\/\/i0.wp.com\/verdadeon.com.br\/portal\/wp-content\/uploads\/2021\/05\/drogas-.jpeg?fit=1000%2C670&ssl=1\",\"width\":1000,\"height\":670,\"caption\":\"Suspeita foi ouvida e ap\u00f3s recolhida ao Sistema Prisional de Franca | Foto: Divulga\u00e7\u00e3o\"},{\"@type\":\"BreadcrumbList\",\"@id\":\"https:\/\/verdadeon.com.br\/portal\/2021\/05\/25\/mulher-de-26-anos-e-presa-por-trafico-de-drogas-na-zona-sul-de-franca\/#breadcrumb\",\"itemListElement\":[{\"@type\":\"ListItem\",\"position\":1,\"name\":\"In\u00edcio\",\"item\":\"https:\/\/verdadeon.com.br\/portal\/\"},{\"@type\":\"ListItem\",\"position\":2,\"name\":\"Mulher de 26 anos \u00e9 presa por tr\u00e1fico de drogas na zona sul de Franca\"}]},{\"@type\":\"WebSite\",\"@id\":\"https:\/\/verdadeon.com.br\/portal\/#website\",\"url\":\"https:\/\/verdadeon.com.br\/portal\/\",\"name\":\"VerdadeOn\",\"description\":\"Not\u00edcias di\u00e1rias sobre Franca, Regi\u00e3o, Esporte, Cultura, Cotidiano, Colunas. Cobertura nos principais eventos da cidade \u00e9 aqui - Verdadeon Franca\",\"potentialAction\":[{\"@type\":\"SearchAction\",\"target\":{\"@type\":\"EntryPoint\",\"urlTemplate\":\"https:\/\/verdadeon.com.br\/portal\/?s={search_term_string}\"},\"query-input\":{\"@type\":\"PropertyValueSpecification\",\"valueRequired\":true,\"valueName\":\"search_term_string\"}}],\"inLanguage\":\"pt-BR\"},{\"@type\":\"Person\",\"@id\":\"https:\/\/verdadeon.com.br\/portal\/#\/schema\/person\/cc32be22b8e8599387c480bc83e1d11a\",\"name\":\"Fernando Lima\",\"image\":{\"@type\":\"ImageObject\",\"inLanguage\":\"pt-BR\",\"@id\":\"https:\/\/verdadeon.com.br\/portal\/#\/schema\/person\/image\/\",\"url\":\"https:\/\/secure.gravatar.com\/avatar\/df4c8e132080d2b3a4841d5d232045464e0eed11a1d6e43115ca0843d48768d3?s=96&d=mm&r=g\",\"contentUrl\":\"https:\/\/secure.gravatar.com\/avatar\/df4c8e132080d2b3a4841d5d232045464e0eed11a1d6e43115ca0843d48768d3?s=96&d=mm&r=g\",\"caption\":\"Fernando Lima\"},\"sameAs\":[\"http:\/\/verdadeon.com.br\/\"],\"url\":\"https:\/\/verdadeon.com.br\/portal\/author\/fernando-lima\/\"}]}<\/script>\n<!-- \/ Yoast SEO plugin. -->","yoast_head_json":{"title":"Mulher de 26 anos \u00e9 presa por tr\u00e1fico de drogas na zona sul de Franca - VerdadeOn","robots":{"index":"index","follow":"follow","max-snippet":"max-snippet:-1","max-image-preview":"max-image-preview:large","max-video-preview":"max-video-preview:-1"},"canonical":"https:\/\/verdadeon.com.br\/portal\/2021\/05\/25\/mulher-de-26-anos-e-presa-por-trafico-de-drogas-na-zona-sul-de-franca\/","og_locale":"pt_BR","og_type":"article","og_title":"Mulher de 26 anos \u00e9 presa por tr\u00e1fico de drogas na zona sul de Franca - VerdadeOn","og_description":"Pris\u00e3o aconteceu no Jardim Parati na tarde desta ter\u00e7a-feira ap\u00f3s den\u00fancias an\u00f4nimas Uma jovem de 26 anos foi presa por tr\u00e1fico de drogas no Jardim Parati, [\u2026]","og_url":"https:\/\/verdadeon.com.br\/portal\/2021\/05\/25\/mulher-de-26-anos-e-presa-por-trafico-de-drogas-na-zona-sul-de-franca\/","og_site_name":"VerdadeOn","article_published_time":"2021-05-25T20:26:52+00:00","og_image":[{"width":1000,"height":670,"url":"https:\/\/verdadeon.com.br\/portal\/wp-content\/uploads\/2021\/05\/drogas-.jpeg","type":"image\/jpeg"}],"author":"Fernando Lima","twitter_card":"summary_large_image","twitter_misc":{"Escrito por":"Fernando Lima","Est. tempo de leitura":"2 minutos"},"schema":{"@context":"https:\/\/schema.org","@graph":[{"@type":"WebPage","@id":"https:\/\/verdadeon.com.br\/portal\/2021\/05\/25\/mulher-de-26-anos-e-presa-por-trafico-de-drogas-na-zona-sul-de-franca\/","url":"https:\/\/verdadeon.com.br\/portal\/2021\/05\/25\/mulher-de-26-anos-e-presa-por-trafico-de-drogas-na-zona-sul-de-franca\/","name":"Mulher de 26 anos \u00e9 presa por tr\u00e1fico de drogas na zona sul de Franca - VerdadeOn","isPartOf":{"@id":"https:\/\/verdadeon.com.br\/portal\/#website"},"primaryImageOfPage":{"@id":"https:\/\/verdadeon.com.br\/portal\/2021\/05\/25\/mulher-de-26-anos-e-presa-por-trafico-de-drogas-na-zona-sul-de-franca\/#primaryimage"},"image":{"@id":"https:\/\/verdadeon.com.br\/portal\/2021\/05\/25\/mulher-de-26-anos-e-presa-por-trafico-de-drogas-na-zona-sul-de-franca\/#primaryimage"},"thumbnailUrl":"https:\/\/i0.wp.com\/verdadeon.com.br\/portal\/wp-content\/uploads\/2021\/05\/drogas-.jpeg?fit=1000%2C670&ssl=1","datePublished":"2021-05-25T20:26:52+00:00","author":{"@id":"https:\/\/verdadeon.com.br\/portal\/#\/schema\/person\/cc32be22b8e8599387c480bc83e1d11a"},"breadcrumb":{"@id":"https:\/\/verdadeon.com.br\/portal\/2021\/05\/25\/mulher-de-26-anos-e-presa-por-trafico-de-drogas-na-zona-sul-de-franca\/#breadcrumb"},"inLanguage":"pt-BR","potentialAction":[{"@type":"ReadAction","target":["https:\/\/verdadeon.com.br\/portal\/2021\/05\/25\/mulher-de-26-anos-e-presa-por-trafico-de-drogas-na-zona-sul-de-franca\/"]}]},{"@type":"ImageObject","inLanguage":"pt-BR","@id":"https:\/\/verdadeon.com.br\/portal\/2021\/05\/25\/mulher-de-26-anos-e-presa-por-trafico-de-drogas-na-zona-sul-de-franca\/#primaryimage","url":"https:\/\/i0.wp.com\/verdadeon.com.br\/portal\/wp-content\/uploads\/2021\/05\/drogas-.jpeg?fit=1000%2C670&ssl=1","contentUrl":"https:\/\/i0.wp.com\/verdadeon.com.br\/portal\/wp-content\/uploads\/2021\/05\/drogas-.jpeg?fit=1000%2C670&ssl=1","width":1000,"height":670,"caption":"Suspeita foi ouvida e ap\u00f3s recolhida ao Sistema Prisional de Franca | Foto: Divulga\u00e7\u00e3o"},{"@type":"BreadcrumbList","@id":"https:\/\/verdadeon.com.br\/portal\/2021\/05\/25\/mulher-de-26-anos-e-presa-por-trafico-de-drogas-na-zona-sul-de-franca\/#breadcrumb","itemListElement":[{"@type":"ListItem","position":1,"name":"In\u00edcio","item":"https:\/\/verdadeon.com.br\/portal\/"},{"@type":"ListItem","position":2,"name":"Mulher de 26 anos \u00e9 presa por tr\u00e1fico de drogas na zona sul de Franca"}]},{"@type":"WebSite","@id":"https:\/\/verdadeon.com.br\/portal\/#website","url":"https:\/\/verdadeon.com.br\/portal\/","name":"VerdadeOn","description":"Not\u00edcias di\u00e1rias sobre Franca, Regi\u00e3o, Esporte, Cultura, Cotidiano, Colunas. Cobertura nos principais eventos da cidade \u00e9 aqui - Verdadeon Franca","potentialAction":[{"@type":"SearchAction","target":{"@type":"EntryPoint","urlTemplate":"https:\/\/verdadeon.com.br\/portal\/?s={search_term_string}"},"query-input":{"@type":"PropertyValueSpecification","valueRequired":true,"valueName":"search_term_string"}}],"inLanguage":"pt-BR"},{"@type":"Person","@id":"https:\/\/verdadeon.com.br\/portal\/#\/schema\/person\/cc32be22b8e8599387c480bc83e1d11a","name":"Fernando Lima","image":{"@type":"ImageObject","inLanguage":"pt-BR","@id":"https:\/\/verdadeon.com.br\/portal\/#\/schema\/person\/image\/","url":"https:\/\/secure.gravatar.com\/avatar\/df4c8e132080d2b3a4841d5d232045464e0eed11a1d6e43115ca0843d48768d3?s=96&d=mm&r=g","contentUrl":"https:\/\/secure.gravatar.com\/avatar\/df4c8e132080d2b3a4841d5d232045464e0eed11a1d6e43115ca0843d48768d3?s=96&d=mm&r=g","caption":"Fernando Lima"},"sameAs":["http:\/\/verdadeon.com.br\/"],"url":"https:\/\/verdadeon.com.br\/portal\/author\/fernando-lima\/"}]}},"jetpack_publicize_connections":[],"jetpack_featured_media_url":"https:\/\/i0.wp.com\/verdadeon.com.br\/portal\/wp-content\/uploads\/2021\/05\/drogas-.jpeg?fit=1000%2C670&ssl=1","jetpack_sharing_enabled":true,"_links":{"self":[{"href":"https:\/\/verdadeon.com.br\/portal\/wp-json\/wp\/v2\/posts\/16902","targetHints":{"allow":["GET"]}}],"collection":[{"href":"https:\/\/verdadeon.com.br\/portal\/wp-json\/wp\/v2\/posts"}],"about":[{"href":"https:\/\/verdadeon.com.br\/portal\/wp-json\/wp\/v2\/types\/post"}],"author":[{"embeddable":true,"href":"https:\/\/verdadeon.com.br\/portal\/wp-json\/wp\/v2\/users\/7"}],"replies":[{"embeddable":true,"href":"https:\/\/verdadeon.com.br\/portal\/wp-json\/wp\/v2\/comments?post=16902"}],"version-history":[{"count":0,"href":"https:\/\/verdadeon.com.br\/portal\/wp-json\/wp\/v2\/posts\/16902\/revisions"}],"wp:featuredmedia":[{"embeddable":true,"href":"https:\/\/verdadeon.com.br\/portal\/wp-json\/wp\/v2\/media\/16903"}],"wp:attachment":[{"href":"https:\/\/verdadeon.com.br\/portal\/wp-json\/wp\/v2\/media?parent=16902"}],"wp:term":[{"taxonomy":"category","embeddable":true,"href":"https:\/\/verdadeon.com.br\/portal\/wp-json\/wp\/v2\/categories?post=16902"},{"taxonomy":"post_tag","embeddable":true,"href":"https:\/\/verdadeon.com.br\/portal\/wp-json\/wp\/v2\/tags?post=16902"}],"curies":[{"name":"wp","href":"https:\/\/api.w.org\/{rel}","templated":true}]}}