{"id":16772,"date":"2021-05-18T17:43:49","date_gmt":"2021-05-18T20:43:49","guid":{"rendered":"https:\/\/verdadeon.com.br\/portal\/?p=16772"},"modified":"2021-05-18T17:43:49","modified_gmt":"2021-05-18T20:43:49","slug":"comercio-bares-e-restaurantes-voltam-a-trabalhar-com-restricoes-ja-nesta-quinta-feira","status":"publish","type":"post","link":"https:\/\/verdadeon.com.br\/portal\/2021\/05\/18\/comercio-bares-e-restaurantes-voltam-a-trabalhar-com-restricoes-ja-nesta-quinta-feira\/","title":{"rendered":"Com\u00e9rcio, bares e restaurantes voltam a trabalhar com restri\u00e7\u00f5es j\u00e1 nesta quinta-feira"},"content":{"rendered":"<h2>Supermercados e farm\u00e1cias podem abrir por 24h com a capacidade reduzida a 50%<\/h2>\n<p>A partir da pr\u00f3xima quinta-feira (20), at\u00e9 o dia 6 de junho, as atividades econ\u00f4micas de Franca enfrentam novas restri\u00e7\u00f5es impostas pela Prefeitura com o objetivo de frear a contamina\u00e7\u00e3o pela Covid-19.<\/p>\n<p>O com\u00e9rcio, bares e restaurantes poder\u00e3o funcionar apenas por delivery, take away e drive trhu, o atendimento presencial est\u00e1 proibido, as mesmas regras s\u00e3o v\u00e1lidas para os shoppings. As farm\u00e1cias e supermercados podem atender por 24h, mas com apenas 50% da capacidade total.<\/p>\n<p>Padarias, armaz\u00e9ns, a\u00e7ougues e peixarias podem atender presencialmente das 5h at\u00e9 \u00e0s 20h, mas o consumo no local segue proibido.<\/p>\n<p>As barbearias e sal\u00f5es de beleza podem atender uma pessoa por vez, com agendamento pr\u00e9vio. As igrejas e templos podem realizar atividades, mas com apenas 25% da capacidade e at\u00e9 \u00e0s 20h. Todas as atividades que est\u00e3o autorizadas devem seguir regras de aferi\u00e7\u00e3o de temperatura, disponibilizar \u00e1lcool em gel para os frequentadores.<\/p>\n<p>As academias devem ficar fechadas, os esportes e atividades coletivas est\u00e3o suspensos at\u00e9 o dia 6 de junho. Durante a transmiss\u00e3o o prefeito afirmou que caso os n\u00fameros n\u00e3o melhorem, as restri\u00e7\u00f5es podem aumentar, caso os n\u00fameros melhorem elas podem ser afrouxadas.<\/p>\n<p>\u201cA ideia \u00e9 que tenha um toque de recolher das oito da noite at\u00e9 \u00e0s cinco horas da manh\u00e3. Temos que diminuir a circula\u00e7\u00e3o e consequentemente diminuir o cont\u00e1gio pelo v\u00edrus. A situa\u00e7\u00e3o em Franca \u00e9 muito s\u00e9ria e o sistema de sa\u00fade est\u00e1 beirando o colapso\u201d, afirmou o prefeito Alexandre Ferreira.<\/p>\n<p>Os escrit\u00f3rios e atividades administrativas devem realizar os trabalhos por home office, no poder p\u00fablico apenas as atividades dos servi\u00e7os essenciais n\u00e3o sofrer\u00e3o mudan\u00e7as.<\/p>\n<p>Leitos<\/p>\n<p>Durante a fala na transmiss\u00e3o, Alexandre Ferreira n\u00e3o poupou cr\u00edticas ao Governo do Estado sobre a situa\u00e7\u00e3o dos leitos na cidade. Ele destacou que mesmo com ordem da Justi\u00e7a para a abertura de mais unidades, eles n\u00e3o tiveram resposta sobre a abertura de um hospital de campanha, que seria instalado no Instituto de Medicina do Al\u00e9m (IMA).<\/p>\n","protected":false},"excerpt":{"rendered":"<p>Supermercados e farm\u00e1cias podem abrir por 24h com a capacidade reduzida a 50% A partir da pr\u00f3xima quinta-feira (20), at\u00e9 o dia 6 de junho, as<span class=\"excerpt-hellip\"> [\u2026]<\/span><\/p>\n","protected":false},"author":7,"featured_media":16773,"comment_status":"open","ping_status":"open","sticky":false,"template":"","format":"standard","meta":{"_jetpack_memberships_contains_paid_content":false,"footnotes":"","jetpack_publicize_message":"","jetpack_publicize_feature_enabled":true,"jetpack_social_post_already_shared":false,"jetpack_social_options":{"image_generator_settings":{"template":"highway","default_image_id":0,"enabled":false},"version":2}},"categories":[28,81],"tags":[],"class_list":["post-16772","post","type-post","status-publish","format-standard","has-post-thumbnail","hentry","category-cotidiano","category-manchete"],"yoast_head":"<!-- This site is optimized with the Yoast SEO plugin v25.6 - https:\/\/yoast.com\/wordpress\/plugins\/seo\/ -->\n<title>Com\u00e9rcio, bares e restaurantes voltam a trabalhar com restri\u00e7\u00f5es j\u00e1 nesta quinta-feira - VerdadeOn<\/title>\n<meta name=\"robots\" content=\"index, follow, max-snippet:-1, max-image-preview:large, max-video-preview:-1\" \/>\n<link rel=\"canonical\" href=\"https:\/\/verdadeon.com.br\/portal\/2021\/05\/18\/comercio-bares-e-restaurantes-voltam-a-trabalhar-com-restricoes-ja-nesta-quinta-feira\/\" \/>\n<meta property=\"og:locale\" content=\"pt_BR\" \/>\n<meta property=\"og:type\" content=\"article\" \/>\n<meta property=\"og:title\" content=\"Com\u00e9rcio, bares e restaurantes voltam a trabalhar com restri\u00e7\u00f5es j\u00e1 nesta quinta-feira - VerdadeOn\" \/>\n<meta property=\"og:description\" content=\"Supermercados e farm\u00e1cias podem abrir por 24h com a capacidade reduzida a 50% A partir da pr\u00f3xima quinta-feira (20), at\u00e9 o dia 6 de junho, as [\u2026]\" \/>\n<meta property=\"og:url\" content=\"https:\/\/verdadeon.com.br\/portal\/2021\/05\/18\/comercio-bares-e-restaurantes-voltam-a-trabalhar-com-restricoes-ja-nesta-quinta-feira\/\" \/>\n<meta property=\"og:site_name\" content=\"VerdadeOn\" \/>\n<meta property=\"article:published_time\" content=\"2021-05-18T20:43:49+00:00\" \/>\n<meta property=\"og:image\" content=\"https:\/\/verdadeon.com.br\/portal\/wp-content\/uploads\/2021\/05\/ALEXANDRE-.jpeg\" \/>\n\t<meta property=\"og:image:width\" content=\"1000\" \/>\n\t<meta property=\"og:image:height\" content=\"670\" \/>\n\t<meta property=\"og:image:type\" content=\"image\/jpeg\" \/>\n<meta name=\"author\" content=\"Fernando Lima\" \/>\n<meta name=\"twitter:card\" content=\"summary_large_image\" \/>\n<meta name=\"twitter:label1\" content=\"Escrito por\" \/>\n\t<meta name=\"twitter:data1\" content=\"Fernando Lima\" \/>\n\t<meta name=\"twitter:label2\" content=\"Est. tempo de leitura\" \/>\n\t<meta name=\"twitter:data2\" content=\"2 minutos\" \/>\n<script type=\"application\/ld+json\" class=\"yoast-schema-graph\">{\"@context\":\"https:\/\/schema.org\",\"@graph\":[{\"@type\":\"WebPage\",\"@id\":\"https:\/\/verdadeon.com.br\/portal\/2021\/05\/18\/comercio-bares-e-restaurantes-voltam-a-trabalhar-com-restricoes-ja-nesta-quinta-feira\/\",\"url\":\"https:\/\/verdadeon.com.br\/portal\/2021\/05\/18\/comercio-bares-e-restaurantes-voltam-a-trabalhar-com-restricoes-ja-nesta-quinta-feira\/\",\"name\":\"Com\u00e9rcio, bares e restaurantes voltam a trabalhar com restri\u00e7\u00f5es j\u00e1 nesta quinta-feira - VerdadeOn\",\"isPartOf\":{\"@id\":\"https:\/\/verdadeon.com.br\/portal\/#website\"},\"primaryImageOfPage\":{\"@id\":\"https:\/\/verdadeon.com.br\/portal\/2021\/05\/18\/comercio-bares-e-restaurantes-voltam-a-trabalhar-com-restricoes-ja-nesta-quinta-feira\/#primaryimage\"},\"image\":{\"@id\":\"https:\/\/verdadeon.com.br\/portal\/2021\/05\/18\/comercio-bares-e-restaurantes-voltam-a-trabalhar-com-restricoes-ja-nesta-quinta-feira\/#primaryimage\"},\"thumbnailUrl\":\"https:\/\/i0.wp.com\/verdadeon.com.br\/portal\/wp-content\/uploads\/2021\/05\/ALEXANDRE-.jpeg?fit=1000%2C670&ssl=1\",\"datePublished\":\"2021-05-18T20:43:49+00:00\",\"author\":{\"@id\":\"https:\/\/verdadeon.com.br\/portal\/#\/schema\/person\/cc32be22b8e8599387c480bc83e1d11a\"},\"breadcrumb\":{\"@id\":\"https:\/\/verdadeon.com.br\/portal\/2021\/05\/18\/comercio-bares-e-restaurantes-voltam-a-trabalhar-com-restricoes-ja-nesta-quinta-feira\/#breadcrumb\"},\"inLanguage\":\"pt-BR\",\"potentialAction\":[{\"@type\":\"ReadAction\",\"target\":[\"https:\/\/verdadeon.com.br\/portal\/2021\/05\/18\/comercio-bares-e-restaurantes-voltam-a-trabalhar-com-restricoes-ja-nesta-quinta-feira\/\"]}]},{\"@type\":\"ImageObject\",\"inLanguage\":\"pt-BR\",\"@id\":\"https:\/\/verdadeon.com.br\/portal\/2021\/05\/18\/comercio-bares-e-restaurantes-voltam-a-trabalhar-com-restricoes-ja-nesta-quinta-feira\/#primaryimage\",\"url\":\"https:\/\/i0.wp.com\/verdadeon.com.br\/portal\/wp-content\/uploads\/2021\/05\/ALEXANDRE-.jpeg?fit=1000%2C670&ssl=1\",\"contentUrl\":\"https:\/\/i0.wp.com\/verdadeon.com.br\/portal\/wp-content\/uploads\/2021\/05\/ALEXANDRE-.jpeg?fit=1000%2C670&ssl=1\",\"width\":1000,\"height\":670,\"caption\":\"Regras foram divulgadas pela Prefeitura de Franca durante transmiss\u00e3o nesta ter\u00e7a-feira | Foto: Reprodu\u00e7\u00e3o\"},{\"@type\":\"BreadcrumbList\",\"@id\":\"https:\/\/verdadeon.com.br\/portal\/2021\/05\/18\/comercio-bares-e-restaurantes-voltam-a-trabalhar-com-restricoes-ja-nesta-quinta-feira\/#breadcrumb\",\"itemListElement\":[{\"@type\":\"ListItem\",\"position\":1,\"name\":\"In\u00edcio\",\"item\":\"https:\/\/verdadeon.com.br\/portal\/\"},{\"@type\":\"ListItem\",\"position\":2,\"name\":\"Com\u00e9rcio, bares e restaurantes voltam a trabalhar com restri\u00e7\u00f5es j\u00e1 nesta quinta-feira\"}]},{\"@type\":\"WebSite\",\"@id\":\"https:\/\/verdadeon.com.br\/portal\/#website\",\"url\":\"https:\/\/verdadeon.com.br\/portal\/\",\"name\":\"VerdadeOn\",\"description\":\"Not\u00edcias di\u00e1rias sobre Franca, Regi\u00e3o, Esporte, Cultura, Cotidiano, Colunas. Cobertura nos principais eventos da cidade \u00e9 aqui - Verdadeon Franca\",\"potentialAction\":[{\"@type\":\"SearchAction\",\"target\":{\"@type\":\"EntryPoint\",\"urlTemplate\":\"https:\/\/verdadeon.com.br\/portal\/?s={search_term_string}\"},\"query-input\":{\"@type\":\"PropertyValueSpecification\",\"valueRequired\":true,\"valueName\":\"search_term_string\"}}],\"inLanguage\":\"pt-BR\"},{\"@type\":\"Person\",\"@id\":\"https:\/\/verdadeon.com.br\/portal\/#\/schema\/person\/cc32be22b8e8599387c480bc83e1d11a\",\"name\":\"Fernando Lima\",\"image\":{\"@type\":\"ImageObject\",\"inLanguage\":\"pt-BR\",\"@id\":\"https:\/\/verdadeon.com.br\/portal\/#\/schema\/person\/image\/\",\"url\":\"https:\/\/secure.gravatar.com\/avatar\/df4c8e132080d2b3a4841d5d232045464e0eed11a1d6e43115ca0843d48768d3?s=96&d=mm&r=g\",\"contentUrl\":\"https:\/\/secure.gravatar.com\/avatar\/df4c8e132080d2b3a4841d5d232045464e0eed11a1d6e43115ca0843d48768d3?s=96&d=mm&r=g\",\"caption\":\"Fernando Lima\"},\"sameAs\":[\"http:\/\/verdadeon.com.br\/\"],\"url\":\"https:\/\/verdadeon.com.br\/portal\/author\/fernando-lima\/\"}]}<\/script>\n<!-- \/ Yoast SEO plugin. -->","yoast_head_json":{"title":"Com\u00e9rcio, bares e restaurantes voltam a trabalhar com restri\u00e7\u00f5es j\u00e1 nesta quinta-feira - VerdadeOn","robots":{"index":"index","follow":"follow","max-snippet":"max-snippet:-1","max-image-preview":"max-image-preview:large","max-video-preview":"max-video-preview:-1"},"canonical":"https:\/\/verdadeon.com.br\/portal\/2021\/05\/18\/comercio-bares-e-restaurantes-voltam-a-trabalhar-com-restricoes-ja-nesta-quinta-feira\/","og_locale":"pt_BR","og_type":"article","og_title":"Com\u00e9rcio, bares e restaurantes voltam a trabalhar com restri\u00e7\u00f5es j\u00e1 nesta quinta-feira - VerdadeOn","og_description":"Supermercados e farm\u00e1cias podem abrir por 24h com a capacidade reduzida a 50% A partir da pr\u00f3xima quinta-feira (20), at\u00e9 o dia 6 de junho, as [\u2026]","og_url":"https:\/\/verdadeon.com.br\/portal\/2021\/05\/18\/comercio-bares-e-restaurantes-voltam-a-trabalhar-com-restricoes-ja-nesta-quinta-feira\/","og_site_name":"VerdadeOn","article_published_time":"2021-05-18T20:43:49+00:00","og_image":[{"width":1000,"height":670,"url":"https:\/\/verdadeon.com.br\/portal\/wp-content\/uploads\/2021\/05\/ALEXANDRE-.jpeg","type":"image\/jpeg"}],"author":"Fernando Lima","twitter_card":"summary_large_image","twitter_misc":{"Escrito por":"Fernando Lima","Est. tempo de leitura":"2 minutos"},"schema":{"@context":"https:\/\/schema.org","@graph":[{"@type":"WebPage","@id":"https:\/\/verdadeon.com.br\/portal\/2021\/05\/18\/comercio-bares-e-restaurantes-voltam-a-trabalhar-com-restricoes-ja-nesta-quinta-feira\/","url":"https:\/\/verdadeon.com.br\/portal\/2021\/05\/18\/comercio-bares-e-restaurantes-voltam-a-trabalhar-com-restricoes-ja-nesta-quinta-feira\/","name":"Com\u00e9rcio, bares e restaurantes voltam a trabalhar com restri\u00e7\u00f5es j\u00e1 nesta quinta-feira - VerdadeOn","isPartOf":{"@id":"https:\/\/verdadeon.com.br\/portal\/#website"},"primaryImageOfPage":{"@id":"https:\/\/verdadeon.com.br\/portal\/2021\/05\/18\/comercio-bares-e-restaurantes-voltam-a-trabalhar-com-restricoes-ja-nesta-quinta-feira\/#primaryimage"},"image":{"@id":"https:\/\/verdadeon.com.br\/portal\/2021\/05\/18\/comercio-bares-e-restaurantes-voltam-a-trabalhar-com-restricoes-ja-nesta-quinta-feira\/#primaryimage"},"thumbnailUrl":"https:\/\/i0.wp.com\/verdadeon.com.br\/portal\/wp-content\/uploads\/2021\/05\/ALEXANDRE-.jpeg?fit=1000%2C670&ssl=1","datePublished":"2021-05-18T20:43:49+00:00","author":{"@id":"https:\/\/verdadeon.com.br\/portal\/#\/schema\/person\/cc32be22b8e8599387c480bc83e1d11a"},"breadcrumb":{"@id":"https:\/\/verdadeon.com.br\/portal\/2021\/05\/18\/comercio-bares-e-restaurantes-voltam-a-trabalhar-com-restricoes-ja-nesta-quinta-feira\/#breadcrumb"},"inLanguage":"pt-BR","potentialAction":[{"@type":"ReadAction","target":["https:\/\/verdadeon.com.br\/portal\/2021\/05\/18\/comercio-bares-e-restaurantes-voltam-a-trabalhar-com-restricoes-ja-nesta-quinta-feira\/"]}]},{"@type":"ImageObject","inLanguage":"pt-BR","@id":"https:\/\/verdadeon.com.br\/portal\/2021\/05\/18\/comercio-bares-e-restaurantes-voltam-a-trabalhar-com-restricoes-ja-nesta-quinta-feira\/#primaryimage","url":"https:\/\/i0.wp.com\/verdadeon.com.br\/portal\/wp-content\/uploads\/2021\/05\/ALEXANDRE-.jpeg?fit=1000%2C670&ssl=1","contentUrl":"https:\/\/i0.wp.com\/verdadeon.com.br\/portal\/wp-content\/uploads\/2021\/05\/ALEXANDRE-.jpeg?fit=1000%2C670&ssl=1","width":1000,"height":670,"caption":"Regras foram divulgadas pela Prefeitura de Franca durante transmiss\u00e3o nesta ter\u00e7a-feira | Foto: Reprodu\u00e7\u00e3o"},{"@type":"BreadcrumbList","@id":"https:\/\/verdadeon.com.br\/portal\/2021\/05\/18\/comercio-bares-e-restaurantes-voltam-a-trabalhar-com-restricoes-ja-nesta-quinta-feira\/#breadcrumb","itemListElement":[{"@type":"ListItem","position":1,"name":"In\u00edcio","item":"https:\/\/verdadeon.com.br\/portal\/"},{"@type":"ListItem","position":2,"name":"Com\u00e9rcio, bares e restaurantes voltam a trabalhar com restri\u00e7\u00f5es j\u00e1 nesta quinta-feira"}]},{"@type":"WebSite","@id":"https:\/\/verdadeon.com.br\/portal\/#website","url":"https:\/\/verdadeon.com.br\/portal\/","name":"VerdadeOn","description":"Not\u00edcias di\u00e1rias sobre Franca, Regi\u00e3o, Esporte, Cultura, Cotidiano, Colunas. Cobertura nos principais eventos da cidade \u00e9 aqui - Verdadeon Franca","potentialAction":[{"@type":"SearchAction","target":{"@type":"EntryPoint","urlTemplate":"https:\/\/verdadeon.com.br\/portal\/?s={search_term_string}"},"query-input":{"@type":"PropertyValueSpecification","valueRequired":true,"valueName":"search_term_string"}}],"inLanguage":"pt-BR"},{"@type":"Person","@id":"https:\/\/verdadeon.com.br\/portal\/#\/schema\/person\/cc32be22b8e8599387c480bc83e1d11a","name":"Fernando Lima","image":{"@type":"ImageObject","inLanguage":"pt-BR","@id":"https:\/\/verdadeon.com.br\/portal\/#\/schema\/person\/image\/","url":"https:\/\/secure.gravatar.com\/avatar\/df4c8e132080d2b3a4841d5d232045464e0eed11a1d6e43115ca0843d48768d3?s=96&d=mm&r=g","contentUrl":"https:\/\/secure.gravatar.com\/avatar\/df4c8e132080d2b3a4841d5d232045464e0eed11a1d6e43115ca0843d48768d3?s=96&d=mm&r=g","caption":"Fernando Lima"},"sameAs":["http:\/\/verdadeon.com.br\/"],"url":"https:\/\/verdadeon.com.br\/portal\/author\/fernando-lima\/"}]}},"jetpack_publicize_connections":[],"jetpack_featured_media_url":"https:\/\/i0.wp.com\/verdadeon.com.br\/portal\/wp-content\/uploads\/2021\/05\/ALEXANDRE-.jpeg?fit=1000%2C670&ssl=1","jetpack_sharing_enabled":true,"_links":{"self":[{"href":"https:\/\/verdadeon.com.br\/portal\/wp-json\/wp\/v2\/posts\/16772","targetHints":{"allow":["GET"]}}],"collection":[{"href":"https:\/\/verdadeon.com.br\/portal\/wp-json\/wp\/v2\/posts"}],"about":[{"href":"https:\/\/verdadeon.com.br\/portal\/wp-json\/wp\/v2\/types\/post"}],"author":[{"embeddable":true,"href":"https:\/\/verdadeon.com.br\/portal\/wp-json\/wp\/v2\/users\/7"}],"replies":[{"embeddable":true,"href":"https:\/\/verdadeon.com.br\/portal\/wp-json\/wp\/v2\/comments?post=16772"}],"version-history":[{"count":0,"href":"https:\/\/verdadeon.com.br\/portal\/wp-json\/wp\/v2\/posts\/16772\/revisions"}],"wp:featuredmedia":[{"embeddable":true,"href":"https:\/\/verdadeon.com.br\/portal\/wp-json\/wp\/v2\/media\/16773"}],"wp:attachment":[{"href":"https:\/\/verdadeon.com.br\/portal\/wp-json\/wp\/v2\/media?parent=16772"}],"wp:term":[{"taxonomy":"category","embeddable":true,"href":"https:\/\/verdadeon.com.br\/portal\/wp-json\/wp\/v2\/categories?post=16772"},{"taxonomy":"post_tag","embeddable":true,"href":"https:\/\/verdadeon.com.br\/portal\/wp-json\/wp\/v2\/tags?post=16772"}],"curies":[{"name":"wp","href":"https:\/\/api.w.org\/{rel}","templated":true}]}}