{"id":16769,"date":"2021-05-18T16:06:16","date_gmt":"2021-05-18T19:06:16","guid":{"rendered":"https:\/\/verdadeon.com.br\/portal\/?p=16769"},"modified":"2021-05-18T16:06:16","modified_gmt":"2021-05-18T19:06:16","slug":"policia-ambiental-apreende-12-aves-irregulares-presas-em-gaiolas","status":"publish","type":"post","link":"https:\/\/verdadeon.com.br\/portal\/2021\/05\/18\/policia-ambiental-apreende-12-aves-irregulares-presas-em-gaiolas\/","title":{"rendered":"Pol\u00edcia Ambiental apreende 12 aves irregulares presas em gaiolas"},"content":{"rendered":"<h2>Morador de S\u00e3o Jos\u00e9 da Bela Vista foi multado em R$ 6 mil, as aves foram recolhidas<\/h2>\n<p>Um homem foi multado em R$ 6 mil por manter aves silvestres presas em gaiolas, sem autoriza\u00e7\u00e3o em S\u00e3o Jos\u00e9 da Bela Vista, na regi\u00e3o de Franca. De acordo com a Pol\u00edcia Ambiental, durante o cumprimento de uma miss\u00e3o que apurava uma den\u00fancia sobre parcelamento de solo\/loteamento, eles encontraram as aves.<\/p>\n<p>No local eles fizeram contato com o propriet\u00e1rio e morador da resid\u00eancia, onde informou ser propriet\u00e1rio das aves silvestres, a equipe observou 12 aves sem anilha de identifica\u00e7\u00e3o na varanda.<\/p>\n<p>O homem foi questionado e disse que n\u00e3o era criador cadastrado no \u00f3rg\u00e3o ambiental. Ele foi multado, autuado em infra\u00e7\u00e3o ambiental e as aves foram apreendidas. Elas v\u00e3o passar por atendimento veterin\u00e1rio, e o profissional deve avaliar se elas ser\u00e3o soltas ou se precisam de cuidados especiais.<\/p>\n<h3>Investiga\u00e7\u00e3o<\/h3>\n<p>A Pol\u00edcia Civil investiga as circunst\u00e2ncias do desaparecimento de uma adolescente de 12 anos, de Ribeir\u00e3o Preto, ela foi encontrada em Franca. Lorena de Ara\u00fajo estava em uma pra\u00e7a do Jardim \u00c2ngela Rosa, na zona sul da cidade nesta ter\u00e7a-feira (18). Um homem reconheceu a menor e ligou para os familiares, o pai dela veio at\u00e9 Franca e retornou com Lorena.<\/p>\n<p>Segundo a pol\u00edcia ela entrou em um carro de aplicativo na noite de segunda-feira (17), e veio para Franca, onde se encontraria com um amigo que tamb\u00e9m tem 12 anos e que ela conheceu pela internet. As investiga\u00e7\u00f5es v\u00e3o apontar agora quem \u00e9 essa pessoa e como eles se conheceram, al\u00e9m dos motivos que fizeram Lorena fugir de casa.<\/p>\n<p>&nbsp;<\/p>\n","protected":false},"excerpt":{"rendered":"<p>Morador de S\u00e3o Jos\u00e9 da Bela Vista foi multado em R$ 6 mil, as aves foram recolhidas Um homem foi multado em R$ 6 mil por<span class=\"excerpt-hellip\"> [\u2026]<\/span><\/p>\n","protected":false},"author":7,"featured_media":16770,"comment_status":"open","ping_status":"open","sticky":false,"template":"","format":"standard","meta":{"_jetpack_memberships_contains_paid_content":false,"footnotes":"","jetpack_publicize_message":"","jetpack_publicize_feature_enabled":true,"jetpack_social_post_already_shared":false,"jetpack_social_options":{"image_generator_settings":{"template":"highway","default_image_id":0,"enabled":false},"version":2}},"categories":[28,81],"tags":[],"class_list":["post-16769","post","type-post","status-publish","format-standard","has-post-thumbnail","hentry","category-cotidiano","category-manchete"],"yoast_head":"<!-- This site is optimized with the Yoast SEO plugin v25.6 - https:\/\/yoast.com\/wordpress\/plugins\/seo\/ -->\n<title>Pol\u00edcia Ambiental apreende 12 aves irregulares presas em gaiolas - VerdadeOn<\/title>\n<meta name=\"robots\" content=\"index, follow, max-snippet:-1, max-image-preview:large, max-video-preview:-1\" \/>\n<link rel=\"canonical\" href=\"https:\/\/verdadeon.com.br\/portal\/2021\/05\/18\/policia-ambiental-apreende-12-aves-irregulares-presas-em-gaiolas\/\" \/>\n<meta property=\"og:locale\" content=\"pt_BR\" \/>\n<meta property=\"og:type\" content=\"article\" \/>\n<meta property=\"og:title\" content=\"Pol\u00edcia Ambiental apreende 12 aves irregulares presas em gaiolas - VerdadeOn\" \/>\n<meta property=\"og:description\" content=\"Morador de S\u00e3o Jos\u00e9 da Bela Vista foi multado em R$ 6 mil, as aves foram recolhidas Um homem foi multado em R$ 6 mil por [\u2026]\" \/>\n<meta property=\"og:url\" content=\"https:\/\/verdadeon.com.br\/portal\/2021\/05\/18\/policia-ambiental-apreende-12-aves-irregulares-presas-em-gaiolas\/\" \/>\n<meta property=\"og:site_name\" content=\"VerdadeOn\" \/>\n<meta property=\"article:published_time\" content=\"2021-05-18T19:06:16+00:00\" \/>\n<meta property=\"og:image\" content=\"https:\/\/verdadeon.com.br\/portal\/wp-content\/uploads\/2021\/05\/WhatsApp-Image-2021-05-18-at-16.04.32.jpeg\" \/>\n\t<meta property=\"og:image:width\" content=\"1280\" \/>\n\t<meta property=\"og:image:height\" content=\"960\" \/>\n\t<meta property=\"og:image:type\" content=\"image\/jpeg\" \/>\n<meta name=\"author\" content=\"Fernando Lima\" \/>\n<meta name=\"twitter:card\" content=\"summary_large_image\" \/>\n<meta name=\"twitter:label1\" content=\"Escrito por\" \/>\n\t<meta name=\"twitter:data1\" content=\"Fernando Lima\" \/>\n\t<meta name=\"twitter:label2\" content=\"Est. tempo de leitura\" \/>\n\t<meta name=\"twitter:data2\" content=\"2 minutos\" \/>\n<script type=\"application\/ld+json\" class=\"yoast-schema-graph\">{\"@context\":\"https:\/\/schema.org\",\"@graph\":[{\"@type\":\"WebPage\",\"@id\":\"https:\/\/verdadeon.com.br\/portal\/2021\/05\/18\/policia-ambiental-apreende-12-aves-irregulares-presas-em-gaiolas\/\",\"url\":\"https:\/\/verdadeon.com.br\/portal\/2021\/05\/18\/policia-ambiental-apreende-12-aves-irregulares-presas-em-gaiolas\/\",\"name\":\"Pol\u00edcia Ambiental apreende 12 aves irregulares presas em gaiolas - VerdadeOn\",\"isPartOf\":{\"@id\":\"https:\/\/verdadeon.com.br\/portal\/#website\"},\"primaryImageOfPage\":{\"@id\":\"https:\/\/verdadeon.com.br\/portal\/2021\/05\/18\/policia-ambiental-apreende-12-aves-irregulares-presas-em-gaiolas\/#primaryimage\"},\"image\":{\"@id\":\"https:\/\/verdadeon.com.br\/portal\/2021\/05\/18\/policia-ambiental-apreende-12-aves-irregulares-presas-em-gaiolas\/#primaryimage\"},\"thumbnailUrl\":\"https:\/\/i0.wp.com\/verdadeon.com.br\/portal\/wp-content\/uploads\/2021\/05\/WhatsApp-Image-2021-05-18-at-16.04.32.jpeg?fit=1280%2C960&ssl=1\",\"datePublished\":\"2021-05-18T19:06:16+00:00\",\"author\":{\"@id\":\"https:\/\/verdadeon.com.br\/portal\/#\/schema\/person\/cc32be22b8e8599387c480bc83e1d11a\"},\"breadcrumb\":{\"@id\":\"https:\/\/verdadeon.com.br\/portal\/2021\/05\/18\/policia-ambiental-apreende-12-aves-irregulares-presas-em-gaiolas\/#breadcrumb\"},\"inLanguage\":\"pt-BR\",\"potentialAction\":[{\"@type\":\"ReadAction\",\"target\":[\"https:\/\/verdadeon.com.br\/portal\/2021\/05\/18\/policia-ambiental-apreende-12-aves-irregulares-presas-em-gaiolas\/\"]}]},{\"@type\":\"ImageObject\",\"inLanguage\":\"pt-BR\",\"@id\":\"https:\/\/verdadeon.com.br\/portal\/2021\/05\/18\/policia-ambiental-apreende-12-aves-irregulares-presas-em-gaiolas\/#primaryimage\",\"url\":\"https:\/\/i0.wp.com\/verdadeon.com.br\/portal\/wp-content\/uploads\/2021\/05\/WhatsApp-Image-2021-05-18-at-16.04.32.jpeg?fit=1280%2C960&ssl=1\",\"contentUrl\":\"https:\/\/i0.wp.com\/verdadeon.com.br\/portal\/wp-content\/uploads\/2021\/05\/WhatsApp-Image-2021-05-18-at-16.04.32.jpeg?fit=1280%2C960&ssl=1\",\"width\":1280,\"height\":960,\"caption\":\"Pol\u00edcia Ambiental apurava den\u00fancias de parcelamento de solo, quando encontrou as aves | Foto: Pol\u00edcia Ambiental\"},{\"@type\":\"BreadcrumbList\",\"@id\":\"https:\/\/verdadeon.com.br\/portal\/2021\/05\/18\/policia-ambiental-apreende-12-aves-irregulares-presas-em-gaiolas\/#breadcrumb\",\"itemListElement\":[{\"@type\":\"ListItem\",\"position\":1,\"name\":\"In\u00edcio\",\"item\":\"https:\/\/verdadeon.com.br\/portal\/\"},{\"@type\":\"ListItem\",\"position\":2,\"name\":\"Pol\u00edcia Ambiental apreende 12 aves irregulares presas em gaiolas\"}]},{\"@type\":\"WebSite\",\"@id\":\"https:\/\/verdadeon.com.br\/portal\/#website\",\"url\":\"https:\/\/verdadeon.com.br\/portal\/\",\"name\":\"VerdadeOn\",\"description\":\"Not\u00edcias di\u00e1rias sobre Franca, Regi\u00e3o, Esporte, Cultura, Cotidiano, Colunas. Cobertura nos principais eventos da cidade \u00e9 aqui - Verdadeon Franca\",\"potentialAction\":[{\"@type\":\"SearchAction\",\"target\":{\"@type\":\"EntryPoint\",\"urlTemplate\":\"https:\/\/verdadeon.com.br\/portal\/?s={search_term_string}\"},\"query-input\":{\"@type\":\"PropertyValueSpecification\",\"valueRequired\":true,\"valueName\":\"search_term_string\"}}],\"inLanguage\":\"pt-BR\"},{\"@type\":\"Person\",\"@id\":\"https:\/\/verdadeon.com.br\/portal\/#\/schema\/person\/cc32be22b8e8599387c480bc83e1d11a\",\"name\":\"Fernando Lima\",\"image\":{\"@type\":\"ImageObject\",\"inLanguage\":\"pt-BR\",\"@id\":\"https:\/\/verdadeon.com.br\/portal\/#\/schema\/person\/image\/\",\"url\":\"https:\/\/secure.gravatar.com\/avatar\/df4c8e132080d2b3a4841d5d232045464e0eed11a1d6e43115ca0843d48768d3?s=96&d=mm&r=g\",\"contentUrl\":\"https:\/\/secure.gravatar.com\/avatar\/df4c8e132080d2b3a4841d5d232045464e0eed11a1d6e43115ca0843d48768d3?s=96&d=mm&r=g\",\"caption\":\"Fernando Lima\"},\"sameAs\":[\"http:\/\/verdadeon.com.br\/\"],\"url\":\"https:\/\/verdadeon.com.br\/portal\/author\/fernando-lima\/\"}]}<\/script>\n<!-- \/ Yoast SEO plugin. -->","yoast_head_json":{"title":"Pol\u00edcia Ambiental apreende 12 aves irregulares presas em gaiolas - VerdadeOn","robots":{"index":"index","follow":"follow","max-snippet":"max-snippet:-1","max-image-preview":"max-image-preview:large","max-video-preview":"max-video-preview:-1"},"canonical":"https:\/\/verdadeon.com.br\/portal\/2021\/05\/18\/policia-ambiental-apreende-12-aves-irregulares-presas-em-gaiolas\/","og_locale":"pt_BR","og_type":"article","og_title":"Pol\u00edcia Ambiental apreende 12 aves irregulares presas em gaiolas - VerdadeOn","og_description":"Morador de S\u00e3o Jos\u00e9 da Bela Vista foi multado em R$ 6 mil, as aves foram recolhidas Um homem foi multado em R$ 6 mil por [\u2026]","og_url":"https:\/\/verdadeon.com.br\/portal\/2021\/05\/18\/policia-ambiental-apreende-12-aves-irregulares-presas-em-gaiolas\/","og_site_name":"VerdadeOn","article_published_time":"2021-05-18T19:06:16+00:00","og_image":[{"width":1280,"height":960,"url":"https:\/\/verdadeon.com.br\/portal\/wp-content\/uploads\/2021\/05\/WhatsApp-Image-2021-05-18-at-16.04.32.jpeg","type":"image\/jpeg"}],"author":"Fernando Lima","twitter_card":"summary_large_image","twitter_misc":{"Escrito por":"Fernando Lima","Est. tempo de leitura":"2 minutos"},"schema":{"@context":"https:\/\/schema.org","@graph":[{"@type":"WebPage","@id":"https:\/\/verdadeon.com.br\/portal\/2021\/05\/18\/policia-ambiental-apreende-12-aves-irregulares-presas-em-gaiolas\/","url":"https:\/\/verdadeon.com.br\/portal\/2021\/05\/18\/policia-ambiental-apreende-12-aves-irregulares-presas-em-gaiolas\/","name":"Pol\u00edcia Ambiental apreende 12 aves irregulares presas em gaiolas - VerdadeOn","isPartOf":{"@id":"https:\/\/verdadeon.com.br\/portal\/#website"},"primaryImageOfPage":{"@id":"https:\/\/verdadeon.com.br\/portal\/2021\/05\/18\/policia-ambiental-apreende-12-aves-irregulares-presas-em-gaiolas\/#primaryimage"},"image":{"@id":"https:\/\/verdadeon.com.br\/portal\/2021\/05\/18\/policia-ambiental-apreende-12-aves-irregulares-presas-em-gaiolas\/#primaryimage"},"thumbnailUrl":"https:\/\/i0.wp.com\/verdadeon.com.br\/portal\/wp-content\/uploads\/2021\/05\/WhatsApp-Image-2021-05-18-at-16.04.32.jpeg?fit=1280%2C960&ssl=1","datePublished":"2021-05-18T19:06:16+00:00","author":{"@id":"https:\/\/verdadeon.com.br\/portal\/#\/schema\/person\/cc32be22b8e8599387c480bc83e1d11a"},"breadcrumb":{"@id":"https:\/\/verdadeon.com.br\/portal\/2021\/05\/18\/policia-ambiental-apreende-12-aves-irregulares-presas-em-gaiolas\/#breadcrumb"},"inLanguage":"pt-BR","potentialAction":[{"@type":"ReadAction","target":["https:\/\/verdadeon.com.br\/portal\/2021\/05\/18\/policia-ambiental-apreende-12-aves-irregulares-presas-em-gaiolas\/"]}]},{"@type":"ImageObject","inLanguage":"pt-BR","@id":"https:\/\/verdadeon.com.br\/portal\/2021\/05\/18\/policia-ambiental-apreende-12-aves-irregulares-presas-em-gaiolas\/#primaryimage","url":"https:\/\/i0.wp.com\/verdadeon.com.br\/portal\/wp-content\/uploads\/2021\/05\/WhatsApp-Image-2021-05-18-at-16.04.32.jpeg?fit=1280%2C960&ssl=1","contentUrl":"https:\/\/i0.wp.com\/verdadeon.com.br\/portal\/wp-content\/uploads\/2021\/05\/WhatsApp-Image-2021-05-18-at-16.04.32.jpeg?fit=1280%2C960&ssl=1","width":1280,"height":960,"caption":"Pol\u00edcia Ambiental apurava den\u00fancias de parcelamento de solo, quando encontrou as aves | Foto: Pol\u00edcia Ambiental"},{"@type":"BreadcrumbList","@id":"https:\/\/verdadeon.com.br\/portal\/2021\/05\/18\/policia-ambiental-apreende-12-aves-irregulares-presas-em-gaiolas\/#breadcrumb","itemListElement":[{"@type":"ListItem","position":1,"name":"In\u00edcio","item":"https:\/\/verdadeon.com.br\/portal\/"},{"@type":"ListItem","position":2,"name":"Pol\u00edcia Ambiental apreende 12 aves irregulares presas em gaiolas"}]},{"@type":"WebSite","@id":"https:\/\/verdadeon.com.br\/portal\/#website","url":"https:\/\/verdadeon.com.br\/portal\/","name":"VerdadeOn","description":"Not\u00edcias di\u00e1rias sobre Franca, Regi\u00e3o, Esporte, Cultura, Cotidiano, Colunas. Cobertura nos principais eventos da cidade \u00e9 aqui - Verdadeon Franca","potentialAction":[{"@type":"SearchAction","target":{"@type":"EntryPoint","urlTemplate":"https:\/\/verdadeon.com.br\/portal\/?s={search_term_string}"},"query-input":{"@type":"PropertyValueSpecification","valueRequired":true,"valueName":"search_term_string"}}],"inLanguage":"pt-BR"},{"@type":"Person","@id":"https:\/\/verdadeon.com.br\/portal\/#\/schema\/person\/cc32be22b8e8599387c480bc83e1d11a","name":"Fernando Lima","image":{"@type":"ImageObject","inLanguage":"pt-BR","@id":"https:\/\/verdadeon.com.br\/portal\/#\/schema\/person\/image\/","url":"https:\/\/secure.gravatar.com\/avatar\/df4c8e132080d2b3a4841d5d232045464e0eed11a1d6e43115ca0843d48768d3?s=96&d=mm&r=g","contentUrl":"https:\/\/secure.gravatar.com\/avatar\/df4c8e132080d2b3a4841d5d232045464e0eed11a1d6e43115ca0843d48768d3?s=96&d=mm&r=g","caption":"Fernando Lima"},"sameAs":["http:\/\/verdadeon.com.br\/"],"url":"https:\/\/verdadeon.com.br\/portal\/author\/fernando-lima\/"}]}},"jetpack_publicize_connections":[],"jetpack_featured_media_url":"https:\/\/i0.wp.com\/verdadeon.com.br\/portal\/wp-content\/uploads\/2021\/05\/WhatsApp-Image-2021-05-18-at-16.04.32.jpeg?fit=1280%2C960&ssl=1","jetpack_sharing_enabled":true,"_links":{"self":[{"href":"https:\/\/verdadeon.com.br\/portal\/wp-json\/wp\/v2\/posts\/16769","targetHints":{"allow":["GET"]}}],"collection":[{"href":"https:\/\/verdadeon.com.br\/portal\/wp-json\/wp\/v2\/posts"}],"about":[{"href":"https:\/\/verdadeon.com.br\/portal\/wp-json\/wp\/v2\/types\/post"}],"author":[{"embeddable":true,"href":"https:\/\/verdadeon.com.br\/portal\/wp-json\/wp\/v2\/users\/7"}],"replies":[{"embeddable":true,"href":"https:\/\/verdadeon.com.br\/portal\/wp-json\/wp\/v2\/comments?post=16769"}],"version-history":[{"count":0,"href":"https:\/\/verdadeon.com.br\/portal\/wp-json\/wp\/v2\/posts\/16769\/revisions"}],"wp:featuredmedia":[{"embeddable":true,"href":"https:\/\/verdadeon.com.br\/portal\/wp-json\/wp\/v2\/media\/16770"}],"wp:attachment":[{"href":"https:\/\/verdadeon.com.br\/portal\/wp-json\/wp\/v2\/media?parent=16769"}],"wp:term":[{"taxonomy":"category","embeddable":true,"href":"https:\/\/verdadeon.com.br\/portal\/wp-json\/wp\/v2\/categories?post=16769"},{"taxonomy":"post_tag","embeddable":true,"href":"https:\/\/verdadeon.com.br\/portal\/wp-json\/wp\/v2\/tags?post=16769"}],"curies":[{"name":"wp","href":"https:\/\/api.w.org\/{rel}","templated":true}]}}