{"id":16767,"date":"2021-05-18T14:18:25","date_gmt":"2021-05-18T17:18:25","guid":{"rendered":"https:\/\/verdadeon.com.br\/portal\/?p=16767"},"modified":"2021-05-18T14:18:25","modified_gmt":"2021-05-18T17:18:25","slug":"lockdown-esta-descartado-em-franca-novas-restricoes-comecam-na-quinta","status":"publish","type":"post","link":"https:\/\/verdadeon.com.br\/portal\/2021\/05\/18\/lockdown-esta-descartado-em-franca-novas-restricoes-comecam-na-quinta\/","title":{"rendered":"Lockdown est\u00e1 descartado em Franca, novas restri\u00e7\u00f5es come\u00e7am na quinta \u00a0"},"content":{"rendered":"<h2>Vereador Pastor Palamoni confirmou informa\u00e7\u00e3o ao Jornal Verdade. Parlamentar participou de reuni\u00e3o na Prefeitura<\/h2>\n<p>Ao contr\u00e1rio do que muitas not\u00edcias falsas estavam dando conta, um lockdown est\u00e1 descartado em Franca. Apesar disso, medidas restritivas v\u00e3o ser implantadas a partir do dia 20, pr\u00f3xima quinta-feira.<\/p>\n<p>O vereador Pastor Palamoni, que esteve na reuni\u00e3o, confirmou ao Verdade que durante a conversa com o prefeito, ele pediu apoio da C\u00e2mara nas medidas restritivas. \u201cEle contou que a cidade est\u00e1 entrando em colapso, mas que um lockdown est\u00e1 descartado. Outras restri\u00e7\u00f5es v\u00e3o ser implantadas, como o atendimento presencial, entre outros. S\u00e3o medidas duras, mas precisam ser implantadas agora\u201d, afirmou o parlamentar.<\/p>\n<p>Palamoni ressaltou ainda que o prefeito foi cobrado em rela\u00e7\u00e3o aos eventos clandestinos, para que a fiscaliza\u00e7\u00e3o seja mais r\u00edgida. \u201c\u00c9 um caminho muito dif\u00edcil esse que est\u00e1 sendo tomado. Muita gente n\u00e3o colabora, vimos festas em ch\u00e1caras, vimos futebol em bairros com aglomera\u00e7\u00f5es. Franca est\u00e1 em uma situa\u00e7\u00e3o complicad\u00edssima e as restri\u00e7\u00f5es ter\u00e3o de acontecer\u201d, afirmou.<\/p>\n<p>Uma coletiva de imprensa foi convocada pela Prefeitura agora a pouco, \u00e0s 16h Alexandre Ferreira falar\u00e1 em uma transmiss\u00e3o online pelas redes sociais.<\/p>\n","protected":false},"excerpt":{"rendered":"<p>Vereador Pastor Palamoni confirmou informa\u00e7\u00e3o ao Jornal Verdade. Parlamentar participou de reuni\u00e3o na Prefeitura Ao contr\u00e1rio do que muitas not\u00edcias falsas estavam dando conta, um lockdown<span class=\"excerpt-hellip\"> [\u2026]<\/span><\/p>\n","protected":false},"author":7,"featured_media":16328,"comment_status":"open","ping_status":"open","sticky":false,"template":"","format":"standard","meta":{"_jetpack_memberships_contains_paid_content":false,"footnotes":"","jetpack_publicize_message":"","jetpack_publicize_feature_enabled":true,"jetpack_social_post_already_shared":false,"jetpack_social_options":{"image_generator_settings":{"template":"highway","default_image_id":0,"enabled":false},"version":2}},"categories":[28,81],"tags":[],"class_list":["post-16767","post","type-post","status-publish","format-standard","has-post-thumbnail","hentry","category-cotidiano","category-manchete"],"yoast_head":"<!-- This site is optimized with the Yoast SEO plugin v25.6 - https:\/\/yoast.com\/wordpress\/plugins\/seo\/ -->\n<title>Lockdown est\u00e1 descartado em Franca, novas restri\u00e7\u00f5es come\u00e7am na quinta \u00a0 - VerdadeOn<\/title>\n<meta name=\"robots\" content=\"index, follow, max-snippet:-1, max-image-preview:large, max-video-preview:-1\" \/>\n<link rel=\"canonical\" href=\"https:\/\/verdadeon.com.br\/portal\/2021\/05\/18\/lockdown-esta-descartado-em-franca-novas-restricoes-comecam-na-quinta\/\" \/>\n<meta property=\"og:locale\" content=\"pt_BR\" \/>\n<meta property=\"og:type\" content=\"article\" \/>\n<meta property=\"og:title\" content=\"Lockdown est\u00e1 descartado em Franca, novas restri\u00e7\u00f5es come\u00e7am na quinta \u00a0 - VerdadeOn\" \/>\n<meta property=\"og:description\" content=\"Vereador Pastor Palamoni confirmou informa\u00e7\u00e3o ao Jornal Verdade. Parlamentar participou de reuni\u00e3o na Prefeitura Ao contr\u00e1rio do que muitas not\u00edcias falsas estavam dando conta, um lockdown [\u2026]\" \/>\n<meta property=\"og:url\" content=\"https:\/\/verdadeon.com.br\/portal\/2021\/05\/18\/lockdown-esta-descartado-em-franca-novas-restricoes-comecam-na-quinta\/\" \/>\n<meta property=\"og:site_name\" content=\"VerdadeOn\" \/>\n<meta property=\"article:published_time\" content=\"2021-05-18T17:18:25+00:00\" \/>\n<meta property=\"og:image\" content=\"https:\/\/verdadeon.com.br\/portal\/wp-content\/uploads\/2021\/04\/WhatsApp-Image-2021-04-27-at-17.05.12.jpeg\" \/>\n\t<meta property=\"og:image:width\" content=\"1000\" \/>\n\t<meta property=\"og:image:height\" content=\"670\" \/>\n\t<meta property=\"og:image:type\" content=\"image\/jpeg\" \/>\n<meta name=\"author\" content=\"Fernando Lima\" \/>\n<meta name=\"twitter:card\" content=\"summary_large_image\" \/>\n<meta name=\"twitter:label1\" content=\"Escrito por\" \/>\n\t<meta name=\"twitter:data1\" content=\"Fernando Lima\" \/>\n\t<meta name=\"twitter:label2\" content=\"Est. tempo de leitura\" \/>\n\t<meta name=\"twitter:data2\" content=\"1 minuto\" \/>\n<script type=\"application\/ld+json\" class=\"yoast-schema-graph\">{\"@context\":\"https:\/\/schema.org\",\"@graph\":[{\"@type\":\"WebPage\",\"@id\":\"https:\/\/verdadeon.com.br\/portal\/2021\/05\/18\/lockdown-esta-descartado-em-franca-novas-restricoes-comecam-na-quinta\/\",\"url\":\"https:\/\/verdadeon.com.br\/portal\/2021\/05\/18\/lockdown-esta-descartado-em-franca-novas-restricoes-comecam-na-quinta\/\",\"name\":\"Lockdown est\u00e1 descartado em Franca, novas restri\u00e7\u00f5es come\u00e7am na quinta \u00a0 - VerdadeOn\",\"isPartOf\":{\"@id\":\"https:\/\/verdadeon.com.br\/portal\/#website\"},\"primaryImageOfPage\":{\"@id\":\"https:\/\/verdadeon.com.br\/portal\/2021\/05\/18\/lockdown-esta-descartado-em-franca-novas-restricoes-comecam-na-quinta\/#primaryimage\"},\"image\":{\"@id\":\"https:\/\/verdadeon.com.br\/portal\/2021\/05\/18\/lockdown-esta-descartado-em-franca-novas-restricoes-comecam-na-quinta\/#primaryimage\"},\"thumbnailUrl\":\"https:\/\/i0.wp.com\/verdadeon.com.br\/portal\/wp-content\/uploads\/2021\/04\/WhatsApp-Image-2021-04-27-at-17.05.12.jpeg?fit=1000%2C670&ssl=1\",\"datePublished\":\"2021-05-18T17:18:25+00:00\",\"author\":{\"@id\":\"https:\/\/verdadeon.com.br\/portal\/#\/schema\/person\/cc32be22b8e8599387c480bc83e1d11a\"},\"breadcrumb\":{\"@id\":\"https:\/\/verdadeon.com.br\/portal\/2021\/05\/18\/lockdown-esta-descartado-em-franca-novas-restricoes-comecam-na-quinta\/#breadcrumb\"},\"inLanguage\":\"pt-BR\",\"potentialAction\":[{\"@type\":\"ReadAction\",\"target\":[\"https:\/\/verdadeon.com.br\/portal\/2021\/05\/18\/lockdown-esta-descartado-em-franca-novas-restricoes-comecam-na-quinta\/\"]}]},{\"@type\":\"ImageObject\",\"inLanguage\":\"pt-BR\",\"@id\":\"https:\/\/verdadeon.com.br\/portal\/2021\/05\/18\/lockdown-esta-descartado-em-franca-novas-restricoes-comecam-na-quinta\/#primaryimage\",\"url\":\"https:\/\/i0.wp.com\/verdadeon.com.br\/portal\/wp-content\/uploads\/2021\/04\/WhatsApp-Image-2021-04-27-at-17.05.12.jpeg?fit=1000%2C670&ssl=1\",\"contentUrl\":\"https:\/\/i0.wp.com\/verdadeon.com.br\/portal\/wp-content\/uploads\/2021\/04\/WhatsApp-Image-2021-04-27-at-17.05.12.jpeg?fit=1000%2C670&ssl=1\",\"width\":1000,\"height\":670,\"caption\":\"Reuni\u00e3o foi convocada pelo prefeito Alexandre Ferreira na manh\u00e3 desta ter\u00e7a-feira (18) | Foto: Jornal Verdade\"},{\"@type\":\"BreadcrumbList\",\"@id\":\"https:\/\/verdadeon.com.br\/portal\/2021\/05\/18\/lockdown-esta-descartado-em-franca-novas-restricoes-comecam-na-quinta\/#breadcrumb\",\"itemListElement\":[{\"@type\":\"ListItem\",\"position\":1,\"name\":\"In\u00edcio\",\"item\":\"https:\/\/verdadeon.com.br\/portal\/\"},{\"@type\":\"ListItem\",\"position\":2,\"name\":\"Lockdown est\u00e1 descartado em Franca, novas restri\u00e7\u00f5es come\u00e7am na quinta \u00a0\"}]},{\"@type\":\"WebSite\",\"@id\":\"https:\/\/verdadeon.com.br\/portal\/#website\",\"url\":\"https:\/\/verdadeon.com.br\/portal\/\",\"name\":\"VerdadeOn\",\"description\":\"Not\u00edcias di\u00e1rias sobre Franca, Regi\u00e3o, Esporte, Cultura, Cotidiano, Colunas. Cobertura nos principais eventos da cidade \u00e9 aqui - Verdadeon Franca\",\"potentialAction\":[{\"@type\":\"SearchAction\",\"target\":{\"@type\":\"EntryPoint\",\"urlTemplate\":\"https:\/\/verdadeon.com.br\/portal\/?s={search_term_string}\"},\"query-input\":{\"@type\":\"PropertyValueSpecification\",\"valueRequired\":true,\"valueName\":\"search_term_string\"}}],\"inLanguage\":\"pt-BR\"},{\"@type\":\"Person\",\"@id\":\"https:\/\/verdadeon.com.br\/portal\/#\/schema\/person\/cc32be22b8e8599387c480bc83e1d11a\",\"name\":\"Fernando Lima\",\"image\":{\"@type\":\"ImageObject\",\"inLanguage\":\"pt-BR\",\"@id\":\"https:\/\/verdadeon.com.br\/portal\/#\/schema\/person\/image\/\",\"url\":\"https:\/\/secure.gravatar.com\/avatar\/df4c8e132080d2b3a4841d5d232045464e0eed11a1d6e43115ca0843d48768d3?s=96&d=mm&r=g\",\"contentUrl\":\"https:\/\/secure.gravatar.com\/avatar\/df4c8e132080d2b3a4841d5d232045464e0eed11a1d6e43115ca0843d48768d3?s=96&d=mm&r=g\",\"caption\":\"Fernando Lima\"},\"sameAs\":[\"http:\/\/verdadeon.com.br\/\"],\"url\":\"https:\/\/verdadeon.com.br\/portal\/author\/fernando-lima\/\"}]}<\/script>\n<!-- \/ Yoast SEO plugin. -->","yoast_head_json":{"title":"Lockdown est\u00e1 descartado em Franca, novas restri\u00e7\u00f5es come\u00e7am na quinta \u00a0 - VerdadeOn","robots":{"index":"index","follow":"follow","max-snippet":"max-snippet:-1","max-image-preview":"max-image-preview:large","max-video-preview":"max-video-preview:-1"},"canonical":"https:\/\/verdadeon.com.br\/portal\/2021\/05\/18\/lockdown-esta-descartado-em-franca-novas-restricoes-comecam-na-quinta\/","og_locale":"pt_BR","og_type":"article","og_title":"Lockdown est\u00e1 descartado em Franca, novas restri\u00e7\u00f5es come\u00e7am na quinta \u00a0 - VerdadeOn","og_description":"Vereador Pastor Palamoni confirmou informa\u00e7\u00e3o ao Jornal Verdade. Parlamentar participou de reuni\u00e3o na Prefeitura Ao contr\u00e1rio do que muitas not\u00edcias falsas estavam dando conta, um lockdown [\u2026]","og_url":"https:\/\/verdadeon.com.br\/portal\/2021\/05\/18\/lockdown-esta-descartado-em-franca-novas-restricoes-comecam-na-quinta\/","og_site_name":"VerdadeOn","article_published_time":"2021-05-18T17:18:25+00:00","og_image":[{"width":1000,"height":670,"url":"https:\/\/verdadeon.com.br\/portal\/wp-content\/uploads\/2021\/04\/WhatsApp-Image-2021-04-27-at-17.05.12.jpeg","type":"image\/jpeg"}],"author":"Fernando Lima","twitter_card":"summary_large_image","twitter_misc":{"Escrito por":"Fernando Lima","Est. tempo de leitura":"1 minuto"},"schema":{"@context":"https:\/\/schema.org","@graph":[{"@type":"WebPage","@id":"https:\/\/verdadeon.com.br\/portal\/2021\/05\/18\/lockdown-esta-descartado-em-franca-novas-restricoes-comecam-na-quinta\/","url":"https:\/\/verdadeon.com.br\/portal\/2021\/05\/18\/lockdown-esta-descartado-em-franca-novas-restricoes-comecam-na-quinta\/","name":"Lockdown est\u00e1 descartado em Franca, novas restri\u00e7\u00f5es come\u00e7am na quinta \u00a0 - VerdadeOn","isPartOf":{"@id":"https:\/\/verdadeon.com.br\/portal\/#website"},"primaryImageOfPage":{"@id":"https:\/\/verdadeon.com.br\/portal\/2021\/05\/18\/lockdown-esta-descartado-em-franca-novas-restricoes-comecam-na-quinta\/#primaryimage"},"image":{"@id":"https:\/\/verdadeon.com.br\/portal\/2021\/05\/18\/lockdown-esta-descartado-em-franca-novas-restricoes-comecam-na-quinta\/#primaryimage"},"thumbnailUrl":"https:\/\/i0.wp.com\/verdadeon.com.br\/portal\/wp-content\/uploads\/2021\/04\/WhatsApp-Image-2021-04-27-at-17.05.12.jpeg?fit=1000%2C670&ssl=1","datePublished":"2021-05-18T17:18:25+00:00","author":{"@id":"https:\/\/verdadeon.com.br\/portal\/#\/schema\/person\/cc32be22b8e8599387c480bc83e1d11a"},"breadcrumb":{"@id":"https:\/\/verdadeon.com.br\/portal\/2021\/05\/18\/lockdown-esta-descartado-em-franca-novas-restricoes-comecam-na-quinta\/#breadcrumb"},"inLanguage":"pt-BR","potentialAction":[{"@type":"ReadAction","target":["https:\/\/verdadeon.com.br\/portal\/2021\/05\/18\/lockdown-esta-descartado-em-franca-novas-restricoes-comecam-na-quinta\/"]}]},{"@type":"ImageObject","inLanguage":"pt-BR","@id":"https:\/\/verdadeon.com.br\/portal\/2021\/05\/18\/lockdown-esta-descartado-em-franca-novas-restricoes-comecam-na-quinta\/#primaryimage","url":"https:\/\/i0.wp.com\/verdadeon.com.br\/portal\/wp-content\/uploads\/2021\/04\/WhatsApp-Image-2021-04-27-at-17.05.12.jpeg?fit=1000%2C670&ssl=1","contentUrl":"https:\/\/i0.wp.com\/verdadeon.com.br\/portal\/wp-content\/uploads\/2021\/04\/WhatsApp-Image-2021-04-27-at-17.05.12.jpeg?fit=1000%2C670&ssl=1","width":1000,"height":670,"caption":"Reuni\u00e3o foi convocada pelo prefeito Alexandre Ferreira na manh\u00e3 desta ter\u00e7a-feira (18) | Foto: Jornal Verdade"},{"@type":"BreadcrumbList","@id":"https:\/\/verdadeon.com.br\/portal\/2021\/05\/18\/lockdown-esta-descartado-em-franca-novas-restricoes-comecam-na-quinta\/#breadcrumb","itemListElement":[{"@type":"ListItem","position":1,"name":"In\u00edcio","item":"https:\/\/verdadeon.com.br\/portal\/"},{"@type":"ListItem","position":2,"name":"Lockdown est\u00e1 descartado em Franca, novas restri\u00e7\u00f5es come\u00e7am na quinta \u00a0"}]},{"@type":"WebSite","@id":"https:\/\/verdadeon.com.br\/portal\/#website","url":"https:\/\/verdadeon.com.br\/portal\/","name":"VerdadeOn","description":"Not\u00edcias di\u00e1rias sobre Franca, Regi\u00e3o, Esporte, Cultura, Cotidiano, Colunas. Cobertura nos principais eventos da cidade \u00e9 aqui - Verdadeon Franca","potentialAction":[{"@type":"SearchAction","target":{"@type":"EntryPoint","urlTemplate":"https:\/\/verdadeon.com.br\/portal\/?s={search_term_string}"},"query-input":{"@type":"PropertyValueSpecification","valueRequired":true,"valueName":"search_term_string"}}],"inLanguage":"pt-BR"},{"@type":"Person","@id":"https:\/\/verdadeon.com.br\/portal\/#\/schema\/person\/cc32be22b8e8599387c480bc83e1d11a","name":"Fernando Lima","image":{"@type":"ImageObject","inLanguage":"pt-BR","@id":"https:\/\/verdadeon.com.br\/portal\/#\/schema\/person\/image\/","url":"https:\/\/secure.gravatar.com\/avatar\/df4c8e132080d2b3a4841d5d232045464e0eed11a1d6e43115ca0843d48768d3?s=96&d=mm&r=g","contentUrl":"https:\/\/secure.gravatar.com\/avatar\/df4c8e132080d2b3a4841d5d232045464e0eed11a1d6e43115ca0843d48768d3?s=96&d=mm&r=g","caption":"Fernando Lima"},"sameAs":["http:\/\/verdadeon.com.br\/"],"url":"https:\/\/verdadeon.com.br\/portal\/author\/fernando-lima\/"}]}},"jetpack_publicize_connections":[],"jetpack_featured_media_url":"https:\/\/i0.wp.com\/verdadeon.com.br\/portal\/wp-content\/uploads\/2021\/04\/WhatsApp-Image-2021-04-27-at-17.05.12.jpeg?fit=1000%2C670&ssl=1","jetpack_sharing_enabled":true,"_links":{"self":[{"href":"https:\/\/verdadeon.com.br\/portal\/wp-json\/wp\/v2\/posts\/16767","targetHints":{"allow":["GET"]}}],"collection":[{"href":"https:\/\/verdadeon.com.br\/portal\/wp-json\/wp\/v2\/posts"}],"about":[{"href":"https:\/\/verdadeon.com.br\/portal\/wp-json\/wp\/v2\/types\/post"}],"author":[{"embeddable":true,"href":"https:\/\/verdadeon.com.br\/portal\/wp-json\/wp\/v2\/users\/7"}],"replies":[{"embeddable":true,"href":"https:\/\/verdadeon.com.br\/portal\/wp-json\/wp\/v2\/comments?post=16767"}],"version-history":[{"count":0,"href":"https:\/\/verdadeon.com.br\/portal\/wp-json\/wp\/v2\/posts\/16767\/revisions"}],"wp:featuredmedia":[{"embeddable":true,"href":"https:\/\/verdadeon.com.br\/portal\/wp-json\/wp\/v2\/media\/16328"}],"wp:attachment":[{"href":"https:\/\/verdadeon.com.br\/portal\/wp-json\/wp\/v2\/media?parent=16767"}],"wp:term":[{"taxonomy":"category","embeddable":true,"href":"https:\/\/verdadeon.com.br\/portal\/wp-json\/wp\/v2\/categories?post=16767"},{"taxonomy":"post_tag","embeddable":true,"href":"https:\/\/verdadeon.com.br\/portal\/wp-json\/wp\/v2\/tags?post=16767"}],"curies":[{"name":"wp","href":"https:\/\/api.w.org\/{rel}","templated":true}]}}