{"id":16761,"date":"2021-04-14T07:00:40","date_gmt":"2021-04-14T10:00:40","guid":{"rendered":"https:\/\/verdadeon.com.br\/portal\/?p=16761"},"modified":"2021-05-18T13:11:02","modified_gmt":"2021-05-18T16:11:02","slug":"a-reputacao-das-empresas-em-xeque-com-a-pandemia","status":"publish","type":"post","link":"https:\/\/verdadeon.com.br\/portal\/2021\/04\/14\/a-reputacao-das-empresas-em-xeque-com-a-pandemia\/","title":{"rendered":"A REPUTA\u00c7\u00c3O DAS EMPRESAS EM XEQUE COM A PANDEMIA"},"content":{"rendered":"<p><span style=\"font-weight: 400;\">Muitas empresas no Brasil passaram a se ocupar em associar sua marca \u00e0 confian\u00e7a e credibilidade, o que consequentemente atrai um maior n\u00famero de clientes, pois esse posicionamento se torna um diferencial diante de outras empresas que ainda n\u00e3o se preocupam com a quest\u00e3o.<\/span><\/p>\n<p><span style=\"font-weight: 400;\">O que muitos ainda n\u00e3o se deram conta \u00e9 que, ao buscar adequar sua empresa \u00e0s legisla\u00e7\u00f5es que envolvem seu neg\u00f3cio e procurar agir com \u00e9tica, respeito ao cliente, funcion\u00e1rios e colaboradores, al\u00e9m da responsabilidade social, est\u00e3o implementando o Compliance, ainda que somente algumas de suas ferramentas.\u00a0<\/span><\/p>\n<p><span style=\"font-weight: 400;\">O termo Compliance, que significa \u201cestar em conformidade\u201d, teve o seu auge h\u00e1 bem pouco tempo, quando passou a se tornar conhecido do p\u00fablico em geral, e acess\u00edvel a todos os formatos de empresas que desejam se posicionar de forma segura no mercado. As empresas que passaram a se alinhar com esse novo pensamento, acabaram adquirindo uma vantagem expressiva sobre as demais, pois o Compliance assegura a elas o chamado \u201cbenef\u00edcio reputacional\u201d.<\/span><\/p>\n<p><span style=\"font-weight: 400;\">Num primeiro momento, temos o Compliance voltado para as leis anticorrup\u00e7\u00e3o, que acabou por atingir um grande n\u00famero de empresas que se viram envolvidas em esc\u00e2ndalos.<\/span><\/p>\n<p><span style=\"font-weight: 400;\">Entretanto, o Compliance foi ampliando seus bra\u00e7os, e hoje j\u00e1 falamos de Compliance em v\u00e1rios segmentos da empresa, dentre eles o Compliance Trabalhista, o Compliance Consumerista e o Compliance Digital.<\/span><\/p>\n<p><span style=\"font-weight: 400;\">\u00c9 importante estabelecer que, no olho do furac\u00e3o, sempre estar\u00e1 a reputa\u00e7\u00e3o como um dos fatores de preocupa\u00e7\u00e3o das empresas que conseguem compreender essa import\u00e2ncia no mercado. Lamentavelmente, alguns empres\u00e1rios ainda n\u00e3o acordaram para essa realidade, cuidando de seus neg\u00f3cios de uma forma amadora, tradicional, n\u00e3o desenvolvendo nenhuma habilidade que possa lhe diferenciar e trazer benef\u00edcios.<\/span><\/p>\n<p><span style=\"font-weight: 400;\">E O QUE TUDO ISSO TEM A VER COM A PANDEMIA?<\/span><\/p>\n<p><span style=\"font-weight: 400;\">O primeiro ponto que podemos lembrar \u00e9 que o programa de Compliance tem o objetivo de estimular o comprometimento com a \u00e9tica. \u00c9tica, de uma forma bem resumida, pode ser compreendida como o conjunto de regras e preceitos de ordem valorativa e moral de um indiv\u00edduo, de um grupo social ou de uma sociedade.<\/span><\/p>\n<p><span style=\"font-weight: 400;\">E o que estamos vivenciando com a pandemia? Um fortalecimento de valores dos setores da sociedade que conseguiram aderir \u00e0s novas necessidades e recomenda\u00e7\u00f5es das autoridades oficiais. Ainda h\u00e1 muito a ser mudado, mas j\u00e1 temos uma grande parcela da sociedade agindo em conformidade com as orienta\u00e7\u00f5es.<\/span><\/p>\n<p><span style=\"font-weight: 400;\">Com isso, aumentou a fiscaliza\u00e7\u00e3o de empresas que n\u00e3o est\u00e3o aderindo \u00e0s regras provis\u00f3rias estabelecidas para o combate ao coronav\u00edrus\/COVID-19, o que fez surgir um novo est\u00e1gio da reputa\u00e7\u00e3o, em que empresas que n\u00e3o cumprem as regras, est\u00e3o causando verdadeira repulsa na popula\u00e7\u00e3o, sendo denunciadas publicamente e gerando um status de \u201cinimigas p\u00fablicas\u201d, o que, sem d\u00favidas, trar\u00e1 preju\u00edzos irrepar\u00e1veis, al\u00e9m dos j\u00e1 previstos com a paralisa\u00e7\u00e3o das atividades.<\/span><\/p>\n<p>&nbsp;<\/p>\n<p><span style=\"font-weight: 400;\">As empresas que est\u00e3o em desconformidade est\u00e3o sendo citadas nominalmente nas redes sociais, o que vem gerando muita repercuss\u00e3o. Em contrapartida, empresas do mesmo segmento, que est\u00e3o cumprindo as regulamenta\u00e7\u00f5es, s\u00e3o imediatamente citadas como exemplo de corre\u00e7\u00e3o e respeito, sendo aplaudidas por todos que repudiam as a\u00e7\u00f5es das empresas denunciadas, elevando assim, suas reputa\u00e7\u00f5es perante o p\u00fablico.<\/span><\/p>\n<p><span style=\"font-weight: 400;\">Desta forma, os empres\u00e1rios que ainda n\u00e3o se atentaram para esse novo risco, devem se preparar para contabilizar mais um preju\u00edzo: al\u00e9m de todos os danos provenientes da suspens\u00e3o ou redu\u00e7\u00e3o das atividades, ter\u00e3o que lidar com o afastamento da clientela, diante da m\u00e1 reputa\u00e7\u00e3o que a empresa passar\u00e1 a carregar.<\/span><\/p>\n<p><span style=\"font-weight: 400;\">Esta \u00e9 a nova realidade. Mudan\u00e7as significativas est\u00e3o acontecendo, e n\u00e3o h\u00e1 espa\u00e7o para amadorismo, n\u00e3o h\u00e1 tempo para esperar acontecer. Desta vez, a a\u00e7\u00e3o preventiva dever\u00e1 estar \u00e0 frente da nova rotina das empresas, pois a economia se restabelecer\u00e1, mas uma reputa\u00e7\u00e3o destru\u00edda, dificilmente conseguir\u00e1 atingir o status anterior. Vale a pena negligenciar?<\/span><\/p>\n<p>Rita Damasceno<br \/>\nAdvogada especializada em Compliance,<br \/>\nDireito do Trabalho Empresarial e Direito Previdenci\u00e1rio.<\/p>\n","protected":false},"excerpt":{"rendered":"<p>Muitas empresas no Brasil passaram a se ocupar em associar sua marca \u00e0 confian\u00e7a e credibilidade, o que consequentemente atrai um maior n\u00famero de clientes, pois<span class=\"excerpt-hellip\"> [\u2026]<\/span><\/p>\n","protected":false},"author":4,"featured_media":0,"comment_status":"open","ping_status":"open","sticky":false,"template":"","format":"standard","meta":{"_jetpack_memberships_contains_paid_content":false,"footnotes":"","jetpack_publicize_message":"","jetpack_publicize_feature_enabled":true,"jetpack_social_post_already_shared":false,"jetpack_social_options":{"image_generator_settings":{"template":"highway","default_image_id":0,"enabled":false},"version":2}},"categories":[92],"tags":[],"class_list":["post-16761","post","type-post","status-publish","format-standard","hentry","category-colunista"],"yoast_head":"<!-- This site is optimized with the Yoast SEO plugin v25.6 - https:\/\/yoast.com\/wordpress\/plugins\/seo\/ -->\n<title>A REPUTA\u00c7\u00c3O DAS EMPRESAS EM XEQUE COM A PANDEMIA - VerdadeOn<\/title>\n<meta name=\"robots\" content=\"index, follow, max-snippet:-1, max-image-preview:large, max-video-preview:-1\" \/>\n<link rel=\"canonical\" href=\"https:\/\/verdadeon.com.br\/portal\/2021\/04\/14\/a-reputacao-das-empresas-em-xeque-com-a-pandemia\/\" \/>\n<meta property=\"og:locale\" content=\"pt_BR\" \/>\n<meta property=\"og:type\" content=\"article\" \/>\n<meta property=\"og:title\" content=\"A REPUTA\u00c7\u00c3O DAS EMPRESAS EM XEQUE COM A PANDEMIA - VerdadeOn\" \/>\n<meta property=\"og:description\" content=\"Muitas empresas no Brasil passaram a se ocupar em associar sua marca \u00e0 confian\u00e7a e credibilidade, o que consequentemente atrai um maior n\u00famero de clientes, pois [\u2026]\" \/>\n<meta property=\"og:url\" content=\"https:\/\/verdadeon.com.br\/portal\/2021\/04\/14\/a-reputacao-das-empresas-em-xeque-com-a-pandemia\/\" \/>\n<meta property=\"og:site_name\" content=\"VerdadeOn\" \/>\n<meta property=\"article:published_time\" content=\"2021-04-14T10:00:40+00:00\" \/>\n<meta property=\"article:modified_time\" content=\"2021-05-18T16:11:02+00:00\" \/>\n<meta name=\"author\" content=\"Fernando Calixto\" \/>\n<meta name=\"twitter:card\" content=\"summary_large_image\" \/>\n<meta name=\"twitter:label1\" content=\"Escrito por\" \/>\n\t<meta name=\"twitter:data1\" content=\"Fernando Calixto\" \/>\n\t<meta name=\"twitter:label2\" content=\"Est. tempo de leitura\" \/>\n\t<meta name=\"twitter:data2\" content=\"3 minutos\" \/>\n<script type=\"application\/ld+json\" class=\"yoast-schema-graph\">{\"@context\":\"https:\/\/schema.org\",\"@graph\":[{\"@type\":\"WebPage\",\"@id\":\"https:\/\/verdadeon.com.br\/portal\/2021\/04\/14\/a-reputacao-das-empresas-em-xeque-com-a-pandemia\/\",\"url\":\"https:\/\/verdadeon.com.br\/portal\/2021\/04\/14\/a-reputacao-das-empresas-em-xeque-com-a-pandemia\/\",\"name\":\"A REPUTA\u00c7\u00c3O DAS EMPRESAS EM XEQUE COM A PANDEMIA - VerdadeOn\",\"isPartOf\":{\"@id\":\"https:\/\/verdadeon.com.br\/portal\/#website\"},\"datePublished\":\"2021-04-14T10:00:40+00:00\",\"dateModified\":\"2021-05-18T16:11:02+00:00\",\"author\":{\"@id\":\"https:\/\/verdadeon.com.br\/portal\/#\/schema\/person\/8994718f49ee62ba5610471e29ca1f62\"},\"breadcrumb\":{\"@id\":\"https:\/\/verdadeon.com.br\/portal\/2021\/04\/14\/a-reputacao-das-empresas-em-xeque-com-a-pandemia\/#breadcrumb\"},\"inLanguage\":\"pt-BR\",\"potentialAction\":[{\"@type\":\"ReadAction\",\"target\":[\"https:\/\/verdadeon.com.br\/portal\/2021\/04\/14\/a-reputacao-das-empresas-em-xeque-com-a-pandemia\/\"]}]},{\"@type\":\"BreadcrumbList\",\"@id\":\"https:\/\/verdadeon.com.br\/portal\/2021\/04\/14\/a-reputacao-das-empresas-em-xeque-com-a-pandemia\/#breadcrumb\",\"itemListElement\":[{\"@type\":\"ListItem\",\"position\":1,\"name\":\"In\u00edcio\",\"item\":\"https:\/\/verdadeon.com.br\/portal\/\"},{\"@type\":\"ListItem\",\"position\":2,\"name\":\"A REPUTA\u00c7\u00c3O DAS EMPRESAS EM XEQUE COM A PANDEMIA\"}]},{\"@type\":\"WebSite\",\"@id\":\"https:\/\/verdadeon.com.br\/portal\/#website\",\"url\":\"https:\/\/verdadeon.com.br\/portal\/\",\"name\":\"VerdadeOn\",\"description\":\"Not\u00edcias di\u00e1rias sobre Franca, Regi\u00e3o, Esporte, Cultura, Cotidiano, Colunas. Cobertura nos principais eventos da cidade \u00e9 aqui - Verdadeon Franca\",\"potentialAction\":[{\"@type\":\"SearchAction\",\"target\":{\"@type\":\"EntryPoint\",\"urlTemplate\":\"https:\/\/verdadeon.com.br\/portal\/?s={search_term_string}\"},\"query-input\":{\"@type\":\"PropertyValueSpecification\",\"valueRequired\":true,\"valueName\":\"search_term_string\"}}],\"inLanguage\":\"pt-BR\"},{\"@type\":\"Person\",\"@id\":\"https:\/\/verdadeon.com.br\/portal\/#\/schema\/person\/8994718f49ee62ba5610471e29ca1f62\",\"name\":\"Fernando Calixto\",\"image\":{\"@type\":\"ImageObject\",\"inLanguage\":\"pt-BR\",\"@id\":\"https:\/\/verdadeon.com.br\/portal\/#\/schema\/person\/image\/\",\"url\":\"https:\/\/secure.gravatar.com\/avatar\/7578910c24966c0316c340f9dbd601e93ee9f9212e1033968b367af9306bd9fb?s=96&d=mm&r=g\",\"contentUrl\":\"https:\/\/secure.gravatar.com\/avatar\/7578910c24966c0316c340f9dbd601e93ee9f9212e1033968b367af9306bd9fb?s=96&d=mm&r=g\",\"caption\":\"Fernando Calixto\"},\"url\":\"https:\/\/verdadeon.com.br\/portal\/author\/fernando-calixto\/\"}]}<\/script>\n<!-- \/ Yoast SEO plugin. -->","yoast_head_json":{"title":"A REPUTA\u00c7\u00c3O DAS EMPRESAS EM XEQUE COM A PANDEMIA - VerdadeOn","robots":{"index":"index","follow":"follow","max-snippet":"max-snippet:-1","max-image-preview":"max-image-preview:large","max-video-preview":"max-video-preview:-1"},"canonical":"https:\/\/verdadeon.com.br\/portal\/2021\/04\/14\/a-reputacao-das-empresas-em-xeque-com-a-pandemia\/","og_locale":"pt_BR","og_type":"article","og_title":"A REPUTA\u00c7\u00c3O DAS EMPRESAS EM XEQUE COM A PANDEMIA - VerdadeOn","og_description":"Muitas empresas no Brasil passaram a se ocupar em associar sua marca \u00e0 confian\u00e7a e credibilidade, o que consequentemente atrai um maior n\u00famero de clientes, pois [\u2026]","og_url":"https:\/\/verdadeon.com.br\/portal\/2021\/04\/14\/a-reputacao-das-empresas-em-xeque-com-a-pandemia\/","og_site_name":"VerdadeOn","article_published_time":"2021-04-14T10:00:40+00:00","article_modified_time":"2021-05-18T16:11:02+00:00","author":"Fernando Calixto","twitter_card":"summary_large_image","twitter_misc":{"Escrito por":"Fernando Calixto","Est. tempo de leitura":"3 minutos"},"schema":{"@context":"https:\/\/schema.org","@graph":[{"@type":"WebPage","@id":"https:\/\/verdadeon.com.br\/portal\/2021\/04\/14\/a-reputacao-das-empresas-em-xeque-com-a-pandemia\/","url":"https:\/\/verdadeon.com.br\/portal\/2021\/04\/14\/a-reputacao-das-empresas-em-xeque-com-a-pandemia\/","name":"A REPUTA\u00c7\u00c3O DAS EMPRESAS EM XEQUE COM A PANDEMIA - VerdadeOn","isPartOf":{"@id":"https:\/\/verdadeon.com.br\/portal\/#website"},"datePublished":"2021-04-14T10:00:40+00:00","dateModified":"2021-05-18T16:11:02+00:00","author":{"@id":"https:\/\/verdadeon.com.br\/portal\/#\/schema\/person\/8994718f49ee62ba5610471e29ca1f62"},"breadcrumb":{"@id":"https:\/\/verdadeon.com.br\/portal\/2021\/04\/14\/a-reputacao-das-empresas-em-xeque-com-a-pandemia\/#breadcrumb"},"inLanguage":"pt-BR","potentialAction":[{"@type":"ReadAction","target":["https:\/\/verdadeon.com.br\/portal\/2021\/04\/14\/a-reputacao-das-empresas-em-xeque-com-a-pandemia\/"]}]},{"@type":"BreadcrumbList","@id":"https:\/\/verdadeon.com.br\/portal\/2021\/04\/14\/a-reputacao-das-empresas-em-xeque-com-a-pandemia\/#breadcrumb","itemListElement":[{"@type":"ListItem","position":1,"name":"In\u00edcio","item":"https:\/\/verdadeon.com.br\/portal\/"},{"@type":"ListItem","position":2,"name":"A REPUTA\u00c7\u00c3O DAS EMPRESAS EM XEQUE COM A PANDEMIA"}]},{"@type":"WebSite","@id":"https:\/\/verdadeon.com.br\/portal\/#website","url":"https:\/\/verdadeon.com.br\/portal\/","name":"VerdadeOn","description":"Not\u00edcias di\u00e1rias sobre Franca, Regi\u00e3o, Esporte, Cultura, Cotidiano, Colunas. Cobertura nos principais eventos da cidade \u00e9 aqui - Verdadeon Franca","potentialAction":[{"@type":"SearchAction","target":{"@type":"EntryPoint","urlTemplate":"https:\/\/verdadeon.com.br\/portal\/?s={search_term_string}"},"query-input":{"@type":"PropertyValueSpecification","valueRequired":true,"valueName":"search_term_string"}}],"inLanguage":"pt-BR"},{"@type":"Person","@id":"https:\/\/verdadeon.com.br\/portal\/#\/schema\/person\/8994718f49ee62ba5610471e29ca1f62","name":"Fernando Calixto","image":{"@type":"ImageObject","inLanguage":"pt-BR","@id":"https:\/\/verdadeon.com.br\/portal\/#\/schema\/person\/image\/","url":"https:\/\/secure.gravatar.com\/avatar\/7578910c24966c0316c340f9dbd601e93ee9f9212e1033968b367af9306bd9fb?s=96&d=mm&r=g","contentUrl":"https:\/\/secure.gravatar.com\/avatar\/7578910c24966c0316c340f9dbd601e93ee9f9212e1033968b367af9306bd9fb?s=96&d=mm&r=g","caption":"Fernando Calixto"},"url":"https:\/\/verdadeon.com.br\/portal\/author\/fernando-calixto\/"}]}},"jetpack_publicize_connections":[],"jetpack_featured_media_url":"","jetpack_sharing_enabled":true,"_links":{"self":[{"href":"https:\/\/verdadeon.com.br\/portal\/wp-json\/wp\/v2\/posts\/16761","targetHints":{"allow":["GET"]}}],"collection":[{"href":"https:\/\/verdadeon.com.br\/portal\/wp-json\/wp\/v2\/posts"}],"about":[{"href":"https:\/\/verdadeon.com.br\/portal\/wp-json\/wp\/v2\/types\/post"}],"author":[{"embeddable":true,"href":"https:\/\/verdadeon.com.br\/portal\/wp-json\/wp\/v2\/users\/4"}],"replies":[{"embeddable":true,"href":"https:\/\/verdadeon.com.br\/portal\/wp-json\/wp\/v2\/comments?post=16761"}],"version-history":[{"count":0,"href":"https:\/\/verdadeon.com.br\/portal\/wp-json\/wp\/v2\/posts\/16761\/revisions"}],"wp:attachment":[{"href":"https:\/\/verdadeon.com.br\/portal\/wp-json\/wp\/v2\/media?parent=16761"}],"wp:term":[{"taxonomy":"category","embeddable":true,"href":"https:\/\/verdadeon.com.br\/portal\/wp-json\/wp\/v2\/categories?post=16761"},{"taxonomy":"post_tag","embeddable":true,"href":"https:\/\/verdadeon.com.br\/portal\/wp-json\/wp\/v2\/tags?post=16761"}],"curies":[{"name":"wp","href":"https:\/\/api.w.org\/{rel}","templated":true}]}}