{"id":16757,"date":"2021-04-28T07:00:03","date_gmt":"2021-04-28T10:00:03","guid":{"rendered":"https:\/\/verdadeon.com.br\/portal\/?p=16757"},"modified":"2021-05-18T13:06:56","modified_gmt":"2021-05-18T16:06:56","slug":"a-outra-face-do-equilibrio","status":"publish","type":"post","link":"https:\/\/verdadeon.com.br\/portal\/2021\/04\/28\/a-outra-face-do-equilibrio\/","title":{"rendered":"A OUTRA FACE DO EQUIL\u00cdBRIO"},"content":{"rendered":"<p><span style=\"font-weight: 400;\">Navegando pelas redes sociais outro dia, me deparei com um texto que defendia o desequil\u00edbrio e o referia como atitude essencial a vida e que, o contr\u00e1rio, deixaria a vida morna e confort\u00e1vel demais.\u00a0<\/span><\/p>\n<p><span style=\"font-weight: 400;\">Vejo a apologia ao desequil\u00edbrio como uma massa crescente! Me ocorre que, atualmente, temos a obriga\u00e7\u00e3o de querermos ir contra aquilo que h\u00e1 tempos vem sendo pregado, percebo que agora \u00e9 a vez do desequil\u00edbrio.\u00a0<\/span><\/p>\n<p><span style=\"font-weight: 400;\">N\u00e3o julgo quem acredite que o desequil\u00edbrio fa\u00e7a parte da vida, dessa afirmativa eu tamb\u00e9m concordo, pois, ao procurarmos o significado de equil\u00edbrio no dicion\u00e1rio, logo temos a defini\u00e7\u00e3o de in\u00e9rcia, movimenta\u00e7\u00e3o nula, sem oscila\u00e7\u00f5es. Ora, se o sentido da vida \u00e9 o movimento e a expans\u00e3o, com certeza inerte \u00e9 que n\u00e3o quero ser, portanto sou logo o oposto, o qual seja, o desequil\u00edbrio.<\/span><\/p>\n<p><span style=\"font-weight: 400;\">Por\u00e9m, pe\u00e7o que passemos a analisar o equil\u00edbrio sobre uma outra \u00f3tica. Ao pensar em uma pessoa Admir\u00e1vel, logo me vem Jesus em mente e um vers\u00edculo b\u00edblico, Timoteo 4:5 onde diz \u201cTu, no entanto, s\u00ea equilibrado em tudo, suporta os sofrimentos, faze a obra de um evangelista e cumpre teu minist\u00e9rio\u201d. O equil\u00edbrio, portanto, permeia os ensinamentos de Jesus.\u00a0<\/span><\/p>\n<p><span style=\"font-weight: 400;\">Analisando outro exemplo mais pr\u00f3ximo e mais palp\u00e1vel, cito o nosso apetite. O corpo humano precisa de alimento, mas alimento na quantidade exata para sua subsist\u00eancia, se houver de menos, o corpo padece e definha, se houver de mais o corpo entra em colapso gerando incontrol\u00e1veis c\u00e9lulas de gorduras e in\u00fameras doen\u00e7as.\u00a0<\/span><\/p>\n<p><span style=\"font-weight: 400;\">S\u00e3o Francisco de Assis, largou tudo, sem roupa, seguiu seu destino, teria sido um desequilibrado? Ao contr\u00e1rio! Ao largar suas vestes e sua vida, ponderou entre a vida do homem m\u00e9dio, de curti\u00e7\u00e3o, ao qual tinha predile\u00e7\u00e3o, com a vida que lhe foi confiada o Espirito Santo.<\/span><\/p>\n<p><span style=\"font-weight: 400;\">Veja bem, ponderou! Ponderar equivale-se, nesse contexto ao equilibrar. Quem pondera equilibra-se entre duas situa\u00e7\u00f5es, encontra o meio termo, escolhe um caminho, vive em conformidade.\u00a0<\/span><\/p>\n<p><span style=\"font-weight: 400;\">O bom empres\u00e1rio, diante de uma poss\u00edvel fal\u00eancia, ele pondera, procura o equil\u00edbrio, para, s\u00f3 ent\u00e3o, tomar uma decis\u00e3o. Aquele que sai metendo os p\u00e9s pelas m\u00e3os, tido como \u201co desequilibrado\u201d, n\u00e3o vai longe, pois n\u00e3o consegue lidar com as situa\u00e7\u00f5es surpresas do dia a dia.<\/span><\/p>\n<p><span style=\"font-weight: 400;\">O equil\u00edbrio n\u00e3o \u00e9 ser morno, n\u00e3o \u00e9 pensar demais, muito menos ser ego\u00edsta!\u00a0<\/span><\/p>\n<p><span style=\"font-weight: 400;\">S\u00e3o Francisco pensou no pr\u00f3ximo, e n\u00e3o nele, quando decidiu largar tudo. O empres\u00e1rio tem mil\u00e9simos de segundos, \u00e0s vezes, para tomar uma decis\u00e3o que coloca em risco sua fam\u00edlia e outras centenas.<\/span><\/p>\n<p><span style=\"font-weight: 400;\">Ser equilibrado muitas vezes eleva a frequ\u00eancia card\u00edaca muito mais do que sair por a\u00ed tomando atitudes impensadas, imaturas que colocam a vida em risco. O equil\u00edbrio requer frieza e altru\u00edsmo.\u00a0<\/span><\/p>\n<p><span style=\"font-weight: 400;\">\u00c9 preciso ter coragem para querer viver uma vida em equil\u00edbrio nos dias de hoje. Encontrar o meio termo, conseguir se desvencilhar das tenta\u00e7\u00f5es, manter a cabe\u00e7a e o corpo s\u00e3os. O desequil\u00edbrio, por vezes, impede a vida, tal qual S\u00f3crates, que visivelmente perturbado, tirou a sua pr\u00f3pria.<\/span><\/p>\n<p><span style=\"font-weight: 400;\">Prefiro o equil\u00edbrio de uma ancora, que se firma e vive anos a fio, do que o desequil\u00edbrio de um bal\u00e3o que voa e em segundos se depara com um objeto pontiagudo que lhe rouba a vida.\u00a0<\/span><\/p>\n<p><span style=\"font-weight: 400;\">Prefiro a maturidade das tomadas de decis\u00f5es do que o amadorismo adolescente dos desequilibrados.<\/span><\/p>\n<p>&nbsp;<\/p>\n<p>Rita Damasceno<br \/>\nAdvogada especializada em Compliance,<br \/>\nDireito do Trabalho Empresarial e Direito Previdenci\u00e1rio.<\/p>\n","protected":false},"excerpt":{"rendered":"<p>Navegando pelas redes sociais outro dia, me deparei com um texto que defendia o desequil\u00edbrio e o referia como atitude essencial a vida e que, o<span class=\"excerpt-hellip\"> [\u2026]<\/span><\/p>\n","protected":false},"author":4,"featured_media":0,"comment_status":"open","ping_status":"open","sticky":false,"template":"","format":"standard","meta":{"_jetpack_memberships_contains_paid_content":false,"footnotes":"","jetpack_publicize_message":"","jetpack_publicize_feature_enabled":true,"jetpack_social_post_already_shared":false,"jetpack_social_options":{"image_generator_settings":{"template":"highway","default_image_id":0,"enabled":false},"version":2}},"categories":[92],"tags":[],"class_list":["post-16757","post","type-post","status-publish","format-standard","hentry","category-colunista"],"yoast_head":"<!-- This site is optimized with the Yoast SEO plugin v25.6 - https:\/\/yoast.com\/wordpress\/plugins\/seo\/ -->\n<title>A OUTRA FACE DO EQUIL\u00cdBRIO - VerdadeOn<\/title>\n<meta name=\"robots\" content=\"index, follow, max-snippet:-1, max-image-preview:large, max-video-preview:-1\" \/>\n<link rel=\"canonical\" href=\"https:\/\/verdadeon.com.br\/portal\/2021\/04\/28\/a-outra-face-do-equilibrio\/\" \/>\n<meta property=\"og:locale\" content=\"pt_BR\" \/>\n<meta property=\"og:type\" content=\"article\" \/>\n<meta property=\"og:title\" content=\"A OUTRA FACE DO EQUIL\u00cdBRIO - VerdadeOn\" \/>\n<meta property=\"og:description\" content=\"Navegando pelas redes sociais outro dia, me deparei com um texto que defendia o desequil\u00edbrio e o referia como atitude essencial a vida e que, o [\u2026]\" \/>\n<meta property=\"og:url\" content=\"https:\/\/verdadeon.com.br\/portal\/2021\/04\/28\/a-outra-face-do-equilibrio\/\" \/>\n<meta property=\"og:site_name\" content=\"VerdadeOn\" \/>\n<meta property=\"article:published_time\" content=\"2021-04-28T10:00:03+00:00\" \/>\n<meta property=\"article:modified_time\" content=\"2021-05-18T16:06:56+00:00\" \/>\n<meta name=\"author\" content=\"Fernando Calixto\" \/>\n<meta name=\"twitter:card\" content=\"summary_large_image\" \/>\n<meta name=\"twitter:label1\" content=\"Escrito por\" \/>\n\t<meta name=\"twitter:data1\" content=\"Fernando Calixto\" \/>\n\t<meta name=\"twitter:label2\" content=\"Est. tempo de leitura\" \/>\n\t<meta name=\"twitter:data2\" content=\"3 minutos\" \/>\n<script type=\"application\/ld+json\" class=\"yoast-schema-graph\">{\"@context\":\"https:\/\/schema.org\",\"@graph\":[{\"@type\":\"WebPage\",\"@id\":\"https:\/\/verdadeon.com.br\/portal\/2021\/04\/28\/a-outra-face-do-equilibrio\/\",\"url\":\"https:\/\/verdadeon.com.br\/portal\/2021\/04\/28\/a-outra-face-do-equilibrio\/\",\"name\":\"A OUTRA FACE DO EQUIL\u00cdBRIO - VerdadeOn\",\"isPartOf\":{\"@id\":\"https:\/\/verdadeon.com.br\/portal\/#website\"},\"datePublished\":\"2021-04-28T10:00:03+00:00\",\"dateModified\":\"2021-05-18T16:06:56+00:00\",\"author\":{\"@id\":\"https:\/\/verdadeon.com.br\/portal\/#\/schema\/person\/8994718f49ee62ba5610471e29ca1f62\"},\"breadcrumb\":{\"@id\":\"https:\/\/verdadeon.com.br\/portal\/2021\/04\/28\/a-outra-face-do-equilibrio\/#breadcrumb\"},\"inLanguage\":\"pt-BR\",\"potentialAction\":[{\"@type\":\"ReadAction\",\"target\":[\"https:\/\/verdadeon.com.br\/portal\/2021\/04\/28\/a-outra-face-do-equilibrio\/\"]}]},{\"@type\":\"BreadcrumbList\",\"@id\":\"https:\/\/verdadeon.com.br\/portal\/2021\/04\/28\/a-outra-face-do-equilibrio\/#breadcrumb\",\"itemListElement\":[{\"@type\":\"ListItem\",\"position\":1,\"name\":\"In\u00edcio\",\"item\":\"https:\/\/verdadeon.com.br\/portal\/\"},{\"@type\":\"ListItem\",\"position\":2,\"name\":\"A OUTRA FACE DO EQUIL\u00cdBRIO\"}]},{\"@type\":\"WebSite\",\"@id\":\"https:\/\/verdadeon.com.br\/portal\/#website\",\"url\":\"https:\/\/verdadeon.com.br\/portal\/\",\"name\":\"VerdadeOn\",\"description\":\"Not\u00edcias di\u00e1rias sobre Franca, Regi\u00e3o, Esporte, Cultura, Cotidiano, Colunas. Cobertura nos principais eventos da cidade \u00e9 aqui - Verdadeon Franca\",\"potentialAction\":[{\"@type\":\"SearchAction\",\"target\":{\"@type\":\"EntryPoint\",\"urlTemplate\":\"https:\/\/verdadeon.com.br\/portal\/?s={search_term_string}\"},\"query-input\":{\"@type\":\"PropertyValueSpecification\",\"valueRequired\":true,\"valueName\":\"search_term_string\"}}],\"inLanguage\":\"pt-BR\"},{\"@type\":\"Person\",\"@id\":\"https:\/\/verdadeon.com.br\/portal\/#\/schema\/person\/8994718f49ee62ba5610471e29ca1f62\",\"name\":\"Fernando Calixto\",\"image\":{\"@type\":\"ImageObject\",\"inLanguage\":\"pt-BR\",\"@id\":\"https:\/\/verdadeon.com.br\/portal\/#\/schema\/person\/image\/\",\"url\":\"https:\/\/secure.gravatar.com\/avatar\/7578910c24966c0316c340f9dbd601e93ee9f9212e1033968b367af9306bd9fb?s=96&d=mm&r=g\",\"contentUrl\":\"https:\/\/secure.gravatar.com\/avatar\/7578910c24966c0316c340f9dbd601e93ee9f9212e1033968b367af9306bd9fb?s=96&d=mm&r=g\",\"caption\":\"Fernando Calixto\"},\"url\":\"https:\/\/verdadeon.com.br\/portal\/author\/fernando-calixto\/\"}]}<\/script>\n<!-- \/ Yoast SEO plugin. -->","yoast_head_json":{"title":"A OUTRA FACE DO EQUIL\u00cdBRIO - VerdadeOn","robots":{"index":"index","follow":"follow","max-snippet":"max-snippet:-1","max-image-preview":"max-image-preview:large","max-video-preview":"max-video-preview:-1"},"canonical":"https:\/\/verdadeon.com.br\/portal\/2021\/04\/28\/a-outra-face-do-equilibrio\/","og_locale":"pt_BR","og_type":"article","og_title":"A OUTRA FACE DO EQUIL\u00cdBRIO - VerdadeOn","og_description":"Navegando pelas redes sociais outro dia, me deparei com um texto que defendia o desequil\u00edbrio e o referia como atitude essencial a vida e que, o [\u2026]","og_url":"https:\/\/verdadeon.com.br\/portal\/2021\/04\/28\/a-outra-face-do-equilibrio\/","og_site_name":"VerdadeOn","article_published_time":"2021-04-28T10:00:03+00:00","article_modified_time":"2021-05-18T16:06:56+00:00","author":"Fernando Calixto","twitter_card":"summary_large_image","twitter_misc":{"Escrito por":"Fernando Calixto","Est. tempo de leitura":"3 minutos"},"schema":{"@context":"https:\/\/schema.org","@graph":[{"@type":"WebPage","@id":"https:\/\/verdadeon.com.br\/portal\/2021\/04\/28\/a-outra-face-do-equilibrio\/","url":"https:\/\/verdadeon.com.br\/portal\/2021\/04\/28\/a-outra-face-do-equilibrio\/","name":"A OUTRA FACE DO EQUIL\u00cdBRIO - VerdadeOn","isPartOf":{"@id":"https:\/\/verdadeon.com.br\/portal\/#website"},"datePublished":"2021-04-28T10:00:03+00:00","dateModified":"2021-05-18T16:06:56+00:00","author":{"@id":"https:\/\/verdadeon.com.br\/portal\/#\/schema\/person\/8994718f49ee62ba5610471e29ca1f62"},"breadcrumb":{"@id":"https:\/\/verdadeon.com.br\/portal\/2021\/04\/28\/a-outra-face-do-equilibrio\/#breadcrumb"},"inLanguage":"pt-BR","potentialAction":[{"@type":"ReadAction","target":["https:\/\/verdadeon.com.br\/portal\/2021\/04\/28\/a-outra-face-do-equilibrio\/"]}]},{"@type":"BreadcrumbList","@id":"https:\/\/verdadeon.com.br\/portal\/2021\/04\/28\/a-outra-face-do-equilibrio\/#breadcrumb","itemListElement":[{"@type":"ListItem","position":1,"name":"In\u00edcio","item":"https:\/\/verdadeon.com.br\/portal\/"},{"@type":"ListItem","position":2,"name":"A OUTRA FACE DO EQUIL\u00cdBRIO"}]},{"@type":"WebSite","@id":"https:\/\/verdadeon.com.br\/portal\/#website","url":"https:\/\/verdadeon.com.br\/portal\/","name":"VerdadeOn","description":"Not\u00edcias di\u00e1rias sobre Franca, Regi\u00e3o, Esporte, Cultura, Cotidiano, Colunas. Cobertura nos principais eventos da cidade \u00e9 aqui - Verdadeon Franca","potentialAction":[{"@type":"SearchAction","target":{"@type":"EntryPoint","urlTemplate":"https:\/\/verdadeon.com.br\/portal\/?s={search_term_string}"},"query-input":{"@type":"PropertyValueSpecification","valueRequired":true,"valueName":"search_term_string"}}],"inLanguage":"pt-BR"},{"@type":"Person","@id":"https:\/\/verdadeon.com.br\/portal\/#\/schema\/person\/8994718f49ee62ba5610471e29ca1f62","name":"Fernando Calixto","image":{"@type":"ImageObject","inLanguage":"pt-BR","@id":"https:\/\/verdadeon.com.br\/portal\/#\/schema\/person\/image\/","url":"https:\/\/secure.gravatar.com\/avatar\/7578910c24966c0316c340f9dbd601e93ee9f9212e1033968b367af9306bd9fb?s=96&d=mm&r=g","contentUrl":"https:\/\/secure.gravatar.com\/avatar\/7578910c24966c0316c340f9dbd601e93ee9f9212e1033968b367af9306bd9fb?s=96&d=mm&r=g","caption":"Fernando Calixto"},"url":"https:\/\/verdadeon.com.br\/portal\/author\/fernando-calixto\/"}]}},"jetpack_publicize_connections":[],"jetpack_featured_media_url":"","jetpack_sharing_enabled":true,"_links":{"self":[{"href":"https:\/\/verdadeon.com.br\/portal\/wp-json\/wp\/v2\/posts\/16757","targetHints":{"allow":["GET"]}}],"collection":[{"href":"https:\/\/verdadeon.com.br\/portal\/wp-json\/wp\/v2\/posts"}],"about":[{"href":"https:\/\/verdadeon.com.br\/portal\/wp-json\/wp\/v2\/types\/post"}],"author":[{"embeddable":true,"href":"https:\/\/verdadeon.com.br\/portal\/wp-json\/wp\/v2\/users\/4"}],"replies":[{"embeddable":true,"href":"https:\/\/verdadeon.com.br\/portal\/wp-json\/wp\/v2\/comments?post=16757"}],"version-history":[{"count":0,"href":"https:\/\/verdadeon.com.br\/portal\/wp-json\/wp\/v2\/posts\/16757\/revisions"}],"wp:attachment":[{"href":"https:\/\/verdadeon.com.br\/portal\/wp-json\/wp\/v2\/media?parent=16757"}],"wp:term":[{"taxonomy":"category","embeddable":true,"href":"https:\/\/verdadeon.com.br\/portal\/wp-json\/wp\/v2\/categories?post=16757"},{"taxonomy":"post_tag","embeddable":true,"href":"https:\/\/verdadeon.com.br\/portal\/wp-json\/wp\/v2\/tags?post=16757"}],"curies":[{"name":"wp","href":"https:\/\/api.w.org\/{rel}","templated":true}]}}