{"id":16739,"date":"2021-05-17T17:19:00","date_gmt":"2021-05-17T20:19:00","guid":{"rendered":"https:\/\/verdadeon.com.br\/portal\/?p=16739"},"modified":"2021-05-17T17:19:00","modified_gmt":"2021-05-17T20:19:00","slug":"enterradas-em-minas-gerais-vitimas-de-afogamento-em-delfinopolis","status":"publish","type":"post","link":"https:\/\/verdadeon.com.br\/portal\/2021\/05\/17\/enterradas-em-minas-gerais-vitimas-de-afogamento-em-delfinopolis\/","title":{"rendered":"Enterradas em Minas Gerais, v\u00edtimas de afogamento em Delfin\u00f3polis"},"content":{"rendered":"<h2>Jo\u00e3o Ven\u00e2ncio e Edna Lara estavam em uma caminhonete que caiu no Rio Grande, no ponto de travessia das balsas<\/h2>\n<p>O casal que morreu afogado em um ve\u00edculo em Delfin\u00f3polis no domingo (16), foi enterrado em Minas Gerais nesta segunda-feira (17). O advogado Jo\u00e3o Ven\u00e2ncio, foi velado e sepultado na cidade de C\u00e1ssia, de onde era natural. J\u00e1 Edna Lara, foi enterrada na cidade natal dela, Prat\u00e1polis, na regi\u00e3o de Passos.<\/p>\n<p>A trag\u00e9dia foi registrada no in\u00edcio da noite de domingo. Edna e Jo\u00e3o estavam em um restaurante na cidade mineira de Delfin\u00f3polis, a mulher inclusive postou uma foto em redes sociais onde afirmou estar em boa companhia, e segundo testemunhas eles mantinham um bom relacionamento.<\/p>\n<p>Por volta das 17h30, quando chegavam para esperar na fila da balsa, por motivos a serem esclarecidos, a caminhonete de Jo\u00e3o ultrapassou a fila de espera e entrou no rio em alta velocidade. As vitimas morreram na hora.<\/p>\n<p>A per\u00edcia da Pol\u00edcia Civil de Passos esteve no local e os corpos foram retirados pelos bombeiros. Eles foram levados para o Instituto M\u00e9dico Legal (IML), de Passos, e liberados na tarde de segunda aos familiares.<\/p>\n<p>A Pol\u00edcia Civil de Passos vai apontar o que aconteceu com o ve\u00edculo, se Jo\u00e3o perdeu o controle da dire\u00e7\u00e3o ou se teve a intens\u00e3o de jog\u00e1-lo no rio. O inqu\u00e9rito pode demorar at\u00e9 30 dias para ser emitido.<\/p>\n","protected":false},"excerpt":{"rendered":"<p>Jo\u00e3o Ven\u00e2ncio e Edna Lara estavam em uma caminhonete que caiu no Rio Grande, no ponto de travessia das balsas O casal que morreu afogado em<span class=\"excerpt-hellip\"> [\u2026]<\/span><\/p>\n","protected":false},"author":7,"featured_media":16731,"comment_status":"open","ping_status":"open","sticky":false,"template":"","format":"standard","meta":{"_jetpack_memberships_contains_paid_content":false,"footnotes":"","jetpack_publicize_message":"","jetpack_publicize_feature_enabled":true,"jetpack_social_post_already_shared":false,"jetpack_social_options":{"image_generator_settings":{"template":"highway","default_image_id":0,"enabled":false},"version":2}},"categories":[28,81],"tags":[],"class_list":["post-16739","post","type-post","status-publish","format-standard","has-post-thumbnail","hentry","category-cotidiano","category-manchete"],"yoast_head":"<!-- This site is optimized with the Yoast SEO plugin v25.6 - https:\/\/yoast.com\/wordpress\/plugins\/seo\/ -->\n<title>Enterradas em Minas Gerais, v\u00edtimas de afogamento em Delfin\u00f3polis - VerdadeOn<\/title>\n<meta name=\"robots\" content=\"index, follow, max-snippet:-1, max-image-preview:large, max-video-preview:-1\" \/>\n<link rel=\"canonical\" href=\"https:\/\/verdadeon.com.br\/portal\/2021\/05\/17\/enterradas-em-minas-gerais-vitimas-de-afogamento-em-delfinopolis\/\" \/>\n<meta property=\"og:locale\" content=\"pt_BR\" \/>\n<meta property=\"og:type\" content=\"article\" \/>\n<meta property=\"og:title\" content=\"Enterradas em Minas Gerais, v\u00edtimas de afogamento em Delfin\u00f3polis - VerdadeOn\" \/>\n<meta property=\"og:description\" content=\"Jo\u00e3o Ven\u00e2ncio e Edna Lara estavam em uma caminhonete que caiu no Rio Grande, no ponto de travessia das balsas O casal que morreu afogado em [\u2026]\" \/>\n<meta property=\"og:url\" content=\"https:\/\/verdadeon.com.br\/portal\/2021\/05\/17\/enterradas-em-minas-gerais-vitimas-de-afogamento-em-delfinopolis\/\" \/>\n<meta property=\"og:site_name\" content=\"VerdadeOn\" \/>\n<meta property=\"article:published_time\" content=\"2021-05-17T20:19:00+00:00\" \/>\n<meta property=\"og:image\" content=\"https:\/\/verdadeon.com.br\/portal\/wp-content\/uploads\/2021\/05\/WhatsApp-Image-2021-05-17-at-09.32.45.jpeg\" \/>\n\t<meta property=\"og:image:width\" content=\"1080\" \/>\n\t<meta property=\"og:image:height\" content=\"1080\" \/>\n\t<meta property=\"og:image:type\" content=\"image\/jpeg\" \/>\n<meta name=\"author\" content=\"Fernando Lima\" \/>\n<meta name=\"twitter:card\" content=\"summary_large_image\" \/>\n<meta name=\"twitter:label1\" content=\"Escrito por\" \/>\n\t<meta name=\"twitter:data1\" content=\"Fernando Lima\" \/>\n\t<meta name=\"twitter:label2\" content=\"Est. tempo de leitura\" \/>\n\t<meta name=\"twitter:data2\" content=\"2 minutos\" \/>\n<script type=\"application\/ld+json\" class=\"yoast-schema-graph\">{\"@context\":\"https:\/\/schema.org\",\"@graph\":[{\"@type\":\"WebPage\",\"@id\":\"https:\/\/verdadeon.com.br\/portal\/2021\/05\/17\/enterradas-em-minas-gerais-vitimas-de-afogamento-em-delfinopolis\/\",\"url\":\"https:\/\/verdadeon.com.br\/portal\/2021\/05\/17\/enterradas-em-minas-gerais-vitimas-de-afogamento-em-delfinopolis\/\",\"name\":\"Enterradas em Minas Gerais, v\u00edtimas de afogamento em Delfin\u00f3polis - VerdadeOn\",\"isPartOf\":{\"@id\":\"https:\/\/verdadeon.com.br\/portal\/#website\"},\"primaryImageOfPage\":{\"@id\":\"https:\/\/verdadeon.com.br\/portal\/2021\/05\/17\/enterradas-em-minas-gerais-vitimas-de-afogamento-em-delfinopolis\/#primaryimage\"},\"image\":{\"@id\":\"https:\/\/verdadeon.com.br\/portal\/2021\/05\/17\/enterradas-em-minas-gerais-vitimas-de-afogamento-em-delfinopolis\/#primaryimage\"},\"thumbnailUrl\":\"https:\/\/i0.wp.com\/verdadeon.com.br\/portal\/wp-content\/uploads\/2021\/05\/WhatsApp-Image-2021-05-17-at-09.32.45.jpeg?fit=1080%2C1080&ssl=1\",\"datePublished\":\"2021-05-17T20:19:00+00:00\",\"author\":{\"@id\":\"https:\/\/verdadeon.com.br\/portal\/#\/schema\/person\/cc32be22b8e8599387c480bc83e1d11a\"},\"breadcrumb\":{\"@id\":\"https:\/\/verdadeon.com.br\/portal\/2021\/05\/17\/enterradas-em-minas-gerais-vitimas-de-afogamento-em-delfinopolis\/#breadcrumb\"},\"inLanguage\":\"pt-BR\",\"potentialAction\":[{\"@type\":\"ReadAction\",\"target\":[\"https:\/\/verdadeon.com.br\/portal\/2021\/05\/17\/enterradas-em-minas-gerais-vitimas-de-afogamento-em-delfinopolis\/\"]}]},{\"@type\":\"ImageObject\",\"inLanguage\":\"pt-BR\",\"@id\":\"https:\/\/verdadeon.com.br\/portal\/2021\/05\/17\/enterradas-em-minas-gerais-vitimas-de-afogamento-em-delfinopolis\/#primaryimage\",\"url\":\"https:\/\/i0.wp.com\/verdadeon.com.br\/portal\/wp-content\/uploads\/2021\/05\/WhatsApp-Image-2021-05-17-at-09.32.45.jpeg?fit=1080%2C1080&ssl=1\",\"contentUrl\":\"https:\/\/i0.wp.com\/verdadeon.com.br\/portal\/wp-content\/uploads\/2021\/05\/WhatsApp-Image-2021-05-17-at-09.32.45.jpeg?fit=1080%2C1080&ssl=1\",\"width\":1080,\"height\":1080,\"caption\":\"Casal passou o dia em um restaurante \u00e0s margens do Rio Grande, horas antes da trag\u00e9dia| Foto: Redes Sociais\"},{\"@type\":\"BreadcrumbList\",\"@id\":\"https:\/\/verdadeon.com.br\/portal\/2021\/05\/17\/enterradas-em-minas-gerais-vitimas-de-afogamento-em-delfinopolis\/#breadcrumb\",\"itemListElement\":[{\"@type\":\"ListItem\",\"position\":1,\"name\":\"In\u00edcio\",\"item\":\"https:\/\/verdadeon.com.br\/portal\/\"},{\"@type\":\"ListItem\",\"position\":2,\"name\":\"Enterradas em Minas Gerais, v\u00edtimas de afogamento em Delfin\u00f3polis\"}]},{\"@type\":\"WebSite\",\"@id\":\"https:\/\/verdadeon.com.br\/portal\/#website\",\"url\":\"https:\/\/verdadeon.com.br\/portal\/\",\"name\":\"VerdadeOn\",\"description\":\"Not\u00edcias di\u00e1rias sobre Franca, Regi\u00e3o, Esporte, Cultura, Cotidiano, Colunas. Cobertura nos principais eventos da cidade \u00e9 aqui - Verdadeon Franca\",\"potentialAction\":[{\"@type\":\"SearchAction\",\"target\":{\"@type\":\"EntryPoint\",\"urlTemplate\":\"https:\/\/verdadeon.com.br\/portal\/?s={search_term_string}\"},\"query-input\":{\"@type\":\"PropertyValueSpecification\",\"valueRequired\":true,\"valueName\":\"search_term_string\"}}],\"inLanguage\":\"pt-BR\"},{\"@type\":\"Person\",\"@id\":\"https:\/\/verdadeon.com.br\/portal\/#\/schema\/person\/cc32be22b8e8599387c480bc83e1d11a\",\"name\":\"Fernando Lima\",\"image\":{\"@type\":\"ImageObject\",\"inLanguage\":\"pt-BR\",\"@id\":\"https:\/\/verdadeon.com.br\/portal\/#\/schema\/person\/image\/\",\"url\":\"https:\/\/secure.gravatar.com\/avatar\/df4c8e132080d2b3a4841d5d232045464e0eed11a1d6e43115ca0843d48768d3?s=96&d=mm&r=g\",\"contentUrl\":\"https:\/\/secure.gravatar.com\/avatar\/df4c8e132080d2b3a4841d5d232045464e0eed11a1d6e43115ca0843d48768d3?s=96&d=mm&r=g\",\"caption\":\"Fernando Lima\"},\"sameAs\":[\"http:\/\/verdadeon.com.br\/\"],\"url\":\"https:\/\/verdadeon.com.br\/portal\/author\/fernando-lima\/\"}]}<\/script>\n<!-- \/ Yoast SEO plugin. -->","yoast_head_json":{"title":"Enterradas em Minas Gerais, v\u00edtimas de afogamento em Delfin\u00f3polis - VerdadeOn","robots":{"index":"index","follow":"follow","max-snippet":"max-snippet:-1","max-image-preview":"max-image-preview:large","max-video-preview":"max-video-preview:-1"},"canonical":"https:\/\/verdadeon.com.br\/portal\/2021\/05\/17\/enterradas-em-minas-gerais-vitimas-de-afogamento-em-delfinopolis\/","og_locale":"pt_BR","og_type":"article","og_title":"Enterradas em Minas Gerais, v\u00edtimas de afogamento em Delfin\u00f3polis - VerdadeOn","og_description":"Jo\u00e3o Ven\u00e2ncio e Edna Lara estavam em uma caminhonete que caiu no Rio Grande, no ponto de travessia das balsas O casal que morreu afogado em [\u2026]","og_url":"https:\/\/verdadeon.com.br\/portal\/2021\/05\/17\/enterradas-em-minas-gerais-vitimas-de-afogamento-em-delfinopolis\/","og_site_name":"VerdadeOn","article_published_time":"2021-05-17T20:19:00+00:00","og_image":[{"width":1080,"height":1080,"url":"https:\/\/verdadeon.com.br\/portal\/wp-content\/uploads\/2021\/05\/WhatsApp-Image-2021-05-17-at-09.32.45.jpeg","type":"image\/jpeg"}],"author":"Fernando Lima","twitter_card":"summary_large_image","twitter_misc":{"Escrito por":"Fernando Lima","Est. tempo de leitura":"2 minutos"},"schema":{"@context":"https:\/\/schema.org","@graph":[{"@type":"WebPage","@id":"https:\/\/verdadeon.com.br\/portal\/2021\/05\/17\/enterradas-em-minas-gerais-vitimas-de-afogamento-em-delfinopolis\/","url":"https:\/\/verdadeon.com.br\/portal\/2021\/05\/17\/enterradas-em-minas-gerais-vitimas-de-afogamento-em-delfinopolis\/","name":"Enterradas em Minas Gerais, v\u00edtimas de afogamento em Delfin\u00f3polis - VerdadeOn","isPartOf":{"@id":"https:\/\/verdadeon.com.br\/portal\/#website"},"primaryImageOfPage":{"@id":"https:\/\/verdadeon.com.br\/portal\/2021\/05\/17\/enterradas-em-minas-gerais-vitimas-de-afogamento-em-delfinopolis\/#primaryimage"},"image":{"@id":"https:\/\/verdadeon.com.br\/portal\/2021\/05\/17\/enterradas-em-minas-gerais-vitimas-de-afogamento-em-delfinopolis\/#primaryimage"},"thumbnailUrl":"https:\/\/i0.wp.com\/verdadeon.com.br\/portal\/wp-content\/uploads\/2021\/05\/WhatsApp-Image-2021-05-17-at-09.32.45.jpeg?fit=1080%2C1080&ssl=1","datePublished":"2021-05-17T20:19:00+00:00","author":{"@id":"https:\/\/verdadeon.com.br\/portal\/#\/schema\/person\/cc32be22b8e8599387c480bc83e1d11a"},"breadcrumb":{"@id":"https:\/\/verdadeon.com.br\/portal\/2021\/05\/17\/enterradas-em-minas-gerais-vitimas-de-afogamento-em-delfinopolis\/#breadcrumb"},"inLanguage":"pt-BR","potentialAction":[{"@type":"ReadAction","target":["https:\/\/verdadeon.com.br\/portal\/2021\/05\/17\/enterradas-em-minas-gerais-vitimas-de-afogamento-em-delfinopolis\/"]}]},{"@type":"ImageObject","inLanguage":"pt-BR","@id":"https:\/\/verdadeon.com.br\/portal\/2021\/05\/17\/enterradas-em-minas-gerais-vitimas-de-afogamento-em-delfinopolis\/#primaryimage","url":"https:\/\/i0.wp.com\/verdadeon.com.br\/portal\/wp-content\/uploads\/2021\/05\/WhatsApp-Image-2021-05-17-at-09.32.45.jpeg?fit=1080%2C1080&ssl=1","contentUrl":"https:\/\/i0.wp.com\/verdadeon.com.br\/portal\/wp-content\/uploads\/2021\/05\/WhatsApp-Image-2021-05-17-at-09.32.45.jpeg?fit=1080%2C1080&ssl=1","width":1080,"height":1080,"caption":"Casal passou o dia em um restaurante \u00e0s margens do Rio Grande, horas antes da trag\u00e9dia| Foto: Redes Sociais"},{"@type":"BreadcrumbList","@id":"https:\/\/verdadeon.com.br\/portal\/2021\/05\/17\/enterradas-em-minas-gerais-vitimas-de-afogamento-em-delfinopolis\/#breadcrumb","itemListElement":[{"@type":"ListItem","position":1,"name":"In\u00edcio","item":"https:\/\/verdadeon.com.br\/portal\/"},{"@type":"ListItem","position":2,"name":"Enterradas em Minas Gerais, v\u00edtimas de afogamento em Delfin\u00f3polis"}]},{"@type":"WebSite","@id":"https:\/\/verdadeon.com.br\/portal\/#website","url":"https:\/\/verdadeon.com.br\/portal\/","name":"VerdadeOn","description":"Not\u00edcias di\u00e1rias sobre Franca, Regi\u00e3o, Esporte, Cultura, Cotidiano, Colunas. Cobertura nos principais eventos da cidade \u00e9 aqui - Verdadeon Franca","potentialAction":[{"@type":"SearchAction","target":{"@type":"EntryPoint","urlTemplate":"https:\/\/verdadeon.com.br\/portal\/?s={search_term_string}"},"query-input":{"@type":"PropertyValueSpecification","valueRequired":true,"valueName":"search_term_string"}}],"inLanguage":"pt-BR"},{"@type":"Person","@id":"https:\/\/verdadeon.com.br\/portal\/#\/schema\/person\/cc32be22b8e8599387c480bc83e1d11a","name":"Fernando Lima","image":{"@type":"ImageObject","inLanguage":"pt-BR","@id":"https:\/\/verdadeon.com.br\/portal\/#\/schema\/person\/image\/","url":"https:\/\/secure.gravatar.com\/avatar\/df4c8e132080d2b3a4841d5d232045464e0eed11a1d6e43115ca0843d48768d3?s=96&d=mm&r=g","contentUrl":"https:\/\/secure.gravatar.com\/avatar\/df4c8e132080d2b3a4841d5d232045464e0eed11a1d6e43115ca0843d48768d3?s=96&d=mm&r=g","caption":"Fernando Lima"},"sameAs":["http:\/\/verdadeon.com.br\/"],"url":"https:\/\/verdadeon.com.br\/portal\/author\/fernando-lima\/"}]}},"jetpack_publicize_connections":[],"jetpack_featured_media_url":"https:\/\/i0.wp.com\/verdadeon.com.br\/portal\/wp-content\/uploads\/2021\/05\/WhatsApp-Image-2021-05-17-at-09.32.45.jpeg?fit=1080%2C1080&ssl=1","jetpack_sharing_enabled":true,"_links":{"self":[{"href":"https:\/\/verdadeon.com.br\/portal\/wp-json\/wp\/v2\/posts\/16739","targetHints":{"allow":["GET"]}}],"collection":[{"href":"https:\/\/verdadeon.com.br\/portal\/wp-json\/wp\/v2\/posts"}],"about":[{"href":"https:\/\/verdadeon.com.br\/portal\/wp-json\/wp\/v2\/types\/post"}],"author":[{"embeddable":true,"href":"https:\/\/verdadeon.com.br\/portal\/wp-json\/wp\/v2\/users\/7"}],"replies":[{"embeddable":true,"href":"https:\/\/verdadeon.com.br\/portal\/wp-json\/wp\/v2\/comments?post=16739"}],"version-history":[{"count":0,"href":"https:\/\/verdadeon.com.br\/portal\/wp-json\/wp\/v2\/posts\/16739\/revisions"}],"wp:featuredmedia":[{"embeddable":true,"href":"https:\/\/verdadeon.com.br\/portal\/wp-json\/wp\/v2\/media\/16731"}],"wp:attachment":[{"href":"https:\/\/verdadeon.com.br\/portal\/wp-json\/wp\/v2\/media?parent=16739"}],"wp:term":[{"taxonomy":"category","embeddable":true,"href":"https:\/\/verdadeon.com.br\/portal\/wp-json\/wp\/v2\/categories?post=16739"},{"taxonomy":"post_tag","embeddable":true,"href":"https:\/\/verdadeon.com.br\/portal\/wp-json\/wp\/v2\/tags?post=16739"}],"curies":[{"name":"wp","href":"https:\/\/api.w.org\/{rel}","templated":true}]}}