{"id":16736,"date":"2021-05-17T17:15:17","date_gmt":"2021-05-17T20:15:17","guid":{"rendered":"https:\/\/verdadeon.com.br\/portal\/?p=16736"},"modified":"2021-05-17T17:15:17","modified_gmt":"2021-05-17T20:15:17","slug":"alvaro-azzuz-31-pacientes-estao-na-fila-para-um-leito-de-uti-covid","status":"publish","type":"post","link":"https:\/\/verdadeon.com.br\/portal\/2021\/05\/17\/alvaro-azzuz-31-pacientes-estao-na-fila-para-um-leito-de-uti-covid\/","title":{"rendered":"\u00c1lvaro Azzuz: 31 pacientes est\u00e3o na fila para um leito de UTI Covid"},"content":{"rendered":"<h2>N\u00famero \u00e9 o maior desde quando o boletim di\u00e1rio passou a ser divulgado h\u00e1 duas semanas<\/h2>\n<p>O boletim divulgado diariamente pelo Pronto Socorro Municipal Doutor \u00c1lvaro Azzuz, o polo da covid-19 em Franca, trouxe que 31 pessoas est\u00e3o na fila aguardando transfer\u00eancia para um leito de UTI em um hospital de refer\u00eancia. O n\u00famero \u00e9 o maior desde quando o boletim come\u00e7ou a ser divulgado, h\u00e1 duas semanas.<\/p>\n<p>Ainda segundo a divulga\u00e7\u00e3o, 488 pacientes tinham passado por atendimento no local nas \u00faltimas 24 horas e 20 pessoas aguardavam transfer\u00eancia para uma vaga de enfermaria. Desses que est\u00e3o na fila, oito estavam entubados. Um colapso total no P.S.<\/p>\n<p>Na manh\u00e3 desta segunda-feira (17), uma faixa estava anexada na fachada da unidade de sa\u00fade com os dizeres: \u201cA sa\u00fade est\u00e1 doente, estamos aqui por voc\u00eas, fique em casa por n\u00f3s\u201d.<\/p>\n<p>H\u00e1 meses os funcion\u00e1rios do local trabalham no limite, com defasagem de profissionais que atuam na linha de frente, o n\u00famero que j\u00e1 era insuficiente para uma demanda t\u00e3o grande, sofreu com as baixas por conta de profissionais afastados ap\u00f3s contamina\u00e7\u00e3o pela covid-19, alguns inclusive est\u00e3o a espera de leitos, fora os trabalhadores que morreram v\u00edtimas do v\u00edrus.<\/p>\n<p>Nesta ter\u00e7a-feira (18), um projeto de lei enviado para a C\u00e2mara Municipal ser\u00e1 votado em regime de urg\u00eancia, ele prev\u00ea a contrata\u00e7\u00e3o de pelo menos 70 t\u00e9cnicos em enfermagem e 12 enfermeiros, todos v\u00e3o atuar no P.S. pelo menos at\u00e9 o dia 31 de dezembro.<\/p>\n","protected":false},"excerpt":{"rendered":"<p>N\u00famero \u00e9 o maior desde quando o boletim di\u00e1rio passou a ser divulgado h\u00e1 duas semanas O boletim divulgado diariamente pelo Pronto Socorro Municipal Doutor \u00c1lvaro<span class=\"excerpt-hellip\"> [\u2026]<\/span><\/p>\n","protected":false},"author":7,"featured_media":16737,"comment_status":"open","ping_status":"open","sticky":false,"template":"","format":"standard","meta":{"_jetpack_memberships_contains_paid_content":false,"footnotes":"","jetpack_publicize_message":"","jetpack_publicize_feature_enabled":true,"jetpack_social_post_already_shared":false,"jetpack_social_options":{"image_generator_settings":{"template":"highway","default_image_id":0,"enabled":false},"version":2}},"categories":[28,81],"tags":[],"class_list":["post-16736","post","type-post","status-publish","format-standard","has-post-thumbnail","hentry","category-cotidiano","category-manchete"],"yoast_head":"<!-- This site is optimized with the Yoast SEO plugin v25.6 - https:\/\/yoast.com\/wordpress\/plugins\/seo\/ -->\n<title>\u00c1lvaro Azzuz: 31 pacientes est\u00e3o na fila para um leito de UTI Covid - VerdadeOn<\/title>\n<meta name=\"robots\" content=\"index, follow, max-snippet:-1, max-image-preview:large, max-video-preview:-1\" \/>\n<link rel=\"canonical\" href=\"https:\/\/verdadeon.com.br\/portal\/2021\/05\/17\/alvaro-azzuz-31-pacientes-estao-na-fila-para-um-leito-de-uti-covid\/\" \/>\n<meta property=\"og:locale\" content=\"pt_BR\" \/>\n<meta property=\"og:type\" content=\"article\" \/>\n<meta property=\"og:title\" content=\"\u00c1lvaro Azzuz: 31 pacientes est\u00e3o na fila para um leito de UTI Covid - VerdadeOn\" \/>\n<meta property=\"og:description\" content=\"N\u00famero \u00e9 o maior desde quando o boletim di\u00e1rio passou a ser divulgado h\u00e1 duas semanas O boletim divulgado diariamente pelo Pronto Socorro Municipal Doutor \u00c1lvaro [\u2026]\" \/>\n<meta property=\"og:url\" content=\"https:\/\/verdadeon.com.br\/portal\/2021\/05\/17\/alvaro-azzuz-31-pacientes-estao-na-fila-para-um-leito-de-uti-covid\/\" \/>\n<meta property=\"og:site_name\" content=\"VerdadeOn\" \/>\n<meta property=\"article:published_time\" content=\"2021-05-17T20:15:17+00:00\" \/>\n<meta property=\"og:image\" content=\"https:\/\/verdadeon.com.br\/portal\/wp-content\/uploads\/2021\/05\/ALVARO-AZZUZ-.jpeg\" \/>\n\t<meta property=\"og:image:width\" content=\"1000\" \/>\n\t<meta property=\"og:image:height\" content=\"670\" \/>\n\t<meta property=\"og:image:type\" content=\"image\/jpeg\" \/>\n<meta name=\"author\" content=\"Fernando Lima\" \/>\n<meta name=\"twitter:card\" content=\"summary_large_image\" \/>\n<meta name=\"twitter:label1\" content=\"Escrito por\" \/>\n\t<meta name=\"twitter:data1\" content=\"Fernando Lima\" \/>\n\t<meta name=\"twitter:label2\" content=\"Est. tempo de leitura\" \/>\n\t<meta name=\"twitter:data2\" content=\"2 minutos\" \/>\n<script type=\"application\/ld+json\" class=\"yoast-schema-graph\">{\"@context\":\"https:\/\/schema.org\",\"@graph\":[{\"@type\":\"WebPage\",\"@id\":\"https:\/\/verdadeon.com.br\/portal\/2021\/05\/17\/alvaro-azzuz-31-pacientes-estao-na-fila-para-um-leito-de-uti-covid\/\",\"url\":\"https:\/\/verdadeon.com.br\/portal\/2021\/05\/17\/alvaro-azzuz-31-pacientes-estao-na-fila-para-um-leito-de-uti-covid\/\",\"name\":\"\u00c1lvaro Azzuz: 31 pacientes est\u00e3o na fila para um leito de UTI Covid - VerdadeOn\",\"isPartOf\":{\"@id\":\"https:\/\/verdadeon.com.br\/portal\/#website\"},\"primaryImageOfPage\":{\"@id\":\"https:\/\/verdadeon.com.br\/portal\/2021\/05\/17\/alvaro-azzuz-31-pacientes-estao-na-fila-para-um-leito-de-uti-covid\/#primaryimage\"},\"image\":{\"@id\":\"https:\/\/verdadeon.com.br\/portal\/2021\/05\/17\/alvaro-azzuz-31-pacientes-estao-na-fila-para-um-leito-de-uti-covid\/#primaryimage\"},\"thumbnailUrl\":\"https:\/\/i0.wp.com\/verdadeon.com.br\/portal\/wp-content\/uploads\/2021\/05\/ALVARO-AZZUZ-.jpeg?fit=1000%2C670&ssl=1\",\"datePublished\":\"2021-05-17T20:15:17+00:00\",\"author\":{\"@id\":\"https:\/\/verdadeon.com.br\/portal\/#\/schema\/person\/cc32be22b8e8599387c480bc83e1d11a\"},\"breadcrumb\":{\"@id\":\"https:\/\/verdadeon.com.br\/portal\/2021\/05\/17\/alvaro-azzuz-31-pacientes-estao-na-fila-para-um-leito-de-uti-covid\/#breadcrumb\"},\"inLanguage\":\"pt-BR\",\"potentialAction\":[{\"@type\":\"ReadAction\",\"target\":[\"https:\/\/verdadeon.com.br\/portal\/2021\/05\/17\/alvaro-azzuz-31-pacientes-estao-na-fila-para-um-leito-de-uti-covid\/\"]}]},{\"@type\":\"ImageObject\",\"inLanguage\":\"pt-BR\",\"@id\":\"https:\/\/verdadeon.com.br\/portal\/2021\/05\/17\/alvaro-azzuz-31-pacientes-estao-na-fila-para-um-leito-de-uti-covid\/#primaryimage\",\"url\":\"https:\/\/i0.wp.com\/verdadeon.com.br\/portal\/wp-content\/uploads\/2021\/05\/ALVARO-AZZUZ-.jpeg?fit=1000%2C670&ssl=1\",\"contentUrl\":\"https:\/\/i0.wp.com\/verdadeon.com.br\/portal\/wp-content\/uploads\/2021\/05\/ALVARO-AZZUZ-.jpeg?fit=1000%2C670&ssl=1\",\"width\":1000,\"height\":670,\"caption\":\"Faixa do lado de fora do P.S. pede ajuda da popula\u00e7\u00e3o para conter o v\u00edrus na cidade | Foto: Jornal Verdade\"},{\"@type\":\"BreadcrumbList\",\"@id\":\"https:\/\/verdadeon.com.br\/portal\/2021\/05\/17\/alvaro-azzuz-31-pacientes-estao-na-fila-para-um-leito-de-uti-covid\/#breadcrumb\",\"itemListElement\":[{\"@type\":\"ListItem\",\"position\":1,\"name\":\"In\u00edcio\",\"item\":\"https:\/\/verdadeon.com.br\/portal\/\"},{\"@type\":\"ListItem\",\"position\":2,\"name\":\"\u00c1lvaro Azzuz: 31 pacientes est\u00e3o na fila para um leito de UTI Covid\"}]},{\"@type\":\"WebSite\",\"@id\":\"https:\/\/verdadeon.com.br\/portal\/#website\",\"url\":\"https:\/\/verdadeon.com.br\/portal\/\",\"name\":\"VerdadeOn\",\"description\":\"Not\u00edcias di\u00e1rias sobre Franca, Regi\u00e3o, Esporte, Cultura, Cotidiano, Colunas. Cobertura nos principais eventos da cidade \u00e9 aqui - Verdadeon Franca\",\"potentialAction\":[{\"@type\":\"SearchAction\",\"target\":{\"@type\":\"EntryPoint\",\"urlTemplate\":\"https:\/\/verdadeon.com.br\/portal\/?s={search_term_string}\"},\"query-input\":{\"@type\":\"PropertyValueSpecification\",\"valueRequired\":true,\"valueName\":\"search_term_string\"}}],\"inLanguage\":\"pt-BR\"},{\"@type\":\"Person\",\"@id\":\"https:\/\/verdadeon.com.br\/portal\/#\/schema\/person\/cc32be22b8e8599387c480bc83e1d11a\",\"name\":\"Fernando Lima\",\"image\":{\"@type\":\"ImageObject\",\"inLanguage\":\"pt-BR\",\"@id\":\"https:\/\/verdadeon.com.br\/portal\/#\/schema\/person\/image\/\",\"url\":\"https:\/\/secure.gravatar.com\/avatar\/df4c8e132080d2b3a4841d5d232045464e0eed11a1d6e43115ca0843d48768d3?s=96&d=mm&r=g\",\"contentUrl\":\"https:\/\/secure.gravatar.com\/avatar\/df4c8e132080d2b3a4841d5d232045464e0eed11a1d6e43115ca0843d48768d3?s=96&d=mm&r=g\",\"caption\":\"Fernando Lima\"},\"sameAs\":[\"http:\/\/verdadeon.com.br\/\"],\"url\":\"https:\/\/verdadeon.com.br\/portal\/author\/fernando-lima\/\"}]}<\/script>\n<!-- \/ Yoast SEO plugin. -->","yoast_head_json":{"title":"\u00c1lvaro Azzuz: 31 pacientes est\u00e3o na fila para um leito de UTI Covid - VerdadeOn","robots":{"index":"index","follow":"follow","max-snippet":"max-snippet:-1","max-image-preview":"max-image-preview:large","max-video-preview":"max-video-preview:-1"},"canonical":"https:\/\/verdadeon.com.br\/portal\/2021\/05\/17\/alvaro-azzuz-31-pacientes-estao-na-fila-para-um-leito-de-uti-covid\/","og_locale":"pt_BR","og_type":"article","og_title":"\u00c1lvaro Azzuz: 31 pacientes est\u00e3o na fila para um leito de UTI Covid - VerdadeOn","og_description":"N\u00famero \u00e9 o maior desde quando o boletim di\u00e1rio passou a ser divulgado h\u00e1 duas semanas O boletim divulgado diariamente pelo Pronto Socorro Municipal Doutor \u00c1lvaro [\u2026]","og_url":"https:\/\/verdadeon.com.br\/portal\/2021\/05\/17\/alvaro-azzuz-31-pacientes-estao-na-fila-para-um-leito-de-uti-covid\/","og_site_name":"VerdadeOn","article_published_time":"2021-05-17T20:15:17+00:00","og_image":[{"width":1000,"height":670,"url":"https:\/\/verdadeon.com.br\/portal\/wp-content\/uploads\/2021\/05\/ALVARO-AZZUZ-.jpeg","type":"image\/jpeg"}],"author":"Fernando Lima","twitter_card":"summary_large_image","twitter_misc":{"Escrito por":"Fernando Lima","Est. tempo de leitura":"2 minutos"},"schema":{"@context":"https:\/\/schema.org","@graph":[{"@type":"WebPage","@id":"https:\/\/verdadeon.com.br\/portal\/2021\/05\/17\/alvaro-azzuz-31-pacientes-estao-na-fila-para-um-leito-de-uti-covid\/","url":"https:\/\/verdadeon.com.br\/portal\/2021\/05\/17\/alvaro-azzuz-31-pacientes-estao-na-fila-para-um-leito-de-uti-covid\/","name":"\u00c1lvaro Azzuz: 31 pacientes est\u00e3o na fila para um leito de UTI Covid - VerdadeOn","isPartOf":{"@id":"https:\/\/verdadeon.com.br\/portal\/#website"},"primaryImageOfPage":{"@id":"https:\/\/verdadeon.com.br\/portal\/2021\/05\/17\/alvaro-azzuz-31-pacientes-estao-na-fila-para-um-leito-de-uti-covid\/#primaryimage"},"image":{"@id":"https:\/\/verdadeon.com.br\/portal\/2021\/05\/17\/alvaro-azzuz-31-pacientes-estao-na-fila-para-um-leito-de-uti-covid\/#primaryimage"},"thumbnailUrl":"https:\/\/i0.wp.com\/verdadeon.com.br\/portal\/wp-content\/uploads\/2021\/05\/ALVARO-AZZUZ-.jpeg?fit=1000%2C670&ssl=1","datePublished":"2021-05-17T20:15:17+00:00","author":{"@id":"https:\/\/verdadeon.com.br\/portal\/#\/schema\/person\/cc32be22b8e8599387c480bc83e1d11a"},"breadcrumb":{"@id":"https:\/\/verdadeon.com.br\/portal\/2021\/05\/17\/alvaro-azzuz-31-pacientes-estao-na-fila-para-um-leito-de-uti-covid\/#breadcrumb"},"inLanguage":"pt-BR","potentialAction":[{"@type":"ReadAction","target":["https:\/\/verdadeon.com.br\/portal\/2021\/05\/17\/alvaro-azzuz-31-pacientes-estao-na-fila-para-um-leito-de-uti-covid\/"]}]},{"@type":"ImageObject","inLanguage":"pt-BR","@id":"https:\/\/verdadeon.com.br\/portal\/2021\/05\/17\/alvaro-azzuz-31-pacientes-estao-na-fila-para-um-leito-de-uti-covid\/#primaryimage","url":"https:\/\/i0.wp.com\/verdadeon.com.br\/portal\/wp-content\/uploads\/2021\/05\/ALVARO-AZZUZ-.jpeg?fit=1000%2C670&ssl=1","contentUrl":"https:\/\/i0.wp.com\/verdadeon.com.br\/portal\/wp-content\/uploads\/2021\/05\/ALVARO-AZZUZ-.jpeg?fit=1000%2C670&ssl=1","width":1000,"height":670,"caption":"Faixa do lado de fora do P.S. pede ajuda da popula\u00e7\u00e3o para conter o v\u00edrus na cidade | Foto: Jornal Verdade"},{"@type":"BreadcrumbList","@id":"https:\/\/verdadeon.com.br\/portal\/2021\/05\/17\/alvaro-azzuz-31-pacientes-estao-na-fila-para-um-leito-de-uti-covid\/#breadcrumb","itemListElement":[{"@type":"ListItem","position":1,"name":"In\u00edcio","item":"https:\/\/verdadeon.com.br\/portal\/"},{"@type":"ListItem","position":2,"name":"\u00c1lvaro Azzuz: 31 pacientes est\u00e3o na fila para um leito de UTI Covid"}]},{"@type":"WebSite","@id":"https:\/\/verdadeon.com.br\/portal\/#website","url":"https:\/\/verdadeon.com.br\/portal\/","name":"VerdadeOn","description":"Not\u00edcias di\u00e1rias sobre Franca, Regi\u00e3o, Esporte, Cultura, Cotidiano, Colunas. Cobertura nos principais eventos da cidade \u00e9 aqui - Verdadeon Franca","potentialAction":[{"@type":"SearchAction","target":{"@type":"EntryPoint","urlTemplate":"https:\/\/verdadeon.com.br\/portal\/?s={search_term_string}"},"query-input":{"@type":"PropertyValueSpecification","valueRequired":true,"valueName":"search_term_string"}}],"inLanguage":"pt-BR"},{"@type":"Person","@id":"https:\/\/verdadeon.com.br\/portal\/#\/schema\/person\/cc32be22b8e8599387c480bc83e1d11a","name":"Fernando Lima","image":{"@type":"ImageObject","inLanguage":"pt-BR","@id":"https:\/\/verdadeon.com.br\/portal\/#\/schema\/person\/image\/","url":"https:\/\/secure.gravatar.com\/avatar\/df4c8e132080d2b3a4841d5d232045464e0eed11a1d6e43115ca0843d48768d3?s=96&d=mm&r=g","contentUrl":"https:\/\/secure.gravatar.com\/avatar\/df4c8e132080d2b3a4841d5d232045464e0eed11a1d6e43115ca0843d48768d3?s=96&d=mm&r=g","caption":"Fernando Lima"},"sameAs":["http:\/\/verdadeon.com.br\/"],"url":"https:\/\/verdadeon.com.br\/portal\/author\/fernando-lima\/"}]}},"jetpack_publicize_connections":[],"jetpack_featured_media_url":"https:\/\/i0.wp.com\/verdadeon.com.br\/portal\/wp-content\/uploads\/2021\/05\/ALVARO-AZZUZ-.jpeg?fit=1000%2C670&ssl=1","jetpack_sharing_enabled":true,"_links":{"self":[{"href":"https:\/\/verdadeon.com.br\/portal\/wp-json\/wp\/v2\/posts\/16736","targetHints":{"allow":["GET"]}}],"collection":[{"href":"https:\/\/verdadeon.com.br\/portal\/wp-json\/wp\/v2\/posts"}],"about":[{"href":"https:\/\/verdadeon.com.br\/portal\/wp-json\/wp\/v2\/types\/post"}],"author":[{"embeddable":true,"href":"https:\/\/verdadeon.com.br\/portal\/wp-json\/wp\/v2\/users\/7"}],"replies":[{"embeddable":true,"href":"https:\/\/verdadeon.com.br\/portal\/wp-json\/wp\/v2\/comments?post=16736"}],"version-history":[{"count":0,"href":"https:\/\/verdadeon.com.br\/portal\/wp-json\/wp\/v2\/posts\/16736\/revisions"}],"wp:featuredmedia":[{"embeddable":true,"href":"https:\/\/verdadeon.com.br\/portal\/wp-json\/wp\/v2\/media\/16737"}],"wp:attachment":[{"href":"https:\/\/verdadeon.com.br\/portal\/wp-json\/wp\/v2\/media?parent=16736"}],"wp:term":[{"taxonomy":"category","embeddable":true,"href":"https:\/\/verdadeon.com.br\/portal\/wp-json\/wp\/v2\/categories?post=16736"},{"taxonomy":"post_tag","embeddable":true,"href":"https:\/\/verdadeon.com.br\/portal\/wp-json\/wp\/v2\/tags?post=16736"}],"curies":[{"name":"wp","href":"https:\/\/api.w.org\/{rel}","templated":true}]}}