{"id":16733,"date":"2021-05-17T17:11:17","date_gmt":"2021-05-17T20:11:17","guid":{"rendered":"https:\/\/verdadeon.com.br\/portal\/?p=16733"},"modified":"2021-05-17T17:11:17","modified_gmt":"2021-05-17T20:11:17","slug":"grupo-santa-casa-ira-instalar-escada-externa-para-evasao-de-emergencia","status":"publish","type":"post","link":"https:\/\/verdadeon.com.br\/portal\/2021\/05\/17\/grupo-santa-casa-ira-instalar-escada-externa-para-evasao-de-emergencia\/","title":{"rendered":"Grupo Santa Casa ir\u00e1 instalar escada externa para evas\u00e3o de emerg\u00eancia"},"content":{"rendered":"<h2>Instala\u00e7\u00e3o segue recomenda\u00e7\u00f5es t\u00e9cnicas do Corpo de Bombeiros de Franca<\/h2>\n<p>Com foco na garantia da seguran\u00e7a de seus pacientes, profissionais e usu\u00e1rios, a diretoria administrativa do Grupo Santa Casa de Franca vem trabalhando incessantemente para atender a todas as Instru\u00e7\u00f5es T\u00e9cnicas do Corpo de Bombeiros e executar na \u00edntegra seu projeto de prote\u00e7\u00e3o contra inc\u00eandios, j\u00e1 aprovado por este \u00f3rg\u00e3o. Assim, a institui\u00e7\u00e3o ir\u00e1 instalar uma escada de emerg\u00eancia externa, que oferecer\u00e1 rota de fuga do quinto andar at\u00e9 o t\u00e9rreo permitindo maior evacua\u00e7\u00e3o da popula\u00e7\u00e3o em caso de sinistros. E para realizar tal obra, a Santa Casa providenciou a amplia\u00e7\u00e3o de sua rede de hidrantes; os detectores de fuma\u00e7a foram inspecionados e substitu\u00eddos; a rede de centrais aumentada e houve a demoli\u00e7\u00e3o da antiga \u00e1rea de coleta do laborat\u00f3rio para constru\u00e7\u00e3o da escada de emerg\u00eancia. A instala\u00e7\u00e3o est\u00e1 prevista para os dois pr\u00f3ximos domingos (dias 23 e 30 de maio), com necessidade de interdi\u00e7\u00e3o da via p\u00fablica da Rua Volunt\u00e1rios da Franca, no trecho entre as ruas Padre Anchieta e Dr. J\u00falio Cardoso.<\/p>\n<p>O presidente do Grupo Santa Casa de Franca, Tony Graciano, destaca: \u201cTemos investido na realiza\u00e7\u00e3o de uma gest\u00e3o que se preocupa com a melhoria cont\u00ednua e busca de qualidade e excel\u00eancia em todos os aspectos que envolvem o processo de atendimento de nossos usu\u00e1rios, em seus m\u00ednimos detalhes. Desta forma, n\u00e3o seria diferente nossa atitude em rela\u00e7\u00e3o \u00e0 seguran\u00e7a de nossos colaboradores e pacientes, pois temos visto nos notici\u00e1rios v\u00e1rios acontecimentos infelizmente desastrosos, por falta de investimento em seguran\u00e7a, inclusive envolvendo hospitais\u201d, falou Tony.<\/p>\n<p>O Administrador Hospitalar do Grupo, Thiago Silva, fez a seguinte observa\u00e7\u00e3o: \u201cCom apoio do SESMT (Servi\u00e7o Especializado em Engenharia de Seguran\u00e7a e Medicina do Trabalho), ap\u00f3s um longo per\u00edodo de adequa\u00e7\u00f5es, futuramente teremos condi\u00e7\u00f5es de obter o AVCB &#8211; Auto de Vistoria do Corpo de Bombeiros \u2013 que \u00e9 o documento emitido pelo Corpo de Bombeiros da Pol\u00edcia Militar do Estado de S\u00e3o Paulo (CBPMESP) certificando que, durante a vistoria, a edifica\u00e7\u00e3o possu\u00eda as condi\u00e7\u00f5es de seguran\u00e7a contra inc\u00eandio. \u00c9 um conjunto de medidas estruturais, t\u00e9cnicas e organizacionais integradas para garantir \u00e0 edifica\u00e7\u00e3o um n\u00edvel \u00f3timo de prote\u00e7\u00e3o no segmento de seguran\u00e7a contra inc\u00eandios e p\u00e2nico, previstas pela legisla\u00e7\u00e3o e constantes no processo, estabelecendo um per\u00edodo de revalida\u00e7\u00e3o\u201d, concluiu Thiago Silva.<\/p>\n<p>O\u00a0Grupo Santa Casa de Franca tem trabalhado arduamente \u2013 e com sucesso &#8211; para implantar e manter todos os protocolos de seguran\u00e7a, tanto para os trabalhadores quanto para o p\u00fablico usu\u00e1rio e pacientes internados nos hospitais do Grupo.<\/p>\n<p>&nbsp;<\/p>\n","protected":false},"excerpt":{"rendered":"<p>Instala\u00e7\u00e3o segue recomenda\u00e7\u00f5es t\u00e9cnicas do Corpo de Bombeiros de Franca Com foco na garantia da seguran\u00e7a de seus pacientes, profissionais e usu\u00e1rios, a diretoria administrativa do<span class=\"excerpt-hellip\"> [\u2026]<\/span><\/p>\n","protected":false},"author":7,"featured_media":16734,"comment_status":"open","ping_status":"open","sticky":false,"template":"","format":"standard","meta":{"_jetpack_memberships_contains_paid_content":false,"footnotes":"","jetpack_publicize_message":"","jetpack_publicize_feature_enabled":true,"jetpack_social_post_already_shared":false,"jetpack_social_options":{"image_generator_settings":{"template":"highway","default_image_id":0,"enabled":false},"version":2}},"categories":[28,81],"tags":[],"class_list":["post-16733","post","type-post","status-publish","format-standard","has-post-thumbnail","hentry","category-cotidiano","category-manchete"],"yoast_head":"<!-- This site is optimized with the Yoast SEO plugin v25.6 - https:\/\/yoast.com\/wordpress\/plugins\/seo\/ -->\n<title>Grupo Santa Casa ir\u00e1 instalar escada externa para evas\u00e3o de emerg\u00eancia - VerdadeOn<\/title>\n<meta name=\"robots\" content=\"index, follow, max-snippet:-1, max-image-preview:large, max-video-preview:-1\" \/>\n<link rel=\"canonical\" href=\"https:\/\/verdadeon.com.br\/portal\/2021\/05\/17\/grupo-santa-casa-ira-instalar-escada-externa-para-evasao-de-emergencia\/\" \/>\n<meta property=\"og:locale\" content=\"pt_BR\" \/>\n<meta property=\"og:type\" content=\"article\" \/>\n<meta property=\"og:title\" content=\"Grupo Santa Casa ir\u00e1 instalar escada externa para evas\u00e3o de emerg\u00eancia - VerdadeOn\" \/>\n<meta property=\"og:description\" content=\"Instala\u00e7\u00e3o segue recomenda\u00e7\u00f5es t\u00e9cnicas do Corpo de Bombeiros de Franca Com foco na garantia da seguran\u00e7a de seus pacientes, profissionais e usu\u00e1rios, a diretoria administrativa do [\u2026]\" \/>\n<meta property=\"og:url\" content=\"https:\/\/verdadeon.com.br\/portal\/2021\/05\/17\/grupo-santa-casa-ira-instalar-escada-externa-para-evasao-de-emergencia\/\" \/>\n<meta property=\"og:site_name\" content=\"VerdadeOn\" \/>\n<meta property=\"article:published_time\" content=\"2021-05-17T20:11:17+00:00\" \/>\n<meta property=\"og:image\" content=\"https:\/\/verdadeon.com.br\/portal\/wp-content\/uploads\/2021\/05\/SANTA-CASA-.jpg\" \/>\n\t<meta property=\"og:image:width\" content=\"1000\" \/>\n\t<meta property=\"og:image:height\" content=\"670\" \/>\n\t<meta property=\"og:image:type\" content=\"image\/jpeg\" \/>\n<meta name=\"author\" content=\"Fernando Lima\" \/>\n<meta name=\"twitter:card\" content=\"summary_large_image\" \/>\n<meta name=\"twitter:label1\" content=\"Escrito por\" \/>\n\t<meta name=\"twitter:data1\" content=\"Fernando Lima\" \/>\n\t<meta name=\"twitter:label2\" content=\"Est. tempo de leitura\" \/>\n\t<meta name=\"twitter:data2\" content=\"2 minutos\" \/>\n<script type=\"application\/ld+json\" class=\"yoast-schema-graph\">{\"@context\":\"https:\/\/schema.org\",\"@graph\":[{\"@type\":\"WebPage\",\"@id\":\"https:\/\/verdadeon.com.br\/portal\/2021\/05\/17\/grupo-santa-casa-ira-instalar-escada-externa-para-evasao-de-emergencia\/\",\"url\":\"https:\/\/verdadeon.com.br\/portal\/2021\/05\/17\/grupo-santa-casa-ira-instalar-escada-externa-para-evasao-de-emergencia\/\",\"name\":\"Grupo Santa Casa ir\u00e1 instalar escada externa para evas\u00e3o de emerg\u00eancia - VerdadeOn\",\"isPartOf\":{\"@id\":\"https:\/\/verdadeon.com.br\/portal\/#website\"},\"primaryImageOfPage\":{\"@id\":\"https:\/\/verdadeon.com.br\/portal\/2021\/05\/17\/grupo-santa-casa-ira-instalar-escada-externa-para-evasao-de-emergencia\/#primaryimage\"},\"image\":{\"@id\":\"https:\/\/verdadeon.com.br\/portal\/2021\/05\/17\/grupo-santa-casa-ira-instalar-escada-externa-para-evasao-de-emergencia\/#primaryimage\"},\"thumbnailUrl\":\"https:\/\/i0.wp.com\/verdadeon.com.br\/portal\/wp-content\/uploads\/2021\/05\/SANTA-CASA-.jpg?fit=1000%2C670&ssl=1\",\"datePublished\":\"2021-05-17T20:11:17+00:00\",\"author\":{\"@id\":\"https:\/\/verdadeon.com.br\/portal\/#\/schema\/person\/cc32be22b8e8599387c480bc83e1d11a\"},\"breadcrumb\":{\"@id\":\"https:\/\/verdadeon.com.br\/portal\/2021\/05\/17\/grupo-santa-casa-ira-instalar-escada-externa-para-evasao-de-emergencia\/#breadcrumb\"},\"inLanguage\":\"pt-BR\",\"potentialAction\":[{\"@type\":\"ReadAction\",\"target\":[\"https:\/\/verdadeon.com.br\/portal\/2021\/05\/17\/grupo-santa-casa-ira-instalar-escada-externa-para-evasao-de-emergencia\/\"]}]},{\"@type\":\"ImageObject\",\"inLanguage\":\"pt-BR\",\"@id\":\"https:\/\/verdadeon.com.br\/portal\/2021\/05\/17\/grupo-santa-casa-ira-instalar-escada-externa-para-evasao-de-emergencia\/#primaryimage\",\"url\":\"https:\/\/i0.wp.com\/verdadeon.com.br\/portal\/wp-content\/uploads\/2021\/05\/SANTA-CASA-.jpg?fit=1000%2C670&ssl=1\",\"contentUrl\":\"https:\/\/i0.wp.com\/verdadeon.com.br\/portal\/wp-content\/uploads\/2021\/05\/SANTA-CASA-.jpg?fit=1000%2C670&ssl=1\",\"width\":1000,\"height\":670,\"caption\":\"A instala\u00e7\u00e3o est\u00e1 prevista para os dois pr\u00f3ximos domingos, dias 23 e 30 de maio Foto: Divulga\u00e7\u00e3o\"},{\"@type\":\"BreadcrumbList\",\"@id\":\"https:\/\/verdadeon.com.br\/portal\/2021\/05\/17\/grupo-santa-casa-ira-instalar-escada-externa-para-evasao-de-emergencia\/#breadcrumb\",\"itemListElement\":[{\"@type\":\"ListItem\",\"position\":1,\"name\":\"In\u00edcio\",\"item\":\"https:\/\/verdadeon.com.br\/portal\/\"},{\"@type\":\"ListItem\",\"position\":2,\"name\":\"Grupo Santa Casa ir\u00e1 instalar escada externa para evas\u00e3o de emerg\u00eancia\"}]},{\"@type\":\"WebSite\",\"@id\":\"https:\/\/verdadeon.com.br\/portal\/#website\",\"url\":\"https:\/\/verdadeon.com.br\/portal\/\",\"name\":\"VerdadeOn\",\"description\":\"Not\u00edcias di\u00e1rias sobre Franca, Regi\u00e3o, Esporte, Cultura, Cotidiano, Colunas. Cobertura nos principais eventos da cidade \u00e9 aqui - Verdadeon Franca\",\"potentialAction\":[{\"@type\":\"SearchAction\",\"target\":{\"@type\":\"EntryPoint\",\"urlTemplate\":\"https:\/\/verdadeon.com.br\/portal\/?s={search_term_string}\"},\"query-input\":{\"@type\":\"PropertyValueSpecification\",\"valueRequired\":true,\"valueName\":\"search_term_string\"}}],\"inLanguage\":\"pt-BR\"},{\"@type\":\"Person\",\"@id\":\"https:\/\/verdadeon.com.br\/portal\/#\/schema\/person\/cc32be22b8e8599387c480bc83e1d11a\",\"name\":\"Fernando Lima\",\"image\":{\"@type\":\"ImageObject\",\"inLanguage\":\"pt-BR\",\"@id\":\"https:\/\/verdadeon.com.br\/portal\/#\/schema\/person\/image\/\",\"url\":\"https:\/\/secure.gravatar.com\/avatar\/df4c8e132080d2b3a4841d5d232045464e0eed11a1d6e43115ca0843d48768d3?s=96&d=mm&r=g\",\"contentUrl\":\"https:\/\/secure.gravatar.com\/avatar\/df4c8e132080d2b3a4841d5d232045464e0eed11a1d6e43115ca0843d48768d3?s=96&d=mm&r=g\",\"caption\":\"Fernando Lima\"},\"sameAs\":[\"http:\/\/verdadeon.com.br\/\"],\"url\":\"https:\/\/verdadeon.com.br\/portal\/author\/fernando-lima\/\"}]}<\/script>\n<!-- \/ Yoast SEO plugin. -->","yoast_head_json":{"title":"Grupo Santa Casa ir\u00e1 instalar escada externa para evas\u00e3o de emerg\u00eancia - VerdadeOn","robots":{"index":"index","follow":"follow","max-snippet":"max-snippet:-1","max-image-preview":"max-image-preview:large","max-video-preview":"max-video-preview:-1"},"canonical":"https:\/\/verdadeon.com.br\/portal\/2021\/05\/17\/grupo-santa-casa-ira-instalar-escada-externa-para-evasao-de-emergencia\/","og_locale":"pt_BR","og_type":"article","og_title":"Grupo Santa Casa ir\u00e1 instalar escada externa para evas\u00e3o de emerg\u00eancia - VerdadeOn","og_description":"Instala\u00e7\u00e3o segue recomenda\u00e7\u00f5es t\u00e9cnicas do Corpo de Bombeiros de Franca Com foco na garantia da seguran\u00e7a de seus pacientes, profissionais e usu\u00e1rios, a diretoria administrativa do [\u2026]","og_url":"https:\/\/verdadeon.com.br\/portal\/2021\/05\/17\/grupo-santa-casa-ira-instalar-escada-externa-para-evasao-de-emergencia\/","og_site_name":"VerdadeOn","article_published_time":"2021-05-17T20:11:17+00:00","og_image":[{"width":1000,"height":670,"url":"https:\/\/verdadeon.com.br\/portal\/wp-content\/uploads\/2021\/05\/SANTA-CASA-.jpg","type":"image\/jpeg"}],"author":"Fernando Lima","twitter_card":"summary_large_image","twitter_misc":{"Escrito por":"Fernando Lima","Est. tempo de leitura":"2 minutos"},"schema":{"@context":"https:\/\/schema.org","@graph":[{"@type":"WebPage","@id":"https:\/\/verdadeon.com.br\/portal\/2021\/05\/17\/grupo-santa-casa-ira-instalar-escada-externa-para-evasao-de-emergencia\/","url":"https:\/\/verdadeon.com.br\/portal\/2021\/05\/17\/grupo-santa-casa-ira-instalar-escada-externa-para-evasao-de-emergencia\/","name":"Grupo Santa Casa ir\u00e1 instalar escada externa para evas\u00e3o de emerg\u00eancia - VerdadeOn","isPartOf":{"@id":"https:\/\/verdadeon.com.br\/portal\/#website"},"primaryImageOfPage":{"@id":"https:\/\/verdadeon.com.br\/portal\/2021\/05\/17\/grupo-santa-casa-ira-instalar-escada-externa-para-evasao-de-emergencia\/#primaryimage"},"image":{"@id":"https:\/\/verdadeon.com.br\/portal\/2021\/05\/17\/grupo-santa-casa-ira-instalar-escada-externa-para-evasao-de-emergencia\/#primaryimage"},"thumbnailUrl":"https:\/\/i0.wp.com\/verdadeon.com.br\/portal\/wp-content\/uploads\/2021\/05\/SANTA-CASA-.jpg?fit=1000%2C670&ssl=1","datePublished":"2021-05-17T20:11:17+00:00","author":{"@id":"https:\/\/verdadeon.com.br\/portal\/#\/schema\/person\/cc32be22b8e8599387c480bc83e1d11a"},"breadcrumb":{"@id":"https:\/\/verdadeon.com.br\/portal\/2021\/05\/17\/grupo-santa-casa-ira-instalar-escada-externa-para-evasao-de-emergencia\/#breadcrumb"},"inLanguage":"pt-BR","potentialAction":[{"@type":"ReadAction","target":["https:\/\/verdadeon.com.br\/portal\/2021\/05\/17\/grupo-santa-casa-ira-instalar-escada-externa-para-evasao-de-emergencia\/"]}]},{"@type":"ImageObject","inLanguage":"pt-BR","@id":"https:\/\/verdadeon.com.br\/portal\/2021\/05\/17\/grupo-santa-casa-ira-instalar-escada-externa-para-evasao-de-emergencia\/#primaryimage","url":"https:\/\/i0.wp.com\/verdadeon.com.br\/portal\/wp-content\/uploads\/2021\/05\/SANTA-CASA-.jpg?fit=1000%2C670&ssl=1","contentUrl":"https:\/\/i0.wp.com\/verdadeon.com.br\/portal\/wp-content\/uploads\/2021\/05\/SANTA-CASA-.jpg?fit=1000%2C670&ssl=1","width":1000,"height":670,"caption":"A instala\u00e7\u00e3o est\u00e1 prevista para os dois pr\u00f3ximos domingos, dias 23 e 30 de maio Foto: Divulga\u00e7\u00e3o"},{"@type":"BreadcrumbList","@id":"https:\/\/verdadeon.com.br\/portal\/2021\/05\/17\/grupo-santa-casa-ira-instalar-escada-externa-para-evasao-de-emergencia\/#breadcrumb","itemListElement":[{"@type":"ListItem","position":1,"name":"In\u00edcio","item":"https:\/\/verdadeon.com.br\/portal\/"},{"@type":"ListItem","position":2,"name":"Grupo Santa Casa ir\u00e1 instalar escada externa para evas\u00e3o de emerg\u00eancia"}]},{"@type":"WebSite","@id":"https:\/\/verdadeon.com.br\/portal\/#website","url":"https:\/\/verdadeon.com.br\/portal\/","name":"VerdadeOn","description":"Not\u00edcias di\u00e1rias sobre Franca, Regi\u00e3o, Esporte, Cultura, Cotidiano, Colunas. Cobertura nos principais eventos da cidade \u00e9 aqui - Verdadeon Franca","potentialAction":[{"@type":"SearchAction","target":{"@type":"EntryPoint","urlTemplate":"https:\/\/verdadeon.com.br\/portal\/?s={search_term_string}"},"query-input":{"@type":"PropertyValueSpecification","valueRequired":true,"valueName":"search_term_string"}}],"inLanguage":"pt-BR"},{"@type":"Person","@id":"https:\/\/verdadeon.com.br\/portal\/#\/schema\/person\/cc32be22b8e8599387c480bc83e1d11a","name":"Fernando Lima","image":{"@type":"ImageObject","inLanguage":"pt-BR","@id":"https:\/\/verdadeon.com.br\/portal\/#\/schema\/person\/image\/","url":"https:\/\/secure.gravatar.com\/avatar\/df4c8e132080d2b3a4841d5d232045464e0eed11a1d6e43115ca0843d48768d3?s=96&d=mm&r=g","contentUrl":"https:\/\/secure.gravatar.com\/avatar\/df4c8e132080d2b3a4841d5d232045464e0eed11a1d6e43115ca0843d48768d3?s=96&d=mm&r=g","caption":"Fernando Lima"},"sameAs":["http:\/\/verdadeon.com.br\/"],"url":"https:\/\/verdadeon.com.br\/portal\/author\/fernando-lima\/"}]}},"jetpack_publicize_connections":[],"jetpack_featured_media_url":"https:\/\/i0.wp.com\/verdadeon.com.br\/portal\/wp-content\/uploads\/2021\/05\/SANTA-CASA-.jpg?fit=1000%2C670&ssl=1","jetpack_sharing_enabled":true,"_links":{"self":[{"href":"https:\/\/verdadeon.com.br\/portal\/wp-json\/wp\/v2\/posts\/16733","targetHints":{"allow":["GET"]}}],"collection":[{"href":"https:\/\/verdadeon.com.br\/portal\/wp-json\/wp\/v2\/posts"}],"about":[{"href":"https:\/\/verdadeon.com.br\/portal\/wp-json\/wp\/v2\/types\/post"}],"author":[{"embeddable":true,"href":"https:\/\/verdadeon.com.br\/portal\/wp-json\/wp\/v2\/users\/7"}],"replies":[{"embeddable":true,"href":"https:\/\/verdadeon.com.br\/portal\/wp-json\/wp\/v2\/comments?post=16733"}],"version-history":[{"count":0,"href":"https:\/\/verdadeon.com.br\/portal\/wp-json\/wp\/v2\/posts\/16733\/revisions"}],"wp:featuredmedia":[{"embeddable":true,"href":"https:\/\/verdadeon.com.br\/portal\/wp-json\/wp\/v2\/media\/16734"}],"wp:attachment":[{"href":"https:\/\/verdadeon.com.br\/portal\/wp-json\/wp\/v2\/media?parent=16733"}],"wp:term":[{"taxonomy":"category","embeddable":true,"href":"https:\/\/verdadeon.com.br\/portal\/wp-json\/wp\/v2\/categories?post=16733"},{"taxonomy":"post_tag","embeddable":true,"href":"https:\/\/verdadeon.com.br\/portal\/wp-json\/wp\/v2\/tags?post=16733"}],"curies":[{"name":"wp","href":"https:\/\/api.w.org\/{rel}","templated":true}]}}