{"id":16671,"date":"2021-05-13T17:08:57","date_gmt":"2021-05-13T20:08:57","guid":{"rendered":"https:\/\/verdadeon.com.br\/portal\/?p=16671"},"modified":"2021-05-13T17:08:57","modified_gmt":"2021-05-13T20:08:57","slug":"pediatria-da-upa-do-aeroporto-sera-suporte-para-casos-de-covid-do-alvaro-azzuz","status":"publish","type":"post","link":"https:\/\/verdadeon.com.br\/portal\/2021\/05\/13\/pediatria-da-upa-do-aeroporto-sera-suporte-para-casos-de-covid-do-alvaro-azzuz\/","title":{"rendered":"Pediatria da UPA do Aeroporto ser\u00e1 suporte para casos de Covid do \u00c1lvaro Azzuz"},"content":{"rendered":"<h2>Ala infantil da UPA ser\u00e1 transferida para o Pronto Socorro Infantil. Medida entra em vigor j\u00e1 nesta sexta-feira<\/h2>\n<p>A ala pedi\u00e1trica da Unidade de Pronto Atendimento (UPA), do Jardim Aeroporto, ser\u00e1 transformada em suporte para os pacientes atendidos no Polo da Covid-19, o P.S. \u00c1lvaro Azzuz. Os atendimentos pedi\u00e1tricos que eram realizados no local ser\u00e3o transferidos para o Pronto Socorro Infantil, j\u00e1 a partir desta sexta-feira.<\/p>\n<p>O an\u00fancio do prefeito Alexandre Ferreira foi realizado ap\u00f3s o principal pronto socorro de Franca colapsar nos atendimentos, a capacidade m\u00e1xima foi atingida nesta semana com todos os leitos de UTI e enfermaria do local ocupados.<\/p>\n<p>Nesta quinta-feira (13), a situa\u00e7\u00e3o chegou a um ponto t\u00e3o cr\u00edtico que pacientes acionaram a pol\u00edcia por conta da demora e pela grande quantidade de idosos aguardando por atendimento. A prefeitura informou que a situa\u00e7\u00e3o foi pontual e que foi necess\u00e1rio remanejar funcion\u00e1rios para atender casos mais complexos na unidade.<\/p>\n<p>\u201cParece que boa parte da popula\u00e7\u00e3o ainda age como se o v\u00edrus n\u00e3o existisse, ou n\u00e3o tivesse risco de ficar doente e muito menos que ele pudesse transmitir para outras pessoas, para os seus familiares por exemplo\u201d, afirmou Ferreira.<\/p>\n<p>Durante o comunicado o chefe do Executivo explicou ainda que a fiscaliza\u00e7\u00e3o contra aglomera\u00e7\u00f5es e eventos irregulares, ser\u00e1 refor\u00e7ada. \u201cEstamos implantando agora a Patrulha Covid. Guarda Civil e Vigil\u00e2ncia Sanit\u00e1ria andando juntas para que a gente possa melhorar e fazer com que diminua a transmiss\u00e3o da doen\u00e7a na nossa cidade\u201d.<\/p>\n<h2>Mais funcion\u00e1rios<\/h2>\n<p>No v\u00eddeo publicado nas redes sociais da Prefeitura, Alexandre Ferreira destacou ainda que j\u00e1 na pr\u00f3xima sess\u00e3o da C\u00e2mara Municipal, vai enviar um projeto de lei para contratar mais profissionais de sa\u00fade para a linha de frente do enfrentamento ao coronav\u00edrus.<\/p>\n<p>\u201cNada disso vai adiantar se as pessoas continuarem ignorando a gravidade da pandemia e o risco de pegarem o v\u00edrus. Ent\u00e3o se voc\u00ea quer que a cidade continue aberta, voc\u00ea precisa fazer a sua parte com urg\u00eancia. Sem a coopera\u00e7\u00e3o de todos e uma mudan\u00e7a na situa\u00e7\u00e3o atual, a ado\u00e7\u00e3o de medidas mais rigorosas ser\u00e3o inevit\u00e1veis nos pr\u00f3ximos dias\u201d, finalizou.<\/p>\n<p>&nbsp;<\/p>\n","protected":false},"excerpt":{"rendered":"<p>Ala infantil da UPA ser\u00e1 transferida para o Pronto Socorro Infantil. Medida entra em vigor j\u00e1 nesta sexta-feira A ala pedi\u00e1trica da Unidade de Pronto Atendimento<span class=\"excerpt-hellip\"> [\u2026]<\/span><\/p>\n","protected":false},"author":7,"featured_media":16672,"comment_status":"open","ping_status":"open","sticky":false,"template":"","format":"standard","meta":{"_jetpack_memberships_contains_paid_content":false,"footnotes":"","jetpack_publicize_message":"","jetpack_publicize_feature_enabled":true,"jetpack_social_post_already_shared":false,"jetpack_social_options":{"image_generator_settings":{"template":"highway","default_image_id":0,"enabled":false},"version":2}},"categories":[28,81],"tags":[],"class_list":["post-16671","post","type-post","status-publish","format-standard","has-post-thumbnail","hentry","category-cotidiano","category-manchete"],"yoast_head":"<!-- This site is optimized with the Yoast SEO plugin v25.6 - https:\/\/yoast.com\/wordpress\/plugins\/seo\/ -->\n<title>Pediatria da UPA do Aeroporto ser\u00e1 suporte para casos de Covid do \u00c1lvaro Azzuz - VerdadeOn<\/title>\n<meta name=\"robots\" content=\"index, follow, max-snippet:-1, max-image-preview:large, max-video-preview:-1\" \/>\n<link rel=\"canonical\" href=\"https:\/\/verdadeon.com.br\/portal\/2021\/05\/13\/pediatria-da-upa-do-aeroporto-sera-suporte-para-casos-de-covid-do-alvaro-azzuz\/\" \/>\n<meta property=\"og:locale\" content=\"pt_BR\" \/>\n<meta property=\"og:type\" content=\"article\" \/>\n<meta property=\"og:title\" content=\"Pediatria da UPA do Aeroporto ser\u00e1 suporte para casos de Covid do \u00c1lvaro Azzuz - VerdadeOn\" \/>\n<meta property=\"og:description\" content=\"Ala infantil da UPA ser\u00e1 transferida para o Pronto Socorro Infantil. Medida entra em vigor j\u00e1 nesta sexta-feira A ala pedi\u00e1trica da Unidade de Pronto Atendimento [\u2026]\" \/>\n<meta property=\"og:url\" content=\"https:\/\/verdadeon.com.br\/portal\/2021\/05\/13\/pediatria-da-upa-do-aeroporto-sera-suporte-para-casos-de-covid-do-alvaro-azzuz\/\" \/>\n<meta property=\"og:site_name\" content=\"VerdadeOn\" \/>\n<meta property=\"article:published_time\" content=\"2021-05-13T20:08:57+00:00\" \/>\n<meta property=\"og:image\" content=\"https:\/\/verdadeon.com.br\/portal\/wp-content\/uploads\/2021\/05\/PREFEITO-.jpeg\" \/>\n\t<meta property=\"og:image:width\" content=\"1000\" \/>\n\t<meta property=\"og:image:height\" content=\"670\" \/>\n\t<meta property=\"og:image:type\" content=\"image\/jpeg\" \/>\n<meta name=\"author\" content=\"Fernando Lima\" \/>\n<meta name=\"twitter:card\" content=\"summary_large_image\" \/>\n<meta name=\"twitter:label1\" content=\"Escrito por\" \/>\n\t<meta name=\"twitter:data1\" content=\"Fernando Lima\" \/>\n\t<meta name=\"twitter:label2\" content=\"Est. tempo de leitura\" \/>\n\t<meta name=\"twitter:data2\" content=\"2 minutos\" \/>\n<script type=\"application\/ld+json\" class=\"yoast-schema-graph\">{\"@context\":\"https:\/\/schema.org\",\"@graph\":[{\"@type\":\"WebPage\",\"@id\":\"https:\/\/verdadeon.com.br\/portal\/2021\/05\/13\/pediatria-da-upa-do-aeroporto-sera-suporte-para-casos-de-covid-do-alvaro-azzuz\/\",\"url\":\"https:\/\/verdadeon.com.br\/portal\/2021\/05\/13\/pediatria-da-upa-do-aeroporto-sera-suporte-para-casos-de-covid-do-alvaro-azzuz\/\",\"name\":\"Pediatria da UPA do Aeroporto ser\u00e1 suporte para casos de Covid do \u00c1lvaro Azzuz - VerdadeOn\",\"isPartOf\":{\"@id\":\"https:\/\/verdadeon.com.br\/portal\/#website\"},\"primaryImageOfPage\":{\"@id\":\"https:\/\/verdadeon.com.br\/portal\/2021\/05\/13\/pediatria-da-upa-do-aeroporto-sera-suporte-para-casos-de-covid-do-alvaro-azzuz\/#primaryimage\"},\"image\":{\"@id\":\"https:\/\/verdadeon.com.br\/portal\/2021\/05\/13\/pediatria-da-upa-do-aeroporto-sera-suporte-para-casos-de-covid-do-alvaro-azzuz\/#primaryimage\"},\"thumbnailUrl\":\"https:\/\/i0.wp.com\/verdadeon.com.br\/portal\/wp-content\/uploads\/2021\/05\/PREFEITO-.jpeg?fit=1000%2C670&ssl=1\",\"datePublished\":\"2021-05-13T20:08:57+00:00\",\"author\":{\"@id\":\"https:\/\/verdadeon.com.br\/portal\/#\/schema\/person\/cc32be22b8e8599387c480bc83e1d11a\"},\"breadcrumb\":{\"@id\":\"https:\/\/verdadeon.com.br\/portal\/2021\/05\/13\/pediatria-da-upa-do-aeroporto-sera-suporte-para-casos-de-covid-do-alvaro-azzuz\/#breadcrumb\"},\"inLanguage\":\"pt-BR\",\"potentialAction\":[{\"@type\":\"ReadAction\",\"target\":[\"https:\/\/verdadeon.com.br\/portal\/2021\/05\/13\/pediatria-da-upa-do-aeroporto-sera-suporte-para-casos-de-covid-do-alvaro-azzuz\/\"]}]},{\"@type\":\"ImageObject\",\"inLanguage\":\"pt-BR\",\"@id\":\"https:\/\/verdadeon.com.br\/portal\/2021\/05\/13\/pediatria-da-upa-do-aeroporto-sera-suporte-para-casos-de-covid-do-alvaro-azzuz\/#primaryimage\",\"url\":\"https:\/\/i0.wp.com\/verdadeon.com.br\/portal\/wp-content\/uploads\/2021\/05\/PREFEITO-.jpeg?fit=1000%2C670&ssl=1\",\"contentUrl\":\"https:\/\/i0.wp.com\/verdadeon.com.br\/portal\/wp-content\/uploads\/2021\/05\/PREFEITO-.jpeg?fit=1000%2C670&ssl=1\",\"width\":1000,\"height\":670,\"caption\":\"No v\u00eddeo prefeito afirmou ainda que n\u00e3o descarta medidas mais r\u00edgidas caso popula\u00e7\u00e3o n\u00e3o colabore | Foto: Reprodu\u00e7\u00e3o\"},{\"@type\":\"BreadcrumbList\",\"@id\":\"https:\/\/verdadeon.com.br\/portal\/2021\/05\/13\/pediatria-da-upa-do-aeroporto-sera-suporte-para-casos-de-covid-do-alvaro-azzuz\/#breadcrumb\",\"itemListElement\":[{\"@type\":\"ListItem\",\"position\":1,\"name\":\"In\u00edcio\",\"item\":\"https:\/\/verdadeon.com.br\/portal\/\"},{\"@type\":\"ListItem\",\"position\":2,\"name\":\"Pediatria da UPA do Aeroporto ser\u00e1 suporte para casos de Covid do \u00c1lvaro Azzuz\"}]},{\"@type\":\"WebSite\",\"@id\":\"https:\/\/verdadeon.com.br\/portal\/#website\",\"url\":\"https:\/\/verdadeon.com.br\/portal\/\",\"name\":\"VerdadeOn\",\"description\":\"Not\u00edcias di\u00e1rias sobre Franca, Regi\u00e3o, Esporte, Cultura, Cotidiano, Colunas. Cobertura nos principais eventos da cidade \u00e9 aqui - Verdadeon Franca\",\"potentialAction\":[{\"@type\":\"SearchAction\",\"target\":{\"@type\":\"EntryPoint\",\"urlTemplate\":\"https:\/\/verdadeon.com.br\/portal\/?s={search_term_string}\"},\"query-input\":{\"@type\":\"PropertyValueSpecification\",\"valueRequired\":true,\"valueName\":\"search_term_string\"}}],\"inLanguage\":\"pt-BR\"},{\"@type\":\"Person\",\"@id\":\"https:\/\/verdadeon.com.br\/portal\/#\/schema\/person\/cc32be22b8e8599387c480bc83e1d11a\",\"name\":\"Fernando Lima\",\"image\":{\"@type\":\"ImageObject\",\"inLanguage\":\"pt-BR\",\"@id\":\"https:\/\/verdadeon.com.br\/portal\/#\/schema\/person\/image\/\",\"url\":\"https:\/\/secure.gravatar.com\/avatar\/df4c8e132080d2b3a4841d5d232045464e0eed11a1d6e43115ca0843d48768d3?s=96&d=mm&r=g\",\"contentUrl\":\"https:\/\/secure.gravatar.com\/avatar\/df4c8e132080d2b3a4841d5d232045464e0eed11a1d6e43115ca0843d48768d3?s=96&d=mm&r=g\",\"caption\":\"Fernando Lima\"},\"sameAs\":[\"http:\/\/verdadeon.com.br\/\"],\"url\":\"https:\/\/verdadeon.com.br\/portal\/author\/fernando-lima\/\"}]}<\/script>\n<!-- \/ Yoast SEO plugin. -->","yoast_head_json":{"title":"Pediatria da UPA do Aeroporto ser\u00e1 suporte para casos de Covid do \u00c1lvaro Azzuz - VerdadeOn","robots":{"index":"index","follow":"follow","max-snippet":"max-snippet:-1","max-image-preview":"max-image-preview:large","max-video-preview":"max-video-preview:-1"},"canonical":"https:\/\/verdadeon.com.br\/portal\/2021\/05\/13\/pediatria-da-upa-do-aeroporto-sera-suporte-para-casos-de-covid-do-alvaro-azzuz\/","og_locale":"pt_BR","og_type":"article","og_title":"Pediatria da UPA do Aeroporto ser\u00e1 suporte para casos de Covid do \u00c1lvaro Azzuz - VerdadeOn","og_description":"Ala infantil da UPA ser\u00e1 transferida para o Pronto Socorro Infantil. Medida entra em vigor j\u00e1 nesta sexta-feira A ala pedi\u00e1trica da Unidade de Pronto Atendimento [\u2026]","og_url":"https:\/\/verdadeon.com.br\/portal\/2021\/05\/13\/pediatria-da-upa-do-aeroporto-sera-suporte-para-casos-de-covid-do-alvaro-azzuz\/","og_site_name":"VerdadeOn","article_published_time":"2021-05-13T20:08:57+00:00","og_image":[{"width":1000,"height":670,"url":"https:\/\/verdadeon.com.br\/portal\/wp-content\/uploads\/2021\/05\/PREFEITO-.jpeg","type":"image\/jpeg"}],"author":"Fernando Lima","twitter_card":"summary_large_image","twitter_misc":{"Escrito por":"Fernando Lima","Est. tempo de leitura":"2 minutos"},"schema":{"@context":"https:\/\/schema.org","@graph":[{"@type":"WebPage","@id":"https:\/\/verdadeon.com.br\/portal\/2021\/05\/13\/pediatria-da-upa-do-aeroporto-sera-suporte-para-casos-de-covid-do-alvaro-azzuz\/","url":"https:\/\/verdadeon.com.br\/portal\/2021\/05\/13\/pediatria-da-upa-do-aeroporto-sera-suporte-para-casos-de-covid-do-alvaro-azzuz\/","name":"Pediatria da UPA do Aeroporto ser\u00e1 suporte para casos de Covid do \u00c1lvaro Azzuz - VerdadeOn","isPartOf":{"@id":"https:\/\/verdadeon.com.br\/portal\/#website"},"primaryImageOfPage":{"@id":"https:\/\/verdadeon.com.br\/portal\/2021\/05\/13\/pediatria-da-upa-do-aeroporto-sera-suporte-para-casos-de-covid-do-alvaro-azzuz\/#primaryimage"},"image":{"@id":"https:\/\/verdadeon.com.br\/portal\/2021\/05\/13\/pediatria-da-upa-do-aeroporto-sera-suporte-para-casos-de-covid-do-alvaro-azzuz\/#primaryimage"},"thumbnailUrl":"https:\/\/i0.wp.com\/verdadeon.com.br\/portal\/wp-content\/uploads\/2021\/05\/PREFEITO-.jpeg?fit=1000%2C670&ssl=1","datePublished":"2021-05-13T20:08:57+00:00","author":{"@id":"https:\/\/verdadeon.com.br\/portal\/#\/schema\/person\/cc32be22b8e8599387c480bc83e1d11a"},"breadcrumb":{"@id":"https:\/\/verdadeon.com.br\/portal\/2021\/05\/13\/pediatria-da-upa-do-aeroporto-sera-suporte-para-casos-de-covid-do-alvaro-azzuz\/#breadcrumb"},"inLanguage":"pt-BR","potentialAction":[{"@type":"ReadAction","target":["https:\/\/verdadeon.com.br\/portal\/2021\/05\/13\/pediatria-da-upa-do-aeroporto-sera-suporte-para-casos-de-covid-do-alvaro-azzuz\/"]}]},{"@type":"ImageObject","inLanguage":"pt-BR","@id":"https:\/\/verdadeon.com.br\/portal\/2021\/05\/13\/pediatria-da-upa-do-aeroporto-sera-suporte-para-casos-de-covid-do-alvaro-azzuz\/#primaryimage","url":"https:\/\/i0.wp.com\/verdadeon.com.br\/portal\/wp-content\/uploads\/2021\/05\/PREFEITO-.jpeg?fit=1000%2C670&ssl=1","contentUrl":"https:\/\/i0.wp.com\/verdadeon.com.br\/portal\/wp-content\/uploads\/2021\/05\/PREFEITO-.jpeg?fit=1000%2C670&ssl=1","width":1000,"height":670,"caption":"No v\u00eddeo prefeito afirmou ainda que n\u00e3o descarta medidas mais r\u00edgidas caso popula\u00e7\u00e3o n\u00e3o colabore | Foto: Reprodu\u00e7\u00e3o"},{"@type":"BreadcrumbList","@id":"https:\/\/verdadeon.com.br\/portal\/2021\/05\/13\/pediatria-da-upa-do-aeroporto-sera-suporte-para-casos-de-covid-do-alvaro-azzuz\/#breadcrumb","itemListElement":[{"@type":"ListItem","position":1,"name":"In\u00edcio","item":"https:\/\/verdadeon.com.br\/portal\/"},{"@type":"ListItem","position":2,"name":"Pediatria da UPA do Aeroporto ser\u00e1 suporte para casos de Covid do \u00c1lvaro Azzuz"}]},{"@type":"WebSite","@id":"https:\/\/verdadeon.com.br\/portal\/#website","url":"https:\/\/verdadeon.com.br\/portal\/","name":"VerdadeOn","description":"Not\u00edcias di\u00e1rias sobre Franca, Regi\u00e3o, Esporte, Cultura, Cotidiano, Colunas. Cobertura nos principais eventos da cidade \u00e9 aqui - Verdadeon Franca","potentialAction":[{"@type":"SearchAction","target":{"@type":"EntryPoint","urlTemplate":"https:\/\/verdadeon.com.br\/portal\/?s={search_term_string}"},"query-input":{"@type":"PropertyValueSpecification","valueRequired":true,"valueName":"search_term_string"}}],"inLanguage":"pt-BR"},{"@type":"Person","@id":"https:\/\/verdadeon.com.br\/portal\/#\/schema\/person\/cc32be22b8e8599387c480bc83e1d11a","name":"Fernando Lima","image":{"@type":"ImageObject","inLanguage":"pt-BR","@id":"https:\/\/verdadeon.com.br\/portal\/#\/schema\/person\/image\/","url":"https:\/\/secure.gravatar.com\/avatar\/df4c8e132080d2b3a4841d5d232045464e0eed11a1d6e43115ca0843d48768d3?s=96&d=mm&r=g","contentUrl":"https:\/\/secure.gravatar.com\/avatar\/df4c8e132080d2b3a4841d5d232045464e0eed11a1d6e43115ca0843d48768d3?s=96&d=mm&r=g","caption":"Fernando Lima"},"sameAs":["http:\/\/verdadeon.com.br\/"],"url":"https:\/\/verdadeon.com.br\/portal\/author\/fernando-lima\/"}]}},"jetpack_publicize_connections":[],"jetpack_featured_media_url":"https:\/\/i0.wp.com\/verdadeon.com.br\/portal\/wp-content\/uploads\/2021\/05\/PREFEITO-.jpeg?fit=1000%2C670&ssl=1","jetpack_sharing_enabled":true,"_links":{"self":[{"href":"https:\/\/verdadeon.com.br\/portal\/wp-json\/wp\/v2\/posts\/16671","targetHints":{"allow":["GET"]}}],"collection":[{"href":"https:\/\/verdadeon.com.br\/portal\/wp-json\/wp\/v2\/posts"}],"about":[{"href":"https:\/\/verdadeon.com.br\/portal\/wp-json\/wp\/v2\/types\/post"}],"author":[{"embeddable":true,"href":"https:\/\/verdadeon.com.br\/portal\/wp-json\/wp\/v2\/users\/7"}],"replies":[{"embeddable":true,"href":"https:\/\/verdadeon.com.br\/portal\/wp-json\/wp\/v2\/comments?post=16671"}],"version-history":[{"count":0,"href":"https:\/\/verdadeon.com.br\/portal\/wp-json\/wp\/v2\/posts\/16671\/revisions"}],"wp:featuredmedia":[{"embeddable":true,"href":"https:\/\/verdadeon.com.br\/portal\/wp-json\/wp\/v2\/media\/16672"}],"wp:attachment":[{"href":"https:\/\/verdadeon.com.br\/portal\/wp-json\/wp\/v2\/media?parent=16671"}],"wp:term":[{"taxonomy":"category","embeddable":true,"href":"https:\/\/verdadeon.com.br\/portal\/wp-json\/wp\/v2\/categories?post=16671"},{"taxonomy":"post_tag","embeddable":true,"href":"https:\/\/verdadeon.com.br\/portal\/wp-json\/wp\/v2\/tags?post=16671"}],"curies":[{"name":"wp","href":"https:\/\/api.w.org\/{rel}","templated":true}]}}