{"id":16645,"date":"2021-05-12T17:17:41","date_gmt":"2021-05-12T20:17:41","guid":{"rendered":"https:\/\/verdadeon.com.br\/portal\/?p=16645"},"modified":"2021-05-12T17:17:41","modified_gmt":"2021-05-12T20:17:41","slug":"comercio-de-franca-superou-expectativas-de-vendas-para-o-dia-das-maes","status":"publish","type":"post","link":"https:\/\/verdadeon.com.br\/portal\/2021\/05\/12\/comercio-de-franca-superou-expectativas-de-vendas-para-o-dia-das-maes\/","title":{"rendered":"Com\u00e9rcio de Franca superou expectativas de vendas para o Dia das M\u00e3es"},"content":{"rendered":"<h2>Pesquisa realizada pela ACIF apontou crescimento nas vendas e tamb\u00e9m nos valores gastos pelos consumidores<\/h2>\n<p>Um balan\u00e7o realizado pelo Instituto de Economia da ACIF de Franca, mostrou que o desempenho do com\u00e9rcio do Dia das M\u00e3es, superou as expectativas previstas antes da data. Segundo a pesquisa, 50% dos empres\u00e1rios do setor viram as vendas crescerem mais que 20% em rela\u00e7\u00e3o \u00e0 mesma data no ano passado; 37,5% aumentaram suas vendas entre 10% e 20% e 12,5% at\u00e9 5%.<\/p>\n<p>Entre os dias 3 e 5 de maio, a pesquisa pr\u00e9 Dia das M\u00e3es mostrou que: 42,11% dos comerciantes esperavam um crescimento de at\u00e9 5%; 42,11% maior que 20%; 10,53% entre 5% e 10% e apenas 5,26% esperava um crescimento entre 10% e 20%.<\/p>\n<p>O valor gasto pelos consumidores tamb\u00e9m superou as expectativas. Na pesquisa inicial, realizada entre 3 e 5 de maio, a maioria (55%) afirmou que gastaria at\u00e9 R$ 100 com os presentes. No entanto, 60% dos comerciantes responderam na pesquisa atual terem vendido itens entre R$ 100 e R$ 200 e apenas 30% abaixo de R$ 100.<\/p>\n<p>\u201cIsso, certamente, \u00e9 um reflexo do com\u00e9rcio aberto. Na loja, o cliente tem a possibilidade de ver outros produtos, passear por vitrines, g\u00f4ndolas e ser atendido por um vendedor que conhece melhor o produto e acaba oferecendo op\u00e7\u00f5es e acess\u00f3rios, por exemplo\u201d, afirma o presidente da ACIF, Tarciso B\u00f4tto. \u201cNo ano passado, o com\u00e9rcio passou pela data com as portas fechadas e um sentimento de grande inseguran\u00e7a com a evolu\u00e7\u00e3o da pandemia e sem perspectiva de vacina\u00e7\u00e3o. Acredito que a reabertura e o in\u00edcio da imuniza\u00e7\u00e3o cooperaram para o bom resultado\u201d, conclui.<\/p>\n<p>O IE-ACIF entrevistou 62 das 80 empresas abordadas na pesquisa anterior. A presente pesquisa segue amostragem n\u00e3o probabil\u00edstica e os dados foram coletados via telefone.<\/p>\n","protected":false},"excerpt":{"rendered":"<p>Pesquisa realizada pela ACIF apontou crescimento nas vendas e tamb\u00e9m nos valores gastos pelos consumidores Um balan\u00e7o realizado pelo Instituto de Economia da ACIF de Franca,<span class=\"excerpt-hellip\"> [\u2026]<\/span><\/p>\n","protected":false},"author":7,"featured_media":16132,"comment_status":"open","ping_status":"open","sticky":false,"template":"","format":"standard","meta":{"_jetpack_memberships_contains_paid_content":false,"footnotes":"","jetpack_publicize_message":"","jetpack_publicize_feature_enabled":true,"jetpack_social_post_already_shared":false,"jetpack_social_options":{"image_generator_settings":{"template":"highway","default_image_id":0,"enabled":false},"version":2}},"categories":[28,81],"tags":[],"class_list":["post-16645","post","type-post","status-publish","format-standard","has-post-thumbnail","hentry","category-cotidiano","category-manchete"],"yoast_head":"<!-- This site is optimized with the Yoast SEO plugin v25.6 - https:\/\/yoast.com\/wordpress\/plugins\/seo\/ -->\n<title>Com\u00e9rcio de Franca superou expectativas de vendas para o Dia das M\u00e3es - VerdadeOn<\/title>\n<meta name=\"robots\" content=\"index, follow, max-snippet:-1, max-image-preview:large, max-video-preview:-1\" \/>\n<link rel=\"canonical\" href=\"https:\/\/verdadeon.com.br\/portal\/2021\/05\/12\/comercio-de-franca-superou-expectativas-de-vendas-para-o-dia-das-maes\/\" \/>\n<meta property=\"og:locale\" content=\"pt_BR\" \/>\n<meta property=\"og:type\" content=\"article\" \/>\n<meta property=\"og:title\" content=\"Com\u00e9rcio de Franca superou expectativas de vendas para o Dia das M\u00e3es - VerdadeOn\" \/>\n<meta property=\"og:description\" content=\"Pesquisa realizada pela ACIF apontou crescimento nas vendas e tamb\u00e9m nos valores gastos pelos consumidores Um balan\u00e7o realizado pelo Instituto de Economia da ACIF de Franca, [\u2026]\" \/>\n<meta property=\"og:url\" content=\"https:\/\/verdadeon.com.br\/portal\/2021\/05\/12\/comercio-de-franca-superou-expectativas-de-vendas-para-o-dia-das-maes\/\" \/>\n<meta property=\"og:site_name\" content=\"VerdadeOn\" \/>\n<meta property=\"article:published_time\" content=\"2021-05-12T20:17:41+00:00\" \/>\n<meta property=\"og:image\" content=\"https:\/\/verdadeon.com.br\/portal\/wp-content\/uploads\/2021\/04\/WhatsApp-Image-2021-04-17-at-11.10.28.jpeg\" \/>\n\t<meta property=\"og:image:width\" content=\"1000\" \/>\n\t<meta property=\"og:image:height\" content=\"670\" \/>\n\t<meta property=\"og:image:type\" content=\"image\/jpeg\" \/>\n<meta name=\"author\" content=\"Fernando Lima\" \/>\n<meta name=\"twitter:card\" content=\"summary_large_image\" \/>\n<meta name=\"twitter:label1\" content=\"Escrito por\" \/>\n\t<meta name=\"twitter:data1\" content=\"Fernando Lima\" \/>\n\t<meta name=\"twitter:label2\" content=\"Est. tempo de leitura\" \/>\n\t<meta name=\"twitter:data2\" content=\"2 minutos\" \/>\n<script type=\"application\/ld+json\" class=\"yoast-schema-graph\">{\"@context\":\"https:\/\/schema.org\",\"@graph\":[{\"@type\":\"WebPage\",\"@id\":\"https:\/\/verdadeon.com.br\/portal\/2021\/05\/12\/comercio-de-franca-superou-expectativas-de-vendas-para-o-dia-das-maes\/\",\"url\":\"https:\/\/verdadeon.com.br\/portal\/2021\/05\/12\/comercio-de-franca-superou-expectativas-de-vendas-para-o-dia-das-maes\/\",\"name\":\"Com\u00e9rcio de Franca superou expectativas de vendas para o Dia das M\u00e3es - VerdadeOn\",\"isPartOf\":{\"@id\":\"https:\/\/verdadeon.com.br\/portal\/#website\"},\"primaryImageOfPage\":{\"@id\":\"https:\/\/verdadeon.com.br\/portal\/2021\/05\/12\/comercio-de-franca-superou-expectativas-de-vendas-para-o-dia-das-maes\/#primaryimage\"},\"image\":{\"@id\":\"https:\/\/verdadeon.com.br\/portal\/2021\/05\/12\/comercio-de-franca-superou-expectativas-de-vendas-para-o-dia-das-maes\/#primaryimage\"},\"thumbnailUrl\":\"https:\/\/i0.wp.com\/verdadeon.com.br\/portal\/wp-content\/uploads\/2021\/04\/WhatsApp-Image-2021-04-17-at-11.10.28.jpeg?fit=1000%2C670&ssl=1\",\"datePublished\":\"2021-05-12T20:17:41+00:00\",\"author\":{\"@id\":\"https:\/\/verdadeon.com.br\/portal\/#\/schema\/person\/cc32be22b8e8599387c480bc83e1d11a\"},\"breadcrumb\":{\"@id\":\"https:\/\/verdadeon.com.br\/portal\/2021\/05\/12\/comercio-de-franca-superou-expectativas-de-vendas-para-o-dia-das-maes\/#breadcrumb\"},\"inLanguage\":\"pt-BR\",\"potentialAction\":[{\"@type\":\"ReadAction\",\"target\":[\"https:\/\/verdadeon.com.br\/portal\/2021\/05\/12\/comercio-de-franca-superou-expectativas-de-vendas-para-o-dia-das-maes\/\"]}]},{\"@type\":\"ImageObject\",\"inLanguage\":\"pt-BR\",\"@id\":\"https:\/\/verdadeon.com.br\/portal\/2021\/05\/12\/comercio-de-franca-superou-expectativas-de-vendas-para-o-dia-das-maes\/#primaryimage\",\"url\":\"https:\/\/i0.wp.com\/verdadeon.com.br\/portal\/wp-content\/uploads\/2021\/04\/WhatsApp-Image-2021-04-17-at-11.10.28.jpeg?fit=1000%2C670&ssl=1\",\"contentUrl\":\"https:\/\/i0.wp.com\/verdadeon.com.br\/portal\/wp-content\/uploads\/2021\/04\/WhatsApp-Image-2021-04-17-at-11.10.28.jpeg?fit=1000%2C670&ssl=1\",\"width\":1000,\"height\":670,\"caption\":\"Com\u00e9rcio aberto alavancou as vendas para o Dia das M\u00e3es em Franca | Foto: Jornal Verdade | Foto: Jornal Verdade\"},{\"@type\":\"BreadcrumbList\",\"@id\":\"https:\/\/verdadeon.com.br\/portal\/2021\/05\/12\/comercio-de-franca-superou-expectativas-de-vendas-para-o-dia-das-maes\/#breadcrumb\",\"itemListElement\":[{\"@type\":\"ListItem\",\"position\":1,\"name\":\"In\u00edcio\",\"item\":\"https:\/\/verdadeon.com.br\/portal\/\"},{\"@type\":\"ListItem\",\"position\":2,\"name\":\"Com\u00e9rcio de Franca superou expectativas de vendas para o Dia das M\u00e3es\"}]},{\"@type\":\"WebSite\",\"@id\":\"https:\/\/verdadeon.com.br\/portal\/#website\",\"url\":\"https:\/\/verdadeon.com.br\/portal\/\",\"name\":\"VerdadeOn\",\"description\":\"Not\u00edcias di\u00e1rias sobre Franca, Regi\u00e3o, Esporte, Cultura, Cotidiano, Colunas. Cobertura nos principais eventos da cidade \u00e9 aqui - Verdadeon Franca\",\"potentialAction\":[{\"@type\":\"SearchAction\",\"target\":{\"@type\":\"EntryPoint\",\"urlTemplate\":\"https:\/\/verdadeon.com.br\/portal\/?s={search_term_string}\"},\"query-input\":{\"@type\":\"PropertyValueSpecification\",\"valueRequired\":true,\"valueName\":\"search_term_string\"}}],\"inLanguage\":\"pt-BR\"},{\"@type\":\"Person\",\"@id\":\"https:\/\/verdadeon.com.br\/portal\/#\/schema\/person\/cc32be22b8e8599387c480bc83e1d11a\",\"name\":\"Fernando Lima\",\"image\":{\"@type\":\"ImageObject\",\"inLanguage\":\"pt-BR\",\"@id\":\"https:\/\/verdadeon.com.br\/portal\/#\/schema\/person\/image\/\",\"url\":\"https:\/\/secure.gravatar.com\/avatar\/df4c8e132080d2b3a4841d5d232045464e0eed11a1d6e43115ca0843d48768d3?s=96&d=mm&r=g\",\"contentUrl\":\"https:\/\/secure.gravatar.com\/avatar\/df4c8e132080d2b3a4841d5d232045464e0eed11a1d6e43115ca0843d48768d3?s=96&d=mm&r=g\",\"caption\":\"Fernando Lima\"},\"sameAs\":[\"http:\/\/verdadeon.com.br\/\"],\"url\":\"https:\/\/verdadeon.com.br\/portal\/author\/fernando-lima\/\"}]}<\/script>\n<!-- \/ Yoast SEO plugin. -->","yoast_head_json":{"title":"Com\u00e9rcio de Franca superou expectativas de vendas para o Dia das M\u00e3es - VerdadeOn","robots":{"index":"index","follow":"follow","max-snippet":"max-snippet:-1","max-image-preview":"max-image-preview:large","max-video-preview":"max-video-preview:-1"},"canonical":"https:\/\/verdadeon.com.br\/portal\/2021\/05\/12\/comercio-de-franca-superou-expectativas-de-vendas-para-o-dia-das-maes\/","og_locale":"pt_BR","og_type":"article","og_title":"Com\u00e9rcio de Franca superou expectativas de vendas para o Dia das M\u00e3es - VerdadeOn","og_description":"Pesquisa realizada pela ACIF apontou crescimento nas vendas e tamb\u00e9m nos valores gastos pelos consumidores Um balan\u00e7o realizado pelo Instituto de Economia da ACIF de Franca, [\u2026]","og_url":"https:\/\/verdadeon.com.br\/portal\/2021\/05\/12\/comercio-de-franca-superou-expectativas-de-vendas-para-o-dia-das-maes\/","og_site_name":"VerdadeOn","article_published_time":"2021-05-12T20:17:41+00:00","og_image":[{"width":1000,"height":670,"url":"https:\/\/verdadeon.com.br\/portal\/wp-content\/uploads\/2021\/04\/WhatsApp-Image-2021-04-17-at-11.10.28.jpeg","type":"image\/jpeg"}],"author":"Fernando Lima","twitter_card":"summary_large_image","twitter_misc":{"Escrito por":"Fernando Lima","Est. tempo de leitura":"2 minutos"},"schema":{"@context":"https:\/\/schema.org","@graph":[{"@type":"WebPage","@id":"https:\/\/verdadeon.com.br\/portal\/2021\/05\/12\/comercio-de-franca-superou-expectativas-de-vendas-para-o-dia-das-maes\/","url":"https:\/\/verdadeon.com.br\/portal\/2021\/05\/12\/comercio-de-franca-superou-expectativas-de-vendas-para-o-dia-das-maes\/","name":"Com\u00e9rcio de Franca superou expectativas de vendas para o Dia das M\u00e3es - VerdadeOn","isPartOf":{"@id":"https:\/\/verdadeon.com.br\/portal\/#website"},"primaryImageOfPage":{"@id":"https:\/\/verdadeon.com.br\/portal\/2021\/05\/12\/comercio-de-franca-superou-expectativas-de-vendas-para-o-dia-das-maes\/#primaryimage"},"image":{"@id":"https:\/\/verdadeon.com.br\/portal\/2021\/05\/12\/comercio-de-franca-superou-expectativas-de-vendas-para-o-dia-das-maes\/#primaryimage"},"thumbnailUrl":"https:\/\/i0.wp.com\/verdadeon.com.br\/portal\/wp-content\/uploads\/2021\/04\/WhatsApp-Image-2021-04-17-at-11.10.28.jpeg?fit=1000%2C670&ssl=1","datePublished":"2021-05-12T20:17:41+00:00","author":{"@id":"https:\/\/verdadeon.com.br\/portal\/#\/schema\/person\/cc32be22b8e8599387c480bc83e1d11a"},"breadcrumb":{"@id":"https:\/\/verdadeon.com.br\/portal\/2021\/05\/12\/comercio-de-franca-superou-expectativas-de-vendas-para-o-dia-das-maes\/#breadcrumb"},"inLanguage":"pt-BR","potentialAction":[{"@type":"ReadAction","target":["https:\/\/verdadeon.com.br\/portal\/2021\/05\/12\/comercio-de-franca-superou-expectativas-de-vendas-para-o-dia-das-maes\/"]}]},{"@type":"ImageObject","inLanguage":"pt-BR","@id":"https:\/\/verdadeon.com.br\/portal\/2021\/05\/12\/comercio-de-franca-superou-expectativas-de-vendas-para-o-dia-das-maes\/#primaryimage","url":"https:\/\/i0.wp.com\/verdadeon.com.br\/portal\/wp-content\/uploads\/2021\/04\/WhatsApp-Image-2021-04-17-at-11.10.28.jpeg?fit=1000%2C670&ssl=1","contentUrl":"https:\/\/i0.wp.com\/verdadeon.com.br\/portal\/wp-content\/uploads\/2021\/04\/WhatsApp-Image-2021-04-17-at-11.10.28.jpeg?fit=1000%2C670&ssl=1","width":1000,"height":670,"caption":"Com\u00e9rcio aberto alavancou as vendas para o Dia das M\u00e3es em Franca | Foto: Jornal Verdade | Foto: Jornal Verdade"},{"@type":"BreadcrumbList","@id":"https:\/\/verdadeon.com.br\/portal\/2021\/05\/12\/comercio-de-franca-superou-expectativas-de-vendas-para-o-dia-das-maes\/#breadcrumb","itemListElement":[{"@type":"ListItem","position":1,"name":"In\u00edcio","item":"https:\/\/verdadeon.com.br\/portal\/"},{"@type":"ListItem","position":2,"name":"Com\u00e9rcio de Franca superou expectativas de vendas para o Dia das M\u00e3es"}]},{"@type":"WebSite","@id":"https:\/\/verdadeon.com.br\/portal\/#website","url":"https:\/\/verdadeon.com.br\/portal\/","name":"VerdadeOn","description":"Not\u00edcias di\u00e1rias sobre Franca, Regi\u00e3o, Esporte, Cultura, Cotidiano, Colunas. Cobertura nos principais eventos da cidade \u00e9 aqui - Verdadeon Franca","potentialAction":[{"@type":"SearchAction","target":{"@type":"EntryPoint","urlTemplate":"https:\/\/verdadeon.com.br\/portal\/?s={search_term_string}"},"query-input":{"@type":"PropertyValueSpecification","valueRequired":true,"valueName":"search_term_string"}}],"inLanguage":"pt-BR"},{"@type":"Person","@id":"https:\/\/verdadeon.com.br\/portal\/#\/schema\/person\/cc32be22b8e8599387c480bc83e1d11a","name":"Fernando Lima","image":{"@type":"ImageObject","inLanguage":"pt-BR","@id":"https:\/\/verdadeon.com.br\/portal\/#\/schema\/person\/image\/","url":"https:\/\/secure.gravatar.com\/avatar\/df4c8e132080d2b3a4841d5d232045464e0eed11a1d6e43115ca0843d48768d3?s=96&d=mm&r=g","contentUrl":"https:\/\/secure.gravatar.com\/avatar\/df4c8e132080d2b3a4841d5d232045464e0eed11a1d6e43115ca0843d48768d3?s=96&d=mm&r=g","caption":"Fernando Lima"},"sameAs":["http:\/\/verdadeon.com.br\/"],"url":"https:\/\/verdadeon.com.br\/portal\/author\/fernando-lima\/"}]}},"jetpack_publicize_connections":[],"jetpack_featured_media_url":"https:\/\/i0.wp.com\/verdadeon.com.br\/portal\/wp-content\/uploads\/2021\/04\/WhatsApp-Image-2021-04-17-at-11.10.28.jpeg?fit=1000%2C670&ssl=1","jetpack_sharing_enabled":true,"_links":{"self":[{"href":"https:\/\/verdadeon.com.br\/portal\/wp-json\/wp\/v2\/posts\/16645","targetHints":{"allow":["GET"]}}],"collection":[{"href":"https:\/\/verdadeon.com.br\/portal\/wp-json\/wp\/v2\/posts"}],"about":[{"href":"https:\/\/verdadeon.com.br\/portal\/wp-json\/wp\/v2\/types\/post"}],"author":[{"embeddable":true,"href":"https:\/\/verdadeon.com.br\/portal\/wp-json\/wp\/v2\/users\/7"}],"replies":[{"embeddable":true,"href":"https:\/\/verdadeon.com.br\/portal\/wp-json\/wp\/v2\/comments?post=16645"}],"version-history":[{"count":0,"href":"https:\/\/verdadeon.com.br\/portal\/wp-json\/wp\/v2\/posts\/16645\/revisions"}],"wp:featuredmedia":[{"embeddable":true,"href":"https:\/\/verdadeon.com.br\/portal\/wp-json\/wp\/v2\/media\/16132"}],"wp:attachment":[{"href":"https:\/\/verdadeon.com.br\/portal\/wp-json\/wp\/v2\/media?parent=16645"}],"wp:term":[{"taxonomy":"category","embeddable":true,"href":"https:\/\/verdadeon.com.br\/portal\/wp-json\/wp\/v2\/categories?post=16645"},{"taxonomy":"post_tag","embeddable":true,"href":"https:\/\/verdadeon.com.br\/portal\/wp-json\/wp\/v2\/tags?post=16645"}],"curies":[{"name":"wp","href":"https:\/\/api.w.org\/{rel}","templated":true}]}}