{"id":16554,"date":"2021-05-07T17:38:31","date_gmt":"2021-05-07T20:38:31","guid":{"rendered":"https:\/\/verdadeon.com.br\/portal\/?p=16554"},"modified":"2021-05-07T17:38:31","modified_gmt":"2021-05-07T20:38:31","slug":"servidores-publicos-sao-afastados-apos-sindicancia-que-apura-fura-fila","status":"publish","type":"post","link":"https:\/\/verdadeon.com.br\/portal\/2021\/05\/07\/servidores-publicos-sao-afastados-apos-sindicancia-que-apura-fura-fila\/","title":{"rendered":"Servidores p\u00fablicos s\u00e3o afastados ap\u00f3s sindic\u00e2ncia que apura fura-fila"},"content":{"rendered":"<h2>Durante coletiva de imprensa, Alexandre Ferreira explicou as mais de 900 suspeitas de irregularidades<\/h2>\n<p>Uma mulher de 57 e outra de 58 anos furaram a fila da vacina\u00e7\u00e3o contra a Covid-19 em Franca, foi o que apontou a sindic\u00e2ncia aberta pela Prefeitura. As duas mulheres n\u00e3o s\u00e3o consideradas idosas, n\u00e3o trabalham na \u00e1rea de sa\u00fade e nem na de seguran\u00e7a p\u00fablica, ou seja, n\u00e3o atendem a nenhum crit\u00e9rio que garantiria uma dose contra a doen\u00e7a. As duas j\u00e1 foram identificadas e ouvidas pela Prefeitura.<\/p>\n<p>Durante coletiva de imprensa o prefeito Alexandre Ferreira, afirmou que foram apenas essas duas inconsist\u00eancias encontradas em uma lista de mais de 900 suspeitas. \u201cOutros s\u00e3o casos de erros de digita\u00e7\u00e3o, na data de nascimento, n\u00f3s ligamos para a pessoa e confirmamos atrav\u00e9s do documento oficial que a data estava errada. Outros 385 casos de pessoas idosas que foram vacinadas e n\u00e3o estavam na faixa que o calend\u00e1rio atendia, \u00e9 porque eles s\u00e3o idosos que vivem em lares de longa perman\u00eancia, eles deviam ser imunizados seguindo as recomenda\u00e7\u00f5es dos pr\u00f3prios \u00f3rg\u00e3os de sa\u00fade\u201d, explicou.<\/p>\n<p>Ainda de acordo com Ferreira, os dados mostraram que cuidadores de idosos foram classificados na listagem como idosos, mesmo assim eles n\u00e3o foram vacinados irregularmente, j\u00e1 que a imuniza\u00e7\u00e3o deles estava prevista quando os profissionais de sa\u00fade aut\u00f4nomos receberam a dose da vacina.<\/p>\n<p>\u201cApuramos nome por nome junto ao Observat\u00f3rio Social e a C\u00e2mara Municipal. O que encontramos foram esses dois nomes que realmente n\u00e3o poderiam receber a vacina, al\u00e9m de duas pessoas que pelos dados receberam quatro doses. Acreditamos que algu\u00e9m possa ter emprestado o documento para outra pessoa, caso isso seja comprovado vamos entregar os dados para a Pol\u00edcia Civil, a parte criminal fica com eles\u201d, afirmou o prefeito.<\/p>\n<p>&nbsp;<\/p>\n<p>Servidores<\/p>\n<p>Dois servidores da sa\u00fade de Franca foram afastados dos cargos de chefia que ocupavam, o chefe da Vigil\u00e2ncia Sanit\u00e1ria, Caio Carvalho, e o da Vigil\u00e2ncia em Sa\u00fade, Cleber da Silva Benedito. Eles s\u00e3o concursados e seguem como funcion\u00e1rios da Prefeitura, mas foram afastados dos cargos de chefia.<\/p>\n<p>Ainda na coletiva, Ferreira explicou que a partir de agora ser\u00e3o realizadas checagens frequentes nas listas dos vacinados, para que os erros n\u00e3o se acumulem como foi visto agora.<\/p>\n","protected":false},"excerpt":{"rendered":"<p>Durante coletiva de imprensa, Alexandre Ferreira explicou as mais de 900 suspeitas de irregularidades Uma mulher de 57 e outra de 58 anos furaram a fila<span class=\"excerpt-hellip\"> [\u2026]<\/span><\/p>\n","protected":false},"author":7,"featured_media":16014,"comment_status":"open","ping_status":"open","sticky":false,"template":"","format":"standard","meta":{"_jetpack_memberships_contains_paid_content":false,"footnotes":"","jetpack_publicize_message":"","jetpack_publicize_feature_enabled":true,"jetpack_social_post_already_shared":false,"jetpack_social_options":{"image_generator_settings":{"template":"highway","default_image_id":0,"enabled":false},"version":2}},"categories":[28,81],"tags":[],"class_list":["post-16554","post","type-post","status-publish","format-standard","has-post-thumbnail","hentry","category-cotidiano","category-manchete"],"yoast_head":"<!-- This site is optimized with the Yoast SEO plugin v25.6 - https:\/\/yoast.com\/wordpress\/plugins\/seo\/ -->\n<title>Servidores p\u00fablicos s\u00e3o afastados ap\u00f3s sindic\u00e2ncia que apura fura-fila - VerdadeOn<\/title>\n<meta name=\"robots\" content=\"index, follow, max-snippet:-1, max-image-preview:large, max-video-preview:-1\" \/>\n<link rel=\"canonical\" href=\"https:\/\/verdadeon.com.br\/portal\/2021\/05\/07\/servidores-publicos-sao-afastados-apos-sindicancia-que-apura-fura-fila\/\" \/>\n<meta property=\"og:locale\" content=\"pt_BR\" \/>\n<meta property=\"og:type\" content=\"article\" \/>\n<meta property=\"og:title\" content=\"Servidores p\u00fablicos s\u00e3o afastados ap\u00f3s sindic\u00e2ncia que apura fura-fila - VerdadeOn\" \/>\n<meta property=\"og:description\" content=\"Durante coletiva de imprensa, Alexandre Ferreira explicou as mais de 900 suspeitas de irregularidades Uma mulher de 57 e outra de 58 anos furaram a fila [\u2026]\" \/>\n<meta property=\"og:url\" content=\"https:\/\/verdadeon.com.br\/portal\/2021\/05\/07\/servidores-publicos-sao-afastados-apos-sindicancia-que-apura-fura-fila\/\" \/>\n<meta property=\"og:site_name\" content=\"VerdadeOn\" \/>\n<meta property=\"article:published_time\" content=\"2021-05-07T20:38:31+00:00\" \/>\n<meta property=\"og:image\" content=\"https:\/\/verdadeon.com.br\/portal\/wp-content\/uploads\/2021\/04\/WhatsApp-Image-2021-04-12-at-20.32.17.jpeg\" \/>\n\t<meta property=\"og:image:width\" content=\"1000\" \/>\n\t<meta property=\"og:image:height\" content=\"670\" \/>\n\t<meta property=\"og:image:type\" content=\"image\/jpeg\" \/>\n<meta name=\"author\" content=\"Fernando Lima\" \/>\n<meta name=\"twitter:card\" content=\"summary_large_image\" \/>\n<meta name=\"twitter:label1\" content=\"Escrito por\" \/>\n\t<meta name=\"twitter:data1\" content=\"Fernando Lima\" \/>\n\t<meta name=\"twitter:label2\" content=\"Est. tempo de leitura\" \/>\n\t<meta name=\"twitter:data2\" content=\"2 minutos\" \/>\n<script type=\"application\/ld+json\" class=\"yoast-schema-graph\">{\"@context\":\"https:\/\/schema.org\",\"@graph\":[{\"@type\":\"WebPage\",\"@id\":\"https:\/\/verdadeon.com.br\/portal\/2021\/05\/07\/servidores-publicos-sao-afastados-apos-sindicancia-que-apura-fura-fila\/\",\"url\":\"https:\/\/verdadeon.com.br\/portal\/2021\/05\/07\/servidores-publicos-sao-afastados-apos-sindicancia-que-apura-fura-fila\/\",\"name\":\"Servidores p\u00fablicos s\u00e3o afastados ap\u00f3s sindic\u00e2ncia que apura fura-fila - VerdadeOn\",\"isPartOf\":{\"@id\":\"https:\/\/verdadeon.com.br\/portal\/#website\"},\"primaryImageOfPage\":{\"@id\":\"https:\/\/verdadeon.com.br\/portal\/2021\/05\/07\/servidores-publicos-sao-afastados-apos-sindicancia-que-apura-fura-fila\/#primaryimage\"},\"image\":{\"@id\":\"https:\/\/verdadeon.com.br\/portal\/2021\/05\/07\/servidores-publicos-sao-afastados-apos-sindicancia-que-apura-fura-fila\/#primaryimage\"},\"thumbnailUrl\":\"https:\/\/i0.wp.com\/verdadeon.com.br\/portal\/wp-content\/uploads\/2021\/04\/WhatsApp-Image-2021-04-12-at-20.32.17.jpeg?fit=1000%2C670&ssl=1\",\"datePublished\":\"2021-05-07T20:38:31+00:00\",\"author\":{\"@id\":\"https:\/\/verdadeon.com.br\/portal\/#\/schema\/person\/cc32be22b8e8599387c480bc83e1d11a\"},\"breadcrumb\":{\"@id\":\"https:\/\/verdadeon.com.br\/portal\/2021\/05\/07\/servidores-publicos-sao-afastados-apos-sindicancia-que-apura-fura-fila\/#breadcrumb\"},\"inLanguage\":\"pt-BR\",\"potentialAction\":[{\"@type\":\"ReadAction\",\"target\":[\"https:\/\/verdadeon.com.br\/portal\/2021\/05\/07\/servidores-publicos-sao-afastados-apos-sindicancia-que-apura-fura-fila\/\"]}]},{\"@type\":\"ImageObject\",\"inLanguage\":\"pt-BR\",\"@id\":\"https:\/\/verdadeon.com.br\/portal\/2021\/05\/07\/servidores-publicos-sao-afastados-apos-sindicancia-que-apura-fura-fila\/#primaryimage\",\"url\":\"https:\/\/i0.wp.com\/verdadeon.com.br\/portal\/wp-content\/uploads\/2021\/04\/WhatsApp-Image-2021-04-12-at-20.32.17.jpeg?fit=1000%2C670&ssl=1\",\"contentUrl\":\"https:\/\/i0.wp.com\/verdadeon.com.br\/portal\/wp-content\/uploads\/2021\/04\/WhatsApp-Image-2021-04-12-at-20.32.17.jpeg?fit=1000%2C670&ssl=1\",\"width\":1000,\"height\":670,\"caption\":\"Coletiva foi realizada no gabinete da Prefeitura de Franca | Foto: Divulga\u00e7\u00e3o\"},{\"@type\":\"BreadcrumbList\",\"@id\":\"https:\/\/verdadeon.com.br\/portal\/2021\/05\/07\/servidores-publicos-sao-afastados-apos-sindicancia-que-apura-fura-fila\/#breadcrumb\",\"itemListElement\":[{\"@type\":\"ListItem\",\"position\":1,\"name\":\"In\u00edcio\",\"item\":\"https:\/\/verdadeon.com.br\/portal\/\"},{\"@type\":\"ListItem\",\"position\":2,\"name\":\"Servidores p\u00fablicos s\u00e3o afastados ap\u00f3s sindic\u00e2ncia que apura fura-fila\"}]},{\"@type\":\"WebSite\",\"@id\":\"https:\/\/verdadeon.com.br\/portal\/#website\",\"url\":\"https:\/\/verdadeon.com.br\/portal\/\",\"name\":\"VerdadeOn\",\"description\":\"Not\u00edcias di\u00e1rias sobre Franca, Regi\u00e3o, Esporte, Cultura, Cotidiano, Colunas. Cobertura nos principais eventos da cidade \u00e9 aqui - Verdadeon Franca\",\"potentialAction\":[{\"@type\":\"SearchAction\",\"target\":{\"@type\":\"EntryPoint\",\"urlTemplate\":\"https:\/\/verdadeon.com.br\/portal\/?s={search_term_string}\"},\"query-input\":{\"@type\":\"PropertyValueSpecification\",\"valueRequired\":true,\"valueName\":\"search_term_string\"}}],\"inLanguage\":\"pt-BR\"},{\"@type\":\"Person\",\"@id\":\"https:\/\/verdadeon.com.br\/portal\/#\/schema\/person\/cc32be22b8e8599387c480bc83e1d11a\",\"name\":\"Fernando Lima\",\"image\":{\"@type\":\"ImageObject\",\"inLanguage\":\"pt-BR\",\"@id\":\"https:\/\/verdadeon.com.br\/portal\/#\/schema\/person\/image\/\",\"url\":\"https:\/\/secure.gravatar.com\/avatar\/df4c8e132080d2b3a4841d5d232045464e0eed11a1d6e43115ca0843d48768d3?s=96&d=mm&r=g\",\"contentUrl\":\"https:\/\/secure.gravatar.com\/avatar\/df4c8e132080d2b3a4841d5d232045464e0eed11a1d6e43115ca0843d48768d3?s=96&d=mm&r=g\",\"caption\":\"Fernando Lima\"},\"sameAs\":[\"http:\/\/verdadeon.com.br\/\"],\"url\":\"https:\/\/verdadeon.com.br\/portal\/author\/fernando-lima\/\"}]}<\/script>\n<!-- \/ Yoast SEO plugin. -->","yoast_head_json":{"title":"Servidores p\u00fablicos s\u00e3o afastados ap\u00f3s sindic\u00e2ncia que apura fura-fila - VerdadeOn","robots":{"index":"index","follow":"follow","max-snippet":"max-snippet:-1","max-image-preview":"max-image-preview:large","max-video-preview":"max-video-preview:-1"},"canonical":"https:\/\/verdadeon.com.br\/portal\/2021\/05\/07\/servidores-publicos-sao-afastados-apos-sindicancia-que-apura-fura-fila\/","og_locale":"pt_BR","og_type":"article","og_title":"Servidores p\u00fablicos s\u00e3o afastados ap\u00f3s sindic\u00e2ncia que apura fura-fila - VerdadeOn","og_description":"Durante coletiva de imprensa, Alexandre Ferreira explicou as mais de 900 suspeitas de irregularidades Uma mulher de 57 e outra de 58 anos furaram a fila [\u2026]","og_url":"https:\/\/verdadeon.com.br\/portal\/2021\/05\/07\/servidores-publicos-sao-afastados-apos-sindicancia-que-apura-fura-fila\/","og_site_name":"VerdadeOn","article_published_time":"2021-05-07T20:38:31+00:00","og_image":[{"width":1000,"height":670,"url":"https:\/\/verdadeon.com.br\/portal\/wp-content\/uploads\/2021\/04\/WhatsApp-Image-2021-04-12-at-20.32.17.jpeg","type":"image\/jpeg"}],"author":"Fernando Lima","twitter_card":"summary_large_image","twitter_misc":{"Escrito por":"Fernando Lima","Est. tempo de leitura":"2 minutos"},"schema":{"@context":"https:\/\/schema.org","@graph":[{"@type":"WebPage","@id":"https:\/\/verdadeon.com.br\/portal\/2021\/05\/07\/servidores-publicos-sao-afastados-apos-sindicancia-que-apura-fura-fila\/","url":"https:\/\/verdadeon.com.br\/portal\/2021\/05\/07\/servidores-publicos-sao-afastados-apos-sindicancia-que-apura-fura-fila\/","name":"Servidores p\u00fablicos s\u00e3o afastados ap\u00f3s sindic\u00e2ncia que apura fura-fila - VerdadeOn","isPartOf":{"@id":"https:\/\/verdadeon.com.br\/portal\/#website"},"primaryImageOfPage":{"@id":"https:\/\/verdadeon.com.br\/portal\/2021\/05\/07\/servidores-publicos-sao-afastados-apos-sindicancia-que-apura-fura-fila\/#primaryimage"},"image":{"@id":"https:\/\/verdadeon.com.br\/portal\/2021\/05\/07\/servidores-publicos-sao-afastados-apos-sindicancia-que-apura-fura-fila\/#primaryimage"},"thumbnailUrl":"https:\/\/i0.wp.com\/verdadeon.com.br\/portal\/wp-content\/uploads\/2021\/04\/WhatsApp-Image-2021-04-12-at-20.32.17.jpeg?fit=1000%2C670&ssl=1","datePublished":"2021-05-07T20:38:31+00:00","author":{"@id":"https:\/\/verdadeon.com.br\/portal\/#\/schema\/person\/cc32be22b8e8599387c480bc83e1d11a"},"breadcrumb":{"@id":"https:\/\/verdadeon.com.br\/portal\/2021\/05\/07\/servidores-publicos-sao-afastados-apos-sindicancia-que-apura-fura-fila\/#breadcrumb"},"inLanguage":"pt-BR","potentialAction":[{"@type":"ReadAction","target":["https:\/\/verdadeon.com.br\/portal\/2021\/05\/07\/servidores-publicos-sao-afastados-apos-sindicancia-que-apura-fura-fila\/"]}]},{"@type":"ImageObject","inLanguage":"pt-BR","@id":"https:\/\/verdadeon.com.br\/portal\/2021\/05\/07\/servidores-publicos-sao-afastados-apos-sindicancia-que-apura-fura-fila\/#primaryimage","url":"https:\/\/i0.wp.com\/verdadeon.com.br\/portal\/wp-content\/uploads\/2021\/04\/WhatsApp-Image-2021-04-12-at-20.32.17.jpeg?fit=1000%2C670&ssl=1","contentUrl":"https:\/\/i0.wp.com\/verdadeon.com.br\/portal\/wp-content\/uploads\/2021\/04\/WhatsApp-Image-2021-04-12-at-20.32.17.jpeg?fit=1000%2C670&ssl=1","width":1000,"height":670,"caption":"Coletiva foi realizada no gabinete da Prefeitura de Franca | Foto: Divulga\u00e7\u00e3o"},{"@type":"BreadcrumbList","@id":"https:\/\/verdadeon.com.br\/portal\/2021\/05\/07\/servidores-publicos-sao-afastados-apos-sindicancia-que-apura-fura-fila\/#breadcrumb","itemListElement":[{"@type":"ListItem","position":1,"name":"In\u00edcio","item":"https:\/\/verdadeon.com.br\/portal\/"},{"@type":"ListItem","position":2,"name":"Servidores p\u00fablicos s\u00e3o afastados ap\u00f3s sindic\u00e2ncia que apura fura-fila"}]},{"@type":"WebSite","@id":"https:\/\/verdadeon.com.br\/portal\/#website","url":"https:\/\/verdadeon.com.br\/portal\/","name":"VerdadeOn","description":"Not\u00edcias di\u00e1rias sobre Franca, Regi\u00e3o, Esporte, Cultura, Cotidiano, Colunas. Cobertura nos principais eventos da cidade \u00e9 aqui - Verdadeon Franca","potentialAction":[{"@type":"SearchAction","target":{"@type":"EntryPoint","urlTemplate":"https:\/\/verdadeon.com.br\/portal\/?s={search_term_string}"},"query-input":{"@type":"PropertyValueSpecification","valueRequired":true,"valueName":"search_term_string"}}],"inLanguage":"pt-BR"},{"@type":"Person","@id":"https:\/\/verdadeon.com.br\/portal\/#\/schema\/person\/cc32be22b8e8599387c480bc83e1d11a","name":"Fernando Lima","image":{"@type":"ImageObject","inLanguage":"pt-BR","@id":"https:\/\/verdadeon.com.br\/portal\/#\/schema\/person\/image\/","url":"https:\/\/secure.gravatar.com\/avatar\/df4c8e132080d2b3a4841d5d232045464e0eed11a1d6e43115ca0843d48768d3?s=96&d=mm&r=g","contentUrl":"https:\/\/secure.gravatar.com\/avatar\/df4c8e132080d2b3a4841d5d232045464e0eed11a1d6e43115ca0843d48768d3?s=96&d=mm&r=g","caption":"Fernando Lima"},"sameAs":["http:\/\/verdadeon.com.br\/"],"url":"https:\/\/verdadeon.com.br\/portal\/author\/fernando-lima\/"}]}},"jetpack_publicize_connections":[],"jetpack_featured_media_url":"https:\/\/i0.wp.com\/verdadeon.com.br\/portal\/wp-content\/uploads\/2021\/04\/WhatsApp-Image-2021-04-12-at-20.32.17.jpeg?fit=1000%2C670&ssl=1","jetpack_sharing_enabled":true,"_links":{"self":[{"href":"https:\/\/verdadeon.com.br\/portal\/wp-json\/wp\/v2\/posts\/16554","targetHints":{"allow":["GET"]}}],"collection":[{"href":"https:\/\/verdadeon.com.br\/portal\/wp-json\/wp\/v2\/posts"}],"about":[{"href":"https:\/\/verdadeon.com.br\/portal\/wp-json\/wp\/v2\/types\/post"}],"author":[{"embeddable":true,"href":"https:\/\/verdadeon.com.br\/portal\/wp-json\/wp\/v2\/users\/7"}],"replies":[{"embeddable":true,"href":"https:\/\/verdadeon.com.br\/portal\/wp-json\/wp\/v2\/comments?post=16554"}],"version-history":[{"count":0,"href":"https:\/\/verdadeon.com.br\/portal\/wp-json\/wp\/v2\/posts\/16554\/revisions"}],"wp:featuredmedia":[{"embeddable":true,"href":"https:\/\/verdadeon.com.br\/portal\/wp-json\/wp\/v2\/media\/16014"}],"wp:attachment":[{"href":"https:\/\/verdadeon.com.br\/portal\/wp-json\/wp\/v2\/media?parent=16554"}],"wp:term":[{"taxonomy":"category","embeddable":true,"href":"https:\/\/verdadeon.com.br\/portal\/wp-json\/wp\/v2\/categories?post=16554"},{"taxonomy":"post_tag","embeddable":true,"href":"https:\/\/verdadeon.com.br\/portal\/wp-json\/wp\/v2\/tags?post=16554"}],"curies":[{"name":"wp","href":"https:\/\/api.w.org\/{rel}","templated":true}]}}