{"id":16551,"date":"2021-05-07T17:27:56","date_gmt":"2021-05-07T20:27:56","guid":{"rendered":"https:\/\/verdadeon.com.br\/portal\/?p=16551"},"modified":"2021-05-07T17:27:56","modified_gmt":"2021-05-07T20:27:56","slug":"sabesp-otimiza-obras-da-nova-eta-para-amenizar-crise-hidrica","status":"publish","type":"post","link":"https:\/\/verdadeon.com.br\/portal\/2021\/05\/07\/sabesp-otimiza-obras-da-nova-eta-para-amenizar-crise-hidrica\/","title":{"rendered":"Sabesp otimiza obras da nova ETA para amenizar crise h\u00eddrica"},"content":{"rendered":"<h2>Manobras com os mananciais Pouso Alegre e Canoas, al\u00e9m de alterna\u00e7\u00f5es no abastecimento n\u00e3o est\u00e3o descartadas<\/h2>\n<p>A Sabesp alertou a popula\u00e7\u00e3o sobre uma poss\u00edvel falta de abastecimento na cidade de Franca, por\u00e9m todos os esfor\u00e7os est\u00e3o sendo realizados para que o Munic\u00edpio tenha \u00e1gua mesmo com o baixo percentual de chuvas e a capta\u00e7\u00e3o registrando percentuais bem abaixo do normal.<\/p>\n<p>&#8220;A popula\u00e7\u00e3o deve ficar atenta para consumir \u00e1gua com maior responsabilidade nesse per\u00edodo mais cr\u00edtico&#8221;, afirmou a deputada estadual Delegada Graciela, que ressaltou ainda que est\u00e1 preocupada com a crise h\u00eddrica que assola n\u00e3o s\u00f3 Franca, mas tamb\u00e9m o Estado.<\/p>\n<p>A deputada junto com o delegado Davi, suplente de deputado federal, conseguiram na Sabesp desatar o imbr\u00f3glio jur\u00eddico no contrato de execu\u00e7\u00e3o da obra da nova capta\u00e7\u00e3o de \u00e1gua bruta de Franca (ETA-Sapuca\u00ed Mirim). Desde junho de 2020, a Sabesp retomou os servi\u00e7os no sistema de capta\u00e7\u00e3o de \u00e1gua bruta, de forma que seja conclu\u00eddo em at\u00e9 o segundo semestre de 2022.<\/p>\n<p>&#8220;Estamos acompanhando a execu\u00e7\u00e3o dos servi\u00e7os e cobrando da Sabesp agilidade e, \u00e9 poss\u00edvel, que pelo menos o complexo da zona sul de Franca, que envolve a regi\u00e3o do Jardim Aeroporto, Santa B\u00e1rbara, Jardim Elimar e demais, seja atendido ainda este ano atrav\u00e9s da ETA-Sapuca\u00ed Mirim&#8221;, relatou.<\/p>\n<p>A falta de chuvas nesse per\u00edodo do ano \u00e9 muito grave, explicou o gerente regional da Sabesp, Gilson Mendon\u00e7a a deputada Graciela. &#8220;A m\u00e9dia de chuva dos \u00faltimos 20 anos no per\u00edodo de mar\u00e7o a outubro \u00e9 de acima de 4 mil mm, mas at\u00e9 hoje &#8211; em 2021 &#8211; chegamos a 1.300 mm&#8221;.<\/p>\n<p>Ele informou ainda que, se a situa\u00e7\u00e3o se agravar a Sabesp ir\u00e1 fazer manobras com os mananciais Pouso Alegre e Canoas, al\u00e9m de promover alterna\u00e7\u00f5es no abastecimento. E com a libera\u00e7\u00e3o do fornecimento de \u00e1gua para a zona sul pela ETA Sapuca\u00ed Mirim at\u00e9 setembro, \u00e9 poss\u00edvel amenizar o abastecimento do Munic\u00edpio.<\/p>\n<p>Recentemente, a deputada Graciela esteve na ETA Sapuca\u00ed Mirim onde verificou a situa\u00e7\u00e3o grave da crise h\u00eddrica com o superintendente da companhia, Gilson Mendon\u00e7a; o gerente da Sabesp Alex Veronez; e o Delegado Davi (suplente de deputado federal).<\/p>\n","protected":false},"excerpt":{"rendered":"<p>Manobras com os mananciais Pouso Alegre e Canoas, al\u00e9m de alterna\u00e7\u00f5es no abastecimento n\u00e3o est\u00e3o descartadas A Sabesp alertou a popula\u00e7\u00e3o sobre uma poss\u00edvel falta de<span class=\"excerpt-hellip\"> [\u2026]<\/span><\/p>\n","protected":false},"author":7,"featured_media":16552,"comment_status":"open","ping_status":"open","sticky":false,"template":"","format":"standard","meta":{"_jetpack_memberships_contains_paid_content":false,"footnotes":"","jetpack_publicize_message":"","jetpack_publicize_feature_enabled":true,"jetpack_social_post_already_shared":false,"jetpack_social_options":{"image_generator_settings":{"template":"highway","default_image_id":0,"enabled":false},"version":2}},"categories":[28,44],"tags":[],"class_list":["post-16551","post","type-post","status-publish","format-standard","has-post-thumbnail","hentry","category-cotidiano","category-noticias"],"yoast_head":"<!-- This site is optimized with the Yoast SEO plugin v25.6 - https:\/\/yoast.com\/wordpress\/plugins\/seo\/ -->\n<title>Sabesp otimiza obras da nova ETA para amenizar crise h\u00eddrica - VerdadeOn<\/title>\n<meta name=\"robots\" content=\"index, follow, max-snippet:-1, max-image-preview:large, max-video-preview:-1\" \/>\n<link rel=\"canonical\" href=\"https:\/\/verdadeon.com.br\/portal\/2021\/05\/07\/sabesp-otimiza-obras-da-nova-eta-para-amenizar-crise-hidrica\/\" \/>\n<meta property=\"og:locale\" content=\"pt_BR\" \/>\n<meta property=\"og:type\" content=\"article\" \/>\n<meta property=\"og:title\" content=\"Sabesp otimiza obras da nova ETA para amenizar crise h\u00eddrica - VerdadeOn\" \/>\n<meta property=\"og:description\" content=\"Manobras com os mananciais Pouso Alegre e Canoas, al\u00e9m de alterna\u00e7\u00f5es no abastecimento n\u00e3o est\u00e3o descartadas A Sabesp alertou a popula\u00e7\u00e3o sobre uma poss\u00edvel falta de [\u2026]\" \/>\n<meta property=\"og:url\" content=\"https:\/\/verdadeon.com.br\/portal\/2021\/05\/07\/sabesp-otimiza-obras-da-nova-eta-para-amenizar-crise-hidrica\/\" \/>\n<meta property=\"og:site_name\" content=\"VerdadeOn\" \/>\n<meta property=\"article:published_time\" content=\"2021-05-07T20:27:56+00:00\" \/>\n<meta property=\"og:image\" content=\"https:\/\/verdadeon.com.br\/portal\/wp-content\/uploads\/2021\/05\/SABESP-GRACIELA-.jpeg\" \/>\n\t<meta property=\"og:image:width\" content=\"1000\" \/>\n\t<meta property=\"og:image:height\" content=\"670\" \/>\n\t<meta property=\"og:image:type\" content=\"image\/jpeg\" \/>\n<meta name=\"author\" content=\"Fernando Lima\" \/>\n<meta name=\"twitter:card\" content=\"summary_large_image\" \/>\n<meta name=\"twitter:label1\" content=\"Escrito por\" \/>\n\t<meta name=\"twitter:data1\" content=\"Fernando Lima\" \/>\n\t<meta name=\"twitter:label2\" content=\"Est. tempo de leitura\" \/>\n\t<meta name=\"twitter:data2\" content=\"2 minutos\" \/>\n<script type=\"application\/ld+json\" class=\"yoast-schema-graph\">{\"@context\":\"https:\/\/schema.org\",\"@graph\":[{\"@type\":\"WebPage\",\"@id\":\"https:\/\/verdadeon.com.br\/portal\/2021\/05\/07\/sabesp-otimiza-obras-da-nova-eta-para-amenizar-crise-hidrica\/\",\"url\":\"https:\/\/verdadeon.com.br\/portal\/2021\/05\/07\/sabesp-otimiza-obras-da-nova-eta-para-amenizar-crise-hidrica\/\",\"name\":\"Sabesp otimiza obras da nova ETA para amenizar crise h\u00eddrica - VerdadeOn\",\"isPartOf\":{\"@id\":\"https:\/\/verdadeon.com.br\/portal\/#website\"},\"primaryImageOfPage\":{\"@id\":\"https:\/\/verdadeon.com.br\/portal\/2021\/05\/07\/sabesp-otimiza-obras-da-nova-eta-para-amenizar-crise-hidrica\/#primaryimage\"},\"image\":{\"@id\":\"https:\/\/verdadeon.com.br\/portal\/2021\/05\/07\/sabesp-otimiza-obras-da-nova-eta-para-amenizar-crise-hidrica\/#primaryimage\"},\"thumbnailUrl\":\"https:\/\/i0.wp.com\/verdadeon.com.br\/portal\/wp-content\/uploads\/2021\/05\/SABESP-GRACIELA-.jpeg?fit=1000%2C670&ssl=1\",\"datePublished\":\"2021-05-07T20:27:56+00:00\",\"author\":{\"@id\":\"https:\/\/verdadeon.com.br\/portal\/#\/schema\/person\/cc32be22b8e8599387c480bc83e1d11a\"},\"breadcrumb\":{\"@id\":\"https:\/\/verdadeon.com.br\/portal\/2021\/05\/07\/sabesp-otimiza-obras-da-nova-eta-para-amenizar-crise-hidrica\/#breadcrumb\"},\"inLanguage\":\"pt-BR\",\"potentialAction\":[{\"@type\":\"ReadAction\",\"target\":[\"https:\/\/verdadeon.com.br\/portal\/2021\/05\/07\/sabesp-otimiza-obras-da-nova-eta-para-amenizar-crise-hidrica\/\"]}]},{\"@type\":\"ImageObject\",\"inLanguage\":\"pt-BR\",\"@id\":\"https:\/\/verdadeon.com.br\/portal\/2021\/05\/07\/sabesp-otimiza-obras-da-nova-eta-para-amenizar-crise-hidrica\/#primaryimage\",\"url\":\"https:\/\/i0.wp.com\/verdadeon.com.br\/portal\/wp-content\/uploads\/2021\/05\/SABESP-GRACIELA-.jpeg?fit=1000%2C670&ssl=1\",\"contentUrl\":\"https:\/\/i0.wp.com\/verdadeon.com.br\/portal\/wp-content\/uploads\/2021\/05\/SABESP-GRACIELA-.jpeg?fit=1000%2C670&ssl=1\",\"width\":1000,\"height\":670,\"caption\":\"ETA-Sapuca\u00ed Mirim mostra a baixa do Sapuca\u00ed Mirim (1)\/ Gilson Mendon\u00e7a, Alex Veronez, Delegada Graciela e Delegado Davi (2) | Foto: Divulga\u00e7\u00e3o\"},{\"@type\":\"BreadcrumbList\",\"@id\":\"https:\/\/verdadeon.com.br\/portal\/2021\/05\/07\/sabesp-otimiza-obras-da-nova-eta-para-amenizar-crise-hidrica\/#breadcrumb\",\"itemListElement\":[{\"@type\":\"ListItem\",\"position\":1,\"name\":\"In\u00edcio\",\"item\":\"https:\/\/verdadeon.com.br\/portal\/\"},{\"@type\":\"ListItem\",\"position\":2,\"name\":\"Sabesp otimiza obras da nova ETA para amenizar crise h\u00eddrica\"}]},{\"@type\":\"WebSite\",\"@id\":\"https:\/\/verdadeon.com.br\/portal\/#website\",\"url\":\"https:\/\/verdadeon.com.br\/portal\/\",\"name\":\"VerdadeOn\",\"description\":\"Not\u00edcias di\u00e1rias sobre Franca, Regi\u00e3o, Esporte, Cultura, Cotidiano, Colunas. Cobertura nos principais eventos da cidade \u00e9 aqui - Verdadeon Franca\",\"potentialAction\":[{\"@type\":\"SearchAction\",\"target\":{\"@type\":\"EntryPoint\",\"urlTemplate\":\"https:\/\/verdadeon.com.br\/portal\/?s={search_term_string}\"},\"query-input\":{\"@type\":\"PropertyValueSpecification\",\"valueRequired\":true,\"valueName\":\"search_term_string\"}}],\"inLanguage\":\"pt-BR\"},{\"@type\":\"Person\",\"@id\":\"https:\/\/verdadeon.com.br\/portal\/#\/schema\/person\/cc32be22b8e8599387c480bc83e1d11a\",\"name\":\"Fernando Lima\",\"image\":{\"@type\":\"ImageObject\",\"inLanguage\":\"pt-BR\",\"@id\":\"https:\/\/verdadeon.com.br\/portal\/#\/schema\/person\/image\/\",\"url\":\"https:\/\/secure.gravatar.com\/avatar\/df4c8e132080d2b3a4841d5d232045464e0eed11a1d6e43115ca0843d48768d3?s=96&d=mm&r=g\",\"contentUrl\":\"https:\/\/secure.gravatar.com\/avatar\/df4c8e132080d2b3a4841d5d232045464e0eed11a1d6e43115ca0843d48768d3?s=96&d=mm&r=g\",\"caption\":\"Fernando Lima\"},\"sameAs\":[\"http:\/\/verdadeon.com.br\/\"],\"url\":\"https:\/\/verdadeon.com.br\/portal\/author\/fernando-lima\/\"}]}<\/script>\n<!-- \/ Yoast SEO plugin. -->","yoast_head_json":{"title":"Sabesp otimiza obras da nova ETA para amenizar crise h\u00eddrica - VerdadeOn","robots":{"index":"index","follow":"follow","max-snippet":"max-snippet:-1","max-image-preview":"max-image-preview:large","max-video-preview":"max-video-preview:-1"},"canonical":"https:\/\/verdadeon.com.br\/portal\/2021\/05\/07\/sabesp-otimiza-obras-da-nova-eta-para-amenizar-crise-hidrica\/","og_locale":"pt_BR","og_type":"article","og_title":"Sabesp otimiza obras da nova ETA para amenizar crise h\u00eddrica - VerdadeOn","og_description":"Manobras com os mananciais Pouso Alegre e Canoas, al\u00e9m de alterna\u00e7\u00f5es no abastecimento n\u00e3o est\u00e3o descartadas A Sabesp alertou a popula\u00e7\u00e3o sobre uma poss\u00edvel falta de [\u2026]","og_url":"https:\/\/verdadeon.com.br\/portal\/2021\/05\/07\/sabesp-otimiza-obras-da-nova-eta-para-amenizar-crise-hidrica\/","og_site_name":"VerdadeOn","article_published_time":"2021-05-07T20:27:56+00:00","og_image":[{"width":1000,"height":670,"url":"https:\/\/verdadeon.com.br\/portal\/wp-content\/uploads\/2021\/05\/SABESP-GRACIELA-.jpeg","type":"image\/jpeg"}],"author":"Fernando Lima","twitter_card":"summary_large_image","twitter_misc":{"Escrito por":"Fernando Lima","Est. tempo de leitura":"2 minutos"},"schema":{"@context":"https:\/\/schema.org","@graph":[{"@type":"WebPage","@id":"https:\/\/verdadeon.com.br\/portal\/2021\/05\/07\/sabesp-otimiza-obras-da-nova-eta-para-amenizar-crise-hidrica\/","url":"https:\/\/verdadeon.com.br\/portal\/2021\/05\/07\/sabesp-otimiza-obras-da-nova-eta-para-amenizar-crise-hidrica\/","name":"Sabesp otimiza obras da nova ETA para amenizar crise h\u00eddrica - VerdadeOn","isPartOf":{"@id":"https:\/\/verdadeon.com.br\/portal\/#website"},"primaryImageOfPage":{"@id":"https:\/\/verdadeon.com.br\/portal\/2021\/05\/07\/sabesp-otimiza-obras-da-nova-eta-para-amenizar-crise-hidrica\/#primaryimage"},"image":{"@id":"https:\/\/verdadeon.com.br\/portal\/2021\/05\/07\/sabesp-otimiza-obras-da-nova-eta-para-amenizar-crise-hidrica\/#primaryimage"},"thumbnailUrl":"https:\/\/i0.wp.com\/verdadeon.com.br\/portal\/wp-content\/uploads\/2021\/05\/SABESP-GRACIELA-.jpeg?fit=1000%2C670&ssl=1","datePublished":"2021-05-07T20:27:56+00:00","author":{"@id":"https:\/\/verdadeon.com.br\/portal\/#\/schema\/person\/cc32be22b8e8599387c480bc83e1d11a"},"breadcrumb":{"@id":"https:\/\/verdadeon.com.br\/portal\/2021\/05\/07\/sabesp-otimiza-obras-da-nova-eta-para-amenizar-crise-hidrica\/#breadcrumb"},"inLanguage":"pt-BR","potentialAction":[{"@type":"ReadAction","target":["https:\/\/verdadeon.com.br\/portal\/2021\/05\/07\/sabesp-otimiza-obras-da-nova-eta-para-amenizar-crise-hidrica\/"]}]},{"@type":"ImageObject","inLanguage":"pt-BR","@id":"https:\/\/verdadeon.com.br\/portal\/2021\/05\/07\/sabesp-otimiza-obras-da-nova-eta-para-amenizar-crise-hidrica\/#primaryimage","url":"https:\/\/i0.wp.com\/verdadeon.com.br\/portal\/wp-content\/uploads\/2021\/05\/SABESP-GRACIELA-.jpeg?fit=1000%2C670&ssl=1","contentUrl":"https:\/\/i0.wp.com\/verdadeon.com.br\/portal\/wp-content\/uploads\/2021\/05\/SABESP-GRACIELA-.jpeg?fit=1000%2C670&ssl=1","width":1000,"height":670,"caption":"ETA-Sapuca\u00ed Mirim mostra a baixa do Sapuca\u00ed Mirim (1)\/ Gilson Mendon\u00e7a, Alex Veronez, Delegada Graciela e Delegado Davi (2) | Foto: Divulga\u00e7\u00e3o"},{"@type":"BreadcrumbList","@id":"https:\/\/verdadeon.com.br\/portal\/2021\/05\/07\/sabesp-otimiza-obras-da-nova-eta-para-amenizar-crise-hidrica\/#breadcrumb","itemListElement":[{"@type":"ListItem","position":1,"name":"In\u00edcio","item":"https:\/\/verdadeon.com.br\/portal\/"},{"@type":"ListItem","position":2,"name":"Sabesp otimiza obras da nova ETA para amenizar crise h\u00eddrica"}]},{"@type":"WebSite","@id":"https:\/\/verdadeon.com.br\/portal\/#website","url":"https:\/\/verdadeon.com.br\/portal\/","name":"VerdadeOn","description":"Not\u00edcias di\u00e1rias sobre Franca, Regi\u00e3o, Esporte, Cultura, Cotidiano, Colunas. Cobertura nos principais eventos da cidade \u00e9 aqui - Verdadeon Franca","potentialAction":[{"@type":"SearchAction","target":{"@type":"EntryPoint","urlTemplate":"https:\/\/verdadeon.com.br\/portal\/?s={search_term_string}"},"query-input":{"@type":"PropertyValueSpecification","valueRequired":true,"valueName":"search_term_string"}}],"inLanguage":"pt-BR"},{"@type":"Person","@id":"https:\/\/verdadeon.com.br\/portal\/#\/schema\/person\/cc32be22b8e8599387c480bc83e1d11a","name":"Fernando Lima","image":{"@type":"ImageObject","inLanguage":"pt-BR","@id":"https:\/\/verdadeon.com.br\/portal\/#\/schema\/person\/image\/","url":"https:\/\/secure.gravatar.com\/avatar\/df4c8e132080d2b3a4841d5d232045464e0eed11a1d6e43115ca0843d48768d3?s=96&d=mm&r=g","contentUrl":"https:\/\/secure.gravatar.com\/avatar\/df4c8e132080d2b3a4841d5d232045464e0eed11a1d6e43115ca0843d48768d3?s=96&d=mm&r=g","caption":"Fernando Lima"},"sameAs":["http:\/\/verdadeon.com.br\/"],"url":"https:\/\/verdadeon.com.br\/portal\/author\/fernando-lima\/"}]}},"jetpack_publicize_connections":[],"jetpack_featured_media_url":"https:\/\/i0.wp.com\/verdadeon.com.br\/portal\/wp-content\/uploads\/2021\/05\/SABESP-GRACIELA-.jpeg?fit=1000%2C670&ssl=1","jetpack_sharing_enabled":true,"_links":{"self":[{"href":"https:\/\/verdadeon.com.br\/portal\/wp-json\/wp\/v2\/posts\/16551","targetHints":{"allow":["GET"]}}],"collection":[{"href":"https:\/\/verdadeon.com.br\/portal\/wp-json\/wp\/v2\/posts"}],"about":[{"href":"https:\/\/verdadeon.com.br\/portal\/wp-json\/wp\/v2\/types\/post"}],"author":[{"embeddable":true,"href":"https:\/\/verdadeon.com.br\/portal\/wp-json\/wp\/v2\/users\/7"}],"replies":[{"embeddable":true,"href":"https:\/\/verdadeon.com.br\/portal\/wp-json\/wp\/v2\/comments?post=16551"}],"version-history":[{"count":0,"href":"https:\/\/verdadeon.com.br\/portal\/wp-json\/wp\/v2\/posts\/16551\/revisions"}],"wp:featuredmedia":[{"embeddable":true,"href":"https:\/\/verdadeon.com.br\/portal\/wp-json\/wp\/v2\/media\/16552"}],"wp:attachment":[{"href":"https:\/\/verdadeon.com.br\/portal\/wp-json\/wp\/v2\/media?parent=16551"}],"wp:term":[{"taxonomy":"category","embeddable":true,"href":"https:\/\/verdadeon.com.br\/portal\/wp-json\/wp\/v2\/categories?post=16551"},{"taxonomy":"post_tag","embeddable":true,"href":"https:\/\/verdadeon.com.br\/portal\/wp-json\/wp\/v2\/tags?post=16551"}],"curies":[{"name":"wp","href":"https:\/\/api.w.org\/{rel}","templated":true}]}}