{"id":16546,"date":"2021-05-07T17:19:14","date_gmt":"2021-05-07T20:19:14","guid":{"rendered":"https:\/\/verdadeon.com.br\/portal\/?p=16546"},"modified":"2021-05-07T17:19:14","modified_gmt":"2021-05-07T20:19:14","slug":"mortes-caem-em-todo-o-brasil-mas-casos-positivos-voltam-a-subir","status":"publish","type":"post","link":"https:\/\/verdadeon.com.br\/portal\/2021\/05\/07\/mortes-caem-em-todo-o-brasil-mas-casos-positivos-voltam-a-subir\/","title":{"rendered":"Mortes caem em todo o Brasil, mas casos positivos voltam a subir"},"content":{"rendered":"<h2>Dados s\u00e3o do Boletim Epidemiol\u00f3gico do Minist\u00e9rio da Sa\u00fade, no per\u00edodo de 25 de abril a 1\u00b0 de maio<\/h2>\n<p>As mortes por covid-19 no Brasil t\u00eam apresentado uma leve tend\u00eancia de queda, segundo dados do Boletim Epidemiol\u00f3gico do Minist\u00e9rio da Sa\u00fade. No per\u00edodo de 25 de abril a 1\u00ba de maio (Semana Epidemiol\u00f3gica 17), foram registrados 16.945 \u00f3bitos, enquanto na semana anterior foram detectadas 17.814 vidas perdidas para a doen\u00e7a.<\/p>\n<p>O resultado revela uma queda de 5% no n\u00famero de \u00f3bitos, o que \u00e9 considerado um quadro de estabilidade pelo minist\u00e9rio. A m\u00e9dia m\u00f3vel de mortes (total de vidas perdidas durante a semana dividida pelo n\u00famero de dias) ficou em 2.421.<\/p>\n<p>A curva de mortes durante a pandemia segue o movimento de revers\u00e3o da tend\u00eancia de alta da 2\u00aa onda registrada neste ano, iniciada por um aumento intenso a partir do fim do m\u00eas de fevereiro. A inflex\u00e3o teve in\u00edcio na semana epidemiol\u00f3gica 14, na 1\u00aa quinzena de abril.<\/p>\n<p>Os boletins epidemiol\u00f3gicos do Minist\u00e9rio da Sa\u00fade sobre o novo coronav\u00edrus re\u00fanem a avalia\u00e7\u00e3o da pasta sobre a evolu\u00e7\u00e3o da pandemia, considerando as semanas epidemiol\u00f3gicas, tipo de media\u00e7\u00e3o empregada por autoridades de sa\u00fade para essas situa\u00e7\u00f5es.<\/p>\n<h2>Novos casos<\/h2>\n<p>A curva de novos casos, que tamb\u00e9m vinha caindo, inverteu o movimento e oscilou 2% para cima. Na Semana Epidemiol\u00f3gica 17, foram registrados 417.760 novos diagn\u00f3sticos positivos para covid-19, contra 408.124 na semana anterior. A m\u00e9dia m\u00f3vel de casos ficou em 59.680.<\/p>\n<p>O resultado da Semana Epidemiol\u00f3gica 17 marca uma mudan\u00e7a na tend\u00eancia de queda no registro de novos casos de covid-19, iniciada em mar\u00e7o, mas apenas com um rev\u00e9s na Semana Epidemiol\u00f3gica 13.<\/p>\n<h2>Estados<\/h2>\n<p>De acordo com o boletim epidemiol\u00f3gico, o n\u00famero de estados com aumento de novos casos voltou a superar aqueles com redu\u00e7\u00e3o. Na semana em estudo, 12 estados tiveram incremento nos diagn\u00f3sticos confirmados, cinco estados e o Distrito Federal ficaram est\u00e1veis e nove registraram redu\u00e7\u00e3o. Os acr\u00e9scimos mais efetivos ocorreram no Rio Grande do Norte (47%) e Amap\u00e1 (40%). J\u00e1 as quedas mais intensas se deram no Piau\u00ed (-25%) e em Rond\u00f4nia (-18%).<\/p>\n<p>Quando consideradas as mortes, o n\u00famero de estados com queda das curvas foi de 13 mais o DF, oito ficaram est\u00e1veis e outros cinco tiveram acr\u00e9scimo em rela\u00e7\u00e3o ao balan\u00e7o da semana anterior. Os aumentos mais representativos foram registrados em Roraima (52%) e Pernambuco (43%). As quedas mais expressivas aconteceram em Rond\u00f4nia (-44%) e em Goi\u00e1s (-28%).<\/p>\n<h2>Mundo<\/h2>\n<p>Na semana analisada, o Brasil foi ultrapassado pela \u00cdndia em registro de novas mortes. A \u00cdndia vive uma explos\u00e3o da pandemia e registrou 23.231 novos \u00f3bitos no per\u00edodo. Em seguida vem o Brasil, com 16.945 \u00f3bitos, os Estados Unidos (4.647), a Col\u00f4mbia (3.106) e o Ir\u00e3 (2.970).<\/p>\n<p>Em rela\u00e7\u00e3o ao n\u00famero de casos registrados da doen\u00e7a, o Brasil tamb\u00e9m ocupa a 2\u00aa posi\u00e7\u00e3o. A lideran\u00e7a ficou com a \u00cdndia, que teve 2.597.285 novos diagn\u00f3sticos no per\u00edodo. O Brasil, com 417.760 casos, \u00e9 seguido por Estados Unidos (347.161), Turquia (257.992) e Fran\u00e7a (168.849).<\/p>\n<p>Fonte: Ag\u00eancia Brasil<\/p>\n","protected":false},"excerpt":{"rendered":"<p>Dados s\u00e3o do Boletim Epidemiol\u00f3gico do Minist\u00e9rio da Sa\u00fade, no per\u00edodo de 25 de abril a 1\u00b0 de maio As mortes por covid-19 no Brasil t\u00eam<span class=\"excerpt-hellip\"> [\u2026]<\/span><\/p>\n","protected":false},"author":7,"featured_media":16547,"comment_status":"open","ping_status":"open","sticky":false,"template":"","format":"standard","meta":{"_jetpack_memberships_contains_paid_content":false,"footnotes":"","jetpack_publicize_message":"","jetpack_publicize_feature_enabled":true,"jetpack_social_post_already_shared":false,"jetpack_social_options":{"image_generator_settings":{"template":"highway","default_image_id":0,"enabled":false},"version":2}},"categories":[28,44],"tags":[],"class_list":["post-16546","post","type-post","status-publish","format-standard","has-post-thumbnail","hentry","category-cotidiano","category-noticias"],"yoast_head":"<!-- This site is optimized with the Yoast SEO plugin v25.6 - https:\/\/yoast.com\/wordpress\/plugins\/seo\/ -->\n<title>Mortes caem em todo o Brasil, mas casos positivos voltam a subir - VerdadeOn<\/title>\n<meta name=\"robots\" content=\"index, follow, max-snippet:-1, max-image-preview:large, max-video-preview:-1\" \/>\n<link rel=\"canonical\" href=\"https:\/\/verdadeon.com.br\/portal\/2021\/05\/07\/mortes-caem-em-todo-o-brasil-mas-casos-positivos-voltam-a-subir\/\" \/>\n<meta property=\"og:locale\" content=\"pt_BR\" \/>\n<meta property=\"og:type\" content=\"article\" \/>\n<meta property=\"og:title\" content=\"Mortes caem em todo o Brasil, mas casos positivos voltam a subir - VerdadeOn\" \/>\n<meta property=\"og:description\" content=\"Dados s\u00e3o do Boletim Epidemiol\u00f3gico do Minist\u00e9rio da Sa\u00fade, no per\u00edodo de 25 de abril a 1\u00b0 de maio As mortes por covid-19 no Brasil t\u00eam [\u2026]\" \/>\n<meta property=\"og:url\" content=\"https:\/\/verdadeon.com.br\/portal\/2021\/05\/07\/mortes-caem-em-todo-o-brasil-mas-casos-positivos-voltam-a-subir\/\" \/>\n<meta property=\"og:site_name\" content=\"VerdadeOn\" \/>\n<meta property=\"article:published_time\" content=\"2021-05-07T20:19:14+00:00\" \/>\n<meta property=\"og:image\" content=\"https:\/\/verdadeon.com.br\/portal\/wp-content\/uploads\/2021\/05\/MORTES-CAEM.jpg\" \/>\n\t<meta property=\"og:image:width\" content=\"1000\" \/>\n\t<meta property=\"og:image:height\" content=\"670\" \/>\n\t<meta property=\"og:image:type\" content=\"image\/jpeg\" \/>\n<meta name=\"author\" content=\"Fernando Lima\" \/>\n<meta name=\"twitter:card\" content=\"summary_large_image\" \/>\n<meta name=\"twitter:label1\" content=\"Escrito por\" \/>\n\t<meta name=\"twitter:data1\" content=\"Fernando Lima\" \/>\n\t<meta name=\"twitter:label2\" content=\"Est. tempo de leitura\" \/>\n\t<meta name=\"twitter:data2\" content=\"3 minutos\" \/>\n<script type=\"application\/ld+json\" class=\"yoast-schema-graph\">{\"@context\":\"https:\/\/schema.org\",\"@graph\":[{\"@type\":\"WebPage\",\"@id\":\"https:\/\/verdadeon.com.br\/portal\/2021\/05\/07\/mortes-caem-em-todo-o-brasil-mas-casos-positivos-voltam-a-subir\/\",\"url\":\"https:\/\/verdadeon.com.br\/portal\/2021\/05\/07\/mortes-caem-em-todo-o-brasil-mas-casos-positivos-voltam-a-subir\/\",\"name\":\"Mortes caem em todo o Brasil, mas casos positivos voltam a subir - VerdadeOn\",\"isPartOf\":{\"@id\":\"https:\/\/verdadeon.com.br\/portal\/#website\"},\"primaryImageOfPage\":{\"@id\":\"https:\/\/verdadeon.com.br\/portal\/2021\/05\/07\/mortes-caem-em-todo-o-brasil-mas-casos-positivos-voltam-a-subir\/#primaryimage\"},\"image\":{\"@id\":\"https:\/\/verdadeon.com.br\/portal\/2021\/05\/07\/mortes-caem-em-todo-o-brasil-mas-casos-positivos-voltam-a-subir\/#primaryimage\"},\"thumbnailUrl\":\"https:\/\/i0.wp.com\/verdadeon.com.br\/portal\/wp-content\/uploads\/2021\/05\/MORTES-CAEM.jpg?fit=1000%2C670&ssl=1\",\"datePublished\":\"2021-05-07T20:19:14+00:00\",\"author\":{\"@id\":\"https:\/\/verdadeon.com.br\/portal\/#\/schema\/person\/cc32be22b8e8599387c480bc83e1d11a\"},\"breadcrumb\":{\"@id\":\"https:\/\/verdadeon.com.br\/portal\/2021\/05\/07\/mortes-caem-em-todo-o-brasil-mas-casos-positivos-voltam-a-subir\/#breadcrumb\"},\"inLanguage\":\"pt-BR\",\"potentialAction\":[{\"@type\":\"ReadAction\",\"target\":[\"https:\/\/verdadeon.com.br\/portal\/2021\/05\/07\/mortes-caem-em-todo-o-brasil-mas-casos-positivos-voltam-a-subir\/\"]}]},{\"@type\":\"ImageObject\",\"inLanguage\":\"pt-BR\",\"@id\":\"https:\/\/verdadeon.com.br\/portal\/2021\/05\/07\/mortes-caem-em-todo-o-brasil-mas-casos-positivos-voltam-a-subir\/#primaryimage\",\"url\":\"https:\/\/i0.wp.com\/verdadeon.com.br\/portal\/wp-content\/uploads\/2021\/05\/MORTES-CAEM.jpg?fit=1000%2C670&ssl=1\",\"contentUrl\":\"https:\/\/i0.wp.com\/verdadeon.com.br\/portal\/wp-content\/uploads\/2021\/05\/MORTES-CAEM.jpg?fit=1000%2C670&ssl=1\",\"width\":1000,\"height\":670,\"caption\":\"O resultado revela uma queda de 5% no n\u00famero de \u00f3bitos, o que \u00e9 considerado um quadro de estabilidade pelo minist\u00e9rio | Foto: Ag\u00eancia Brasil\"},{\"@type\":\"BreadcrumbList\",\"@id\":\"https:\/\/verdadeon.com.br\/portal\/2021\/05\/07\/mortes-caem-em-todo-o-brasil-mas-casos-positivos-voltam-a-subir\/#breadcrumb\",\"itemListElement\":[{\"@type\":\"ListItem\",\"position\":1,\"name\":\"In\u00edcio\",\"item\":\"https:\/\/verdadeon.com.br\/portal\/\"},{\"@type\":\"ListItem\",\"position\":2,\"name\":\"Mortes caem em todo o Brasil, mas casos positivos voltam a subir\"}]},{\"@type\":\"WebSite\",\"@id\":\"https:\/\/verdadeon.com.br\/portal\/#website\",\"url\":\"https:\/\/verdadeon.com.br\/portal\/\",\"name\":\"VerdadeOn\",\"description\":\"Not\u00edcias di\u00e1rias sobre Franca, Regi\u00e3o, Esporte, Cultura, Cotidiano, Colunas. Cobertura nos principais eventos da cidade \u00e9 aqui - Verdadeon Franca\",\"potentialAction\":[{\"@type\":\"SearchAction\",\"target\":{\"@type\":\"EntryPoint\",\"urlTemplate\":\"https:\/\/verdadeon.com.br\/portal\/?s={search_term_string}\"},\"query-input\":{\"@type\":\"PropertyValueSpecification\",\"valueRequired\":true,\"valueName\":\"search_term_string\"}}],\"inLanguage\":\"pt-BR\"},{\"@type\":\"Person\",\"@id\":\"https:\/\/verdadeon.com.br\/portal\/#\/schema\/person\/cc32be22b8e8599387c480bc83e1d11a\",\"name\":\"Fernando Lima\",\"image\":{\"@type\":\"ImageObject\",\"inLanguage\":\"pt-BR\",\"@id\":\"https:\/\/verdadeon.com.br\/portal\/#\/schema\/person\/image\/\",\"url\":\"https:\/\/secure.gravatar.com\/avatar\/df4c8e132080d2b3a4841d5d232045464e0eed11a1d6e43115ca0843d48768d3?s=96&d=mm&r=g\",\"contentUrl\":\"https:\/\/secure.gravatar.com\/avatar\/df4c8e132080d2b3a4841d5d232045464e0eed11a1d6e43115ca0843d48768d3?s=96&d=mm&r=g\",\"caption\":\"Fernando Lima\"},\"sameAs\":[\"http:\/\/verdadeon.com.br\/\"],\"url\":\"https:\/\/verdadeon.com.br\/portal\/author\/fernando-lima\/\"}]}<\/script>\n<!-- \/ Yoast SEO plugin. -->","yoast_head_json":{"title":"Mortes caem em todo o Brasil, mas casos positivos voltam a subir - VerdadeOn","robots":{"index":"index","follow":"follow","max-snippet":"max-snippet:-1","max-image-preview":"max-image-preview:large","max-video-preview":"max-video-preview:-1"},"canonical":"https:\/\/verdadeon.com.br\/portal\/2021\/05\/07\/mortes-caem-em-todo-o-brasil-mas-casos-positivos-voltam-a-subir\/","og_locale":"pt_BR","og_type":"article","og_title":"Mortes caem em todo o Brasil, mas casos positivos voltam a subir - VerdadeOn","og_description":"Dados s\u00e3o do Boletim Epidemiol\u00f3gico do Minist\u00e9rio da Sa\u00fade, no per\u00edodo de 25 de abril a 1\u00b0 de maio As mortes por covid-19 no Brasil t\u00eam [\u2026]","og_url":"https:\/\/verdadeon.com.br\/portal\/2021\/05\/07\/mortes-caem-em-todo-o-brasil-mas-casos-positivos-voltam-a-subir\/","og_site_name":"VerdadeOn","article_published_time":"2021-05-07T20:19:14+00:00","og_image":[{"width":1000,"height":670,"url":"https:\/\/verdadeon.com.br\/portal\/wp-content\/uploads\/2021\/05\/MORTES-CAEM.jpg","type":"image\/jpeg"}],"author":"Fernando Lima","twitter_card":"summary_large_image","twitter_misc":{"Escrito por":"Fernando Lima","Est. tempo de leitura":"3 minutos"},"schema":{"@context":"https:\/\/schema.org","@graph":[{"@type":"WebPage","@id":"https:\/\/verdadeon.com.br\/portal\/2021\/05\/07\/mortes-caem-em-todo-o-brasil-mas-casos-positivos-voltam-a-subir\/","url":"https:\/\/verdadeon.com.br\/portal\/2021\/05\/07\/mortes-caem-em-todo-o-brasil-mas-casos-positivos-voltam-a-subir\/","name":"Mortes caem em todo o Brasil, mas casos positivos voltam a subir - VerdadeOn","isPartOf":{"@id":"https:\/\/verdadeon.com.br\/portal\/#website"},"primaryImageOfPage":{"@id":"https:\/\/verdadeon.com.br\/portal\/2021\/05\/07\/mortes-caem-em-todo-o-brasil-mas-casos-positivos-voltam-a-subir\/#primaryimage"},"image":{"@id":"https:\/\/verdadeon.com.br\/portal\/2021\/05\/07\/mortes-caem-em-todo-o-brasil-mas-casos-positivos-voltam-a-subir\/#primaryimage"},"thumbnailUrl":"https:\/\/i0.wp.com\/verdadeon.com.br\/portal\/wp-content\/uploads\/2021\/05\/MORTES-CAEM.jpg?fit=1000%2C670&ssl=1","datePublished":"2021-05-07T20:19:14+00:00","author":{"@id":"https:\/\/verdadeon.com.br\/portal\/#\/schema\/person\/cc32be22b8e8599387c480bc83e1d11a"},"breadcrumb":{"@id":"https:\/\/verdadeon.com.br\/portal\/2021\/05\/07\/mortes-caem-em-todo-o-brasil-mas-casos-positivos-voltam-a-subir\/#breadcrumb"},"inLanguage":"pt-BR","potentialAction":[{"@type":"ReadAction","target":["https:\/\/verdadeon.com.br\/portal\/2021\/05\/07\/mortes-caem-em-todo-o-brasil-mas-casos-positivos-voltam-a-subir\/"]}]},{"@type":"ImageObject","inLanguage":"pt-BR","@id":"https:\/\/verdadeon.com.br\/portal\/2021\/05\/07\/mortes-caem-em-todo-o-brasil-mas-casos-positivos-voltam-a-subir\/#primaryimage","url":"https:\/\/i0.wp.com\/verdadeon.com.br\/portal\/wp-content\/uploads\/2021\/05\/MORTES-CAEM.jpg?fit=1000%2C670&ssl=1","contentUrl":"https:\/\/i0.wp.com\/verdadeon.com.br\/portal\/wp-content\/uploads\/2021\/05\/MORTES-CAEM.jpg?fit=1000%2C670&ssl=1","width":1000,"height":670,"caption":"O resultado revela uma queda de 5% no n\u00famero de \u00f3bitos, o que \u00e9 considerado um quadro de estabilidade pelo minist\u00e9rio | Foto: Ag\u00eancia Brasil"},{"@type":"BreadcrumbList","@id":"https:\/\/verdadeon.com.br\/portal\/2021\/05\/07\/mortes-caem-em-todo-o-brasil-mas-casos-positivos-voltam-a-subir\/#breadcrumb","itemListElement":[{"@type":"ListItem","position":1,"name":"In\u00edcio","item":"https:\/\/verdadeon.com.br\/portal\/"},{"@type":"ListItem","position":2,"name":"Mortes caem em todo o Brasil, mas casos positivos voltam a subir"}]},{"@type":"WebSite","@id":"https:\/\/verdadeon.com.br\/portal\/#website","url":"https:\/\/verdadeon.com.br\/portal\/","name":"VerdadeOn","description":"Not\u00edcias di\u00e1rias sobre Franca, Regi\u00e3o, Esporte, Cultura, Cotidiano, Colunas. Cobertura nos principais eventos da cidade \u00e9 aqui - Verdadeon Franca","potentialAction":[{"@type":"SearchAction","target":{"@type":"EntryPoint","urlTemplate":"https:\/\/verdadeon.com.br\/portal\/?s={search_term_string}"},"query-input":{"@type":"PropertyValueSpecification","valueRequired":true,"valueName":"search_term_string"}}],"inLanguage":"pt-BR"},{"@type":"Person","@id":"https:\/\/verdadeon.com.br\/portal\/#\/schema\/person\/cc32be22b8e8599387c480bc83e1d11a","name":"Fernando Lima","image":{"@type":"ImageObject","inLanguage":"pt-BR","@id":"https:\/\/verdadeon.com.br\/portal\/#\/schema\/person\/image\/","url":"https:\/\/secure.gravatar.com\/avatar\/df4c8e132080d2b3a4841d5d232045464e0eed11a1d6e43115ca0843d48768d3?s=96&d=mm&r=g","contentUrl":"https:\/\/secure.gravatar.com\/avatar\/df4c8e132080d2b3a4841d5d232045464e0eed11a1d6e43115ca0843d48768d3?s=96&d=mm&r=g","caption":"Fernando Lima"},"sameAs":["http:\/\/verdadeon.com.br\/"],"url":"https:\/\/verdadeon.com.br\/portal\/author\/fernando-lima\/"}]}},"jetpack_publicize_connections":[],"jetpack_featured_media_url":"https:\/\/i0.wp.com\/verdadeon.com.br\/portal\/wp-content\/uploads\/2021\/05\/MORTES-CAEM.jpg?fit=1000%2C670&ssl=1","jetpack_sharing_enabled":true,"_links":{"self":[{"href":"https:\/\/verdadeon.com.br\/portal\/wp-json\/wp\/v2\/posts\/16546","targetHints":{"allow":["GET"]}}],"collection":[{"href":"https:\/\/verdadeon.com.br\/portal\/wp-json\/wp\/v2\/posts"}],"about":[{"href":"https:\/\/verdadeon.com.br\/portal\/wp-json\/wp\/v2\/types\/post"}],"author":[{"embeddable":true,"href":"https:\/\/verdadeon.com.br\/portal\/wp-json\/wp\/v2\/users\/7"}],"replies":[{"embeddable":true,"href":"https:\/\/verdadeon.com.br\/portal\/wp-json\/wp\/v2\/comments?post=16546"}],"version-history":[{"count":0,"href":"https:\/\/verdadeon.com.br\/portal\/wp-json\/wp\/v2\/posts\/16546\/revisions"}],"wp:featuredmedia":[{"embeddable":true,"href":"https:\/\/verdadeon.com.br\/portal\/wp-json\/wp\/v2\/media\/16547"}],"wp:attachment":[{"href":"https:\/\/verdadeon.com.br\/portal\/wp-json\/wp\/v2\/media?parent=16546"}],"wp:term":[{"taxonomy":"category","embeddable":true,"href":"https:\/\/verdadeon.com.br\/portal\/wp-json\/wp\/v2\/categories?post=16546"},{"taxonomy":"post_tag","embeddable":true,"href":"https:\/\/verdadeon.com.br\/portal\/wp-json\/wp\/v2\/tags?post=16546"}],"curies":[{"name":"wp","href":"https:\/\/api.w.org\/{rel}","templated":true}]}}