{"id":16535,"date":"2021-05-06T18:04:44","date_gmt":"2021-05-06T21:04:44","guid":{"rendered":"https:\/\/verdadeon.com.br\/portal\/?p=16535"},"modified":"2021-05-06T18:04:44","modified_gmt":"2021-05-06T21:04:44","slug":"ladroes-invadem-casa-prendem-vitimas-em-quarto-e-arrebentam-portao-durante-fuga-em-ituverava","status":"publish","type":"post","link":"https:\/\/verdadeon.com.br\/portal\/2021\/05\/06\/ladroes-invadem-casa-prendem-vitimas-em-quarto-e-arrebentam-portao-durante-fuga-em-ituverava\/","title":{"rendered":"Ladr\u00f5es invadem casa, prendem v\u00edtimas em quarto e arrebentam port\u00e3o durante fuga em Ituverava"},"content":{"rendered":"<h2>Um dos suspeitos acabou sendo preso, enquanto os outros dois fugiram<\/h2>\n<p>Um homem foi preso ap\u00f3s uma tentativa de assalto a uma casa na cidade de Ituverava, nesta quinta-feira (6). De acordo com o delegado Gabriel Fernando, o suspeito preso e mais dois comparsas, invadiram o local onde renderam as v\u00edtimas que foram trancadas em um dos quartos.<\/p>\n<p>Enquanto os moradores eram mantidos em c\u00e1rcere, os ladr\u00f5es reviraram a resid\u00eancia em busca de joias, dinheiro e outros objetos de valor. A a\u00e7\u00e3o durou cerca de meia hora.<\/p>\n<p>Os objetos foram colocados na caminhonete das v\u00edtimas, um dos assaltantes exigiu que o homem entregasse a chave do ve\u00edculo, mas ele n\u00e3o contava com um sistema que trava a caminhonete, conhecido como \u201ctrava carneiro\u201d. Por conta disso o ve\u00edculo arrebentou o port\u00e3o.<\/p>\n<p>Os tr\u00eas fugiram e deixaram os produtos na caminhonete. Na fuga um dos suspeitos ainda tentou furtar uma bicicleta de um homem, que reagiu e n\u00e3o deixou que ele a levasse.<\/p>\n<p>A Pol\u00edcia Militar foi acionada e conseguiu prender um dos suspeitos. Ele foi levado para a delegacia onde foi ouvido e ap\u00f3s foi recolhido ao Sistema Prisional de Franca, onde vai responder pelo roubo e por c\u00e1rcere.<\/p>\n<p>Os outros dois suspeitos fugiram e ainda n\u00e3o foram encontrados. As v\u00edtimas em estado de choque, n\u00e3o sofreram ferimentos.<\/p>\n","protected":false},"excerpt":{"rendered":"<p>Um dos suspeitos acabou sendo preso, enquanto os outros dois fugiram Um homem foi preso ap\u00f3s uma tentativa de assalto a uma casa na cidade de<span class=\"excerpt-hellip\"> [\u2026]<\/span><\/p>\n","protected":false},"author":7,"featured_media":16536,"comment_status":"open","ping_status":"open","sticky":false,"template":"","format":"standard","meta":{"_jetpack_memberships_contains_paid_content":false,"footnotes":"","jetpack_publicize_message":"","jetpack_publicize_feature_enabled":true,"jetpack_social_post_already_shared":false,"jetpack_social_options":{"image_generator_settings":{"template":"highway","default_image_id":0,"enabled":false},"version":2}},"categories":[28,81],"tags":[],"class_list":["post-16535","post","type-post","status-publish","format-standard","has-post-thumbnail","hentry","category-cotidiano","category-manchete"],"yoast_head":"<!-- This site is optimized with the Yoast SEO plugin v25.6 - https:\/\/yoast.com\/wordpress\/plugins\/seo\/ -->\n<title>Ladr\u00f5es invadem casa, prendem v\u00edtimas em quarto e arrebentam port\u00e3o durante fuga em Ituverava - VerdadeOn<\/title>\n<meta name=\"robots\" content=\"index, follow, max-snippet:-1, max-image-preview:large, max-video-preview:-1\" \/>\n<link rel=\"canonical\" href=\"https:\/\/verdadeon.com.br\/portal\/2021\/05\/06\/ladroes-invadem-casa-prendem-vitimas-em-quarto-e-arrebentam-portao-durante-fuga-em-ituverava\/\" \/>\n<meta property=\"og:locale\" content=\"pt_BR\" \/>\n<meta property=\"og:type\" content=\"article\" \/>\n<meta property=\"og:title\" content=\"Ladr\u00f5es invadem casa, prendem v\u00edtimas em quarto e arrebentam port\u00e3o durante fuga em Ituverava - VerdadeOn\" \/>\n<meta property=\"og:description\" content=\"Um dos suspeitos acabou sendo preso, enquanto os outros dois fugiram Um homem foi preso ap\u00f3s uma tentativa de assalto a uma casa na cidade de [\u2026]\" \/>\n<meta property=\"og:url\" content=\"https:\/\/verdadeon.com.br\/portal\/2021\/05\/06\/ladroes-invadem-casa-prendem-vitimas-em-quarto-e-arrebentam-portao-durante-fuga-em-ituverava\/\" \/>\n<meta property=\"og:site_name\" content=\"VerdadeOn\" \/>\n<meta property=\"article:published_time\" content=\"2021-05-06T21:04:44+00:00\" \/>\n<meta property=\"og:image\" content=\"https:\/\/verdadeon.com.br\/portal\/wp-content\/uploads\/2021\/05\/ROUBO-ITUVERAVA-.jpeg\" \/>\n\t<meta property=\"og:image:width\" content=\"1000\" \/>\n\t<meta property=\"og:image:height\" content=\"670\" \/>\n\t<meta property=\"og:image:type\" content=\"image\/jpeg\" \/>\n<meta name=\"author\" content=\"Fernando Lima\" \/>\n<meta name=\"twitter:card\" content=\"summary_large_image\" \/>\n<meta name=\"twitter:label1\" content=\"Escrito por\" \/>\n\t<meta name=\"twitter:data1\" content=\"Fernando Lima\" \/>\n\t<meta name=\"twitter:label2\" content=\"Est. tempo de leitura\" \/>\n\t<meta name=\"twitter:data2\" content=\"1 minuto\" \/>\n<script type=\"application\/ld+json\" class=\"yoast-schema-graph\">{\"@context\":\"https:\/\/schema.org\",\"@graph\":[{\"@type\":\"WebPage\",\"@id\":\"https:\/\/verdadeon.com.br\/portal\/2021\/05\/06\/ladroes-invadem-casa-prendem-vitimas-em-quarto-e-arrebentam-portao-durante-fuga-em-ituverava\/\",\"url\":\"https:\/\/verdadeon.com.br\/portal\/2021\/05\/06\/ladroes-invadem-casa-prendem-vitimas-em-quarto-e-arrebentam-portao-durante-fuga-em-ituverava\/\",\"name\":\"Ladr\u00f5es invadem casa, prendem v\u00edtimas em quarto e arrebentam port\u00e3o durante fuga em Ituverava - VerdadeOn\",\"isPartOf\":{\"@id\":\"https:\/\/verdadeon.com.br\/portal\/#website\"},\"primaryImageOfPage\":{\"@id\":\"https:\/\/verdadeon.com.br\/portal\/2021\/05\/06\/ladroes-invadem-casa-prendem-vitimas-em-quarto-e-arrebentam-portao-durante-fuga-em-ituverava\/#primaryimage\"},\"image\":{\"@id\":\"https:\/\/verdadeon.com.br\/portal\/2021\/05\/06\/ladroes-invadem-casa-prendem-vitimas-em-quarto-e-arrebentam-portao-durante-fuga-em-ituverava\/#primaryimage\"},\"thumbnailUrl\":\"https:\/\/i0.wp.com\/verdadeon.com.br\/portal\/wp-content\/uploads\/2021\/05\/ROUBO-ITUVERAVA-.jpeg?fit=1000%2C670&ssl=1\",\"datePublished\":\"2021-05-06T21:04:44+00:00\",\"author\":{\"@id\":\"https:\/\/verdadeon.com.br\/portal\/#\/schema\/person\/cc32be22b8e8599387c480bc83e1d11a\"},\"breadcrumb\":{\"@id\":\"https:\/\/verdadeon.com.br\/portal\/2021\/05\/06\/ladroes-invadem-casa-prendem-vitimas-em-quarto-e-arrebentam-portao-durante-fuga-em-ituverava\/#breadcrumb\"},\"inLanguage\":\"pt-BR\",\"potentialAction\":[{\"@type\":\"ReadAction\",\"target\":[\"https:\/\/verdadeon.com.br\/portal\/2021\/05\/06\/ladroes-invadem-casa-prendem-vitimas-em-quarto-e-arrebentam-portao-durante-fuga-em-ituverava\/\"]}]},{\"@type\":\"ImageObject\",\"inLanguage\":\"pt-BR\",\"@id\":\"https:\/\/verdadeon.com.br\/portal\/2021\/05\/06\/ladroes-invadem-casa-prendem-vitimas-em-quarto-e-arrebentam-portao-durante-fuga-em-ituverava\/#primaryimage\",\"url\":\"https:\/\/i0.wp.com\/verdadeon.com.br\/portal\/wp-content\/uploads\/2021\/05\/ROUBO-ITUVERAVA-.jpeg?fit=1000%2C670&ssl=1\",\"contentUrl\":\"https:\/\/i0.wp.com\/verdadeon.com.br\/portal\/wp-content\/uploads\/2021\/05\/ROUBO-ITUVERAVA-.jpeg?fit=1000%2C670&ssl=1\",\"width\":1000,\"height\":670,\"caption\":\"Ocorr\u00eancia foi registrada na manh\u00e3 de quinta-feira na cidade de Ituverava | Foto: Marcelo Elias \/ Regi\u00e3o Realidade\"},{\"@type\":\"BreadcrumbList\",\"@id\":\"https:\/\/verdadeon.com.br\/portal\/2021\/05\/06\/ladroes-invadem-casa-prendem-vitimas-em-quarto-e-arrebentam-portao-durante-fuga-em-ituverava\/#breadcrumb\",\"itemListElement\":[{\"@type\":\"ListItem\",\"position\":1,\"name\":\"In\u00edcio\",\"item\":\"https:\/\/verdadeon.com.br\/portal\/\"},{\"@type\":\"ListItem\",\"position\":2,\"name\":\"Ladr\u00f5es invadem casa, prendem v\u00edtimas em quarto e arrebentam port\u00e3o durante fuga em Ituverava\"}]},{\"@type\":\"WebSite\",\"@id\":\"https:\/\/verdadeon.com.br\/portal\/#website\",\"url\":\"https:\/\/verdadeon.com.br\/portal\/\",\"name\":\"VerdadeOn\",\"description\":\"Not\u00edcias di\u00e1rias sobre Franca, Regi\u00e3o, Esporte, Cultura, Cotidiano, Colunas. Cobertura nos principais eventos da cidade \u00e9 aqui - Verdadeon Franca\",\"potentialAction\":[{\"@type\":\"SearchAction\",\"target\":{\"@type\":\"EntryPoint\",\"urlTemplate\":\"https:\/\/verdadeon.com.br\/portal\/?s={search_term_string}\"},\"query-input\":{\"@type\":\"PropertyValueSpecification\",\"valueRequired\":true,\"valueName\":\"search_term_string\"}}],\"inLanguage\":\"pt-BR\"},{\"@type\":\"Person\",\"@id\":\"https:\/\/verdadeon.com.br\/portal\/#\/schema\/person\/cc32be22b8e8599387c480bc83e1d11a\",\"name\":\"Fernando Lima\",\"image\":{\"@type\":\"ImageObject\",\"inLanguage\":\"pt-BR\",\"@id\":\"https:\/\/verdadeon.com.br\/portal\/#\/schema\/person\/image\/\",\"url\":\"https:\/\/secure.gravatar.com\/avatar\/df4c8e132080d2b3a4841d5d232045464e0eed11a1d6e43115ca0843d48768d3?s=96&d=mm&r=g\",\"contentUrl\":\"https:\/\/secure.gravatar.com\/avatar\/df4c8e132080d2b3a4841d5d232045464e0eed11a1d6e43115ca0843d48768d3?s=96&d=mm&r=g\",\"caption\":\"Fernando Lima\"},\"sameAs\":[\"http:\/\/verdadeon.com.br\/\"],\"url\":\"https:\/\/verdadeon.com.br\/portal\/author\/fernando-lima\/\"}]}<\/script>\n<!-- \/ Yoast SEO plugin. -->","yoast_head_json":{"title":"Ladr\u00f5es invadem casa, prendem v\u00edtimas em quarto e arrebentam port\u00e3o durante fuga em Ituverava - VerdadeOn","robots":{"index":"index","follow":"follow","max-snippet":"max-snippet:-1","max-image-preview":"max-image-preview:large","max-video-preview":"max-video-preview:-1"},"canonical":"https:\/\/verdadeon.com.br\/portal\/2021\/05\/06\/ladroes-invadem-casa-prendem-vitimas-em-quarto-e-arrebentam-portao-durante-fuga-em-ituverava\/","og_locale":"pt_BR","og_type":"article","og_title":"Ladr\u00f5es invadem casa, prendem v\u00edtimas em quarto e arrebentam port\u00e3o durante fuga em Ituverava - VerdadeOn","og_description":"Um dos suspeitos acabou sendo preso, enquanto os outros dois fugiram Um homem foi preso ap\u00f3s uma tentativa de assalto a uma casa na cidade de [\u2026]","og_url":"https:\/\/verdadeon.com.br\/portal\/2021\/05\/06\/ladroes-invadem-casa-prendem-vitimas-em-quarto-e-arrebentam-portao-durante-fuga-em-ituverava\/","og_site_name":"VerdadeOn","article_published_time":"2021-05-06T21:04:44+00:00","og_image":[{"width":1000,"height":670,"url":"https:\/\/verdadeon.com.br\/portal\/wp-content\/uploads\/2021\/05\/ROUBO-ITUVERAVA-.jpeg","type":"image\/jpeg"}],"author":"Fernando Lima","twitter_card":"summary_large_image","twitter_misc":{"Escrito por":"Fernando Lima","Est. tempo de leitura":"1 minuto"},"schema":{"@context":"https:\/\/schema.org","@graph":[{"@type":"WebPage","@id":"https:\/\/verdadeon.com.br\/portal\/2021\/05\/06\/ladroes-invadem-casa-prendem-vitimas-em-quarto-e-arrebentam-portao-durante-fuga-em-ituverava\/","url":"https:\/\/verdadeon.com.br\/portal\/2021\/05\/06\/ladroes-invadem-casa-prendem-vitimas-em-quarto-e-arrebentam-portao-durante-fuga-em-ituverava\/","name":"Ladr\u00f5es invadem casa, prendem v\u00edtimas em quarto e arrebentam port\u00e3o durante fuga em Ituverava - VerdadeOn","isPartOf":{"@id":"https:\/\/verdadeon.com.br\/portal\/#website"},"primaryImageOfPage":{"@id":"https:\/\/verdadeon.com.br\/portal\/2021\/05\/06\/ladroes-invadem-casa-prendem-vitimas-em-quarto-e-arrebentam-portao-durante-fuga-em-ituverava\/#primaryimage"},"image":{"@id":"https:\/\/verdadeon.com.br\/portal\/2021\/05\/06\/ladroes-invadem-casa-prendem-vitimas-em-quarto-e-arrebentam-portao-durante-fuga-em-ituverava\/#primaryimage"},"thumbnailUrl":"https:\/\/i0.wp.com\/verdadeon.com.br\/portal\/wp-content\/uploads\/2021\/05\/ROUBO-ITUVERAVA-.jpeg?fit=1000%2C670&ssl=1","datePublished":"2021-05-06T21:04:44+00:00","author":{"@id":"https:\/\/verdadeon.com.br\/portal\/#\/schema\/person\/cc32be22b8e8599387c480bc83e1d11a"},"breadcrumb":{"@id":"https:\/\/verdadeon.com.br\/portal\/2021\/05\/06\/ladroes-invadem-casa-prendem-vitimas-em-quarto-e-arrebentam-portao-durante-fuga-em-ituverava\/#breadcrumb"},"inLanguage":"pt-BR","potentialAction":[{"@type":"ReadAction","target":["https:\/\/verdadeon.com.br\/portal\/2021\/05\/06\/ladroes-invadem-casa-prendem-vitimas-em-quarto-e-arrebentam-portao-durante-fuga-em-ituverava\/"]}]},{"@type":"ImageObject","inLanguage":"pt-BR","@id":"https:\/\/verdadeon.com.br\/portal\/2021\/05\/06\/ladroes-invadem-casa-prendem-vitimas-em-quarto-e-arrebentam-portao-durante-fuga-em-ituverava\/#primaryimage","url":"https:\/\/i0.wp.com\/verdadeon.com.br\/portal\/wp-content\/uploads\/2021\/05\/ROUBO-ITUVERAVA-.jpeg?fit=1000%2C670&ssl=1","contentUrl":"https:\/\/i0.wp.com\/verdadeon.com.br\/portal\/wp-content\/uploads\/2021\/05\/ROUBO-ITUVERAVA-.jpeg?fit=1000%2C670&ssl=1","width":1000,"height":670,"caption":"Ocorr\u00eancia foi registrada na manh\u00e3 de quinta-feira na cidade de Ituverava | Foto: Marcelo Elias \/ Regi\u00e3o Realidade"},{"@type":"BreadcrumbList","@id":"https:\/\/verdadeon.com.br\/portal\/2021\/05\/06\/ladroes-invadem-casa-prendem-vitimas-em-quarto-e-arrebentam-portao-durante-fuga-em-ituverava\/#breadcrumb","itemListElement":[{"@type":"ListItem","position":1,"name":"In\u00edcio","item":"https:\/\/verdadeon.com.br\/portal\/"},{"@type":"ListItem","position":2,"name":"Ladr\u00f5es invadem casa, prendem v\u00edtimas em quarto e arrebentam port\u00e3o durante fuga em Ituverava"}]},{"@type":"WebSite","@id":"https:\/\/verdadeon.com.br\/portal\/#website","url":"https:\/\/verdadeon.com.br\/portal\/","name":"VerdadeOn","description":"Not\u00edcias di\u00e1rias sobre Franca, Regi\u00e3o, Esporte, Cultura, Cotidiano, Colunas. Cobertura nos principais eventos da cidade \u00e9 aqui - Verdadeon Franca","potentialAction":[{"@type":"SearchAction","target":{"@type":"EntryPoint","urlTemplate":"https:\/\/verdadeon.com.br\/portal\/?s={search_term_string}"},"query-input":{"@type":"PropertyValueSpecification","valueRequired":true,"valueName":"search_term_string"}}],"inLanguage":"pt-BR"},{"@type":"Person","@id":"https:\/\/verdadeon.com.br\/portal\/#\/schema\/person\/cc32be22b8e8599387c480bc83e1d11a","name":"Fernando Lima","image":{"@type":"ImageObject","inLanguage":"pt-BR","@id":"https:\/\/verdadeon.com.br\/portal\/#\/schema\/person\/image\/","url":"https:\/\/secure.gravatar.com\/avatar\/df4c8e132080d2b3a4841d5d232045464e0eed11a1d6e43115ca0843d48768d3?s=96&d=mm&r=g","contentUrl":"https:\/\/secure.gravatar.com\/avatar\/df4c8e132080d2b3a4841d5d232045464e0eed11a1d6e43115ca0843d48768d3?s=96&d=mm&r=g","caption":"Fernando Lima"},"sameAs":["http:\/\/verdadeon.com.br\/"],"url":"https:\/\/verdadeon.com.br\/portal\/author\/fernando-lima\/"}]}},"jetpack_publicize_connections":[],"jetpack_featured_media_url":"https:\/\/i0.wp.com\/verdadeon.com.br\/portal\/wp-content\/uploads\/2021\/05\/ROUBO-ITUVERAVA-.jpeg?fit=1000%2C670&ssl=1","jetpack_sharing_enabled":true,"_links":{"self":[{"href":"https:\/\/verdadeon.com.br\/portal\/wp-json\/wp\/v2\/posts\/16535","targetHints":{"allow":["GET"]}}],"collection":[{"href":"https:\/\/verdadeon.com.br\/portal\/wp-json\/wp\/v2\/posts"}],"about":[{"href":"https:\/\/verdadeon.com.br\/portal\/wp-json\/wp\/v2\/types\/post"}],"author":[{"embeddable":true,"href":"https:\/\/verdadeon.com.br\/portal\/wp-json\/wp\/v2\/users\/7"}],"replies":[{"embeddable":true,"href":"https:\/\/verdadeon.com.br\/portal\/wp-json\/wp\/v2\/comments?post=16535"}],"version-history":[{"count":0,"href":"https:\/\/verdadeon.com.br\/portal\/wp-json\/wp\/v2\/posts\/16535\/revisions"}],"wp:featuredmedia":[{"embeddable":true,"href":"https:\/\/verdadeon.com.br\/portal\/wp-json\/wp\/v2\/media\/16536"}],"wp:attachment":[{"href":"https:\/\/verdadeon.com.br\/portal\/wp-json\/wp\/v2\/media?parent=16535"}],"wp:term":[{"taxonomy":"category","embeddable":true,"href":"https:\/\/verdadeon.com.br\/portal\/wp-json\/wp\/v2\/categories?post=16535"},{"taxonomy":"post_tag","embeddable":true,"href":"https:\/\/verdadeon.com.br\/portal\/wp-json\/wp\/v2\/tags?post=16535"}],"curies":[{"name":"wp","href":"https:\/\/api.w.org\/{rel}","templated":true}]}}