{"id":16528,"date":"2021-05-06T17:16:14","date_gmt":"2021-05-06T20:16:14","guid":{"rendered":"https:\/\/verdadeon.com.br\/portal\/?p=16528"},"modified":"2021-05-06T17:16:14","modified_gmt":"2021-05-06T20:16:14","slug":"dezoito-pacientes-estao-na-fila-por-leito-de-uti-covid-em-franca","status":"publish","type":"post","link":"https:\/\/verdadeon.com.br\/portal\/2021\/05\/06\/dezoito-pacientes-estao-na-fila-por-leito-de-uti-covid-em-franca\/","title":{"rendered":"Dezoito pacientes est\u00e3o na fila por leito de UTI Covid em Franca"},"content":{"rendered":"<h2>N\u00famero foi divulgado pelo boletim di\u00e1rio do Pronto Socorro Municipal Doutor \u00c1lvaro Azzuz<\/h2>\n<p>Dezoito pacientes est\u00e3o na fila \u00e0 espera de um leito de UTI para o tratamento da Covid-19 em Franca. A informa\u00e7\u00e3o foi divulgada no boletim do Pronto Socorro Municipal Doutor \u00c1lvaro Azzuz, que passou a divulgar diariamente desde a segunda-feira (3).<\/p>\n<p>\u201cHoje o Pronto Socorro pede a sua ajuda, estamos pr\u00f3ximos da nossa capacidade m\u00e1xima. No momento 42 pacientes est\u00e3o em observa\u00e7\u00e3o aguardando transfer\u00eancia, 18 em UTI e 24 em enfermaria. 592 passaram por atendimento, 46 a mais do que no dia anterior. Tr\u00eas pacientes est\u00e3o na sala de urg\u00eancia. A equipe tem feito o seu melhor e espera que a popula\u00e7\u00e3o redobre os seus cuidados. Em uma festa sempre cabe mais um, na UTI n\u00e3o. Pense nisso\u201d. As palavras s\u00e3o do m\u00e9dico Rafael Talarico, que tem apresentado os dados do boletim do P.S. desde a segunda-feira nas redes sociais da Prefeitura.<\/p>\n<p>Nos \u00faltimos dias o local tem apresentado crescimento no movimento, principalmente ap\u00f3s \u00e0s 17h, que \u00e9 o hor\u00e1rio que muitos buscam atendimento ap\u00f3s o expediente no trabalho.<\/p>\n<p>No domingo (2), a secretaria de Sa\u00fade de Franca confirmou que o P.S. voltaria a atender exclusivamente os casos suspeitos da covid, por conta da grande demanda das \u00faltimas semanas.<\/p>\n<p>Os atendimento cl\u00ednicos, antes prestados em uma ala lateral do estacionamento da unidade, agora est\u00e3o sendo transferidos para as UPAS do Jardim Aeroporto, na zona sul de Franca, e para a do Jardim Anita, j\u00e1 na zona oeste.<\/p>\n","protected":false},"excerpt":{"rendered":"<p>N\u00famero foi divulgado pelo boletim di\u00e1rio do Pronto Socorro Municipal Doutor \u00c1lvaro Azzuz Dezoito pacientes est\u00e3o na fila \u00e0 espera de um leito de UTI para<span class=\"excerpt-hellip\"> [\u2026]<\/span><\/p>\n","protected":false},"author":7,"featured_media":16464,"comment_status":"open","ping_status":"open","sticky":false,"template":"","format":"standard","meta":{"_jetpack_memberships_contains_paid_content":false,"footnotes":"","jetpack_publicize_message":"","jetpack_publicize_feature_enabled":true,"jetpack_social_post_already_shared":false,"jetpack_social_options":{"image_generator_settings":{"template":"highway","default_image_id":0,"enabled":false},"version":2}},"categories":[28,81],"tags":[],"class_list":["post-16528","post","type-post","status-publish","format-standard","has-post-thumbnail","hentry","category-cotidiano","category-manchete"],"yoast_head":"<!-- This site is optimized with the Yoast SEO plugin v25.6 - https:\/\/yoast.com\/wordpress\/plugins\/seo\/ -->\n<title>Dezoito pacientes est\u00e3o na fila por leito de UTI Covid em Franca - VerdadeOn<\/title>\n<meta name=\"robots\" content=\"index, follow, max-snippet:-1, max-image-preview:large, max-video-preview:-1\" \/>\n<link rel=\"canonical\" href=\"https:\/\/verdadeon.com.br\/portal\/2021\/05\/06\/dezoito-pacientes-estao-na-fila-por-leito-de-uti-covid-em-franca\/\" \/>\n<meta property=\"og:locale\" content=\"pt_BR\" \/>\n<meta property=\"og:type\" content=\"article\" \/>\n<meta property=\"og:title\" content=\"Dezoito pacientes est\u00e3o na fila por leito de UTI Covid em Franca - VerdadeOn\" \/>\n<meta property=\"og:description\" content=\"N\u00famero foi divulgado pelo boletim di\u00e1rio do Pronto Socorro Municipal Doutor \u00c1lvaro Azzuz Dezoito pacientes est\u00e3o na fila \u00e0 espera de um leito de UTI para [\u2026]\" \/>\n<meta property=\"og:url\" content=\"https:\/\/verdadeon.com.br\/portal\/2021\/05\/06\/dezoito-pacientes-estao-na-fila-por-leito-de-uti-covid-em-franca\/\" \/>\n<meta property=\"og:site_name\" content=\"VerdadeOn\" \/>\n<meta property=\"article:published_time\" content=\"2021-05-06T20:16:14+00:00\" \/>\n<meta property=\"og:image\" content=\"https:\/\/verdadeon.com.br\/portal\/wp-content\/uploads\/2021\/05\/WhatsApp-Image-2021-05-03-at-17.27.47.jpeg\" \/>\n\t<meta property=\"og:image:width\" content=\"1000\" \/>\n\t<meta property=\"og:image:height\" content=\"670\" \/>\n\t<meta property=\"og:image:type\" content=\"image\/jpeg\" \/>\n<meta name=\"author\" content=\"Fernando Lima\" \/>\n<meta name=\"twitter:card\" content=\"summary_large_image\" \/>\n<meta name=\"twitter:label1\" content=\"Escrito por\" \/>\n\t<meta name=\"twitter:data1\" content=\"Fernando Lima\" \/>\n\t<meta name=\"twitter:label2\" content=\"Est. tempo de leitura\" \/>\n\t<meta name=\"twitter:data2\" content=\"2 minutos\" \/>\n<script type=\"application\/ld+json\" class=\"yoast-schema-graph\">{\"@context\":\"https:\/\/schema.org\",\"@graph\":[{\"@type\":\"WebPage\",\"@id\":\"https:\/\/verdadeon.com.br\/portal\/2021\/05\/06\/dezoito-pacientes-estao-na-fila-por-leito-de-uti-covid-em-franca\/\",\"url\":\"https:\/\/verdadeon.com.br\/portal\/2021\/05\/06\/dezoito-pacientes-estao-na-fila-por-leito-de-uti-covid-em-franca\/\",\"name\":\"Dezoito pacientes est\u00e3o na fila por leito de UTI Covid em Franca - VerdadeOn\",\"isPartOf\":{\"@id\":\"https:\/\/verdadeon.com.br\/portal\/#website\"},\"primaryImageOfPage\":{\"@id\":\"https:\/\/verdadeon.com.br\/portal\/2021\/05\/06\/dezoito-pacientes-estao-na-fila-por-leito-de-uti-covid-em-franca\/#primaryimage\"},\"image\":{\"@id\":\"https:\/\/verdadeon.com.br\/portal\/2021\/05\/06\/dezoito-pacientes-estao-na-fila-por-leito-de-uti-covid-em-franca\/#primaryimage\"},\"thumbnailUrl\":\"https:\/\/i0.wp.com\/verdadeon.com.br\/portal\/wp-content\/uploads\/2021\/05\/WhatsApp-Image-2021-05-03-at-17.27.47.jpeg?fit=1000%2C670&ssl=1\",\"datePublished\":\"2021-05-06T20:16:14+00:00\",\"author\":{\"@id\":\"https:\/\/verdadeon.com.br\/portal\/#\/schema\/person\/cc32be22b8e8599387c480bc83e1d11a\"},\"breadcrumb\":{\"@id\":\"https:\/\/verdadeon.com.br\/portal\/2021\/05\/06\/dezoito-pacientes-estao-na-fila-por-leito-de-uti-covid-em-franca\/#breadcrumb\"},\"inLanguage\":\"pt-BR\",\"potentialAction\":[{\"@type\":\"ReadAction\",\"target\":[\"https:\/\/verdadeon.com.br\/portal\/2021\/05\/06\/dezoito-pacientes-estao-na-fila-por-leito-de-uti-covid-em-franca\/\"]}]},{\"@type\":\"ImageObject\",\"inLanguage\":\"pt-BR\",\"@id\":\"https:\/\/verdadeon.com.br\/portal\/2021\/05\/06\/dezoito-pacientes-estao-na-fila-por-leito-de-uti-covid-em-franca\/#primaryimage\",\"url\":\"https:\/\/i0.wp.com\/verdadeon.com.br\/portal\/wp-content\/uploads\/2021\/05\/WhatsApp-Image-2021-05-03-at-17.27.47.jpeg?fit=1000%2C670&ssl=1\",\"contentUrl\":\"https:\/\/i0.wp.com\/verdadeon.com.br\/portal\/wp-content\/uploads\/2021\/05\/WhatsApp-Image-2021-05-03-at-17.27.47.jpeg?fit=1000%2C670&ssl=1\",\"width\":1000,\"height\":670,\"caption\":\"\u00a0 As milhares de pessoas que passam pelo PS ter\u00e3o mais conforto enquanto esperam para serem atendidas\"},{\"@type\":\"BreadcrumbList\",\"@id\":\"https:\/\/verdadeon.com.br\/portal\/2021\/05\/06\/dezoito-pacientes-estao-na-fila-por-leito-de-uti-covid-em-franca\/#breadcrumb\",\"itemListElement\":[{\"@type\":\"ListItem\",\"position\":1,\"name\":\"In\u00edcio\",\"item\":\"https:\/\/verdadeon.com.br\/portal\/\"},{\"@type\":\"ListItem\",\"position\":2,\"name\":\"Dezoito pacientes est\u00e3o na fila por leito de UTI Covid em Franca\"}]},{\"@type\":\"WebSite\",\"@id\":\"https:\/\/verdadeon.com.br\/portal\/#website\",\"url\":\"https:\/\/verdadeon.com.br\/portal\/\",\"name\":\"VerdadeOn\",\"description\":\"Not\u00edcias di\u00e1rias sobre Franca, Regi\u00e3o, Esporte, Cultura, Cotidiano, Colunas. Cobertura nos principais eventos da cidade \u00e9 aqui - Verdadeon Franca\",\"potentialAction\":[{\"@type\":\"SearchAction\",\"target\":{\"@type\":\"EntryPoint\",\"urlTemplate\":\"https:\/\/verdadeon.com.br\/portal\/?s={search_term_string}\"},\"query-input\":{\"@type\":\"PropertyValueSpecification\",\"valueRequired\":true,\"valueName\":\"search_term_string\"}}],\"inLanguage\":\"pt-BR\"},{\"@type\":\"Person\",\"@id\":\"https:\/\/verdadeon.com.br\/portal\/#\/schema\/person\/cc32be22b8e8599387c480bc83e1d11a\",\"name\":\"Fernando Lima\",\"image\":{\"@type\":\"ImageObject\",\"inLanguage\":\"pt-BR\",\"@id\":\"https:\/\/verdadeon.com.br\/portal\/#\/schema\/person\/image\/\",\"url\":\"https:\/\/secure.gravatar.com\/avatar\/df4c8e132080d2b3a4841d5d232045464e0eed11a1d6e43115ca0843d48768d3?s=96&d=mm&r=g\",\"contentUrl\":\"https:\/\/secure.gravatar.com\/avatar\/df4c8e132080d2b3a4841d5d232045464e0eed11a1d6e43115ca0843d48768d3?s=96&d=mm&r=g\",\"caption\":\"Fernando Lima\"},\"sameAs\":[\"http:\/\/verdadeon.com.br\/\"],\"url\":\"https:\/\/verdadeon.com.br\/portal\/author\/fernando-lima\/\"}]}<\/script>\n<!-- \/ Yoast SEO plugin. -->","yoast_head_json":{"title":"Dezoito pacientes est\u00e3o na fila por leito de UTI Covid em Franca - VerdadeOn","robots":{"index":"index","follow":"follow","max-snippet":"max-snippet:-1","max-image-preview":"max-image-preview:large","max-video-preview":"max-video-preview:-1"},"canonical":"https:\/\/verdadeon.com.br\/portal\/2021\/05\/06\/dezoito-pacientes-estao-na-fila-por-leito-de-uti-covid-em-franca\/","og_locale":"pt_BR","og_type":"article","og_title":"Dezoito pacientes est\u00e3o na fila por leito de UTI Covid em Franca - VerdadeOn","og_description":"N\u00famero foi divulgado pelo boletim di\u00e1rio do Pronto Socorro Municipal Doutor \u00c1lvaro Azzuz Dezoito pacientes est\u00e3o na fila \u00e0 espera de um leito de UTI para [\u2026]","og_url":"https:\/\/verdadeon.com.br\/portal\/2021\/05\/06\/dezoito-pacientes-estao-na-fila-por-leito-de-uti-covid-em-franca\/","og_site_name":"VerdadeOn","article_published_time":"2021-05-06T20:16:14+00:00","og_image":[{"width":1000,"height":670,"url":"https:\/\/verdadeon.com.br\/portal\/wp-content\/uploads\/2021\/05\/WhatsApp-Image-2021-05-03-at-17.27.47.jpeg","type":"image\/jpeg"}],"author":"Fernando Lima","twitter_card":"summary_large_image","twitter_misc":{"Escrito por":"Fernando Lima","Est. tempo de leitura":"2 minutos"},"schema":{"@context":"https:\/\/schema.org","@graph":[{"@type":"WebPage","@id":"https:\/\/verdadeon.com.br\/portal\/2021\/05\/06\/dezoito-pacientes-estao-na-fila-por-leito-de-uti-covid-em-franca\/","url":"https:\/\/verdadeon.com.br\/portal\/2021\/05\/06\/dezoito-pacientes-estao-na-fila-por-leito-de-uti-covid-em-franca\/","name":"Dezoito pacientes est\u00e3o na fila por leito de UTI Covid em Franca - VerdadeOn","isPartOf":{"@id":"https:\/\/verdadeon.com.br\/portal\/#website"},"primaryImageOfPage":{"@id":"https:\/\/verdadeon.com.br\/portal\/2021\/05\/06\/dezoito-pacientes-estao-na-fila-por-leito-de-uti-covid-em-franca\/#primaryimage"},"image":{"@id":"https:\/\/verdadeon.com.br\/portal\/2021\/05\/06\/dezoito-pacientes-estao-na-fila-por-leito-de-uti-covid-em-franca\/#primaryimage"},"thumbnailUrl":"https:\/\/i0.wp.com\/verdadeon.com.br\/portal\/wp-content\/uploads\/2021\/05\/WhatsApp-Image-2021-05-03-at-17.27.47.jpeg?fit=1000%2C670&ssl=1","datePublished":"2021-05-06T20:16:14+00:00","author":{"@id":"https:\/\/verdadeon.com.br\/portal\/#\/schema\/person\/cc32be22b8e8599387c480bc83e1d11a"},"breadcrumb":{"@id":"https:\/\/verdadeon.com.br\/portal\/2021\/05\/06\/dezoito-pacientes-estao-na-fila-por-leito-de-uti-covid-em-franca\/#breadcrumb"},"inLanguage":"pt-BR","potentialAction":[{"@type":"ReadAction","target":["https:\/\/verdadeon.com.br\/portal\/2021\/05\/06\/dezoito-pacientes-estao-na-fila-por-leito-de-uti-covid-em-franca\/"]}]},{"@type":"ImageObject","inLanguage":"pt-BR","@id":"https:\/\/verdadeon.com.br\/portal\/2021\/05\/06\/dezoito-pacientes-estao-na-fila-por-leito-de-uti-covid-em-franca\/#primaryimage","url":"https:\/\/i0.wp.com\/verdadeon.com.br\/portal\/wp-content\/uploads\/2021\/05\/WhatsApp-Image-2021-05-03-at-17.27.47.jpeg?fit=1000%2C670&ssl=1","contentUrl":"https:\/\/i0.wp.com\/verdadeon.com.br\/portal\/wp-content\/uploads\/2021\/05\/WhatsApp-Image-2021-05-03-at-17.27.47.jpeg?fit=1000%2C670&ssl=1","width":1000,"height":670,"caption":"\u00a0 As milhares de pessoas que passam pelo PS ter\u00e3o mais conforto enquanto esperam para serem atendidas"},{"@type":"BreadcrumbList","@id":"https:\/\/verdadeon.com.br\/portal\/2021\/05\/06\/dezoito-pacientes-estao-na-fila-por-leito-de-uti-covid-em-franca\/#breadcrumb","itemListElement":[{"@type":"ListItem","position":1,"name":"In\u00edcio","item":"https:\/\/verdadeon.com.br\/portal\/"},{"@type":"ListItem","position":2,"name":"Dezoito pacientes est\u00e3o na fila por leito de UTI Covid em Franca"}]},{"@type":"WebSite","@id":"https:\/\/verdadeon.com.br\/portal\/#website","url":"https:\/\/verdadeon.com.br\/portal\/","name":"VerdadeOn","description":"Not\u00edcias di\u00e1rias sobre Franca, Regi\u00e3o, Esporte, Cultura, Cotidiano, Colunas. Cobertura nos principais eventos da cidade \u00e9 aqui - Verdadeon Franca","potentialAction":[{"@type":"SearchAction","target":{"@type":"EntryPoint","urlTemplate":"https:\/\/verdadeon.com.br\/portal\/?s={search_term_string}"},"query-input":{"@type":"PropertyValueSpecification","valueRequired":true,"valueName":"search_term_string"}}],"inLanguage":"pt-BR"},{"@type":"Person","@id":"https:\/\/verdadeon.com.br\/portal\/#\/schema\/person\/cc32be22b8e8599387c480bc83e1d11a","name":"Fernando Lima","image":{"@type":"ImageObject","inLanguage":"pt-BR","@id":"https:\/\/verdadeon.com.br\/portal\/#\/schema\/person\/image\/","url":"https:\/\/secure.gravatar.com\/avatar\/df4c8e132080d2b3a4841d5d232045464e0eed11a1d6e43115ca0843d48768d3?s=96&d=mm&r=g","contentUrl":"https:\/\/secure.gravatar.com\/avatar\/df4c8e132080d2b3a4841d5d232045464e0eed11a1d6e43115ca0843d48768d3?s=96&d=mm&r=g","caption":"Fernando Lima"},"sameAs":["http:\/\/verdadeon.com.br\/"],"url":"https:\/\/verdadeon.com.br\/portal\/author\/fernando-lima\/"}]}},"jetpack_publicize_connections":[],"jetpack_featured_media_url":"https:\/\/i0.wp.com\/verdadeon.com.br\/portal\/wp-content\/uploads\/2021\/05\/WhatsApp-Image-2021-05-03-at-17.27.47.jpeg?fit=1000%2C670&ssl=1","jetpack_sharing_enabled":true,"_links":{"self":[{"href":"https:\/\/verdadeon.com.br\/portal\/wp-json\/wp\/v2\/posts\/16528","targetHints":{"allow":["GET"]}}],"collection":[{"href":"https:\/\/verdadeon.com.br\/portal\/wp-json\/wp\/v2\/posts"}],"about":[{"href":"https:\/\/verdadeon.com.br\/portal\/wp-json\/wp\/v2\/types\/post"}],"author":[{"embeddable":true,"href":"https:\/\/verdadeon.com.br\/portal\/wp-json\/wp\/v2\/users\/7"}],"replies":[{"embeddable":true,"href":"https:\/\/verdadeon.com.br\/portal\/wp-json\/wp\/v2\/comments?post=16528"}],"version-history":[{"count":0,"href":"https:\/\/verdadeon.com.br\/portal\/wp-json\/wp\/v2\/posts\/16528\/revisions"}],"wp:featuredmedia":[{"embeddable":true,"href":"https:\/\/verdadeon.com.br\/portal\/wp-json\/wp\/v2\/media\/16464"}],"wp:attachment":[{"href":"https:\/\/verdadeon.com.br\/portal\/wp-json\/wp\/v2\/media?parent=16528"}],"wp:term":[{"taxonomy":"category","embeddable":true,"href":"https:\/\/verdadeon.com.br\/portal\/wp-json\/wp\/v2\/categories?post=16528"},{"taxonomy":"post_tag","embeddable":true,"href":"https:\/\/verdadeon.com.br\/portal\/wp-json\/wp\/v2\/tags?post=16528"}],"curies":[{"name":"wp","href":"https:\/\/api.w.org\/{rel}","templated":true}]}}