{"id":16466,"date":"2021-05-03T22:23:41","date_gmt":"2021-05-04T01:23:41","guid":{"rendered":"https:\/\/verdadeon.com.br\/portal\/?p=16466"},"modified":"2021-05-03T22:23:41","modified_gmt":"2021-05-04T01:23:41","slug":"camara-em-pauta-2","status":"publish","type":"post","link":"https:\/\/verdadeon.com.br\/portal\/2021\/05\/03\/camara-em-pauta-2\/","title":{"rendered":"C\u00e2mara em Pauta"},"content":{"rendered":"<p>Na tarde desta ter\u00e7a-feira (4), ser\u00e1 votado o projeto que possibilita aos vereadores participarem das sess\u00f5es de forma \u201con-line\u201d em situa\u00e7\u00f5es de calamidade p\u00fablica, como no caso da pandemia. Recentemente, foram feitas algumas tentativas de sess\u00f5es ordin\u00e1rias e audi\u00eancias p\u00fablicas, mas as reclama\u00e7\u00f5es dos mun\u00edcipes que participaram remotamente foram diversas. Em sua grande maioria, as cr\u00edticas estavam relacionadas \u00e0s telas fechadas dos vereadores, som baixo e dic\u00e7\u00e3o dos parlamentares. Sem que pudessem ver os vereadores em tempo real, pois suas c\u00e2meras estavam desativadas, n\u00e3o havia como os telespectadores saberem se o vereador estava de fato acompanhando a sess\u00e3o. A falta de microfones produziu som de baixa qualidade e confuso, mas s\u00e3o detalhes que podem ser facilmente ajustados. J\u00e1 na audi\u00eancia p\u00fablica, as reclama\u00e7\u00f5es foram a respeito da falta de aten\u00e7\u00e3o para com os questionamentos de quem acompanhava pela internet, dificultando uma intera\u00e7\u00e3o com o p\u00fablico. Alguns cidad\u00e3os chegaram a comentar, de forma virtual,\u00a0 que os vereadores que conduziram o evento estariam se esquivando das perguntas.<\/p>\n<p>Tamb\u00e9m ser\u00e1 discutida a cria\u00e7\u00e3o de uma comiss\u00e3o especial de assuntos relevantes para acompanhar os impactos da Covid no Turismo da regi\u00e3o de Franca. O projeto de autoria de Daniel Bassi (PSDB), Lindsay Cardoso (CID) e Ronaldo Carvalho (CID), tem o objetivo de levantar debates sobre a ado\u00e7\u00e3o de medidas que possam amenizar o impacto da crise na \u00e1rea do turismo, possibilitando a retomada das atividades de forma segura o mais r\u00e1pido poss\u00edvel.<\/p>\n<p>Finalmente ser\u00e1 votada a lei que determina que a C\u00e2mara Municipal forne\u00e7a curso de forma\u00e7\u00e3o para os vereadores eleitos, buscando a capacita\u00e7\u00e3o dos parlamentares e consequente melhoria da fiscaliza\u00e7\u00e3o e exerc\u00edcio do cargo. O pedido foi feito pelo Minist\u00e9rio P\u00fablico do Estado de S\u00e3o Paulo em conjunto com o Minist\u00e9rio P\u00fablico Federal, e recebeu o apoio de entidades n\u00e3o governamentais de fiscaliza\u00e7\u00e3o governamental. Este projeto estava parado desde o m\u00eas de mar\u00e7o, com parecer do departamento jur\u00eddico favor\u00e1vel, quando o Observat\u00f3rio Social pediu agilidade e o Jornal Verdade divulgou na coluna Sociedade Organizada.<\/p>\n","protected":false},"excerpt":{"rendered":"<p>Na tarde desta ter\u00e7a-feira (4), ser\u00e1 votado o projeto que possibilita aos vereadores participarem das sess\u00f5es de forma \u201con-line\u201d em situa\u00e7\u00f5es de calamidade p\u00fablica, como no<span class=\"excerpt-hellip\"> [\u2026]<\/span><\/p>\n","protected":false},"author":4,"featured_media":15983,"comment_status":"open","ping_status":"open","sticky":false,"template":"","format":"standard","meta":{"_jetpack_memberships_contains_paid_content":false,"footnotes":"","jetpack_publicize_message":"","jetpack_publicize_feature_enabled":true,"jetpack_social_post_already_shared":false,"jetpack_social_options":{"image_generator_settings":{"template":"highway","default_image_id":0,"enabled":false},"version":2}},"categories":[28,44],"tags":[],"class_list":["post-16466","post","type-post","status-publish","format-standard","has-post-thumbnail","hentry","category-cotidiano","category-noticias"],"yoast_head":"<!-- This site is optimized with the Yoast SEO plugin v25.6 - https:\/\/yoast.com\/wordpress\/plugins\/seo\/ -->\n<title>C\u00e2mara em Pauta - VerdadeOn<\/title>\n<meta name=\"robots\" content=\"index, follow, max-snippet:-1, max-image-preview:large, max-video-preview:-1\" \/>\n<link rel=\"canonical\" href=\"https:\/\/verdadeon.com.br\/portal\/2021\/05\/03\/camara-em-pauta-2\/\" \/>\n<meta property=\"og:locale\" content=\"pt_BR\" \/>\n<meta property=\"og:type\" content=\"article\" \/>\n<meta property=\"og:title\" content=\"C\u00e2mara em Pauta - VerdadeOn\" \/>\n<meta property=\"og:description\" content=\"Na tarde desta ter\u00e7a-feira (4), ser\u00e1 votado o projeto que possibilita aos vereadores participarem das sess\u00f5es de forma \u201con-line\u201d em situa\u00e7\u00f5es de calamidade p\u00fablica, como no [\u2026]\" \/>\n<meta property=\"og:url\" content=\"https:\/\/verdadeon.com.br\/portal\/2021\/05\/03\/camara-em-pauta-2\/\" \/>\n<meta property=\"og:site_name\" content=\"VerdadeOn\" \/>\n<meta property=\"article:published_time\" content=\"2021-05-04T01:23:41+00:00\" \/>\n<meta property=\"og:image\" content=\"https:\/\/verdadeon.com.br\/portal\/wp-content\/uploads\/2021\/04\/WhatsApp-Image-2021-04-10-at-10.44.20.jpeg\" \/>\n\t<meta property=\"og:image:width\" content=\"1000\" \/>\n\t<meta property=\"og:image:height\" content=\"670\" \/>\n\t<meta property=\"og:image:type\" content=\"image\/jpeg\" \/>\n<meta name=\"author\" content=\"Fernando Calixto\" \/>\n<meta name=\"twitter:card\" content=\"summary_large_image\" \/>\n<meta name=\"twitter:label1\" content=\"Escrito por\" \/>\n\t<meta name=\"twitter:data1\" content=\"Fernando Calixto\" \/>\n\t<meta name=\"twitter:label2\" content=\"Est. tempo de leitura\" \/>\n\t<meta name=\"twitter:data2\" content=\"2 minutos\" \/>\n<script type=\"application\/ld+json\" class=\"yoast-schema-graph\">{\"@context\":\"https:\/\/schema.org\",\"@graph\":[{\"@type\":\"WebPage\",\"@id\":\"https:\/\/verdadeon.com.br\/portal\/2021\/05\/03\/camara-em-pauta-2\/\",\"url\":\"https:\/\/verdadeon.com.br\/portal\/2021\/05\/03\/camara-em-pauta-2\/\",\"name\":\"C\u00e2mara em Pauta - VerdadeOn\",\"isPartOf\":{\"@id\":\"https:\/\/verdadeon.com.br\/portal\/#website\"},\"primaryImageOfPage\":{\"@id\":\"https:\/\/verdadeon.com.br\/portal\/2021\/05\/03\/camara-em-pauta-2\/#primaryimage\"},\"image\":{\"@id\":\"https:\/\/verdadeon.com.br\/portal\/2021\/05\/03\/camara-em-pauta-2\/#primaryimage\"},\"thumbnailUrl\":\"https:\/\/i0.wp.com\/verdadeon.com.br\/portal\/wp-content\/uploads\/2021\/04\/WhatsApp-Image-2021-04-10-at-10.44.20.jpeg?fit=1000%2C670&ssl=1\",\"datePublished\":\"2021-05-04T01:23:41+00:00\",\"author\":{\"@id\":\"https:\/\/verdadeon.com.br\/portal\/#\/schema\/person\/8994718f49ee62ba5610471e29ca1f62\"},\"breadcrumb\":{\"@id\":\"https:\/\/verdadeon.com.br\/portal\/2021\/05\/03\/camara-em-pauta-2\/#breadcrumb\"},\"inLanguage\":\"pt-BR\",\"potentialAction\":[{\"@type\":\"ReadAction\",\"target\":[\"https:\/\/verdadeon.com.br\/portal\/2021\/05\/03\/camara-em-pauta-2\/\"]}]},{\"@type\":\"ImageObject\",\"inLanguage\":\"pt-BR\",\"@id\":\"https:\/\/verdadeon.com.br\/portal\/2021\/05\/03\/camara-em-pauta-2\/#primaryimage\",\"url\":\"https:\/\/i0.wp.com\/verdadeon.com.br\/portal\/wp-content\/uploads\/2021\/04\/WhatsApp-Image-2021-04-10-at-10.44.20.jpeg?fit=1000%2C670&ssl=1\",\"contentUrl\":\"https:\/\/i0.wp.com\/verdadeon.com.br\/portal\/wp-content\/uploads\/2021\/04\/WhatsApp-Image-2021-04-10-at-10.44.20.jpeg?fit=1000%2C670&ssl=1\",\"width\":1000,\"height\":670},{\"@type\":\"BreadcrumbList\",\"@id\":\"https:\/\/verdadeon.com.br\/portal\/2021\/05\/03\/camara-em-pauta-2\/#breadcrumb\",\"itemListElement\":[{\"@type\":\"ListItem\",\"position\":1,\"name\":\"In\u00edcio\",\"item\":\"https:\/\/verdadeon.com.br\/portal\/\"},{\"@type\":\"ListItem\",\"position\":2,\"name\":\"C\u00e2mara em Pauta\"}]},{\"@type\":\"WebSite\",\"@id\":\"https:\/\/verdadeon.com.br\/portal\/#website\",\"url\":\"https:\/\/verdadeon.com.br\/portal\/\",\"name\":\"VerdadeOn\",\"description\":\"Not\u00edcias di\u00e1rias sobre Franca, Regi\u00e3o, Esporte, Cultura, Cotidiano, Colunas. Cobertura nos principais eventos da cidade \u00e9 aqui - Verdadeon Franca\",\"potentialAction\":[{\"@type\":\"SearchAction\",\"target\":{\"@type\":\"EntryPoint\",\"urlTemplate\":\"https:\/\/verdadeon.com.br\/portal\/?s={search_term_string}\"},\"query-input\":{\"@type\":\"PropertyValueSpecification\",\"valueRequired\":true,\"valueName\":\"search_term_string\"}}],\"inLanguage\":\"pt-BR\"},{\"@type\":\"Person\",\"@id\":\"https:\/\/verdadeon.com.br\/portal\/#\/schema\/person\/8994718f49ee62ba5610471e29ca1f62\",\"name\":\"Fernando Calixto\",\"image\":{\"@type\":\"ImageObject\",\"inLanguage\":\"pt-BR\",\"@id\":\"https:\/\/verdadeon.com.br\/portal\/#\/schema\/person\/image\/\",\"url\":\"https:\/\/secure.gravatar.com\/avatar\/7578910c24966c0316c340f9dbd601e93ee9f9212e1033968b367af9306bd9fb?s=96&d=mm&r=g\",\"contentUrl\":\"https:\/\/secure.gravatar.com\/avatar\/7578910c24966c0316c340f9dbd601e93ee9f9212e1033968b367af9306bd9fb?s=96&d=mm&r=g\",\"caption\":\"Fernando Calixto\"},\"url\":\"https:\/\/verdadeon.com.br\/portal\/author\/fernando-calixto\/\"}]}<\/script>\n<!-- \/ Yoast SEO plugin. -->","yoast_head_json":{"title":"C\u00e2mara em Pauta - VerdadeOn","robots":{"index":"index","follow":"follow","max-snippet":"max-snippet:-1","max-image-preview":"max-image-preview:large","max-video-preview":"max-video-preview:-1"},"canonical":"https:\/\/verdadeon.com.br\/portal\/2021\/05\/03\/camara-em-pauta-2\/","og_locale":"pt_BR","og_type":"article","og_title":"C\u00e2mara em Pauta - VerdadeOn","og_description":"Na tarde desta ter\u00e7a-feira (4), ser\u00e1 votado o projeto que possibilita aos vereadores participarem das sess\u00f5es de forma \u201con-line\u201d em situa\u00e7\u00f5es de calamidade p\u00fablica, como no [\u2026]","og_url":"https:\/\/verdadeon.com.br\/portal\/2021\/05\/03\/camara-em-pauta-2\/","og_site_name":"VerdadeOn","article_published_time":"2021-05-04T01:23:41+00:00","og_image":[{"width":1000,"height":670,"url":"https:\/\/verdadeon.com.br\/portal\/wp-content\/uploads\/2021\/04\/WhatsApp-Image-2021-04-10-at-10.44.20.jpeg","type":"image\/jpeg"}],"author":"Fernando Calixto","twitter_card":"summary_large_image","twitter_misc":{"Escrito por":"Fernando Calixto","Est. tempo de leitura":"2 minutos"},"schema":{"@context":"https:\/\/schema.org","@graph":[{"@type":"WebPage","@id":"https:\/\/verdadeon.com.br\/portal\/2021\/05\/03\/camara-em-pauta-2\/","url":"https:\/\/verdadeon.com.br\/portal\/2021\/05\/03\/camara-em-pauta-2\/","name":"C\u00e2mara em Pauta - VerdadeOn","isPartOf":{"@id":"https:\/\/verdadeon.com.br\/portal\/#website"},"primaryImageOfPage":{"@id":"https:\/\/verdadeon.com.br\/portal\/2021\/05\/03\/camara-em-pauta-2\/#primaryimage"},"image":{"@id":"https:\/\/verdadeon.com.br\/portal\/2021\/05\/03\/camara-em-pauta-2\/#primaryimage"},"thumbnailUrl":"https:\/\/i0.wp.com\/verdadeon.com.br\/portal\/wp-content\/uploads\/2021\/04\/WhatsApp-Image-2021-04-10-at-10.44.20.jpeg?fit=1000%2C670&ssl=1","datePublished":"2021-05-04T01:23:41+00:00","author":{"@id":"https:\/\/verdadeon.com.br\/portal\/#\/schema\/person\/8994718f49ee62ba5610471e29ca1f62"},"breadcrumb":{"@id":"https:\/\/verdadeon.com.br\/portal\/2021\/05\/03\/camara-em-pauta-2\/#breadcrumb"},"inLanguage":"pt-BR","potentialAction":[{"@type":"ReadAction","target":["https:\/\/verdadeon.com.br\/portal\/2021\/05\/03\/camara-em-pauta-2\/"]}]},{"@type":"ImageObject","inLanguage":"pt-BR","@id":"https:\/\/verdadeon.com.br\/portal\/2021\/05\/03\/camara-em-pauta-2\/#primaryimage","url":"https:\/\/i0.wp.com\/verdadeon.com.br\/portal\/wp-content\/uploads\/2021\/04\/WhatsApp-Image-2021-04-10-at-10.44.20.jpeg?fit=1000%2C670&ssl=1","contentUrl":"https:\/\/i0.wp.com\/verdadeon.com.br\/portal\/wp-content\/uploads\/2021\/04\/WhatsApp-Image-2021-04-10-at-10.44.20.jpeg?fit=1000%2C670&ssl=1","width":1000,"height":670},{"@type":"BreadcrumbList","@id":"https:\/\/verdadeon.com.br\/portal\/2021\/05\/03\/camara-em-pauta-2\/#breadcrumb","itemListElement":[{"@type":"ListItem","position":1,"name":"In\u00edcio","item":"https:\/\/verdadeon.com.br\/portal\/"},{"@type":"ListItem","position":2,"name":"C\u00e2mara em Pauta"}]},{"@type":"WebSite","@id":"https:\/\/verdadeon.com.br\/portal\/#website","url":"https:\/\/verdadeon.com.br\/portal\/","name":"VerdadeOn","description":"Not\u00edcias di\u00e1rias sobre Franca, Regi\u00e3o, Esporte, Cultura, Cotidiano, Colunas. Cobertura nos principais eventos da cidade \u00e9 aqui - Verdadeon Franca","potentialAction":[{"@type":"SearchAction","target":{"@type":"EntryPoint","urlTemplate":"https:\/\/verdadeon.com.br\/portal\/?s={search_term_string}"},"query-input":{"@type":"PropertyValueSpecification","valueRequired":true,"valueName":"search_term_string"}}],"inLanguage":"pt-BR"},{"@type":"Person","@id":"https:\/\/verdadeon.com.br\/portal\/#\/schema\/person\/8994718f49ee62ba5610471e29ca1f62","name":"Fernando Calixto","image":{"@type":"ImageObject","inLanguage":"pt-BR","@id":"https:\/\/verdadeon.com.br\/portal\/#\/schema\/person\/image\/","url":"https:\/\/secure.gravatar.com\/avatar\/7578910c24966c0316c340f9dbd601e93ee9f9212e1033968b367af9306bd9fb?s=96&d=mm&r=g","contentUrl":"https:\/\/secure.gravatar.com\/avatar\/7578910c24966c0316c340f9dbd601e93ee9f9212e1033968b367af9306bd9fb?s=96&d=mm&r=g","caption":"Fernando Calixto"},"url":"https:\/\/verdadeon.com.br\/portal\/author\/fernando-calixto\/"}]}},"jetpack_publicize_connections":[],"jetpack_featured_media_url":"https:\/\/i0.wp.com\/verdadeon.com.br\/portal\/wp-content\/uploads\/2021\/04\/WhatsApp-Image-2021-04-10-at-10.44.20.jpeg?fit=1000%2C670&ssl=1","jetpack_sharing_enabled":true,"_links":{"self":[{"href":"https:\/\/verdadeon.com.br\/portal\/wp-json\/wp\/v2\/posts\/16466","targetHints":{"allow":["GET"]}}],"collection":[{"href":"https:\/\/verdadeon.com.br\/portal\/wp-json\/wp\/v2\/posts"}],"about":[{"href":"https:\/\/verdadeon.com.br\/portal\/wp-json\/wp\/v2\/types\/post"}],"author":[{"embeddable":true,"href":"https:\/\/verdadeon.com.br\/portal\/wp-json\/wp\/v2\/users\/4"}],"replies":[{"embeddable":true,"href":"https:\/\/verdadeon.com.br\/portal\/wp-json\/wp\/v2\/comments?post=16466"}],"version-history":[{"count":0,"href":"https:\/\/verdadeon.com.br\/portal\/wp-json\/wp\/v2\/posts\/16466\/revisions"}],"wp:featuredmedia":[{"embeddable":true,"href":"https:\/\/verdadeon.com.br\/portal\/wp-json\/wp\/v2\/media\/15983"}],"wp:attachment":[{"href":"https:\/\/verdadeon.com.br\/portal\/wp-json\/wp\/v2\/media?parent=16466"}],"wp:term":[{"taxonomy":"category","embeddable":true,"href":"https:\/\/verdadeon.com.br\/portal\/wp-json\/wp\/v2\/categories?post=16466"},{"taxonomy":"post_tag","embeddable":true,"href":"https:\/\/verdadeon.com.br\/portal\/wp-json\/wp\/v2\/tags?post=16466"}],"curies":[{"name":"wp","href":"https:\/\/api.w.org\/{rel}","templated":true}]}}