{"id":16428,"date":"2021-05-01T12:34:04","date_gmt":"2021-05-01T15:34:04","guid":{"rendered":"https:\/\/verdadeon.com.br\/portal\/?p=16428"},"modified":"2021-05-01T12:34:04","modified_gmt":"2021-05-01T15:34:04","slug":"fim-de-semana-tem-entrega-de-109-milhoes-de-doses-de-vacina-contra-a-covid-19","status":"publish","type":"post","link":"https:\/\/verdadeon.com.br\/portal\/2021\/05\/01\/fim-de-semana-tem-entrega-de-109-milhoes-de-doses-de-vacina-contra-a-covid-19\/","title":{"rendered":"Fim de semana tem entrega de 10,9 milh\u00f5es de doses de vacina contra a covid-19"},"content":{"rendered":"<h2>O balan\u00e7o das entregas foi feito pelo ministro da Sa\u00fade, Marcelo Queiroga<\/h2>\n<p>Entre esta sexta-feira (30) e domingo (2) est\u00e3o sendo disponibilizadas no pa\u00eds 10,9 milh\u00f5es de doses de vacinas contra a covid-19. Hoje foram entregues 6,5 milh\u00f5es de doses da vacina Oxford\/AstraZeneca, produzida pela Funda\u00e7\u00e3o Oswaldo Cruz (Fiocruz), al\u00e9m de 420 mil da CoronaVac, parceria entre o Instituto Butantan e a farmac\u00eautica chinesa Sinovac.<br \/>\nNo dia do Trabalho, est\u00e1 prevista a chegada de 220 mil doses da Oxford\/AstraZeneca importadas por interm\u00e9dio do cons\u00f3rcio Covax Facility, coordenado pela Organiza\u00e7\u00e3o Mundial da Sa\u00fade (OMS).<br \/>\nNo domingo, uma nova remessa desse imunizante, tamb\u00e9m obtida junto ao cons\u00f3rcio Covax Facility, chega a S\u00e3o Paulo, com mais 3,8 milh\u00f5es de doses. Com isso, completam-se os 4 milh\u00f5es de doses previstos para maio anunciados pelo Minist\u00e9rio da Sa\u00fade.<br \/>\nO balan\u00e7o foi apresentado pelo ministro da Sa\u00fade, Marcelo Queiroga, em pronunciamento feito em Bras\u00edlia e transmitido pelos canais da pasta. N\u00e3o houve abertura para perguntas de jornalistas.<br \/>\nDe acordo com Queiroga, considerando o per\u00edodo desde quarta-feira (28), 17,1 milh\u00f5es de doses de vacina contra a covid-19 das adquiridas pelo governo est\u00e3o sendo entregues. No dia 28, foram disponibilizados 5,2 milh\u00f5es de doses, sendo 5,1 milh\u00f5es da Oxford\/AstraZeneca e Fiocruz e 104,8 mil da CoronaVac.<br \/>\nNa quinta-feira (29), chegaram 1 milh\u00e3o de doses da Pfizer., que ser\u00e3o distribu\u00eddas a partir de segunda-feira. Segundo o Minist\u00e9rio da Sa\u00fade, essa din\u00e2mica foi definida a pedido de estados e munic\u00edpios. Como o imunizante da Pfizer demanda estrutura de armazenamento com temperaturas baixas (entre -25\u00ba e -15\u00ba), a orienta\u00e7\u00e3o do minist\u00e9rio foi que as doses fossem direcionadas sobretudo a capitais.<br \/>\nA agiliza\u00e7\u00e3o da entrega de vacinas ocorre em meio a dificuldades para obten\u00e7\u00e3o de insumos e \u00e0 redu\u00e7\u00e3o do ritmo da imuniza\u00e7\u00e3o contra a covid-19. Pesquisa divulgada nesta sexta-feira pela Confedera\u00e7\u00e3o Nacional dos Munic\u00edpios (CNM) indica que 673 cidades ficaram sem aplicar vacinas nesta semana.<br \/>\nFiocruz<br \/>\nA presidente da Fiocruz, N\u00edsia Trindade, disse que a funda\u00e7\u00e3o atingiu a capacidade de produ\u00e7\u00e3o de 1 milh\u00e3o de doses por dia e que j\u00e1 tem ingredientes farmac\u00eauticos ativos (IFAs) suficientes para a primeira leva prevista, de 100,4 milh\u00f5es.<br \/>\nN\u00edsia disse que foi finalizada a estrutura para produ\u00e7\u00e3o da vacina. Contudo, esta ainda dever\u00e1 ser passar por processos de an\u00e1lise e certifica\u00e7\u00e3o pela Ag\u00eancia Nacional de Vigil\u00e2ncia Sanit\u00e1ria (Anvisa).<br \/>\nProtocolos<br \/>\nNo pronunciamento o ministro da Sa\u00fade informou que a pasta vem desenvolvendo protocolos para os procedimentos em caso de necessidade de intuba\u00e7\u00e3o de pacientes. O professor da Universidade de S\u00e3o Paulo Carlos Carvalho, que coordena o trabalho, explicou que os protocolos devem abarcar as condutas adequadas no processo de intuba\u00e7\u00e3o, incluindo o uso racional do oxig\u00eanio neste processo.<br \/>\n\u201cA intuba\u00e7\u00e3o deve garantir seguran\u00e7a para paciente e equipe. Haver\u00e1 um protocolo chamado de sequ\u00eancia r\u00e1pida de intuba\u00e7\u00e3o e um protocolo com medicamentos de analgesia, seda\u00e7\u00e3o e relaxantes musculares\u201d, sublinhou o professor.<br \/>\nOutro protocolo deve definir o uso de tecnologias para realizar procedimentos em unidades de terapia intensiva (UTIs) por meio do sistema telessa\u00fade. \u201cHaver\u00e1 uma parte inicial de treinamento e capacita\u00e7\u00e3o da equipe e de hospitais que est\u00e3o atendendo na ponta. A partir da\u00ed, come\u00e7aremos a fazer visitas e discuss\u00f5es di\u00e1rias para apoiar a assist\u00eancia que esses profissionais est\u00e3o prestando \u00e0 popula\u00e7\u00e3o\u201d, acrescentou Carvalho.<br \/>\nFonte: Ag\u00eancia Brasil<\/p>\n","protected":false},"excerpt":{"rendered":"<p>O balan\u00e7o das entregas foi feito pelo ministro da Sa\u00fade, Marcelo Queiroga Entre esta sexta-feira (30) e domingo (2) est\u00e3o sendo disponibilizadas no pa\u00eds 10,9 milh\u00f5es<span class=\"excerpt-hellip\"> [\u2026]<\/span><\/p>\n","protected":false},"author":4,"featured_media":16430,"comment_status":"open","ping_status":"open","sticky":false,"template":"","format":"standard","meta":{"_jetpack_memberships_contains_paid_content":false,"footnotes":"","jetpack_publicize_message":"","jetpack_publicize_feature_enabled":true,"jetpack_social_post_already_shared":false,"jetpack_social_options":{"image_generator_settings":{"template":"highway","default_image_id":0,"enabled":false},"version":2}},"categories":[28,44],"tags":[],"class_list":["post-16428","post","type-post","status-publish","format-standard","has-post-thumbnail","hentry","category-cotidiano","category-noticias"],"yoast_head":"<!-- This site is optimized with the Yoast SEO plugin v25.6 - https:\/\/yoast.com\/wordpress\/plugins\/seo\/ -->\n<title>Fim de semana tem entrega de 10,9 milh\u00f5es de doses de vacina contra a covid-19 - VerdadeOn<\/title>\n<meta name=\"robots\" content=\"index, follow, max-snippet:-1, max-image-preview:large, max-video-preview:-1\" \/>\n<link rel=\"canonical\" href=\"https:\/\/verdadeon.com.br\/portal\/2021\/05\/01\/fim-de-semana-tem-entrega-de-109-milhoes-de-doses-de-vacina-contra-a-covid-19\/\" \/>\n<meta property=\"og:locale\" content=\"pt_BR\" \/>\n<meta property=\"og:type\" content=\"article\" \/>\n<meta property=\"og:title\" content=\"Fim de semana tem entrega de 10,9 milh\u00f5es de doses de vacina contra a covid-19 - VerdadeOn\" \/>\n<meta property=\"og:description\" content=\"O balan\u00e7o das entregas foi feito pelo ministro da Sa\u00fade, Marcelo Queiroga Entre esta sexta-feira (30) e domingo (2) est\u00e3o sendo disponibilizadas no pa\u00eds 10,9 milh\u00f5es [\u2026]\" \/>\n<meta property=\"og:url\" content=\"https:\/\/verdadeon.com.br\/portal\/2021\/05\/01\/fim-de-semana-tem-entrega-de-109-milhoes-de-doses-de-vacina-contra-a-covid-19\/\" \/>\n<meta property=\"og:site_name\" content=\"VerdadeOn\" \/>\n<meta property=\"article:published_time\" content=\"2021-05-01T15:34:04+00:00\" \/>\n<meta property=\"og:image\" content=\"https:\/\/verdadeon.com.br\/portal\/wp-content\/uploads\/2021\/05\/WhatsApp-Image-2021-05-01-at-09.15.35.jpeg\" \/>\n\t<meta property=\"og:image:width\" content=\"1000\" \/>\n\t<meta property=\"og:image:height\" content=\"670\" \/>\n\t<meta property=\"og:image:type\" content=\"image\/jpeg\" \/>\n<meta name=\"author\" content=\"Fernando Calixto\" \/>\n<meta name=\"twitter:card\" content=\"summary_large_image\" \/>\n<meta name=\"twitter:label1\" content=\"Escrito por\" \/>\n\t<meta name=\"twitter:data1\" content=\"Fernando Calixto\" \/>\n\t<meta name=\"twitter:label2\" content=\"Est. tempo de leitura\" \/>\n\t<meta name=\"twitter:data2\" content=\"3 minutos\" \/>\n<script type=\"application\/ld+json\" class=\"yoast-schema-graph\">{\"@context\":\"https:\/\/schema.org\",\"@graph\":[{\"@type\":\"WebPage\",\"@id\":\"https:\/\/verdadeon.com.br\/portal\/2021\/05\/01\/fim-de-semana-tem-entrega-de-109-milhoes-de-doses-de-vacina-contra-a-covid-19\/\",\"url\":\"https:\/\/verdadeon.com.br\/portal\/2021\/05\/01\/fim-de-semana-tem-entrega-de-109-milhoes-de-doses-de-vacina-contra-a-covid-19\/\",\"name\":\"Fim de semana tem entrega de 10,9 milh\u00f5es de doses de vacina contra a covid-19 - VerdadeOn\",\"isPartOf\":{\"@id\":\"https:\/\/verdadeon.com.br\/portal\/#website\"},\"primaryImageOfPage\":{\"@id\":\"https:\/\/verdadeon.com.br\/portal\/2021\/05\/01\/fim-de-semana-tem-entrega-de-109-milhoes-de-doses-de-vacina-contra-a-covid-19\/#primaryimage\"},\"image\":{\"@id\":\"https:\/\/verdadeon.com.br\/portal\/2021\/05\/01\/fim-de-semana-tem-entrega-de-109-milhoes-de-doses-de-vacina-contra-a-covid-19\/#primaryimage\"},\"thumbnailUrl\":\"https:\/\/i0.wp.com\/verdadeon.com.br\/portal\/wp-content\/uploads\/2021\/05\/WhatsApp-Image-2021-05-01-at-09.15.35.jpeg?fit=1000%2C670&ssl=1\",\"datePublished\":\"2021-05-01T15:34:04+00:00\",\"author\":{\"@id\":\"https:\/\/verdadeon.com.br\/portal\/#\/schema\/person\/8994718f49ee62ba5610471e29ca1f62\"},\"breadcrumb\":{\"@id\":\"https:\/\/verdadeon.com.br\/portal\/2021\/05\/01\/fim-de-semana-tem-entrega-de-109-milhoes-de-doses-de-vacina-contra-a-covid-19\/#breadcrumb\"},\"inLanguage\":\"pt-BR\",\"potentialAction\":[{\"@type\":\"ReadAction\",\"target\":[\"https:\/\/verdadeon.com.br\/portal\/2021\/05\/01\/fim-de-semana-tem-entrega-de-109-milhoes-de-doses-de-vacina-contra-a-covid-19\/\"]}]},{\"@type\":\"ImageObject\",\"inLanguage\":\"pt-BR\",\"@id\":\"https:\/\/verdadeon.com.br\/portal\/2021\/05\/01\/fim-de-semana-tem-entrega-de-109-milhoes-de-doses-de-vacina-contra-a-covid-19\/#primaryimage\",\"url\":\"https:\/\/i0.wp.com\/verdadeon.com.br\/portal\/wp-content\/uploads\/2021\/05\/WhatsApp-Image-2021-05-01-at-09.15.35.jpeg?fit=1000%2C670&ssl=1\",\"contentUrl\":\"https:\/\/i0.wp.com\/verdadeon.com.br\/portal\/wp-content\/uploads\/2021\/05\/WhatsApp-Image-2021-05-01-at-09.15.35.jpeg?fit=1000%2C670&ssl=1\",\"width\":1000,\"height\":670,\"caption\":\"Fiocruz atingiu a capacidade de produ\u00e7\u00e3o de 1 milh\u00e3o de doses di\u00e1rias | Foto: Ag\u00eancia Brasil\"},{\"@type\":\"BreadcrumbList\",\"@id\":\"https:\/\/verdadeon.com.br\/portal\/2021\/05\/01\/fim-de-semana-tem-entrega-de-109-milhoes-de-doses-de-vacina-contra-a-covid-19\/#breadcrumb\",\"itemListElement\":[{\"@type\":\"ListItem\",\"position\":1,\"name\":\"In\u00edcio\",\"item\":\"https:\/\/verdadeon.com.br\/portal\/\"},{\"@type\":\"ListItem\",\"position\":2,\"name\":\"Fim de semana tem entrega de 10,9 milh\u00f5es de doses de vacina contra a covid-19\"}]},{\"@type\":\"WebSite\",\"@id\":\"https:\/\/verdadeon.com.br\/portal\/#website\",\"url\":\"https:\/\/verdadeon.com.br\/portal\/\",\"name\":\"VerdadeOn\",\"description\":\"Not\u00edcias di\u00e1rias sobre Franca, Regi\u00e3o, Esporte, Cultura, Cotidiano, Colunas. Cobertura nos principais eventos da cidade \u00e9 aqui - Verdadeon Franca\",\"potentialAction\":[{\"@type\":\"SearchAction\",\"target\":{\"@type\":\"EntryPoint\",\"urlTemplate\":\"https:\/\/verdadeon.com.br\/portal\/?s={search_term_string}\"},\"query-input\":{\"@type\":\"PropertyValueSpecification\",\"valueRequired\":true,\"valueName\":\"search_term_string\"}}],\"inLanguage\":\"pt-BR\"},{\"@type\":\"Person\",\"@id\":\"https:\/\/verdadeon.com.br\/portal\/#\/schema\/person\/8994718f49ee62ba5610471e29ca1f62\",\"name\":\"Fernando Calixto\",\"image\":{\"@type\":\"ImageObject\",\"inLanguage\":\"pt-BR\",\"@id\":\"https:\/\/verdadeon.com.br\/portal\/#\/schema\/person\/image\/\",\"url\":\"https:\/\/secure.gravatar.com\/avatar\/7578910c24966c0316c340f9dbd601e93ee9f9212e1033968b367af9306bd9fb?s=96&d=mm&r=g\",\"contentUrl\":\"https:\/\/secure.gravatar.com\/avatar\/7578910c24966c0316c340f9dbd601e93ee9f9212e1033968b367af9306bd9fb?s=96&d=mm&r=g\",\"caption\":\"Fernando Calixto\"},\"url\":\"https:\/\/verdadeon.com.br\/portal\/author\/fernando-calixto\/\"}]}<\/script>\n<!-- \/ Yoast SEO plugin. -->","yoast_head_json":{"title":"Fim de semana tem entrega de 10,9 milh\u00f5es de doses de vacina contra a covid-19 - VerdadeOn","robots":{"index":"index","follow":"follow","max-snippet":"max-snippet:-1","max-image-preview":"max-image-preview:large","max-video-preview":"max-video-preview:-1"},"canonical":"https:\/\/verdadeon.com.br\/portal\/2021\/05\/01\/fim-de-semana-tem-entrega-de-109-milhoes-de-doses-de-vacina-contra-a-covid-19\/","og_locale":"pt_BR","og_type":"article","og_title":"Fim de semana tem entrega de 10,9 milh\u00f5es de doses de vacina contra a covid-19 - VerdadeOn","og_description":"O balan\u00e7o das entregas foi feito pelo ministro da Sa\u00fade, Marcelo Queiroga Entre esta sexta-feira (30) e domingo (2) est\u00e3o sendo disponibilizadas no pa\u00eds 10,9 milh\u00f5es [\u2026]","og_url":"https:\/\/verdadeon.com.br\/portal\/2021\/05\/01\/fim-de-semana-tem-entrega-de-109-milhoes-de-doses-de-vacina-contra-a-covid-19\/","og_site_name":"VerdadeOn","article_published_time":"2021-05-01T15:34:04+00:00","og_image":[{"width":1000,"height":670,"url":"https:\/\/verdadeon.com.br\/portal\/wp-content\/uploads\/2021\/05\/WhatsApp-Image-2021-05-01-at-09.15.35.jpeg","type":"image\/jpeg"}],"author":"Fernando Calixto","twitter_card":"summary_large_image","twitter_misc":{"Escrito por":"Fernando Calixto","Est. tempo de leitura":"3 minutos"},"schema":{"@context":"https:\/\/schema.org","@graph":[{"@type":"WebPage","@id":"https:\/\/verdadeon.com.br\/portal\/2021\/05\/01\/fim-de-semana-tem-entrega-de-109-milhoes-de-doses-de-vacina-contra-a-covid-19\/","url":"https:\/\/verdadeon.com.br\/portal\/2021\/05\/01\/fim-de-semana-tem-entrega-de-109-milhoes-de-doses-de-vacina-contra-a-covid-19\/","name":"Fim de semana tem entrega de 10,9 milh\u00f5es de doses de vacina contra a covid-19 - VerdadeOn","isPartOf":{"@id":"https:\/\/verdadeon.com.br\/portal\/#website"},"primaryImageOfPage":{"@id":"https:\/\/verdadeon.com.br\/portal\/2021\/05\/01\/fim-de-semana-tem-entrega-de-109-milhoes-de-doses-de-vacina-contra-a-covid-19\/#primaryimage"},"image":{"@id":"https:\/\/verdadeon.com.br\/portal\/2021\/05\/01\/fim-de-semana-tem-entrega-de-109-milhoes-de-doses-de-vacina-contra-a-covid-19\/#primaryimage"},"thumbnailUrl":"https:\/\/i0.wp.com\/verdadeon.com.br\/portal\/wp-content\/uploads\/2021\/05\/WhatsApp-Image-2021-05-01-at-09.15.35.jpeg?fit=1000%2C670&ssl=1","datePublished":"2021-05-01T15:34:04+00:00","author":{"@id":"https:\/\/verdadeon.com.br\/portal\/#\/schema\/person\/8994718f49ee62ba5610471e29ca1f62"},"breadcrumb":{"@id":"https:\/\/verdadeon.com.br\/portal\/2021\/05\/01\/fim-de-semana-tem-entrega-de-109-milhoes-de-doses-de-vacina-contra-a-covid-19\/#breadcrumb"},"inLanguage":"pt-BR","potentialAction":[{"@type":"ReadAction","target":["https:\/\/verdadeon.com.br\/portal\/2021\/05\/01\/fim-de-semana-tem-entrega-de-109-milhoes-de-doses-de-vacina-contra-a-covid-19\/"]}]},{"@type":"ImageObject","inLanguage":"pt-BR","@id":"https:\/\/verdadeon.com.br\/portal\/2021\/05\/01\/fim-de-semana-tem-entrega-de-109-milhoes-de-doses-de-vacina-contra-a-covid-19\/#primaryimage","url":"https:\/\/i0.wp.com\/verdadeon.com.br\/portal\/wp-content\/uploads\/2021\/05\/WhatsApp-Image-2021-05-01-at-09.15.35.jpeg?fit=1000%2C670&ssl=1","contentUrl":"https:\/\/i0.wp.com\/verdadeon.com.br\/portal\/wp-content\/uploads\/2021\/05\/WhatsApp-Image-2021-05-01-at-09.15.35.jpeg?fit=1000%2C670&ssl=1","width":1000,"height":670,"caption":"Fiocruz atingiu a capacidade de produ\u00e7\u00e3o de 1 milh\u00e3o de doses di\u00e1rias | Foto: Ag\u00eancia Brasil"},{"@type":"BreadcrumbList","@id":"https:\/\/verdadeon.com.br\/portal\/2021\/05\/01\/fim-de-semana-tem-entrega-de-109-milhoes-de-doses-de-vacina-contra-a-covid-19\/#breadcrumb","itemListElement":[{"@type":"ListItem","position":1,"name":"In\u00edcio","item":"https:\/\/verdadeon.com.br\/portal\/"},{"@type":"ListItem","position":2,"name":"Fim de semana tem entrega de 10,9 milh\u00f5es de doses de vacina contra a covid-19"}]},{"@type":"WebSite","@id":"https:\/\/verdadeon.com.br\/portal\/#website","url":"https:\/\/verdadeon.com.br\/portal\/","name":"VerdadeOn","description":"Not\u00edcias di\u00e1rias sobre Franca, Regi\u00e3o, Esporte, Cultura, Cotidiano, Colunas. Cobertura nos principais eventos da cidade \u00e9 aqui - Verdadeon Franca","potentialAction":[{"@type":"SearchAction","target":{"@type":"EntryPoint","urlTemplate":"https:\/\/verdadeon.com.br\/portal\/?s={search_term_string}"},"query-input":{"@type":"PropertyValueSpecification","valueRequired":true,"valueName":"search_term_string"}}],"inLanguage":"pt-BR"},{"@type":"Person","@id":"https:\/\/verdadeon.com.br\/portal\/#\/schema\/person\/8994718f49ee62ba5610471e29ca1f62","name":"Fernando Calixto","image":{"@type":"ImageObject","inLanguage":"pt-BR","@id":"https:\/\/verdadeon.com.br\/portal\/#\/schema\/person\/image\/","url":"https:\/\/secure.gravatar.com\/avatar\/7578910c24966c0316c340f9dbd601e93ee9f9212e1033968b367af9306bd9fb?s=96&d=mm&r=g","contentUrl":"https:\/\/secure.gravatar.com\/avatar\/7578910c24966c0316c340f9dbd601e93ee9f9212e1033968b367af9306bd9fb?s=96&d=mm&r=g","caption":"Fernando Calixto"},"url":"https:\/\/verdadeon.com.br\/portal\/author\/fernando-calixto\/"}]}},"jetpack_publicize_connections":[],"jetpack_featured_media_url":"https:\/\/i0.wp.com\/verdadeon.com.br\/portal\/wp-content\/uploads\/2021\/05\/WhatsApp-Image-2021-05-01-at-09.15.35.jpeg?fit=1000%2C670&ssl=1","jetpack_sharing_enabled":true,"_links":{"self":[{"href":"https:\/\/verdadeon.com.br\/portal\/wp-json\/wp\/v2\/posts\/16428","targetHints":{"allow":["GET"]}}],"collection":[{"href":"https:\/\/verdadeon.com.br\/portal\/wp-json\/wp\/v2\/posts"}],"about":[{"href":"https:\/\/verdadeon.com.br\/portal\/wp-json\/wp\/v2\/types\/post"}],"author":[{"embeddable":true,"href":"https:\/\/verdadeon.com.br\/portal\/wp-json\/wp\/v2\/users\/4"}],"replies":[{"embeddable":true,"href":"https:\/\/verdadeon.com.br\/portal\/wp-json\/wp\/v2\/comments?post=16428"}],"version-history":[{"count":0,"href":"https:\/\/verdadeon.com.br\/portal\/wp-json\/wp\/v2\/posts\/16428\/revisions"}],"wp:featuredmedia":[{"embeddable":true,"href":"https:\/\/verdadeon.com.br\/portal\/wp-json\/wp\/v2\/media\/16430"}],"wp:attachment":[{"href":"https:\/\/verdadeon.com.br\/portal\/wp-json\/wp\/v2\/media?parent=16428"}],"wp:term":[{"taxonomy":"category","embeddable":true,"href":"https:\/\/verdadeon.com.br\/portal\/wp-json\/wp\/v2\/categories?post=16428"},{"taxonomy":"post_tag","embeddable":true,"href":"https:\/\/verdadeon.com.br\/portal\/wp-json\/wp\/v2\/tags?post=16428"}],"curies":[{"name":"wp","href":"https:\/\/api.w.org\/{rel}","templated":true}]}}