{"id":16276,"date":"2021-04-24T15:51:13","date_gmt":"2021-04-24T18:51:13","guid":{"rendered":"https:\/\/verdadeon.com.br\/portal\/?p=16276"},"modified":"2021-04-24T15:51:13","modified_gmt":"2021-04-24T18:51:13","slug":"prefeitura-de-cristais-paulista-abre-vagas-para-curso-online-para-gestantes","status":"publish","type":"post","link":"https:\/\/verdadeon.com.br\/portal\/2021\/04\/24\/prefeitura-de-cristais-paulista-abre-vagas-para-curso-online-para-gestantes\/","title":{"rendered":"Prefeitura de Cristais Paulista abre vagas para curso online para gestantes"},"content":{"rendered":"<h2>V\u00e1rios temas relevantes para as gestantes ser\u00e3o abordados durante o curso, que ter\u00e1 oito encontros<\/h2>\n<p>A Prefeitura de Cristais Paulista, atrav\u00e9s da Secretaria de Sa\u00fade, est\u00e1 com inscri\u00e7\u00f5es abertas para mais uma edi\u00e7\u00e3o do Curso Online Preparat\u00f3rio para Gestantes. A novidade este ano \u00e9 que o curso ser\u00e1 100% online.<br \/>\nO Curso Preparat\u00f3rio para Gestantes tem como objetivo apresentar \u00e0s gestantes em qualquer idade gestacional e aos familiares os principais cuidados para viver com seguran\u00e7a e tranquilidade este momento da vida.<br \/>\nOs encontros ir\u00e3o abordar temas como: gesta\u00e7\u00e3o, planejamento familiar, tipos de parto, mudan\u00e7as corporais, aleitamento materno, cuidados com as mamas, parto e p\u00f3s-parto, alimenta\u00e7\u00e3o, cuidados com o beb\u00ea e cuidados com a beleza. As palestras ser\u00e3o ministradas por profissionais das \u00e1reas de ginecologia, obstetra, enfermagem, pediatria, psicologia, fisioterapia, odontol\u00f3gica entre especialidades.<br \/>\nAs atividades ter\u00e3o in\u00edcio no dia 06 de maio e ser\u00e3o divididas em oito encontros gratuitos para as gestantes que est\u00e3o se preparando para ter um beb\u00ea. \u201cNosso objetivo \u00e9 preparar as futuras mam\u00e3es por completo para este momento muito especial\u201d, disse Solange Ferreira, Secret\u00e1ria de Sa\u00fade.<br \/>\nAs inscri\u00e7\u00f5es podem ser feitas nas duas unidades do ESF por telefone ou whatsapp:<br \/>\nESF 1: 3133-1391 &#8211; 98182-0218<br \/>\nESF 2: 98138-0400<br \/>\nAo todo ser\u00e3o oito encontros virtuais. \u201cA gestante que tiver participa\u00e7\u00e3o de no m\u00ednimo 80% dos encontros, no final ir\u00e1 ganhar um lindo kit com diversos itens para ela e para beb\u00ea\u201d, afirmou a secret\u00e1ria.<\/p>\n","protected":false},"excerpt":{"rendered":"<p>V\u00e1rios temas relevantes para as gestantes ser\u00e3o abordados durante o curso, que ter\u00e1 oito encontros A Prefeitura de Cristais Paulista, atrav\u00e9s da Secretaria de Sa\u00fade, est\u00e1<span class=\"excerpt-hellip\"> [\u2026]<\/span><\/p>\n","protected":false},"author":4,"featured_media":16284,"comment_status":"open","ping_status":"open","sticky":false,"template":"","format":"standard","meta":{"_jetpack_memberships_contains_paid_content":false,"footnotes":"","jetpack_publicize_message":"","jetpack_publicize_feature_enabled":true,"jetpack_social_post_already_shared":false,"jetpack_social_options":{"image_generator_settings":{"template":"highway","default_image_id":0,"enabled":false},"version":2}},"categories":[28,44],"tags":[],"class_list":["post-16276","post","type-post","status-publish","format-standard","has-post-thumbnail","hentry","category-cotidiano","category-noticias"],"yoast_head":"<!-- This site is optimized with the Yoast SEO plugin v25.6 - https:\/\/yoast.com\/wordpress\/plugins\/seo\/ -->\n<title>Prefeitura de Cristais Paulista abre vagas para curso online para gestantes - VerdadeOn<\/title>\n<meta name=\"robots\" content=\"index, follow, max-snippet:-1, max-image-preview:large, max-video-preview:-1\" \/>\n<link rel=\"canonical\" href=\"https:\/\/verdadeon.com.br\/portal\/2021\/04\/24\/prefeitura-de-cristais-paulista-abre-vagas-para-curso-online-para-gestantes\/\" \/>\n<meta property=\"og:locale\" content=\"pt_BR\" \/>\n<meta property=\"og:type\" content=\"article\" \/>\n<meta property=\"og:title\" content=\"Prefeitura de Cristais Paulista abre vagas para curso online para gestantes - VerdadeOn\" \/>\n<meta property=\"og:description\" content=\"V\u00e1rios temas relevantes para as gestantes ser\u00e3o abordados durante o curso, que ter\u00e1 oito encontros A Prefeitura de Cristais Paulista, atrav\u00e9s da Secretaria de Sa\u00fade, est\u00e1 [\u2026]\" \/>\n<meta property=\"og:url\" content=\"https:\/\/verdadeon.com.br\/portal\/2021\/04\/24\/prefeitura-de-cristais-paulista-abre-vagas-para-curso-online-para-gestantes\/\" \/>\n<meta property=\"og:site_name\" content=\"VerdadeOn\" \/>\n<meta property=\"article:published_time\" content=\"2021-04-24T18:51:13+00:00\" \/>\n<meta property=\"og:image\" content=\"https:\/\/verdadeon.com.br\/portal\/wp-content\/uploads\/2021\/04\/WhatsApp-Image-2021-04-24-at-11.54.22.jpeg\" \/>\n\t<meta property=\"og:image:width\" content=\"1000\" \/>\n\t<meta property=\"og:image:height\" content=\"670\" \/>\n\t<meta property=\"og:image:type\" content=\"image\/jpeg\" \/>\n<meta name=\"author\" content=\"Fernando Calixto\" \/>\n<meta name=\"twitter:card\" content=\"summary_large_image\" \/>\n<meta name=\"twitter:label1\" content=\"Escrito por\" \/>\n\t<meta name=\"twitter:data1\" content=\"Fernando Calixto\" \/>\n\t<meta name=\"twitter:label2\" content=\"Est. tempo de leitura\" \/>\n\t<meta name=\"twitter:data2\" content=\"2 minutos\" \/>\n<script type=\"application\/ld+json\" class=\"yoast-schema-graph\">{\"@context\":\"https:\/\/schema.org\",\"@graph\":[{\"@type\":\"WebPage\",\"@id\":\"https:\/\/verdadeon.com.br\/portal\/2021\/04\/24\/prefeitura-de-cristais-paulista-abre-vagas-para-curso-online-para-gestantes\/\",\"url\":\"https:\/\/verdadeon.com.br\/portal\/2021\/04\/24\/prefeitura-de-cristais-paulista-abre-vagas-para-curso-online-para-gestantes\/\",\"name\":\"Prefeitura de Cristais Paulista abre vagas para curso online para gestantes - VerdadeOn\",\"isPartOf\":{\"@id\":\"https:\/\/verdadeon.com.br\/portal\/#website\"},\"primaryImageOfPage\":{\"@id\":\"https:\/\/verdadeon.com.br\/portal\/2021\/04\/24\/prefeitura-de-cristais-paulista-abre-vagas-para-curso-online-para-gestantes\/#primaryimage\"},\"image\":{\"@id\":\"https:\/\/verdadeon.com.br\/portal\/2021\/04\/24\/prefeitura-de-cristais-paulista-abre-vagas-para-curso-online-para-gestantes\/#primaryimage\"},\"thumbnailUrl\":\"https:\/\/i0.wp.com\/verdadeon.com.br\/portal\/wp-content\/uploads\/2021\/04\/WhatsApp-Image-2021-04-24-at-11.54.22.jpeg?fit=1000%2C670&ssl=1\",\"datePublished\":\"2021-04-24T18:51:13+00:00\",\"author\":{\"@id\":\"https:\/\/verdadeon.com.br\/portal\/#\/schema\/person\/8994718f49ee62ba5610471e29ca1f62\"},\"breadcrumb\":{\"@id\":\"https:\/\/verdadeon.com.br\/portal\/2021\/04\/24\/prefeitura-de-cristais-paulista-abre-vagas-para-curso-online-para-gestantes\/#breadcrumb\"},\"inLanguage\":\"pt-BR\",\"potentialAction\":[{\"@type\":\"ReadAction\",\"target\":[\"https:\/\/verdadeon.com.br\/portal\/2021\/04\/24\/prefeitura-de-cristais-paulista-abre-vagas-para-curso-online-para-gestantes\/\"]}]},{\"@type\":\"ImageObject\",\"inLanguage\":\"pt-BR\",\"@id\":\"https:\/\/verdadeon.com.br\/portal\/2021\/04\/24\/prefeitura-de-cristais-paulista-abre-vagas-para-curso-online-para-gestantes\/#primaryimage\",\"url\":\"https:\/\/i0.wp.com\/verdadeon.com.br\/portal\/wp-content\/uploads\/2021\/04\/WhatsApp-Image-2021-04-24-at-11.54.22.jpeg?fit=1000%2C670&ssl=1\",\"contentUrl\":\"https:\/\/i0.wp.com\/verdadeon.com.br\/portal\/wp-content\/uploads\/2021\/04\/WhatsApp-Image-2021-04-24-at-11.54.22.jpeg?fit=1000%2C670&ssl=1\",\"width\":1000,\"height\":670,\"caption\":\"\u00a0Inscri\u00e7\u00f5es poder\u00e3o ser realizadas nas duas unidades do ESF de Cristais | Foto: Divulga\u00e7\u00e3o\"},{\"@type\":\"BreadcrumbList\",\"@id\":\"https:\/\/verdadeon.com.br\/portal\/2021\/04\/24\/prefeitura-de-cristais-paulista-abre-vagas-para-curso-online-para-gestantes\/#breadcrumb\",\"itemListElement\":[{\"@type\":\"ListItem\",\"position\":1,\"name\":\"In\u00edcio\",\"item\":\"https:\/\/verdadeon.com.br\/portal\/\"},{\"@type\":\"ListItem\",\"position\":2,\"name\":\"Prefeitura de Cristais Paulista abre vagas para curso online para gestantes\"}]},{\"@type\":\"WebSite\",\"@id\":\"https:\/\/verdadeon.com.br\/portal\/#website\",\"url\":\"https:\/\/verdadeon.com.br\/portal\/\",\"name\":\"VerdadeOn\",\"description\":\"Not\u00edcias di\u00e1rias sobre Franca, Regi\u00e3o, Esporte, Cultura, Cotidiano, Colunas. Cobertura nos principais eventos da cidade \u00e9 aqui - Verdadeon Franca\",\"potentialAction\":[{\"@type\":\"SearchAction\",\"target\":{\"@type\":\"EntryPoint\",\"urlTemplate\":\"https:\/\/verdadeon.com.br\/portal\/?s={search_term_string}\"},\"query-input\":{\"@type\":\"PropertyValueSpecification\",\"valueRequired\":true,\"valueName\":\"search_term_string\"}}],\"inLanguage\":\"pt-BR\"},{\"@type\":\"Person\",\"@id\":\"https:\/\/verdadeon.com.br\/portal\/#\/schema\/person\/8994718f49ee62ba5610471e29ca1f62\",\"name\":\"Fernando Calixto\",\"image\":{\"@type\":\"ImageObject\",\"inLanguage\":\"pt-BR\",\"@id\":\"https:\/\/verdadeon.com.br\/portal\/#\/schema\/person\/image\/\",\"url\":\"https:\/\/secure.gravatar.com\/avatar\/7578910c24966c0316c340f9dbd601e93ee9f9212e1033968b367af9306bd9fb?s=96&d=mm&r=g\",\"contentUrl\":\"https:\/\/secure.gravatar.com\/avatar\/7578910c24966c0316c340f9dbd601e93ee9f9212e1033968b367af9306bd9fb?s=96&d=mm&r=g\",\"caption\":\"Fernando Calixto\"},\"url\":\"https:\/\/verdadeon.com.br\/portal\/author\/fernando-calixto\/\"}]}<\/script>\n<!-- \/ Yoast SEO plugin. -->","yoast_head_json":{"title":"Prefeitura de Cristais Paulista abre vagas para curso online para gestantes - VerdadeOn","robots":{"index":"index","follow":"follow","max-snippet":"max-snippet:-1","max-image-preview":"max-image-preview:large","max-video-preview":"max-video-preview:-1"},"canonical":"https:\/\/verdadeon.com.br\/portal\/2021\/04\/24\/prefeitura-de-cristais-paulista-abre-vagas-para-curso-online-para-gestantes\/","og_locale":"pt_BR","og_type":"article","og_title":"Prefeitura de Cristais Paulista abre vagas para curso online para gestantes - VerdadeOn","og_description":"V\u00e1rios temas relevantes para as gestantes ser\u00e3o abordados durante o curso, que ter\u00e1 oito encontros A Prefeitura de Cristais Paulista, atrav\u00e9s da Secretaria de Sa\u00fade, est\u00e1 [\u2026]","og_url":"https:\/\/verdadeon.com.br\/portal\/2021\/04\/24\/prefeitura-de-cristais-paulista-abre-vagas-para-curso-online-para-gestantes\/","og_site_name":"VerdadeOn","article_published_time":"2021-04-24T18:51:13+00:00","og_image":[{"width":1000,"height":670,"url":"https:\/\/verdadeon.com.br\/portal\/wp-content\/uploads\/2021\/04\/WhatsApp-Image-2021-04-24-at-11.54.22.jpeg","type":"image\/jpeg"}],"author":"Fernando Calixto","twitter_card":"summary_large_image","twitter_misc":{"Escrito por":"Fernando Calixto","Est. tempo de leitura":"2 minutos"},"schema":{"@context":"https:\/\/schema.org","@graph":[{"@type":"WebPage","@id":"https:\/\/verdadeon.com.br\/portal\/2021\/04\/24\/prefeitura-de-cristais-paulista-abre-vagas-para-curso-online-para-gestantes\/","url":"https:\/\/verdadeon.com.br\/portal\/2021\/04\/24\/prefeitura-de-cristais-paulista-abre-vagas-para-curso-online-para-gestantes\/","name":"Prefeitura de Cristais Paulista abre vagas para curso online para gestantes - VerdadeOn","isPartOf":{"@id":"https:\/\/verdadeon.com.br\/portal\/#website"},"primaryImageOfPage":{"@id":"https:\/\/verdadeon.com.br\/portal\/2021\/04\/24\/prefeitura-de-cristais-paulista-abre-vagas-para-curso-online-para-gestantes\/#primaryimage"},"image":{"@id":"https:\/\/verdadeon.com.br\/portal\/2021\/04\/24\/prefeitura-de-cristais-paulista-abre-vagas-para-curso-online-para-gestantes\/#primaryimage"},"thumbnailUrl":"https:\/\/i0.wp.com\/verdadeon.com.br\/portal\/wp-content\/uploads\/2021\/04\/WhatsApp-Image-2021-04-24-at-11.54.22.jpeg?fit=1000%2C670&ssl=1","datePublished":"2021-04-24T18:51:13+00:00","author":{"@id":"https:\/\/verdadeon.com.br\/portal\/#\/schema\/person\/8994718f49ee62ba5610471e29ca1f62"},"breadcrumb":{"@id":"https:\/\/verdadeon.com.br\/portal\/2021\/04\/24\/prefeitura-de-cristais-paulista-abre-vagas-para-curso-online-para-gestantes\/#breadcrumb"},"inLanguage":"pt-BR","potentialAction":[{"@type":"ReadAction","target":["https:\/\/verdadeon.com.br\/portal\/2021\/04\/24\/prefeitura-de-cristais-paulista-abre-vagas-para-curso-online-para-gestantes\/"]}]},{"@type":"ImageObject","inLanguage":"pt-BR","@id":"https:\/\/verdadeon.com.br\/portal\/2021\/04\/24\/prefeitura-de-cristais-paulista-abre-vagas-para-curso-online-para-gestantes\/#primaryimage","url":"https:\/\/i0.wp.com\/verdadeon.com.br\/portal\/wp-content\/uploads\/2021\/04\/WhatsApp-Image-2021-04-24-at-11.54.22.jpeg?fit=1000%2C670&ssl=1","contentUrl":"https:\/\/i0.wp.com\/verdadeon.com.br\/portal\/wp-content\/uploads\/2021\/04\/WhatsApp-Image-2021-04-24-at-11.54.22.jpeg?fit=1000%2C670&ssl=1","width":1000,"height":670,"caption":"\u00a0Inscri\u00e7\u00f5es poder\u00e3o ser realizadas nas duas unidades do ESF de Cristais | Foto: Divulga\u00e7\u00e3o"},{"@type":"BreadcrumbList","@id":"https:\/\/verdadeon.com.br\/portal\/2021\/04\/24\/prefeitura-de-cristais-paulista-abre-vagas-para-curso-online-para-gestantes\/#breadcrumb","itemListElement":[{"@type":"ListItem","position":1,"name":"In\u00edcio","item":"https:\/\/verdadeon.com.br\/portal\/"},{"@type":"ListItem","position":2,"name":"Prefeitura de Cristais Paulista abre vagas para curso online para gestantes"}]},{"@type":"WebSite","@id":"https:\/\/verdadeon.com.br\/portal\/#website","url":"https:\/\/verdadeon.com.br\/portal\/","name":"VerdadeOn","description":"Not\u00edcias di\u00e1rias sobre Franca, Regi\u00e3o, Esporte, Cultura, Cotidiano, Colunas. Cobertura nos principais eventos da cidade \u00e9 aqui - Verdadeon Franca","potentialAction":[{"@type":"SearchAction","target":{"@type":"EntryPoint","urlTemplate":"https:\/\/verdadeon.com.br\/portal\/?s={search_term_string}"},"query-input":{"@type":"PropertyValueSpecification","valueRequired":true,"valueName":"search_term_string"}}],"inLanguage":"pt-BR"},{"@type":"Person","@id":"https:\/\/verdadeon.com.br\/portal\/#\/schema\/person\/8994718f49ee62ba5610471e29ca1f62","name":"Fernando Calixto","image":{"@type":"ImageObject","inLanguage":"pt-BR","@id":"https:\/\/verdadeon.com.br\/portal\/#\/schema\/person\/image\/","url":"https:\/\/secure.gravatar.com\/avatar\/7578910c24966c0316c340f9dbd601e93ee9f9212e1033968b367af9306bd9fb?s=96&d=mm&r=g","contentUrl":"https:\/\/secure.gravatar.com\/avatar\/7578910c24966c0316c340f9dbd601e93ee9f9212e1033968b367af9306bd9fb?s=96&d=mm&r=g","caption":"Fernando Calixto"},"url":"https:\/\/verdadeon.com.br\/portal\/author\/fernando-calixto\/"}]}},"jetpack_publicize_connections":[],"jetpack_featured_media_url":"https:\/\/i0.wp.com\/verdadeon.com.br\/portal\/wp-content\/uploads\/2021\/04\/WhatsApp-Image-2021-04-24-at-11.54.22.jpeg?fit=1000%2C670&ssl=1","jetpack_sharing_enabled":true,"_links":{"self":[{"href":"https:\/\/verdadeon.com.br\/portal\/wp-json\/wp\/v2\/posts\/16276","targetHints":{"allow":["GET"]}}],"collection":[{"href":"https:\/\/verdadeon.com.br\/portal\/wp-json\/wp\/v2\/posts"}],"about":[{"href":"https:\/\/verdadeon.com.br\/portal\/wp-json\/wp\/v2\/types\/post"}],"author":[{"embeddable":true,"href":"https:\/\/verdadeon.com.br\/portal\/wp-json\/wp\/v2\/users\/4"}],"replies":[{"embeddable":true,"href":"https:\/\/verdadeon.com.br\/portal\/wp-json\/wp\/v2\/comments?post=16276"}],"version-history":[{"count":0,"href":"https:\/\/verdadeon.com.br\/portal\/wp-json\/wp\/v2\/posts\/16276\/revisions"}],"wp:featuredmedia":[{"embeddable":true,"href":"https:\/\/verdadeon.com.br\/portal\/wp-json\/wp\/v2\/media\/16284"}],"wp:attachment":[{"href":"https:\/\/verdadeon.com.br\/portal\/wp-json\/wp\/v2\/media?parent=16276"}],"wp:term":[{"taxonomy":"category","embeddable":true,"href":"https:\/\/verdadeon.com.br\/portal\/wp-json\/wp\/v2\/categories?post=16276"},{"taxonomy":"post_tag","embeddable":true,"href":"https:\/\/verdadeon.com.br\/portal\/wp-json\/wp\/v2\/tags?post=16276"}],"curies":[{"name":"wp","href":"https:\/\/api.w.org\/{rel}","templated":true}]}}