{"id":16183,"date":"2021-04-20T17:47:11","date_gmt":"2021-04-20T20:47:11","guid":{"rendered":"https:\/\/verdadeon.com.br\/portal\/?p=16183"},"modified":"2021-04-20T17:47:11","modified_gmt":"2021-04-20T20:47:11","slug":"artistas-de-franca-estreiam-espetaculo-de-circo-e-teatro-online","status":"publish","type":"post","link":"https:\/\/verdadeon.com.br\/portal\/2021\/04\/20\/artistas-de-franca-estreiam-espetaculo-de-circo-e-teatro-online\/","title":{"rendered":"Artistas de Franca estreiam espet\u00e1culo de circo e teatro online"},"content":{"rendered":"<h2>Por conta da pandemia espet\u00e1culo ser\u00e1 transmitido pela internet de forma gratuita<\/h2>\n<p>Estreia nesta quarta-feira (21), a temporada online do espet\u00e1culo \u201cQuem manda aqui\u201d, com seis exibi\u00e7\u00f5es gratuitas feitas especialmente para o p\u00fablico infantil e para toda a fam\u00edlia.<br \/>\nO espet\u00e1culo traz uma abordagem bem humorada sobre as rela\u00e7\u00f5es e abusos de poderes, al\u00e9m de destacar a import\u00e2ncia do questionamento do que \u00e9 colocado como verdade absoluta, para que uma sociedade consiga manter seus direitos e deveres.<br \/>\nPermeado pela uni\u00e3o entre as linguagens de circo e teatro, o espet\u00e1culo, dirigido e produzido por Thayse Guedes, acompanha a hist\u00f3ria de uma menina curiosa e questionadora em busca de respostas para as normas aparentemente pr\u00e9-estabelecidas.<br \/>\nA garota, cujo seu nome n\u00e3o \u00e9 revelado, encontra um m\u00edstico, um ex bobo da corte, um general e uma rainha, personagens, que instigam a protagonista a refletir sobre algumas regras, leis e ideias que a todo momento tentam ser impostas a ela.<br \/>\nDurante suas andan\u00e7as, a garota se encontra numa incans\u00e1vel dualidade entre encontrar um lugar onde ela se sinta pertencente e ter \u201colhos livres\u201d, ao desbravar terras que v\u00e3o para al\u00e9m dos caminhos que j\u00e1 percorreu.<br \/>\nOs atores Douglas de Oliveira, Mariana Caramore, Vict\u00f3ria Canali e Pablo Tolosa comp\u00f5em o elenco.<br \/>\nServi\u00e7o: Espet\u00e1culo teatral \u201cQuem Manda Aqui\u201d Classifica\u00e7\u00e3o: Livre Dias: 21 e 22\/04 \u00e0s 19h<br \/>\n24 e 25\/ 04 \u00e0s 16h e \u00e0s 19h (Duas sess\u00f5es por dia)<br \/>\nNo canal do Youtube: Thayse Guedes Link: <a href=\"https:\/\/www.youtube.com\/c\/ThayseGuedes\">https:\/\/www.youtube.com\/c\/ThayseGuedes<\/a><br \/>\nMais informa\u00e7\u00f5es: Instagram @thayseguedes_ \/ @dodo_gno \/ @pablodomalaba \/ @atrizvictoriacanali \/ @maricaramore \/ @cirquimdedois<br \/>\nO projeto conta com o apoio do SESI Franca, Escola de Idiomas Stop and Learn e realiza\u00e7\u00e3o do Minist\u00e9rio do Turismo, Secretaria Especial da Cultura e Governo do Estado de S\u00e3o Paulo, por meio da Secretaria de Cultura e Economia Criativa e Programa de A\u00e7\u00e3o Cultural \u2013 ProAC Lab.<\/p>\n","protected":false},"excerpt":{"rendered":"<p>Por conta da pandemia espet\u00e1culo ser\u00e1 transmitido pela internet de forma gratuita Estreia nesta quarta-feira (21), a temporada online do espet\u00e1culo \u201cQuem manda aqui\u201d, com seis<span class=\"excerpt-hellip\"> [\u2026]<\/span><\/p>\n","protected":false},"author":4,"featured_media":16185,"comment_status":"open","ping_status":"open","sticky":false,"template":"","format":"standard","meta":{"_jetpack_memberships_contains_paid_content":false,"footnotes":"","jetpack_publicize_message":"","jetpack_publicize_feature_enabled":true,"jetpack_social_post_already_shared":false,"jetpack_social_options":{"image_generator_settings":{"template":"highway","default_image_id":0,"enabled":false},"version":2}},"categories":[28,44],"tags":[],"class_list":["post-16183","post","type-post","status-publish","format-standard","has-post-thumbnail","hentry","category-cotidiano","category-noticias"],"yoast_head":"<!-- This site is optimized with the Yoast SEO plugin v25.6 - https:\/\/yoast.com\/wordpress\/plugins\/seo\/ -->\n<title>Artistas de Franca estreiam espet\u00e1culo de circo e teatro online - VerdadeOn<\/title>\n<meta name=\"robots\" content=\"index, follow, max-snippet:-1, max-image-preview:large, max-video-preview:-1\" \/>\n<link rel=\"canonical\" href=\"https:\/\/verdadeon.com.br\/portal\/2021\/04\/20\/artistas-de-franca-estreiam-espetaculo-de-circo-e-teatro-online\/\" \/>\n<meta property=\"og:locale\" content=\"pt_BR\" \/>\n<meta property=\"og:type\" content=\"article\" \/>\n<meta property=\"og:title\" content=\"Artistas de Franca estreiam espet\u00e1culo de circo e teatro online - VerdadeOn\" \/>\n<meta property=\"og:description\" content=\"Por conta da pandemia espet\u00e1culo ser\u00e1 transmitido pela internet de forma gratuita Estreia nesta quarta-feira (21), a temporada online do espet\u00e1culo \u201cQuem manda aqui\u201d, com seis [\u2026]\" \/>\n<meta property=\"og:url\" content=\"https:\/\/verdadeon.com.br\/portal\/2021\/04\/20\/artistas-de-franca-estreiam-espetaculo-de-circo-e-teatro-online\/\" \/>\n<meta property=\"og:site_name\" content=\"VerdadeOn\" \/>\n<meta property=\"article:published_time\" content=\"2021-04-20T20:47:11+00:00\" \/>\n<meta property=\"og:image\" content=\"https:\/\/verdadeon.com.br\/portal\/wp-content\/uploads\/2021\/04\/WhatsApp-Image-2021-04-20-at-15.26.02.jpeg\" \/>\n\t<meta property=\"og:image:width\" content=\"1000\" \/>\n\t<meta property=\"og:image:height\" content=\"670\" \/>\n\t<meta property=\"og:image:type\" content=\"image\/jpeg\" \/>\n<meta name=\"author\" content=\"Fernando Calixto\" \/>\n<meta name=\"twitter:card\" content=\"summary_large_image\" \/>\n<meta name=\"twitter:label1\" content=\"Escrito por\" \/>\n\t<meta name=\"twitter:data1\" content=\"Fernando Calixto\" \/>\n\t<meta name=\"twitter:label2\" content=\"Est. tempo de leitura\" \/>\n\t<meta name=\"twitter:data2\" content=\"2 minutos\" \/>\n<script type=\"application\/ld+json\" class=\"yoast-schema-graph\">{\"@context\":\"https:\/\/schema.org\",\"@graph\":[{\"@type\":\"WebPage\",\"@id\":\"https:\/\/verdadeon.com.br\/portal\/2021\/04\/20\/artistas-de-franca-estreiam-espetaculo-de-circo-e-teatro-online\/\",\"url\":\"https:\/\/verdadeon.com.br\/portal\/2021\/04\/20\/artistas-de-franca-estreiam-espetaculo-de-circo-e-teatro-online\/\",\"name\":\"Artistas de Franca estreiam espet\u00e1culo de circo e teatro online - VerdadeOn\",\"isPartOf\":{\"@id\":\"https:\/\/verdadeon.com.br\/portal\/#website\"},\"primaryImageOfPage\":{\"@id\":\"https:\/\/verdadeon.com.br\/portal\/2021\/04\/20\/artistas-de-franca-estreiam-espetaculo-de-circo-e-teatro-online\/#primaryimage\"},\"image\":{\"@id\":\"https:\/\/verdadeon.com.br\/portal\/2021\/04\/20\/artistas-de-franca-estreiam-espetaculo-de-circo-e-teatro-online\/#primaryimage\"},\"thumbnailUrl\":\"https:\/\/i0.wp.com\/verdadeon.com.br\/portal\/wp-content\/uploads\/2021\/04\/WhatsApp-Image-2021-04-20-at-15.26.02.jpeg?fit=1000%2C670&ssl=1\",\"datePublished\":\"2021-04-20T20:47:11+00:00\",\"author\":{\"@id\":\"https:\/\/verdadeon.com.br\/portal\/#\/schema\/person\/8994718f49ee62ba5610471e29ca1f62\"},\"breadcrumb\":{\"@id\":\"https:\/\/verdadeon.com.br\/portal\/2021\/04\/20\/artistas-de-franca-estreiam-espetaculo-de-circo-e-teatro-online\/#breadcrumb\"},\"inLanguage\":\"pt-BR\",\"potentialAction\":[{\"@type\":\"ReadAction\",\"target\":[\"https:\/\/verdadeon.com.br\/portal\/2021\/04\/20\/artistas-de-franca-estreiam-espetaculo-de-circo-e-teatro-online\/\"]}]},{\"@type\":\"ImageObject\",\"inLanguage\":\"pt-BR\",\"@id\":\"https:\/\/verdadeon.com.br\/portal\/2021\/04\/20\/artistas-de-franca-estreiam-espetaculo-de-circo-e-teatro-online\/#primaryimage\",\"url\":\"https:\/\/i0.wp.com\/verdadeon.com.br\/portal\/wp-content\/uploads\/2021\/04\/WhatsApp-Image-2021-04-20-at-15.26.02.jpeg?fit=1000%2C670&ssl=1\",\"contentUrl\":\"https:\/\/i0.wp.com\/verdadeon.com.br\/portal\/wp-content\/uploads\/2021\/04\/WhatsApp-Image-2021-04-20-at-15.26.02.jpeg?fit=1000%2C670&ssl=1\",\"width\":1000,\"height\":670,\"caption\":\"No total ser\u00e3o seis exibi\u00e7\u00f5es gratuitas, o espet\u00e1culo \u00e9 feito para toda fam\u00edlia | Foto: Divulga\u00e7\u00e3o\"},{\"@type\":\"BreadcrumbList\",\"@id\":\"https:\/\/verdadeon.com.br\/portal\/2021\/04\/20\/artistas-de-franca-estreiam-espetaculo-de-circo-e-teatro-online\/#breadcrumb\",\"itemListElement\":[{\"@type\":\"ListItem\",\"position\":1,\"name\":\"In\u00edcio\",\"item\":\"https:\/\/verdadeon.com.br\/portal\/\"},{\"@type\":\"ListItem\",\"position\":2,\"name\":\"Artistas de Franca estreiam espet\u00e1culo de circo e teatro online\"}]},{\"@type\":\"WebSite\",\"@id\":\"https:\/\/verdadeon.com.br\/portal\/#website\",\"url\":\"https:\/\/verdadeon.com.br\/portal\/\",\"name\":\"VerdadeOn\",\"description\":\"Not\u00edcias di\u00e1rias sobre Franca, Regi\u00e3o, Esporte, Cultura, Cotidiano, Colunas. Cobertura nos principais eventos da cidade \u00e9 aqui - Verdadeon Franca\",\"potentialAction\":[{\"@type\":\"SearchAction\",\"target\":{\"@type\":\"EntryPoint\",\"urlTemplate\":\"https:\/\/verdadeon.com.br\/portal\/?s={search_term_string}\"},\"query-input\":{\"@type\":\"PropertyValueSpecification\",\"valueRequired\":true,\"valueName\":\"search_term_string\"}}],\"inLanguage\":\"pt-BR\"},{\"@type\":\"Person\",\"@id\":\"https:\/\/verdadeon.com.br\/portal\/#\/schema\/person\/8994718f49ee62ba5610471e29ca1f62\",\"name\":\"Fernando Calixto\",\"image\":{\"@type\":\"ImageObject\",\"inLanguage\":\"pt-BR\",\"@id\":\"https:\/\/verdadeon.com.br\/portal\/#\/schema\/person\/image\/\",\"url\":\"https:\/\/secure.gravatar.com\/avatar\/7578910c24966c0316c340f9dbd601e93ee9f9212e1033968b367af9306bd9fb?s=96&d=mm&r=g\",\"contentUrl\":\"https:\/\/secure.gravatar.com\/avatar\/7578910c24966c0316c340f9dbd601e93ee9f9212e1033968b367af9306bd9fb?s=96&d=mm&r=g\",\"caption\":\"Fernando Calixto\"},\"url\":\"https:\/\/verdadeon.com.br\/portal\/author\/fernando-calixto\/\"}]}<\/script>\n<!-- \/ Yoast SEO plugin. -->","yoast_head_json":{"title":"Artistas de Franca estreiam espet\u00e1culo de circo e teatro online - VerdadeOn","robots":{"index":"index","follow":"follow","max-snippet":"max-snippet:-1","max-image-preview":"max-image-preview:large","max-video-preview":"max-video-preview:-1"},"canonical":"https:\/\/verdadeon.com.br\/portal\/2021\/04\/20\/artistas-de-franca-estreiam-espetaculo-de-circo-e-teatro-online\/","og_locale":"pt_BR","og_type":"article","og_title":"Artistas de Franca estreiam espet\u00e1culo de circo e teatro online - VerdadeOn","og_description":"Por conta da pandemia espet\u00e1culo ser\u00e1 transmitido pela internet de forma gratuita Estreia nesta quarta-feira (21), a temporada online do espet\u00e1culo \u201cQuem manda aqui\u201d, com seis [\u2026]","og_url":"https:\/\/verdadeon.com.br\/portal\/2021\/04\/20\/artistas-de-franca-estreiam-espetaculo-de-circo-e-teatro-online\/","og_site_name":"VerdadeOn","article_published_time":"2021-04-20T20:47:11+00:00","og_image":[{"width":1000,"height":670,"url":"https:\/\/verdadeon.com.br\/portal\/wp-content\/uploads\/2021\/04\/WhatsApp-Image-2021-04-20-at-15.26.02.jpeg","type":"image\/jpeg"}],"author":"Fernando Calixto","twitter_card":"summary_large_image","twitter_misc":{"Escrito por":"Fernando Calixto","Est. tempo de leitura":"2 minutos"},"schema":{"@context":"https:\/\/schema.org","@graph":[{"@type":"WebPage","@id":"https:\/\/verdadeon.com.br\/portal\/2021\/04\/20\/artistas-de-franca-estreiam-espetaculo-de-circo-e-teatro-online\/","url":"https:\/\/verdadeon.com.br\/portal\/2021\/04\/20\/artistas-de-franca-estreiam-espetaculo-de-circo-e-teatro-online\/","name":"Artistas de Franca estreiam espet\u00e1culo de circo e teatro online - VerdadeOn","isPartOf":{"@id":"https:\/\/verdadeon.com.br\/portal\/#website"},"primaryImageOfPage":{"@id":"https:\/\/verdadeon.com.br\/portal\/2021\/04\/20\/artistas-de-franca-estreiam-espetaculo-de-circo-e-teatro-online\/#primaryimage"},"image":{"@id":"https:\/\/verdadeon.com.br\/portal\/2021\/04\/20\/artistas-de-franca-estreiam-espetaculo-de-circo-e-teatro-online\/#primaryimage"},"thumbnailUrl":"https:\/\/i0.wp.com\/verdadeon.com.br\/portal\/wp-content\/uploads\/2021\/04\/WhatsApp-Image-2021-04-20-at-15.26.02.jpeg?fit=1000%2C670&ssl=1","datePublished":"2021-04-20T20:47:11+00:00","author":{"@id":"https:\/\/verdadeon.com.br\/portal\/#\/schema\/person\/8994718f49ee62ba5610471e29ca1f62"},"breadcrumb":{"@id":"https:\/\/verdadeon.com.br\/portal\/2021\/04\/20\/artistas-de-franca-estreiam-espetaculo-de-circo-e-teatro-online\/#breadcrumb"},"inLanguage":"pt-BR","potentialAction":[{"@type":"ReadAction","target":["https:\/\/verdadeon.com.br\/portal\/2021\/04\/20\/artistas-de-franca-estreiam-espetaculo-de-circo-e-teatro-online\/"]}]},{"@type":"ImageObject","inLanguage":"pt-BR","@id":"https:\/\/verdadeon.com.br\/portal\/2021\/04\/20\/artistas-de-franca-estreiam-espetaculo-de-circo-e-teatro-online\/#primaryimage","url":"https:\/\/i0.wp.com\/verdadeon.com.br\/portal\/wp-content\/uploads\/2021\/04\/WhatsApp-Image-2021-04-20-at-15.26.02.jpeg?fit=1000%2C670&ssl=1","contentUrl":"https:\/\/i0.wp.com\/verdadeon.com.br\/portal\/wp-content\/uploads\/2021\/04\/WhatsApp-Image-2021-04-20-at-15.26.02.jpeg?fit=1000%2C670&ssl=1","width":1000,"height":670,"caption":"No total ser\u00e3o seis exibi\u00e7\u00f5es gratuitas, o espet\u00e1culo \u00e9 feito para toda fam\u00edlia | Foto: Divulga\u00e7\u00e3o"},{"@type":"BreadcrumbList","@id":"https:\/\/verdadeon.com.br\/portal\/2021\/04\/20\/artistas-de-franca-estreiam-espetaculo-de-circo-e-teatro-online\/#breadcrumb","itemListElement":[{"@type":"ListItem","position":1,"name":"In\u00edcio","item":"https:\/\/verdadeon.com.br\/portal\/"},{"@type":"ListItem","position":2,"name":"Artistas de Franca estreiam espet\u00e1culo de circo e teatro online"}]},{"@type":"WebSite","@id":"https:\/\/verdadeon.com.br\/portal\/#website","url":"https:\/\/verdadeon.com.br\/portal\/","name":"VerdadeOn","description":"Not\u00edcias di\u00e1rias sobre Franca, Regi\u00e3o, Esporte, Cultura, Cotidiano, Colunas. Cobertura nos principais eventos da cidade \u00e9 aqui - Verdadeon Franca","potentialAction":[{"@type":"SearchAction","target":{"@type":"EntryPoint","urlTemplate":"https:\/\/verdadeon.com.br\/portal\/?s={search_term_string}"},"query-input":{"@type":"PropertyValueSpecification","valueRequired":true,"valueName":"search_term_string"}}],"inLanguage":"pt-BR"},{"@type":"Person","@id":"https:\/\/verdadeon.com.br\/portal\/#\/schema\/person\/8994718f49ee62ba5610471e29ca1f62","name":"Fernando Calixto","image":{"@type":"ImageObject","inLanguage":"pt-BR","@id":"https:\/\/verdadeon.com.br\/portal\/#\/schema\/person\/image\/","url":"https:\/\/secure.gravatar.com\/avatar\/7578910c24966c0316c340f9dbd601e93ee9f9212e1033968b367af9306bd9fb?s=96&d=mm&r=g","contentUrl":"https:\/\/secure.gravatar.com\/avatar\/7578910c24966c0316c340f9dbd601e93ee9f9212e1033968b367af9306bd9fb?s=96&d=mm&r=g","caption":"Fernando Calixto"},"url":"https:\/\/verdadeon.com.br\/portal\/author\/fernando-calixto\/"}]}},"jetpack_publicize_connections":[],"jetpack_featured_media_url":"https:\/\/i0.wp.com\/verdadeon.com.br\/portal\/wp-content\/uploads\/2021\/04\/WhatsApp-Image-2021-04-20-at-15.26.02.jpeg?fit=1000%2C670&ssl=1","jetpack_sharing_enabled":true,"_links":{"self":[{"href":"https:\/\/verdadeon.com.br\/portal\/wp-json\/wp\/v2\/posts\/16183","targetHints":{"allow":["GET"]}}],"collection":[{"href":"https:\/\/verdadeon.com.br\/portal\/wp-json\/wp\/v2\/posts"}],"about":[{"href":"https:\/\/verdadeon.com.br\/portal\/wp-json\/wp\/v2\/types\/post"}],"author":[{"embeddable":true,"href":"https:\/\/verdadeon.com.br\/portal\/wp-json\/wp\/v2\/users\/4"}],"replies":[{"embeddable":true,"href":"https:\/\/verdadeon.com.br\/portal\/wp-json\/wp\/v2\/comments?post=16183"}],"version-history":[{"count":0,"href":"https:\/\/verdadeon.com.br\/portal\/wp-json\/wp\/v2\/posts\/16183\/revisions"}],"wp:featuredmedia":[{"embeddable":true,"href":"https:\/\/verdadeon.com.br\/portal\/wp-json\/wp\/v2\/media\/16185"}],"wp:attachment":[{"href":"https:\/\/verdadeon.com.br\/portal\/wp-json\/wp\/v2\/media?parent=16183"}],"wp:term":[{"taxonomy":"category","embeddable":true,"href":"https:\/\/verdadeon.com.br\/portal\/wp-json\/wp\/v2\/categories?post=16183"},{"taxonomy":"post_tag","embeddable":true,"href":"https:\/\/verdadeon.com.br\/portal\/wp-json\/wp\/v2\/tags?post=16183"}],"curies":[{"name":"wp","href":"https:\/\/api.w.org\/{rel}","templated":true}]}}