{"id":16117,"date":"2021-04-16T15:00:42","date_gmt":"2021-04-16T18:00:42","guid":{"rendered":"https:\/\/verdadeon.com.br\/portal\/?p=16117"},"modified":"2021-04-16T23:31:12","modified_gmt":"2021-04-17T02:31:12","slug":"hallel-vende-quadros-produzidos-por-tia-lolita","status":"publish","type":"post","link":"https:\/\/verdadeon.com.br\/portal\/2021\/04\/16\/hallel-vende-quadros-produzidos-por-tia-lolita\/","title":{"rendered":"Hallel vende quadros produzidos por Tia Lolita"},"content":{"rendered":"<h2 class=\"p1\">Al\u00e9m dos quadros outras promo\u00e7\u00f5es est\u00e3o sendo feitas como as da pizza e sorvete<\/h2>\n<p class=\"p1\">O Hallel, maior festival de m\u00fasica cat\u00f3lica, da Am\u00e9rica Latina, com a pandemia e as exig\u00eancias solicitadas em decorr\u00eancia do covid 19, vivencia per\u00edodo em que as condi\u00e7\u00f5es financeiras est\u00e3o comprometidas e para sana-las promo\u00e7\u00f5es est\u00e3o sendo realizadas para levantar recursos.<\/p>\n<p class=\"p1\">Maria Theodora Lemos Silveira, mais conhecida como tia Lolita, dedica sua vida \u00e0 evangeliza\u00e7\u00e3o e criou o Hallel em 1988, o qual acontece no m\u00eas de setembro. Posteriormente criou a Hallel Escola, com evangeliza\u00e7\u00e3o e forma\u00e7\u00e3o para mais de 5,300 pessoas atingindo p\u00fablico diversos crian\u00e7as, jovens, adultos, solteiros e casados, religiosos e consagrados da Diocese de Franca (SP).<\/p>\n<p class=\"p1\">As dificuldades financeiras enfrentadas j\u00e1 h\u00e1 alguns meses, se intensificaram recentemente e a escola pode ter os trabalhos comprometidos caso n\u00e3o alcance o necess\u00e1rio para arcar com compromissos e manter o trabalho de evangeliza\u00e7\u00e3o.<\/p>\n<p class=\"p1\">De acordo com Marcos Lemos, filho da tia Lolita, todos os grupos da escola est\u00e3o colaborando fazendo promo\u00e7\u00f5es j\u00e1 realizaram promo\u00e7\u00e3o de sorvete, bazar e agora o grupo Cana\u00e3 est\u00e1 realizando promo\u00e7\u00e3o de pizza que ir\u00e1 acontecer dia 24 de abril, com entrega das 11 \u00e0s 13h, no sal\u00e3o paroquial da Igreja Menino Jesus de Praga.<\/p>\n<p class=\"p1\">Tia Lolita h\u00e1 algum tempo j\u00e1 havia manifestado &#8220;Estou aqui para dar um recado de muita urg\u00eancia. N\u00f3s estamos sem condi\u00e7\u00e3o de manter a Hallel Escola. N\u00f3s precisamos que as pessoas nos ajudem, sen\u00e3o n\u00f3s temos que fechar a escola\u201d, e por essa raz\u00e3o aceitou realizar quadros pintados por ela para contribuir com as arrecada\u00e7\u00f5es.<\/p>\n<p class=\"p1\">Os quadros est\u00e3o sendo vendidos a R$250,00 e no geral levam mais de duas semanas para serem produzidos em decorr\u00eancia do tempo de pintura e secagem. H\u00e1 diferentes motivos nas telas, desde os mais conhecidos S\u00e3o Francisco de Assis, Nossa Senhora das Gra\u00e7as, Nossa Senhora Aparecida, Nossa Senhora do Mel, Nossa Senhora Desatadora de n\u00f3s, S\u00e3o Bento, at\u00e9 os mais curiosos Nossa Senhora ensina o ter\u00e7o, Nossa Senhora dos povos, Jesus orando ao Pai, e a t\u00e3o difundida pela idealizadora Nossa Senhora de Guadalupe.<\/p>\n<p class=\"p1\">Para adquirir tanto a pizza como os quadros, ou ajudar de alguma forma, basta entrar em contato pelo 16 3723 2969<\/p>\n","protected":false},"excerpt":{"rendered":"<p>Al\u00e9m dos quadros outras promo\u00e7\u00f5es est\u00e3o sendo feitas como as da pizza e sorvete O Hallel, maior festival de m\u00fasica cat\u00f3lica, da Am\u00e9rica Latina, com a<span class=\"excerpt-hellip\"> [\u2026]<\/span><\/p>\n","protected":false},"author":4,"featured_media":16118,"comment_status":"open","ping_status":"open","sticky":false,"template":"","format":"standard","meta":{"_jetpack_memberships_contains_paid_content":false,"footnotes":"","jetpack_publicize_message":"","jetpack_publicize_feature_enabled":true,"jetpack_social_post_already_shared":false,"jetpack_social_options":{"image_generator_settings":{"template":"highway","default_image_id":0,"enabled":false},"version":2}},"categories":[28,81],"tags":[],"class_list":["post-16117","post","type-post","status-publish","format-standard","has-post-thumbnail","hentry","category-cotidiano","category-manchete"],"yoast_head":"<!-- This site is optimized with the Yoast SEO plugin v25.6 - https:\/\/yoast.com\/wordpress\/plugins\/seo\/ -->\n<title>Hallel vende quadros produzidos por Tia Lolita - VerdadeOn<\/title>\n<meta name=\"robots\" content=\"index, follow, max-snippet:-1, max-image-preview:large, max-video-preview:-1\" \/>\n<link rel=\"canonical\" href=\"https:\/\/verdadeon.com.br\/portal\/2021\/04\/16\/hallel-vende-quadros-produzidos-por-tia-lolita\/\" \/>\n<meta property=\"og:locale\" content=\"pt_BR\" \/>\n<meta property=\"og:type\" content=\"article\" \/>\n<meta property=\"og:title\" content=\"Hallel vende quadros produzidos por Tia Lolita - VerdadeOn\" \/>\n<meta property=\"og:description\" content=\"Al\u00e9m dos quadros outras promo\u00e7\u00f5es est\u00e3o sendo feitas como as da pizza e sorvete O Hallel, maior festival de m\u00fasica cat\u00f3lica, da Am\u00e9rica Latina, com a [\u2026]\" \/>\n<meta property=\"og:url\" content=\"https:\/\/verdadeon.com.br\/portal\/2021\/04\/16\/hallel-vende-quadros-produzidos-por-tia-lolita\/\" \/>\n<meta property=\"og:site_name\" content=\"VerdadeOn\" \/>\n<meta property=\"article:published_time\" content=\"2021-04-16T18:00:42+00:00\" \/>\n<meta property=\"article:modified_time\" content=\"2021-04-17T02:31:12+00:00\" \/>\n<meta property=\"og:image\" content=\"https:\/\/verdadeon.com.br\/portal\/wp-content\/uploads\/2021\/04\/23.jpg\" \/>\n\t<meta property=\"og:image:width\" content=\"1000\" \/>\n\t<meta property=\"og:image:height\" content=\"670\" \/>\n\t<meta property=\"og:image:type\" content=\"image\/jpeg\" \/>\n<meta name=\"author\" content=\"Fernando Calixto\" \/>\n<meta name=\"twitter:card\" content=\"summary_large_image\" \/>\n<meta name=\"twitter:label1\" content=\"Escrito por\" \/>\n\t<meta name=\"twitter:data1\" content=\"Fernando Calixto\" \/>\n\t<meta name=\"twitter:label2\" content=\"Est. tempo de leitura\" \/>\n\t<meta name=\"twitter:data2\" content=\"2 minutos\" \/>\n<script type=\"application\/ld+json\" class=\"yoast-schema-graph\">{\"@context\":\"https:\/\/schema.org\",\"@graph\":[{\"@type\":\"WebPage\",\"@id\":\"https:\/\/verdadeon.com.br\/portal\/2021\/04\/16\/hallel-vende-quadros-produzidos-por-tia-lolita\/\",\"url\":\"https:\/\/verdadeon.com.br\/portal\/2021\/04\/16\/hallel-vende-quadros-produzidos-por-tia-lolita\/\",\"name\":\"Hallel vende quadros produzidos por Tia Lolita - VerdadeOn\",\"isPartOf\":{\"@id\":\"https:\/\/verdadeon.com.br\/portal\/#website\"},\"primaryImageOfPage\":{\"@id\":\"https:\/\/verdadeon.com.br\/portal\/2021\/04\/16\/hallel-vende-quadros-produzidos-por-tia-lolita\/#primaryimage\"},\"image\":{\"@id\":\"https:\/\/verdadeon.com.br\/portal\/2021\/04\/16\/hallel-vende-quadros-produzidos-por-tia-lolita\/#primaryimage\"},\"thumbnailUrl\":\"https:\/\/i0.wp.com\/verdadeon.com.br\/portal\/wp-content\/uploads\/2021\/04\/23.jpg?fit=1000%2C670&ssl=1\",\"datePublished\":\"2021-04-16T18:00:42+00:00\",\"dateModified\":\"2021-04-17T02:31:12+00:00\",\"author\":{\"@id\":\"https:\/\/verdadeon.com.br\/portal\/#\/schema\/person\/8994718f49ee62ba5610471e29ca1f62\"},\"breadcrumb\":{\"@id\":\"https:\/\/verdadeon.com.br\/portal\/2021\/04\/16\/hallel-vende-quadros-produzidos-por-tia-lolita\/#breadcrumb\"},\"inLanguage\":\"pt-BR\",\"potentialAction\":[{\"@type\":\"ReadAction\",\"target\":[\"https:\/\/verdadeon.com.br\/portal\/2021\/04\/16\/hallel-vende-quadros-produzidos-por-tia-lolita\/\"]}]},{\"@type\":\"ImageObject\",\"inLanguage\":\"pt-BR\",\"@id\":\"https:\/\/verdadeon.com.br\/portal\/2021\/04\/16\/hallel-vende-quadros-produzidos-por-tia-lolita\/#primaryimage\",\"url\":\"https:\/\/i0.wp.com\/verdadeon.com.br\/portal\/wp-content\/uploads\/2021\/04\/23.jpg?fit=1000%2C670&ssl=1\",\"contentUrl\":\"https:\/\/i0.wp.com\/verdadeon.com.br\/portal\/wp-content\/uploads\/2021\/04\/23.jpg?fit=1000%2C670&ssl=1\",\"width\":1000,\"height\":670,\"caption\":\"Maria Theodora Lemos Silveira, mais conhecida como tia Lolita\"},{\"@type\":\"BreadcrumbList\",\"@id\":\"https:\/\/verdadeon.com.br\/portal\/2021\/04\/16\/hallel-vende-quadros-produzidos-por-tia-lolita\/#breadcrumb\",\"itemListElement\":[{\"@type\":\"ListItem\",\"position\":1,\"name\":\"In\u00edcio\",\"item\":\"https:\/\/verdadeon.com.br\/portal\/\"},{\"@type\":\"ListItem\",\"position\":2,\"name\":\"Hallel vende quadros produzidos por Tia Lolita\"}]},{\"@type\":\"WebSite\",\"@id\":\"https:\/\/verdadeon.com.br\/portal\/#website\",\"url\":\"https:\/\/verdadeon.com.br\/portal\/\",\"name\":\"VerdadeOn\",\"description\":\"Not\u00edcias di\u00e1rias sobre Franca, Regi\u00e3o, Esporte, Cultura, Cotidiano, Colunas. Cobertura nos principais eventos da cidade \u00e9 aqui - Verdadeon Franca\",\"potentialAction\":[{\"@type\":\"SearchAction\",\"target\":{\"@type\":\"EntryPoint\",\"urlTemplate\":\"https:\/\/verdadeon.com.br\/portal\/?s={search_term_string}\"},\"query-input\":{\"@type\":\"PropertyValueSpecification\",\"valueRequired\":true,\"valueName\":\"search_term_string\"}}],\"inLanguage\":\"pt-BR\"},{\"@type\":\"Person\",\"@id\":\"https:\/\/verdadeon.com.br\/portal\/#\/schema\/person\/8994718f49ee62ba5610471e29ca1f62\",\"name\":\"Fernando Calixto\",\"image\":{\"@type\":\"ImageObject\",\"inLanguage\":\"pt-BR\",\"@id\":\"https:\/\/verdadeon.com.br\/portal\/#\/schema\/person\/image\/\",\"url\":\"https:\/\/secure.gravatar.com\/avatar\/7578910c24966c0316c340f9dbd601e93ee9f9212e1033968b367af9306bd9fb?s=96&d=mm&r=g\",\"contentUrl\":\"https:\/\/secure.gravatar.com\/avatar\/7578910c24966c0316c340f9dbd601e93ee9f9212e1033968b367af9306bd9fb?s=96&d=mm&r=g\",\"caption\":\"Fernando Calixto\"},\"url\":\"https:\/\/verdadeon.com.br\/portal\/author\/fernando-calixto\/\"}]}<\/script>\n<!-- \/ Yoast SEO plugin. -->","yoast_head_json":{"title":"Hallel vende quadros produzidos por Tia Lolita - VerdadeOn","robots":{"index":"index","follow":"follow","max-snippet":"max-snippet:-1","max-image-preview":"max-image-preview:large","max-video-preview":"max-video-preview:-1"},"canonical":"https:\/\/verdadeon.com.br\/portal\/2021\/04\/16\/hallel-vende-quadros-produzidos-por-tia-lolita\/","og_locale":"pt_BR","og_type":"article","og_title":"Hallel vende quadros produzidos por Tia Lolita - VerdadeOn","og_description":"Al\u00e9m dos quadros outras promo\u00e7\u00f5es est\u00e3o sendo feitas como as da pizza e sorvete O Hallel, maior festival de m\u00fasica cat\u00f3lica, da Am\u00e9rica Latina, com a [\u2026]","og_url":"https:\/\/verdadeon.com.br\/portal\/2021\/04\/16\/hallel-vende-quadros-produzidos-por-tia-lolita\/","og_site_name":"VerdadeOn","article_published_time":"2021-04-16T18:00:42+00:00","article_modified_time":"2021-04-17T02:31:12+00:00","og_image":[{"width":1000,"height":670,"url":"https:\/\/verdadeon.com.br\/portal\/wp-content\/uploads\/2021\/04\/23.jpg","type":"image\/jpeg"}],"author":"Fernando Calixto","twitter_card":"summary_large_image","twitter_misc":{"Escrito por":"Fernando Calixto","Est. tempo de leitura":"2 minutos"},"schema":{"@context":"https:\/\/schema.org","@graph":[{"@type":"WebPage","@id":"https:\/\/verdadeon.com.br\/portal\/2021\/04\/16\/hallel-vende-quadros-produzidos-por-tia-lolita\/","url":"https:\/\/verdadeon.com.br\/portal\/2021\/04\/16\/hallel-vende-quadros-produzidos-por-tia-lolita\/","name":"Hallel vende quadros produzidos por Tia Lolita - VerdadeOn","isPartOf":{"@id":"https:\/\/verdadeon.com.br\/portal\/#website"},"primaryImageOfPage":{"@id":"https:\/\/verdadeon.com.br\/portal\/2021\/04\/16\/hallel-vende-quadros-produzidos-por-tia-lolita\/#primaryimage"},"image":{"@id":"https:\/\/verdadeon.com.br\/portal\/2021\/04\/16\/hallel-vende-quadros-produzidos-por-tia-lolita\/#primaryimage"},"thumbnailUrl":"https:\/\/i0.wp.com\/verdadeon.com.br\/portal\/wp-content\/uploads\/2021\/04\/23.jpg?fit=1000%2C670&ssl=1","datePublished":"2021-04-16T18:00:42+00:00","dateModified":"2021-04-17T02:31:12+00:00","author":{"@id":"https:\/\/verdadeon.com.br\/portal\/#\/schema\/person\/8994718f49ee62ba5610471e29ca1f62"},"breadcrumb":{"@id":"https:\/\/verdadeon.com.br\/portal\/2021\/04\/16\/hallel-vende-quadros-produzidos-por-tia-lolita\/#breadcrumb"},"inLanguage":"pt-BR","potentialAction":[{"@type":"ReadAction","target":["https:\/\/verdadeon.com.br\/portal\/2021\/04\/16\/hallel-vende-quadros-produzidos-por-tia-lolita\/"]}]},{"@type":"ImageObject","inLanguage":"pt-BR","@id":"https:\/\/verdadeon.com.br\/portal\/2021\/04\/16\/hallel-vende-quadros-produzidos-por-tia-lolita\/#primaryimage","url":"https:\/\/i0.wp.com\/verdadeon.com.br\/portal\/wp-content\/uploads\/2021\/04\/23.jpg?fit=1000%2C670&ssl=1","contentUrl":"https:\/\/i0.wp.com\/verdadeon.com.br\/portal\/wp-content\/uploads\/2021\/04\/23.jpg?fit=1000%2C670&ssl=1","width":1000,"height":670,"caption":"Maria Theodora Lemos Silveira, mais conhecida como tia Lolita"},{"@type":"BreadcrumbList","@id":"https:\/\/verdadeon.com.br\/portal\/2021\/04\/16\/hallel-vende-quadros-produzidos-por-tia-lolita\/#breadcrumb","itemListElement":[{"@type":"ListItem","position":1,"name":"In\u00edcio","item":"https:\/\/verdadeon.com.br\/portal\/"},{"@type":"ListItem","position":2,"name":"Hallel vende quadros produzidos por Tia Lolita"}]},{"@type":"WebSite","@id":"https:\/\/verdadeon.com.br\/portal\/#website","url":"https:\/\/verdadeon.com.br\/portal\/","name":"VerdadeOn","description":"Not\u00edcias di\u00e1rias sobre Franca, Regi\u00e3o, Esporte, Cultura, Cotidiano, Colunas. Cobertura nos principais eventos da cidade \u00e9 aqui - Verdadeon Franca","potentialAction":[{"@type":"SearchAction","target":{"@type":"EntryPoint","urlTemplate":"https:\/\/verdadeon.com.br\/portal\/?s={search_term_string}"},"query-input":{"@type":"PropertyValueSpecification","valueRequired":true,"valueName":"search_term_string"}}],"inLanguage":"pt-BR"},{"@type":"Person","@id":"https:\/\/verdadeon.com.br\/portal\/#\/schema\/person\/8994718f49ee62ba5610471e29ca1f62","name":"Fernando Calixto","image":{"@type":"ImageObject","inLanguage":"pt-BR","@id":"https:\/\/verdadeon.com.br\/portal\/#\/schema\/person\/image\/","url":"https:\/\/secure.gravatar.com\/avatar\/7578910c24966c0316c340f9dbd601e93ee9f9212e1033968b367af9306bd9fb?s=96&d=mm&r=g","contentUrl":"https:\/\/secure.gravatar.com\/avatar\/7578910c24966c0316c340f9dbd601e93ee9f9212e1033968b367af9306bd9fb?s=96&d=mm&r=g","caption":"Fernando Calixto"},"url":"https:\/\/verdadeon.com.br\/portal\/author\/fernando-calixto\/"}]}},"jetpack_publicize_connections":[],"jetpack_featured_media_url":"https:\/\/i0.wp.com\/verdadeon.com.br\/portal\/wp-content\/uploads\/2021\/04\/23.jpg?fit=1000%2C670&ssl=1","jetpack_sharing_enabled":true,"_links":{"self":[{"href":"https:\/\/verdadeon.com.br\/portal\/wp-json\/wp\/v2\/posts\/16117","targetHints":{"allow":["GET"]}}],"collection":[{"href":"https:\/\/verdadeon.com.br\/portal\/wp-json\/wp\/v2\/posts"}],"about":[{"href":"https:\/\/verdadeon.com.br\/portal\/wp-json\/wp\/v2\/types\/post"}],"author":[{"embeddable":true,"href":"https:\/\/verdadeon.com.br\/portal\/wp-json\/wp\/v2\/users\/4"}],"replies":[{"embeddable":true,"href":"https:\/\/verdadeon.com.br\/portal\/wp-json\/wp\/v2\/comments?post=16117"}],"version-history":[{"count":0,"href":"https:\/\/verdadeon.com.br\/portal\/wp-json\/wp\/v2\/posts\/16117\/revisions"}],"wp:featuredmedia":[{"embeddable":true,"href":"https:\/\/verdadeon.com.br\/portal\/wp-json\/wp\/v2\/media\/16118"}],"wp:attachment":[{"href":"https:\/\/verdadeon.com.br\/portal\/wp-json\/wp\/v2\/media?parent=16117"}],"wp:term":[{"taxonomy":"category","embeddable":true,"href":"https:\/\/verdadeon.com.br\/portal\/wp-json\/wp\/v2\/categories?post=16117"},{"taxonomy":"post_tag","embeddable":true,"href":"https:\/\/verdadeon.com.br\/portal\/wp-json\/wp\/v2\/tags?post=16117"}],"curies":[{"name":"wp","href":"https:\/\/api.w.org\/{rel}","templated":true}]}}