{"id":16104,"date":"2021-04-16T17:43:17","date_gmt":"2021-04-16T20:43:17","guid":{"rendered":"https:\/\/verdadeon.com.br\/portal\/?p=16104"},"modified":"2021-04-16T17:43:17","modified_gmt":"2021-04-16T20:43:17","slug":"camara-vota-abertura-de-creditos-para-contratacao-de-profissionais-de-apoio-da-educacao","status":"publish","type":"post","link":"https:\/\/verdadeon.com.br\/portal\/2021\/04\/16\/camara-vota-abertura-de-creditos-para-contratacao-de-profissionais-de-apoio-da-educacao\/","title":{"rendered":"C\u00e2mara vota abertura de cr\u00e9ditos para contrata\u00e7\u00e3o de profissionais de apoio da educa\u00e7\u00e3o"},"content":{"rendered":"<h2>No total cinco mat\u00e9rias ser\u00e3o votadas na pr\u00f3xima sess\u00e3o. Tribuna Livre est\u00e1 novamente liberada<\/h2>\n<p>A C\u00e2mara Municipal de Franca vota na pr\u00f3xima sess\u00e3o, a abertura de cr\u00e9dito adicional ao Or\u00e7amento Fiscal, no valor de R$ 2.367.796,64, o projeto \u00e9 de autoria do prefeito Alexandre Ferreira. O valor ser\u00e1 usado pela Secretaria Municipal de Educa\u00e7\u00e3o contratar profissionais da educa\u00e7\u00e3o para prestar servi\u00e7os de apoio a alunos da educa\u00e7\u00e3o especial.<br \/>\nNo total cinco projetos ser\u00e3o votados, entre eles o que modifica o aux\u00edlio financeiro destinado para as fam\u00edlias participantes do Programa \u201cFam\u00edlia Acolhedora\u201d. A proposta amplia o benef\u00edcio de 20 para 23 crian\u00e7as e permite que o atendimento seja feito diretamente pelos \u00f3rg\u00e3os municipais ou atrav\u00e9s de conv\u00eanios ou parcerias.<br \/>\nUma outra proposta altera a composi\u00e7\u00e3o do Conselho de Usu\u00e1rios em raz\u00e3o da extin\u00e7\u00e3o da Secretaria Municipal de Assuntos Estrat\u00e9gicos, a qual fazia parte do \u00f3rg\u00e3o. O objetivo da mat\u00e9ria, ent\u00e3o, \u00e9 sanar este erro material, trocando o representante da secretaria extinta por outro do gabinete do prefeito.<br \/>\nA amplia\u00e7\u00e3o do Benef\u00edcio Tempor\u00e1rio de Transfer\u00eancia de Renda tamb\u00e9m ser\u00e1 apreciada atrav\u00e9s de um projeto. Pelo texto o benef\u00edcio ser\u00e1 ampliado para fam\u00edlias de origem, natural, extensa e rede social de apoio prim\u00e1ria de crian\u00e7as e adolescentes, pessoa com defici\u00eancia, pessoa idosa, bem como aos jovens egressos dos servi\u00e7os de acolhimento institucional para suporte na organiza\u00e7\u00e3o da vida aut\u00f4noma, cujos benefici\u00e1rios encontram-se em situa\u00e7\u00e3o de risco pessoal e\/ou social. O aux\u00edlio ser\u00e1 concedido pelo prazo de at\u00e9 dois anos por crian\u00e7a, adolescente ou jovem, pessoa com defici\u00eancia ou pessoa idosa. O valor do benef\u00edcio a ser concedido ser\u00e1 de 17 Unidades Fiscais do Munic\u00edpio de Franca (UFMFs \u2013 cerca de 1.101 reais), por fam\u00edlia de origem, natural ou extensa, e representantes da rede social de apoio prim\u00e1ria.<br \/>\nO Plen\u00e1rio ainda ir\u00e1 avaliar o Projeto de Emenda \u00e0 Lei Org\u00e2nica Municipal n\u00ba 01\/2021, de autoria coletiva e idealizado pelo vereador Donizete da Farm\u00e1cia (MDB). A proposta \u00e9 que a C\u00e2mara Municipal de Franca promova, atrav\u00e9s da sua Escola do Legislativo, um curso de forma\u00e7\u00e3o para os parlamentares eleitos, visando a capacit\u00e1-los ao exerc\u00edcio do mandato eletivo. Donizete detalhou a sua iniciativa:<br \/>\n\u201cA Escola do Legislativo ter\u00e1 a fun\u00e7\u00e3o de preparar os vereadores novos. Percebemos uma dificuldade dos parlamentares no come\u00e7o dos seus mandatos, o que \u00e9 normal. Demora at\u00e9 eles assimilarem como funciona a nossa rotina de trabalho. At\u00e9 mesmo os experientes t\u00eam d\u00favidas em algumas \u00e1reas. Inclusive eu vou querer participar desse curso\u201d.<\/p>\n<p>Tribuna Livre<br \/>\nA C\u00e2mara Municipal de Franca informou que os mun\u00edcipes poder\u00e3o voltar a se inscrever para discursar na Tribuna Livre a partir da pr\u00f3xima segunda-feira (19). A flexibiliza\u00e7\u00e3o foi poss\u00edvel ap\u00f3s a decreta\u00e7\u00e3o da fase de transi\u00e7\u00e3o do Plano S\u00e3o Paulo.<br \/>\nPara fazer a solicita\u00e7\u00e3o, basta enviar um email para protocolo@franca.sp.leg.br, informando nome completo, RG, CPF, t\u00edtulo de eleitor com zona e se\u00e7\u00e3o de vota\u00e7\u00e3o (\u00e9 preciso votar em Franca), telefone para contato e o tema resumido do pronunciamento na Tribuna.<\/p>\n","protected":false},"excerpt":{"rendered":"<p>No total cinco mat\u00e9rias ser\u00e3o votadas na pr\u00f3xima sess\u00e3o. Tribuna Livre est\u00e1 novamente liberada A C\u00e2mara Municipal de Franca vota na pr\u00f3xima sess\u00e3o, a abertura de<span class=\"excerpt-hellip\"> [\u2026]<\/span><\/p>\n","protected":false},"author":4,"featured_media":16107,"comment_status":"open","ping_status":"open","sticky":false,"template":"","format":"standard","meta":{"_jetpack_memberships_contains_paid_content":false,"footnotes":"","jetpack_publicize_message":"","jetpack_publicize_feature_enabled":true,"jetpack_social_post_already_shared":false,"jetpack_social_options":{"image_generator_settings":{"template":"highway","default_image_id":0,"enabled":false},"version":2}},"categories":[28,44],"tags":[],"class_list":["post-16104","post","type-post","status-publish","format-standard","has-post-thumbnail","hentry","category-cotidiano","category-noticias"],"yoast_head":"<!-- This site is optimized with the Yoast SEO plugin v25.6 - https:\/\/yoast.com\/wordpress\/plugins\/seo\/ -->\n<title>C\u00e2mara vota abertura de cr\u00e9ditos para contrata\u00e7\u00e3o de profissionais de apoio da educa\u00e7\u00e3o - VerdadeOn<\/title>\n<meta name=\"robots\" content=\"index, follow, max-snippet:-1, max-image-preview:large, max-video-preview:-1\" \/>\n<link rel=\"canonical\" href=\"https:\/\/verdadeon.com.br\/portal\/2021\/04\/16\/camara-vota-abertura-de-creditos-para-contratacao-de-profissionais-de-apoio-da-educacao\/\" \/>\n<meta property=\"og:locale\" content=\"pt_BR\" \/>\n<meta property=\"og:type\" content=\"article\" \/>\n<meta property=\"og:title\" content=\"C\u00e2mara vota abertura de cr\u00e9ditos para contrata\u00e7\u00e3o de profissionais de apoio da educa\u00e7\u00e3o - VerdadeOn\" \/>\n<meta property=\"og:description\" content=\"No total cinco mat\u00e9rias ser\u00e3o votadas na pr\u00f3xima sess\u00e3o. Tribuna Livre est\u00e1 novamente liberada A C\u00e2mara Municipal de Franca vota na pr\u00f3xima sess\u00e3o, a abertura de [\u2026]\" \/>\n<meta property=\"og:url\" content=\"https:\/\/verdadeon.com.br\/portal\/2021\/04\/16\/camara-vota-abertura-de-creditos-para-contratacao-de-profissionais-de-apoio-da-educacao\/\" \/>\n<meta property=\"og:site_name\" content=\"VerdadeOn\" \/>\n<meta property=\"article:published_time\" content=\"2021-04-16T20:43:17+00:00\" \/>\n<meta property=\"og:image\" content=\"https:\/\/verdadeon.com.br\/portal\/wp-content\/uploads\/2021\/04\/WhatsApp-Image-2021-04-16-at-17.22.06.jpeg\" \/>\n\t<meta property=\"og:image:width\" content=\"1000\" \/>\n\t<meta property=\"og:image:height\" content=\"670\" \/>\n\t<meta property=\"og:image:type\" content=\"image\/jpeg\" \/>\n<meta name=\"author\" content=\"Fernando Calixto\" \/>\n<meta name=\"twitter:card\" content=\"summary_large_image\" \/>\n<meta name=\"twitter:label1\" content=\"Escrito por\" \/>\n\t<meta name=\"twitter:data1\" content=\"Fernando Calixto\" \/>\n\t<meta name=\"twitter:label2\" content=\"Est. tempo de leitura\" \/>\n\t<meta name=\"twitter:data2\" content=\"3 minutos\" \/>\n<script type=\"application\/ld+json\" class=\"yoast-schema-graph\">{\"@context\":\"https:\/\/schema.org\",\"@graph\":[{\"@type\":\"WebPage\",\"@id\":\"https:\/\/verdadeon.com.br\/portal\/2021\/04\/16\/camara-vota-abertura-de-creditos-para-contratacao-de-profissionais-de-apoio-da-educacao\/\",\"url\":\"https:\/\/verdadeon.com.br\/portal\/2021\/04\/16\/camara-vota-abertura-de-creditos-para-contratacao-de-profissionais-de-apoio-da-educacao\/\",\"name\":\"C\u00e2mara vota abertura de cr\u00e9ditos para contrata\u00e7\u00e3o de profissionais de apoio da educa\u00e7\u00e3o - VerdadeOn\",\"isPartOf\":{\"@id\":\"https:\/\/verdadeon.com.br\/portal\/#website\"},\"primaryImageOfPage\":{\"@id\":\"https:\/\/verdadeon.com.br\/portal\/2021\/04\/16\/camara-vota-abertura-de-creditos-para-contratacao-de-profissionais-de-apoio-da-educacao\/#primaryimage\"},\"image\":{\"@id\":\"https:\/\/verdadeon.com.br\/portal\/2021\/04\/16\/camara-vota-abertura-de-creditos-para-contratacao-de-profissionais-de-apoio-da-educacao\/#primaryimage\"},\"thumbnailUrl\":\"https:\/\/i0.wp.com\/verdadeon.com.br\/portal\/wp-content\/uploads\/2021\/04\/WhatsApp-Image-2021-04-16-at-17.22.06.jpeg?fit=1000%2C670&ssl=1\",\"datePublished\":\"2021-04-16T20:43:17+00:00\",\"author\":{\"@id\":\"https:\/\/verdadeon.com.br\/portal\/#\/schema\/person\/8994718f49ee62ba5610471e29ca1f62\"},\"breadcrumb\":{\"@id\":\"https:\/\/verdadeon.com.br\/portal\/2021\/04\/16\/camara-vota-abertura-de-creditos-para-contratacao-de-profissionais-de-apoio-da-educacao\/#breadcrumb\"},\"inLanguage\":\"pt-BR\",\"potentialAction\":[{\"@type\":\"ReadAction\",\"target\":[\"https:\/\/verdadeon.com.br\/portal\/2021\/04\/16\/camara-vota-abertura-de-creditos-para-contratacao-de-profissionais-de-apoio-da-educacao\/\"]}]},{\"@type\":\"ImageObject\",\"inLanguage\":\"pt-BR\",\"@id\":\"https:\/\/verdadeon.com.br\/portal\/2021\/04\/16\/camara-vota-abertura-de-creditos-para-contratacao-de-profissionais-de-apoio-da-educacao\/#primaryimage\",\"url\":\"https:\/\/i0.wp.com\/verdadeon.com.br\/portal\/wp-content\/uploads\/2021\/04\/WhatsApp-Image-2021-04-16-at-17.22.06.jpeg?fit=1000%2C670&ssl=1\",\"contentUrl\":\"https:\/\/i0.wp.com\/verdadeon.com.br\/portal\/wp-content\/uploads\/2021\/04\/WhatsApp-Image-2021-04-16-at-17.22.06.jpeg?fit=1000%2C670&ssl=1\",\"width\":1000,\"height\":670,\"caption\":\"Mesmo com a libera\u00e7\u00e3o da Tribuna, o plen\u00e1rio continua vetado | Foto: Reprodu\u00e7\u00e3o\"},{\"@type\":\"BreadcrumbList\",\"@id\":\"https:\/\/verdadeon.com.br\/portal\/2021\/04\/16\/camara-vota-abertura-de-creditos-para-contratacao-de-profissionais-de-apoio-da-educacao\/#breadcrumb\",\"itemListElement\":[{\"@type\":\"ListItem\",\"position\":1,\"name\":\"In\u00edcio\",\"item\":\"https:\/\/verdadeon.com.br\/portal\/\"},{\"@type\":\"ListItem\",\"position\":2,\"name\":\"C\u00e2mara vota abertura de cr\u00e9ditos para contrata\u00e7\u00e3o de profissionais de apoio da educa\u00e7\u00e3o\"}]},{\"@type\":\"WebSite\",\"@id\":\"https:\/\/verdadeon.com.br\/portal\/#website\",\"url\":\"https:\/\/verdadeon.com.br\/portal\/\",\"name\":\"VerdadeOn\",\"description\":\"Not\u00edcias di\u00e1rias sobre Franca, Regi\u00e3o, Esporte, Cultura, Cotidiano, Colunas. Cobertura nos principais eventos da cidade \u00e9 aqui - Verdadeon Franca\",\"potentialAction\":[{\"@type\":\"SearchAction\",\"target\":{\"@type\":\"EntryPoint\",\"urlTemplate\":\"https:\/\/verdadeon.com.br\/portal\/?s={search_term_string}\"},\"query-input\":{\"@type\":\"PropertyValueSpecification\",\"valueRequired\":true,\"valueName\":\"search_term_string\"}}],\"inLanguage\":\"pt-BR\"},{\"@type\":\"Person\",\"@id\":\"https:\/\/verdadeon.com.br\/portal\/#\/schema\/person\/8994718f49ee62ba5610471e29ca1f62\",\"name\":\"Fernando Calixto\",\"image\":{\"@type\":\"ImageObject\",\"inLanguage\":\"pt-BR\",\"@id\":\"https:\/\/verdadeon.com.br\/portal\/#\/schema\/person\/image\/\",\"url\":\"https:\/\/secure.gravatar.com\/avatar\/7578910c24966c0316c340f9dbd601e93ee9f9212e1033968b367af9306bd9fb?s=96&d=mm&r=g\",\"contentUrl\":\"https:\/\/secure.gravatar.com\/avatar\/7578910c24966c0316c340f9dbd601e93ee9f9212e1033968b367af9306bd9fb?s=96&d=mm&r=g\",\"caption\":\"Fernando Calixto\"},\"url\":\"https:\/\/verdadeon.com.br\/portal\/author\/fernando-calixto\/\"}]}<\/script>\n<!-- \/ Yoast SEO plugin. -->","yoast_head_json":{"title":"C\u00e2mara vota abertura de cr\u00e9ditos para contrata\u00e7\u00e3o de profissionais de apoio da educa\u00e7\u00e3o - VerdadeOn","robots":{"index":"index","follow":"follow","max-snippet":"max-snippet:-1","max-image-preview":"max-image-preview:large","max-video-preview":"max-video-preview:-1"},"canonical":"https:\/\/verdadeon.com.br\/portal\/2021\/04\/16\/camara-vota-abertura-de-creditos-para-contratacao-de-profissionais-de-apoio-da-educacao\/","og_locale":"pt_BR","og_type":"article","og_title":"C\u00e2mara vota abertura de cr\u00e9ditos para contrata\u00e7\u00e3o de profissionais de apoio da educa\u00e7\u00e3o - VerdadeOn","og_description":"No total cinco mat\u00e9rias ser\u00e3o votadas na pr\u00f3xima sess\u00e3o. Tribuna Livre est\u00e1 novamente liberada A C\u00e2mara Municipal de Franca vota na pr\u00f3xima sess\u00e3o, a abertura de [\u2026]","og_url":"https:\/\/verdadeon.com.br\/portal\/2021\/04\/16\/camara-vota-abertura-de-creditos-para-contratacao-de-profissionais-de-apoio-da-educacao\/","og_site_name":"VerdadeOn","article_published_time":"2021-04-16T20:43:17+00:00","og_image":[{"width":1000,"height":670,"url":"https:\/\/verdadeon.com.br\/portal\/wp-content\/uploads\/2021\/04\/WhatsApp-Image-2021-04-16-at-17.22.06.jpeg","type":"image\/jpeg"}],"author":"Fernando Calixto","twitter_card":"summary_large_image","twitter_misc":{"Escrito por":"Fernando Calixto","Est. tempo de leitura":"3 minutos"},"schema":{"@context":"https:\/\/schema.org","@graph":[{"@type":"WebPage","@id":"https:\/\/verdadeon.com.br\/portal\/2021\/04\/16\/camara-vota-abertura-de-creditos-para-contratacao-de-profissionais-de-apoio-da-educacao\/","url":"https:\/\/verdadeon.com.br\/portal\/2021\/04\/16\/camara-vota-abertura-de-creditos-para-contratacao-de-profissionais-de-apoio-da-educacao\/","name":"C\u00e2mara vota abertura de cr\u00e9ditos para contrata\u00e7\u00e3o de profissionais de apoio da educa\u00e7\u00e3o - VerdadeOn","isPartOf":{"@id":"https:\/\/verdadeon.com.br\/portal\/#website"},"primaryImageOfPage":{"@id":"https:\/\/verdadeon.com.br\/portal\/2021\/04\/16\/camara-vota-abertura-de-creditos-para-contratacao-de-profissionais-de-apoio-da-educacao\/#primaryimage"},"image":{"@id":"https:\/\/verdadeon.com.br\/portal\/2021\/04\/16\/camara-vota-abertura-de-creditos-para-contratacao-de-profissionais-de-apoio-da-educacao\/#primaryimage"},"thumbnailUrl":"https:\/\/i0.wp.com\/verdadeon.com.br\/portal\/wp-content\/uploads\/2021\/04\/WhatsApp-Image-2021-04-16-at-17.22.06.jpeg?fit=1000%2C670&ssl=1","datePublished":"2021-04-16T20:43:17+00:00","author":{"@id":"https:\/\/verdadeon.com.br\/portal\/#\/schema\/person\/8994718f49ee62ba5610471e29ca1f62"},"breadcrumb":{"@id":"https:\/\/verdadeon.com.br\/portal\/2021\/04\/16\/camara-vota-abertura-de-creditos-para-contratacao-de-profissionais-de-apoio-da-educacao\/#breadcrumb"},"inLanguage":"pt-BR","potentialAction":[{"@type":"ReadAction","target":["https:\/\/verdadeon.com.br\/portal\/2021\/04\/16\/camara-vota-abertura-de-creditos-para-contratacao-de-profissionais-de-apoio-da-educacao\/"]}]},{"@type":"ImageObject","inLanguage":"pt-BR","@id":"https:\/\/verdadeon.com.br\/portal\/2021\/04\/16\/camara-vota-abertura-de-creditos-para-contratacao-de-profissionais-de-apoio-da-educacao\/#primaryimage","url":"https:\/\/i0.wp.com\/verdadeon.com.br\/portal\/wp-content\/uploads\/2021\/04\/WhatsApp-Image-2021-04-16-at-17.22.06.jpeg?fit=1000%2C670&ssl=1","contentUrl":"https:\/\/i0.wp.com\/verdadeon.com.br\/portal\/wp-content\/uploads\/2021\/04\/WhatsApp-Image-2021-04-16-at-17.22.06.jpeg?fit=1000%2C670&ssl=1","width":1000,"height":670,"caption":"Mesmo com a libera\u00e7\u00e3o da Tribuna, o plen\u00e1rio continua vetado | Foto: Reprodu\u00e7\u00e3o"},{"@type":"BreadcrumbList","@id":"https:\/\/verdadeon.com.br\/portal\/2021\/04\/16\/camara-vota-abertura-de-creditos-para-contratacao-de-profissionais-de-apoio-da-educacao\/#breadcrumb","itemListElement":[{"@type":"ListItem","position":1,"name":"In\u00edcio","item":"https:\/\/verdadeon.com.br\/portal\/"},{"@type":"ListItem","position":2,"name":"C\u00e2mara vota abertura de cr\u00e9ditos para contrata\u00e7\u00e3o de profissionais de apoio da educa\u00e7\u00e3o"}]},{"@type":"WebSite","@id":"https:\/\/verdadeon.com.br\/portal\/#website","url":"https:\/\/verdadeon.com.br\/portal\/","name":"VerdadeOn","description":"Not\u00edcias di\u00e1rias sobre Franca, Regi\u00e3o, Esporte, Cultura, Cotidiano, Colunas. Cobertura nos principais eventos da cidade \u00e9 aqui - Verdadeon Franca","potentialAction":[{"@type":"SearchAction","target":{"@type":"EntryPoint","urlTemplate":"https:\/\/verdadeon.com.br\/portal\/?s={search_term_string}"},"query-input":{"@type":"PropertyValueSpecification","valueRequired":true,"valueName":"search_term_string"}}],"inLanguage":"pt-BR"},{"@type":"Person","@id":"https:\/\/verdadeon.com.br\/portal\/#\/schema\/person\/8994718f49ee62ba5610471e29ca1f62","name":"Fernando Calixto","image":{"@type":"ImageObject","inLanguage":"pt-BR","@id":"https:\/\/verdadeon.com.br\/portal\/#\/schema\/person\/image\/","url":"https:\/\/secure.gravatar.com\/avatar\/7578910c24966c0316c340f9dbd601e93ee9f9212e1033968b367af9306bd9fb?s=96&d=mm&r=g","contentUrl":"https:\/\/secure.gravatar.com\/avatar\/7578910c24966c0316c340f9dbd601e93ee9f9212e1033968b367af9306bd9fb?s=96&d=mm&r=g","caption":"Fernando Calixto"},"url":"https:\/\/verdadeon.com.br\/portal\/author\/fernando-calixto\/"}]}},"jetpack_publicize_connections":[],"jetpack_featured_media_url":"https:\/\/i0.wp.com\/verdadeon.com.br\/portal\/wp-content\/uploads\/2021\/04\/WhatsApp-Image-2021-04-16-at-17.22.06.jpeg?fit=1000%2C670&ssl=1","jetpack_sharing_enabled":true,"_links":{"self":[{"href":"https:\/\/verdadeon.com.br\/portal\/wp-json\/wp\/v2\/posts\/16104","targetHints":{"allow":["GET"]}}],"collection":[{"href":"https:\/\/verdadeon.com.br\/portal\/wp-json\/wp\/v2\/posts"}],"about":[{"href":"https:\/\/verdadeon.com.br\/portal\/wp-json\/wp\/v2\/types\/post"}],"author":[{"embeddable":true,"href":"https:\/\/verdadeon.com.br\/portal\/wp-json\/wp\/v2\/users\/4"}],"replies":[{"embeddable":true,"href":"https:\/\/verdadeon.com.br\/portal\/wp-json\/wp\/v2\/comments?post=16104"}],"version-history":[{"count":0,"href":"https:\/\/verdadeon.com.br\/portal\/wp-json\/wp\/v2\/posts\/16104\/revisions"}],"wp:featuredmedia":[{"embeddable":true,"href":"https:\/\/verdadeon.com.br\/portal\/wp-json\/wp\/v2\/media\/16107"}],"wp:attachment":[{"href":"https:\/\/verdadeon.com.br\/portal\/wp-json\/wp\/v2\/media?parent=16104"}],"wp:term":[{"taxonomy":"category","embeddable":true,"href":"https:\/\/verdadeon.com.br\/portal\/wp-json\/wp\/v2\/categories?post=16104"},{"taxonomy":"post_tag","embeddable":true,"href":"https:\/\/verdadeon.com.br\/portal\/wp-json\/wp\/v2\/tags?post=16104"}],"curies":[{"name":"wp","href":"https:\/\/api.w.org\/{rel}","templated":true}]}}