{"id":16065,"date":"2021-04-15T16:50:05","date_gmt":"2021-04-15T19:50:05","guid":{"rendered":"https:\/\/verdadeon.com.br\/portal\/?p=16065"},"modified":"2021-04-15T16:50:05","modified_gmt":"2021-04-15T19:50:05","slug":"sicredi-expande-programa-de-formacao-de-jovens-liderancas-para-todo-brasil","status":"publish","type":"post","link":"https:\/\/verdadeon.com.br\/portal\/2021\/04\/15\/sicredi-expande-programa-de-formacao-de-jovens-liderancas-para-todo-brasil\/","title":{"rendered":"Sicredi expande programa de forma\u00e7\u00e3o de jovens lideran\u00e7as para todo Brasil"},"content":{"rendered":"<h2><i>Al\u00e9m de agora ser nacional, Programa Comit\u00ea Jovem Sicredi passa a ter o processo de forma\u00e7\u00e3o realizado em 18 meses\u00a0<\/i><\/h2>\n<div>\n<p>Os jovens s\u00e3o protagonistas nas transforma\u00e7\u00f5es sociais e cada vez mais t\u00eam se relacionado com organiza\u00e7\u00f5es que sejam alinhadas com seus valores. Para auxiliar na constru\u00e7\u00e3o de um futuro pr\u00f3spero e conectado \u00e0s novas gera\u00e7\u00f5es, a Funda\u00e7\u00e3o Sicredi uniu as melhores pr\u00e1ticas e a\u00e7\u00f5es das cooperativas realizadas com os jovens associados e institucionalizou o programa Comit\u00ea Jovem Sicredi.<\/p>\n<p>A iniciativa surgiu em 2015 em algumas cooperativas do Sicredi, para fomentar o surgimento de jovens lideran\u00e7as cooperativistas entre os colaboradores e associados. Desde ent\u00e3o, foi replicado em outras regi\u00f5es do pa\u00eds e rendeu reconhecimentos internacionais aos jovens participantes, como premia\u00e7\u00f5es no\u00a0<a href=\"http:\/\/wycup.org\/\" target=\"_blank\" rel=\"noopener\" data-saferedirecturl=\"https:\/\/www.google.com\/url?q=http:\/\/wycup.org\/&amp;source=gmail&amp;ust=1618602414155000&amp;usg=AFQjCNEo-t7a2U-tHOlBsS5J0jGHEDyHUA\"><strong>WYCUP (<\/strong><strong><em>World Council Young Credit Union People<\/em><\/strong><\/a><strong><em>)<\/em><\/strong>, iniciativa global de est\u00edmulo \u00e0 forma\u00e7\u00e3o de jovens lideran\u00e7as e que premia projetos com potencial de impactar globalmente o cooperativismo de cr\u00e9dito com uma bolsa anual de estudos concedida pelo WOCCU (sigla em ingl\u00eas para Conselho Mundial de Cooperativas de Cr\u00e9dito).<\/p>\n<p>Entre as novidades do Programa est\u00e1 a metodologia para a forma\u00e7\u00e3o dos integrantes, que agora ser\u00e1 realizada em 18 meses e contempla uma s\u00e9rie de encontros e atividades baseadas em quatro perspectivas: linguagem acess\u00edvel, p\u00edlulas de conte\u00fado, desafios reais e colabora\u00e7\u00e3o entre os membros. Esta forma\u00e7\u00e3o se d\u00e1 por meio de uma jornada que contempla workshops, minicursos em uma plataforma gamificada, desafios reais, desenvolvimento de projetos com benef\u00edcio social, mentoria e Summits. Tudo isso com uma linguagem adaptada ao p\u00fablico jovem<\/p>\n<p>\u201cTemos colhido muitos frutos a partir do trabalho com os jovens, os quais t\u00eam se engajado e liderado iniciativas que n\u00e3o s\u00f3 beneficiam as comunidades onde s\u00e3o realizadas, como tamb\u00e9m servem de exemplo e inspira\u00e7\u00e3o para o mundo todo. A amplia\u00e7\u00e3o e o aperfei\u00e7oamento da metodologia de forma\u00e7\u00e3o dos jovens cooperativistas dar\u00e3o ainda mais impulso para que sejam plantadas novas sementes que, com certeza, gerar\u00e3o mais prosperidade \u00e0 sociedade\u201d, ressalta o conselheiro da Funda\u00e7\u00e3o Sicredi, diretor do Conselho Mundial das Cooperativas de Cr\u00e9dito (WOCCU na sigla em ingl\u00eas) e da Funda\u00e7\u00e3o WOCCU, Manfred Alfonso Dasenbrock.<\/p>\n<p>Para estimular nos participantes a cria\u00e7\u00e3o de projetos que gerem benef\u00edcio \u00e0 sociedade, a grade curricular \u00e9 alinhada ao perfil dos jovens associados e explora temas como cooperativismo e educa\u00e7\u00e3o financeira, lideran\u00e7a e protagonismo, explora\u00e7\u00e3o e prototipagem, autoconhecimento e prop\u00f3sito, sustentabilidade e impacto positivo, empreendedorismo e inova\u00e7\u00e3o e voluntariado. O programa conta com a parceria da Jr. Achievement, por meio da iniciativa JA Startup, para apoiar os participantes na constru\u00e7\u00e3o de projetos com impacto social para as comunidades onde residem.<\/p>\n<p>Outra novidade do programa, agora institucionalizado, \u00e9 a mentoria. A partir dos encontros com mentores volunt\u00e1rios, que podem ser colaboradores do Sicredi, coordenadores de n\u00facleo ou associados membros da comunidade, a expectativa \u00e9 que os jovens desenvolvam habilidades para transformar suas ideias em projetos que beneficiem a comunidade, econ\u00f4mico e ambiental nas suas regi\u00f5es. J\u00e1 reconhecidos por proporcionarem a troca de conhecimentos e pr\u00e1ticas entre cooperativistas de diferentes comunidades, os Summits regionais de jovens ser\u00e3o mantidos como a\u00e7\u00f5es do Programa Comit\u00ea Jovem Sicredi.<\/p>\n<p><strong>Refer\u00eancia mundial<\/strong><\/p>\n<p>Os projetos desenvolvidos com os jovens pelo Sicredi no Brasil s\u00e3o refer\u00eancia para cooperativas de todo o mundo e isso foi refor\u00e7ado na edi\u00e7\u00e3o 2020 do F\u00f3rum do WYCUP, que contou com a presen\u00e7a de centenas de profissionais do setor, em diversos pa\u00edses. Um dos destaques foi a premia\u00e7\u00e3o do associado Vin\u00edcius Mattia, de 26 anos, com o projeto\u00a0<a href=\"https:\/\/www.youtube.com\/watch?v=szQZBA_H6rA\" target=\"_blank\" rel=\"noopener\" data-saferedirecturl=\"https:\/\/www.google.com\/url?q=https:\/\/www.youtube.com\/watch?v%3DszQZBA_H6rA&amp;source=gmail&amp;ust=1618602414155000&amp;usg=AFQjCNFCfCd_eywtYjXC1bV2XMUwbZfvkQ\">\u201cAgricultura Familiar e Alimentos Sustent\u00e1veis\u201c<\/a>, que ficou entre as tr\u00eas melhores iniciativas apresentadas.<\/p>\n<p>Outro destaque foi o reconhecimento do trabalho de apoio ao desenvolvimento de jovens lideran\u00e7as desenvolvido pelo Sicredi por representantes de cooperativas de outros pa\u00edses. O polon\u00eas e tamb\u00e9m vencedor no WYCUP Piotr Palka, contou como uma visita t\u00e9cnica feita ao Sicredi em 2019, durante o Summit Jovem organizado pela institui\u00e7\u00e3o no Brasil, lhe proporcionou importantes conhecimentos sobre boas pr\u00e1ticas, as quais ele tem levado para sua cooperativa na Pol\u00f4nia, entre elas a pr\u00f3pria cria\u00e7\u00e3o de comit\u00eas jovem.<\/p>\n<p>Na edi\u00e7\u00e3o 2020 do WYCUP, o Sicredi concorreu tamb\u00e9m com outros seis cases de jovens cooperativistas. As iniciativas foram lideradas por colaboradores e associados em munic\u00edpios do Acre, Goi\u00e1s, Mato Grosso, Mato Grosso do Sul, Minas Gerais, Rio Grande do Sul, Rond\u00f4nia, Tocantins e uma delas no Haiti, pa\u00eds do Caribe. Os projetos tiveram foco em temas como relacionamento das cooperativas com a comunidade local, educa\u00e7\u00e3o financeira, agricultura familiar, gera\u00e7\u00e3o de oportunidades para mulheres, entre outros que buscam apoiar no desenvolvimento de uma sociedade mais sustent\u00e1vel e pr\u00f3spera.<\/p>\n<p>Nos estados do Paran\u00e1, S\u00e3o Paulo e Rio de Janeiro o Sicredi desenvolve a iniciativa dos Comit\u00eas Jovem em 21 cooperativas com o envolvimento de cerca de 600 membros ativos. O projeto tem, ao longo dos anos, promovido a\u00a0 inclus\u00e3o dos jovens nas cooperativas de cr\u00e9dito, gerando capacita\u00e7\u00e3o para cargos de lideran\u00e7a no cooperativismo e na sociedade.<\/p>\n<\/div>\n","protected":false},"excerpt":{"rendered":"<p>Al\u00e9m de agora ser nacional, Programa Comit\u00ea Jovem Sicredi passa a ter o processo de forma\u00e7\u00e3o realizado em 18 meses\u00a0 Os jovens s\u00e3o protagonistas nas transforma\u00e7\u00f5es<span class=\"excerpt-hellip\"> [\u2026]<\/span><\/p>\n","protected":false},"author":4,"featured_media":12385,"comment_status":"open","ping_status":"open","sticky":false,"template":"","format":"standard","meta":{"_jetpack_memberships_contains_paid_content":false,"footnotes":"","jetpack_publicize_message":"","jetpack_publicize_feature_enabled":true,"jetpack_social_post_already_shared":false,"jetpack_social_options":{"image_generator_settings":{"template":"highway","default_image_id":0,"enabled":false},"version":2}},"categories":[28,44],"tags":[],"class_list":["post-16065","post","type-post","status-publish","format-standard","has-post-thumbnail","hentry","category-cotidiano","category-noticias"],"yoast_head":"<!-- This site is optimized with the Yoast SEO plugin v25.6 - https:\/\/yoast.com\/wordpress\/plugins\/seo\/ -->\n<title>Sicredi expande programa de forma\u00e7\u00e3o de jovens lideran\u00e7as para todo Brasil - VerdadeOn<\/title>\n<meta name=\"robots\" content=\"index, follow, max-snippet:-1, max-image-preview:large, max-video-preview:-1\" \/>\n<link rel=\"canonical\" href=\"https:\/\/verdadeon.com.br\/portal\/2021\/04\/15\/sicredi-expande-programa-de-formacao-de-jovens-liderancas-para-todo-brasil\/\" \/>\n<meta property=\"og:locale\" content=\"pt_BR\" \/>\n<meta property=\"og:type\" content=\"article\" \/>\n<meta property=\"og:title\" content=\"Sicredi expande programa de forma\u00e7\u00e3o de jovens lideran\u00e7as para todo Brasil - VerdadeOn\" \/>\n<meta property=\"og:description\" content=\"Al\u00e9m de agora ser nacional, Programa Comit\u00ea Jovem Sicredi passa a ter o processo de forma\u00e7\u00e3o realizado em 18 meses\u00a0 Os jovens s\u00e3o protagonistas nas transforma\u00e7\u00f5es [\u2026]\" \/>\n<meta property=\"og:url\" content=\"https:\/\/verdadeon.com.br\/portal\/2021\/04\/15\/sicredi-expande-programa-de-formacao-de-jovens-liderancas-para-todo-brasil\/\" \/>\n<meta property=\"og:site_name\" content=\"VerdadeOn\" \/>\n<meta property=\"article:published_time\" content=\"2021-04-15T19:50:05+00:00\" \/>\n<meta property=\"og:image\" content=\"https:\/\/verdadeon.com.br\/portal\/wp-content\/uploads\/2020\/12\/Sicredi_Centro-Administrativo.jpg\" \/>\n\t<meta property=\"og:image:width\" content=\"1000\" \/>\n\t<meta property=\"og:image:height\" content=\"670\" \/>\n\t<meta property=\"og:image:type\" content=\"image\/jpeg\" \/>\n<meta name=\"author\" content=\"Fernando Calixto\" \/>\n<meta name=\"twitter:card\" content=\"summary_large_image\" \/>\n<meta name=\"twitter:label1\" content=\"Escrito por\" \/>\n\t<meta name=\"twitter:data1\" content=\"Fernando Calixto\" \/>\n\t<meta name=\"twitter:label2\" content=\"Est. tempo de leitura\" \/>\n\t<meta name=\"twitter:data2\" content=\"4 minutos\" \/>\n<script type=\"application\/ld+json\" class=\"yoast-schema-graph\">{\"@context\":\"https:\/\/schema.org\",\"@graph\":[{\"@type\":\"WebPage\",\"@id\":\"https:\/\/verdadeon.com.br\/portal\/2021\/04\/15\/sicredi-expande-programa-de-formacao-de-jovens-liderancas-para-todo-brasil\/\",\"url\":\"https:\/\/verdadeon.com.br\/portal\/2021\/04\/15\/sicredi-expande-programa-de-formacao-de-jovens-liderancas-para-todo-brasil\/\",\"name\":\"Sicredi expande programa de forma\u00e7\u00e3o de jovens lideran\u00e7as para todo Brasil - VerdadeOn\",\"isPartOf\":{\"@id\":\"https:\/\/verdadeon.com.br\/portal\/#website\"},\"primaryImageOfPage\":{\"@id\":\"https:\/\/verdadeon.com.br\/portal\/2021\/04\/15\/sicredi-expande-programa-de-formacao-de-jovens-liderancas-para-todo-brasil\/#primaryimage\"},\"image\":{\"@id\":\"https:\/\/verdadeon.com.br\/portal\/2021\/04\/15\/sicredi-expande-programa-de-formacao-de-jovens-liderancas-para-todo-brasil\/#primaryimage\"},\"thumbnailUrl\":\"https:\/\/i0.wp.com\/verdadeon.com.br\/portal\/wp-content\/uploads\/2020\/12\/Sicredi_Centro-Administrativo.jpg?fit=1000%2C670&ssl=1\",\"datePublished\":\"2021-04-15T19:50:05+00:00\",\"author\":{\"@id\":\"https:\/\/verdadeon.com.br\/portal\/#\/schema\/person\/8994718f49ee62ba5610471e29ca1f62\"},\"breadcrumb\":{\"@id\":\"https:\/\/verdadeon.com.br\/portal\/2021\/04\/15\/sicredi-expande-programa-de-formacao-de-jovens-liderancas-para-todo-brasil\/#breadcrumb\"},\"inLanguage\":\"pt-BR\",\"potentialAction\":[{\"@type\":\"ReadAction\",\"target\":[\"https:\/\/verdadeon.com.br\/portal\/2021\/04\/15\/sicredi-expande-programa-de-formacao-de-jovens-liderancas-para-todo-brasil\/\"]}]},{\"@type\":\"ImageObject\",\"inLanguage\":\"pt-BR\",\"@id\":\"https:\/\/verdadeon.com.br\/portal\/2021\/04\/15\/sicredi-expande-programa-de-formacao-de-jovens-liderancas-para-todo-brasil\/#primaryimage\",\"url\":\"https:\/\/i0.wp.com\/verdadeon.com.br\/portal\/wp-content\/uploads\/2020\/12\/Sicredi_Centro-Administrativo.jpg?fit=1000%2C670&ssl=1\",\"contentUrl\":\"https:\/\/i0.wp.com\/verdadeon.com.br\/portal\/wp-content\/uploads\/2020\/12\/Sicredi_Centro-Administrativo.jpg?fit=1000%2C670&ssl=1\",\"width\":1000,\"height\":670},{\"@type\":\"BreadcrumbList\",\"@id\":\"https:\/\/verdadeon.com.br\/portal\/2021\/04\/15\/sicredi-expande-programa-de-formacao-de-jovens-liderancas-para-todo-brasil\/#breadcrumb\",\"itemListElement\":[{\"@type\":\"ListItem\",\"position\":1,\"name\":\"In\u00edcio\",\"item\":\"https:\/\/verdadeon.com.br\/portal\/\"},{\"@type\":\"ListItem\",\"position\":2,\"name\":\"Sicredi expande programa de forma\u00e7\u00e3o de jovens lideran\u00e7as para todo Brasil\"}]},{\"@type\":\"WebSite\",\"@id\":\"https:\/\/verdadeon.com.br\/portal\/#website\",\"url\":\"https:\/\/verdadeon.com.br\/portal\/\",\"name\":\"VerdadeOn\",\"description\":\"Not\u00edcias di\u00e1rias sobre Franca, Regi\u00e3o, Esporte, Cultura, Cotidiano, Colunas. Cobertura nos principais eventos da cidade \u00e9 aqui - Verdadeon Franca\",\"potentialAction\":[{\"@type\":\"SearchAction\",\"target\":{\"@type\":\"EntryPoint\",\"urlTemplate\":\"https:\/\/verdadeon.com.br\/portal\/?s={search_term_string}\"},\"query-input\":{\"@type\":\"PropertyValueSpecification\",\"valueRequired\":true,\"valueName\":\"search_term_string\"}}],\"inLanguage\":\"pt-BR\"},{\"@type\":\"Person\",\"@id\":\"https:\/\/verdadeon.com.br\/portal\/#\/schema\/person\/8994718f49ee62ba5610471e29ca1f62\",\"name\":\"Fernando Calixto\",\"image\":{\"@type\":\"ImageObject\",\"inLanguage\":\"pt-BR\",\"@id\":\"https:\/\/verdadeon.com.br\/portal\/#\/schema\/person\/image\/\",\"url\":\"https:\/\/secure.gravatar.com\/avatar\/7578910c24966c0316c340f9dbd601e93ee9f9212e1033968b367af9306bd9fb?s=96&d=mm&r=g\",\"contentUrl\":\"https:\/\/secure.gravatar.com\/avatar\/7578910c24966c0316c340f9dbd601e93ee9f9212e1033968b367af9306bd9fb?s=96&d=mm&r=g\",\"caption\":\"Fernando Calixto\"},\"url\":\"https:\/\/verdadeon.com.br\/portal\/author\/fernando-calixto\/\"}]}<\/script>\n<!-- \/ Yoast SEO plugin. -->","yoast_head_json":{"title":"Sicredi expande programa de forma\u00e7\u00e3o de jovens lideran\u00e7as para todo Brasil - VerdadeOn","robots":{"index":"index","follow":"follow","max-snippet":"max-snippet:-1","max-image-preview":"max-image-preview:large","max-video-preview":"max-video-preview:-1"},"canonical":"https:\/\/verdadeon.com.br\/portal\/2021\/04\/15\/sicredi-expande-programa-de-formacao-de-jovens-liderancas-para-todo-brasil\/","og_locale":"pt_BR","og_type":"article","og_title":"Sicredi expande programa de forma\u00e7\u00e3o de jovens lideran\u00e7as para todo Brasil - VerdadeOn","og_description":"Al\u00e9m de agora ser nacional, Programa Comit\u00ea Jovem Sicredi passa a ter o processo de forma\u00e7\u00e3o realizado em 18 meses\u00a0 Os jovens s\u00e3o protagonistas nas transforma\u00e7\u00f5es [\u2026]","og_url":"https:\/\/verdadeon.com.br\/portal\/2021\/04\/15\/sicredi-expande-programa-de-formacao-de-jovens-liderancas-para-todo-brasil\/","og_site_name":"VerdadeOn","article_published_time":"2021-04-15T19:50:05+00:00","og_image":[{"width":1000,"height":670,"url":"https:\/\/verdadeon.com.br\/portal\/wp-content\/uploads\/2020\/12\/Sicredi_Centro-Administrativo.jpg","type":"image\/jpeg"}],"author":"Fernando Calixto","twitter_card":"summary_large_image","twitter_misc":{"Escrito por":"Fernando Calixto","Est. tempo de leitura":"4 minutos"},"schema":{"@context":"https:\/\/schema.org","@graph":[{"@type":"WebPage","@id":"https:\/\/verdadeon.com.br\/portal\/2021\/04\/15\/sicredi-expande-programa-de-formacao-de-jovens-liderancas-para-todo-brasil\/","url":"https:\/\/verdadeon.com.br\/portal\/2021\/04\/15\/sicredi-expande-programa-de-formacao-de-jovens-liderancas-para-todo-brasil\/","name":"Sicredi expande programa de forma\u00e7\u00e3o de jovens lideran\u00e7as para todo Brasil - VerdadeOn","isPartOf":{"@id":"https:\/\/verdadeon.com.br\/portal\/#website"},"primaryImageOfPage":{"@id":"https:\/\/verdadeon.com.br\/portal\/2021\/04\/15\/sicredi-expande-programa-de-formacao-de-jovens-liderancas-para-todo-brasil\/#primaryimage"},"image":{"@id":"https:\/\/verdadeon.com.br\/portal\/2021\/04\/15\/sicredi-expande-programa-de-formacao-de-jovens-liderancas-para-todo-brasil\/#primaryimage"},"thumbnailUrl":"https:\/\/i0.wp.com\/verdadeon.com.br\/portal\/wp-content\/uploads\/2020\/12\/Sicredi_Centro-Administrativo.jpg?fit=1000%2C670&ssl=1","datePublished":"2021-04-15T19:50:05+00:00","author":{"@id":"https:\/\/verdadeon.com.br\/portal\/#\/schema\/person\/8994718f49ee62ba5610471e29ca1f62"},"breadcrumb":{"@id":"https:\/\/verdadeon.com.br\/portal\/2021\/04\/15\/sicredi-expande-programa-de-formacao-de-jovens-liderancas-para-todo-brasil\/#breadcrumb"},"inLanguage":"pt-BR","potentialAction":[{"@type":"ReadAction","target":["https:\/\/verdadeon.com.br\/portal\/2021\/04\/15\/sicredi-expande-programa-de-formacao-de-jovens-liderancas-para-todo-brasil\/"]}]},{"@type":"ImageObject","inLanguage":"pt-BR","@id":"https:\/\/verdadeon.com.br\/portal\/2021\/04\/15\/sicredi-expande-programa-de-formacao-de-jovens-liderancas-para-todo-brasil\/#primaryimage","url":"https:\/\/i0.wp.com\/verdadeon.com.br\/portal\/wp-content\/uploads\/2020\/12\/Sicredi_Centro-Administrativo.jpg?fit=1000%2C670&ssl=1","contentUrl":"https:\/\/i0.wp.com\/verdadeon.com.br\/portal\/wp-content\/uploads\/2020\/12\/Sicredi_Centro-Administrativo.jpg?fit=1000%2C670&ssl=1","width":1000,"height":670},{"@type":"BreadcrumbList","@id":"https:\/\/verdadeon.com.br\/portal\/2021\/04\/15\/sicredi-expande-programa-de-formacao-de-jovens-liderancas-para-todo-brasil\/#breadcrumb","itemListElement":[{"@type":"ListItem","position":1,"name":"In\u00edcio","item":"https:\/\/verdadeon.com.br\/portal\/"},{"@type":"ListItem","position":2,"name":"Sicredi expande programa de forma\u00e7\u00e3o de jovens lideran\u00e7as para todo Brasil"}]},{"@type":"WebSite","@id":"https:\/\/verdadeon.com.br\/portal\/#website","url":"https:\/\/verdadeon.com.br\/portal\/","name":"VerdadeOn","description":"Not\u00edcias di\u00e1rias sobre Franca, Regi\u00e3o, Esporte, Cultura, Cotidiano, Colunas. Cobertura nos principais eventos da cidade \u00e9 aqui - Verdadeon Franca","potentialAction":[{"@type":"SearchAction","target":{"@type":"EntryPoint","urlTemplate":"https:\/\/verdadeon.com.br\/portal\/?s={search_term_string}"},"query-input":{"@type":"PropertyValueSpecification","valueRequired":true,"valueName":"search_term_string"}}],"inLanguage":"pt-BR"},{"@type":"Person","@id":"https:\/\/verdadeon.com.br\/portal\/#\/schema\/person\/8994718f49ee62ba5610471e29ca1f62","name":"Fernando Calixto","image":{"@type":"ImageObject","inLanguage":"pt-BR","@id":"https:\/\/verdadeon.com.br\/portal\/#\/schema\/person\/image\/","url":"https:\/\/secure.gravatar.com\/avatar\/7578910c24966c0316c340f9dbd601e93ee9f9212e1033968b367af9306bd9fb?s=96&d=mm&r=g","contentUrl":"https:\/\/secure.gravatar.com\/avatar\/7578910c24966c0316c340f9dbd601e93ee9f9212e1033968b367af9306bd9fb?s=96&d=mm&r=g","caption":"Fernando Calixto"},"url":"https:\/\/verdadeon.com.br\/portal\/author\/fernando-calixto\/"}]}},"jetpack_publicize_connections":[],"jetpack_featured_media_url":"https:\/\/i0.wp.com\/verdadeon.com.br\/portal\/wp-content\/uploads\/2020\/12\/Sicredi_Centro-Administrativo.jpg?fit=1000%2C670&ssl=1","jetpack_sharing_enabled":true,"_links":{"self":[{"href":"https:\/\/verdadeon.com.br\/portal\/wp-json\/wp\/v2\/posts\/16065","targetHints":{"allow":["GET"]}}],"collection":[{"href":"https:\/\/verdadeon.com.br\/portal\/wp-json\/wp\/v2\/posts"}],"about":[{"href":"https:\/\/verdadeon.com.br\/portal\/wp-json\/wp\/v2\/types\/post"}],"author":[{"embeddable":true,"href":"https:\/\/verdadeon.com.br\/portal\/wp-json\/wp\/v2\/users\/4"}],"replies":[{"embeddable":true,"href":"https:\/\/verdadeon.com.br\/portal\/wp-json\/wp\/v2\/comments?post=16065"}],"version-history":[{"count":0,"href":"https:\/\/verdadeon.com.br\/portal\/wp-json\/wp\/v2\/posts\/16065\/revisions"}],"wp:featuredmedia":[{"embeddable":true,"href":"https:\/\/verdadeon.com.br\/portal\/wp-json\/wp\/v2\/media\/12385"}],"wp:attachment":[{"href":"https:\/\/verdadeon.com.br\/portal\/wp-json\/wp\/v2\/media?parent=16065"}],"wp:term":[{"taxonomy":"category","embeddable":true,"href":"https:\/\/verdadeon.com.br\/portal\/wp-json\/wp\/v2\/categories?post=16065"},{"taxonomy":"post_tag","embeddable":true,"href":"https:\/\/verdadeon.com.br\/portal\/wp-json\/wp\/v2\/tags?post=16065"}],"curies":[{"name":"wp","href":"https:\/\/api.w.org\/{rel}","templated":true}]}}