{"id":16060,"date":"2021-04-15T16:36:13","date_gmt":"2021-04-15T19:36:13","guid":{"rendered":"https:\/\/verdadeon.com.br\/portal\/?p=16060"},"modified":"2021-04-15T16:36:13","modified_gmt":"2021-04-15T19:36:13","slug":"gerencia-regional-de-trabalho-de-franca-realiza-audiencia-sobre-menores-aprendizes","status":"publish","type":"post","link":"https:\/\/verdadeon.com.br\/portal\/2021\/04\/15\/gerencia-regional-de-trabalho-de-franca-realiza-audiencia-sobre-menores-aprendizes\/","title":{"rendered":"Ger\u00eancia Regional de Trabalho de Franca, realiza audi\u00eancia sobre menores aprendizes"},"content":{"rendered":"<h2>Auditor ressaltou a import\u00e2ncia do cumprimento da lei, que inclui menores em situa\u00e7\u00e3o de vulnerabilidade social<\/h2>\n<p>Foi realizada na manh\u00e3 desta quinta-feira (15), uma Audi\u00eancia Coletiva virtual com 42 empresas de Franca, que foram notificadas pela Ger\u00eancia Regional do Trabalho, para apresentarem documentos que comprovem o cumprimento da cota legal de contrata\u00e7\u00e3o de aprendizes.<br \/>\nO objetivo da Audi\u00eancia foi orientar os representantes das empresas a procederem a regulariza\u00e7\u00e3o da cota legal e conscientiz\u00e1-los a disponibilizar as vagas para jovens em situa\u00e7\u00e3o de risco ou vulnerabilidade social.<br \/>\nNo munic\u00edpio de Franca, existem milhares de jovens de 14 a 18 anos (faixa et\u00e1ria priorit\u00e1ria para inclus\u00e3o nos programas de aprendizagem), membros de fam\u00edlias que passam por extrema dificuldade socioecon\u00f4mica, e que a aprendizagem poderia ser uma luz no fim do t\u00fanel, principalmente nesse per\u00edodo cr\u00edtico da pandemia da Covid-19, mas que dependem de uma oportunidade por parte das empresas para que possam ter acesso aos programas de aprendizagem.<br \/>\nO Auditor Fiscal da Ger\u00eancia Regional do Trabalho de Franca, Fernando Miguel da Silva, destacou para o Jornal Verdade a import\u00e2ncia do cumprimento da Lei. \u201c\u00c9 uma inclus\u00e3o social muito importante, alguns aprendizes est\u00e3o a\u00ed esperando uma oportunidade e as empresas podem oferecer isso. \u00c9 um investimento para elas tamb\u00e9m, j\u00e1 que muitas reclamamda falta de m\u00e3o de obra qualificada, e ensinar isso \u00e9 plantar para o futuro\u201d, destacou Fernando.<br \/>\nA Audi\u00eancia Coletiva foi convocada pelos Auditores-Fiscais da Ger\u00eancia Regional do Trabalho, e contou com a participa\u00e7\u00e3o do Minist\u00e9rio P\u00fablico do Trabalho (atrav\u00e9s da Procuradoria do Trabalho da 15\u00ba Regi\u00e3o de Ribeir\u00e3o Preto), o Minist\u00e9rio P\u00fablico do Estado de S\u00e3o Paulo, atrav\u00e9s da Promotoria da Inf\u00e2ncia e Juventude, o Juizado Especial da Inf\u00e2ncia e Adolesc\u00eancia de Franca (JEIA), al\u00e9m das escolas de aprendizagem (SENAI, SENAC, CIEE e ESAC) e o F\u00f3rum Municipal de Preven\u00e7\u00e3o e Erradica\u00e7\u00e3o do Trabalho Infantil em Franca, com o apoio da OAB\/Franca, ACIF, SINDIFRANCA e ASSESCOFRAN.<\/p>\n<p>Redu\u00e7\u00e3o do n\u00famero de aprendizes contratados<br \/>\nDe acordo com a Gerencia Regional de Trabalho, foi registrada uma diminui\u00e7\u00e3o nas contrata\u00e7\u00f5es de menores aprendizes em Franca. Em dezembro do ano de 2019, as empresas de Franca deveriam contratar um total por volta de 1900 aprendizes, e havia quase 1.400 aprendizes contratados, ou seja, por volta de 73% da cota m\u00ednima de aprendizes a serem contratados, estava sendo devidamente observada pelas empresas do munic\u00edpio.<br \/>\nAgora, dados do CAGED e E-social de mar\u00e7o de 2021, apontam que a cota m\u00ednima que as empresas deveriam contratar caiu para 1655 aprendizes (uma perda de 13% no n\u00famero de vagas, com rela\u00e7\u00e3o ao n\u00famero de dezembro\/2019), redu\u00e7\u00e3o provavelmente ocasionada pela demiss\u00e3o de trabalhadores e fechamento de empresas durante a pandemia da Covid-19.<br \/>\nAinda conforme dados do CAGED e E-social de mar\u00e7o de 2021, as empresas no munic\u00edpio de Franca mant\u00e9m, nesse momento, 955 aprendizes contratados (uma perda de 32% no n\u00famero de aprendizes contratados pelas empresas em Franca, com rela\u00e7\u00e3o ao n\u00famero de dezembro\/2019.<br \/>\nDessa forma, fica evidenciada a import\u00e2ncia de orientar as empresas e conscientiz\u00e1-las para que fa\u00e7am a contrata\u00e7\u00e3o dos aprendizes, que se trata de uma imposi\u00e7\u00e3o prevista na legisla\u00e7\u00e3o e que, caso as empresas n\u00e3o observem, poder\u00e3o ser penalizadas com a lavratura de auto de infra\u00e7\u00e3o por parte dos Auditores-Fiscais do Trabalho, al\u00e9m da propositura de Termo de Ajustamento de Conduta ou at\u00e9 mesmo A\u00e7\u00e3o Civil P\u00fablica por parte do Minist\u00e9rio P\u00fablico do Trabalho.<\/p>\n","protected":false},"excerpt":{"rendered":"<p>Auditor ressaltou a import\u00e2ncia do cumprimento da lei, que inclui menores em situa\u00e7\u00e3o de vulnerabilidade social Foi realizada na manh\u00e3 desta quinta-feira (15), uma Audi\u00eancia Coletiva<span class=\"excerpt-hellip\"> [\u2026]<\/span><\/p>\n","protected":false},"author":4,"featured_media":16063,"comment_status":"open","ping_status":"open","sticky":false,"template":"","format":"standard","meta":{"_jetpack_memberships_contains_paid_content":false,"footnotes":"","jetpack_publicize_message":"","jetpack_publicize_feature_enabled":true,"jetpack_social_post_already_shared":false,"jetpack_social_options":{"image_generator_settings":{"template":"highway","default_image_id":0,"enabled":false},"version":2}},"categories":[28,81],"tags":[],"class_list":["post-16060","post","type-post","status-publish","format-standard","has-post-thumbnail","hentry","category-cotidiano","category-manchete"],"yoast_head":"<!-- This site is optimized with the Yoast SEO plugin v25.6 - https:\/\/yoast.com\/wordpress\/plugins\/seo\/ -->\n<title>Ger\u00eancia Regional de Trabalho de Franca, realiza audi\u00eancia sobre menores aprendizes - VerdadeOn<\/title>\n<meta name=\"robots\" content=\"index, follow, max-snippet:-1, max-image-preview:large, max-video-preview:-1\" \/>\n<link rel=\"canonical\" href=\"https:\/\/verdadeon.com.br\/portal\/2021\/04\/15\/gerencia-regional-de-trabalho-de-franca-realiza-audiencia-sobre-menores-aprendizes\/\" \/>\n<meta property=\"og:locale\" content=\"pt_BR\" \/>\n<meta property=\"og:type\" content=\"article\" \/>\n<meta property=\"og:title\" content=\"Ger\u00eancia Regional de Trabalho de Franca, realiza audi\u00eancia sobre menores aprendizes - VerdadeOn\" \/>\n<meta property=\"og:description\" content=\"Auditor ressaltou a import\u00e2ncia do cumprimento da lei, que inclui menores em situa\u00e7\u00e3o de vulnerabilidade social Foi realizada na manh\u00e3 desta quinta-feira (15), uma Audi\u00eancia Coletiva [\u2026]\" \/>\n<meta property=\"og:url\" content=\"https:\/\/verdadeon.com.br\/portal\/2021\/04\/15\/gerencia-regional-de-trabalho-de-franca-realiza-audiencia-sobre-menores-aprendizes\/\" \/>\n<meta property=\"og:site_name\" content=\"VerdadeOn\" \/>\n<meta property=\"article:published_time\" content=\"2021-04-15T19:36:13+00:00\" \/>\n<meta property=\"og:image\" content=\"https:\/\/verdadeon.com.br\/portal\/wp-content\/uploads\/2021\/04\/WhatsApp-Image-2021-04-15-at-14.23.26.jpg\" \/>\n\t<meta property=\"og:image:width\" content=\"1000\" \/>\n\t<meta property=\"og:image:height\" content=\"670\" \/>\n\t<meta property=\"og:image:type\" content=\"image\/jpeg\" \/>\n<meta name=\"author\" content=\"Fernando Calixto\" \/>\n<meta name=\"twitter:card\" content=\"summary_large_image\" \/>\n<meta name=\"twitter:label1\" content=\"Escrito por\" \/>\n\t<meta name=\"twitter:data1\" content=\"Fernando Calixto\" \/>\n\t<meta name=\"twitter:label2\" content=\"Est. tempo de leitura\" \/>\n\t<meta name=\"twitter:data2\" content=\"3 minutos\" \/>\n<script type=\"application\/ld+json\" class=\"yoast-schema-graph\">{\"@context\":\"https:\/\/schema.org\",\"@graph\":[{\"@type\":\"WebPage\",\"@id\":\"https:\/\/verdadeon.com.br\/portal\/2021\/04\/15\/gerencia-regional-de-trabalho-de-franca-realiza-audiencia-sobre-menores-aprendizes\/\",\"url\":\"https:\/\/verdadeon.com.br\/portal\/2021\/04\/15\/gerencia-regional-de-trabalho-de-franca-realiza-audiencia-sobre-menores-aprendizes\/\",\"name\":\"Ger\u00eancia Regional de Trabalho de Franca, realiza audi\u00eancia sobre menores aprendizes - VerdadeOn\",\"isPartOf\":{\"@id\":\"https:\/\/verdadeon.com.br\/portal\/#website\"},\"primaryImageOfPage\":{\"@id\":\"https:\/\/verdadeon.com.br\/portal\/2021\/04\/15\/gerencia-regional-de-trabalho-de-franca-realiza-audiencia-sobre-menores-aprendizes\/#primaryimage\"},\"image\":{\"@id\":\"https:\/\/verdadeon.com.br\/portal\/2021\/04\/15\/gerencia-regional-de-trabalho-de-franca-realiza-audiencia-sobre-menores-aprendizes\/#primaryimage\"},\"thumbnailUrl\":\"https:\/\/i0.wp.com\/verdadeon.com.br\/portal\/wp-content\/uploads\/2021\/04\/WhatsApp-Image-2021-04-15-at-14.23.26.jpg?fit=1000%2C670&ssl=1\",\"datePublished\":\"2021-04-15T19:36:13+00:00\",\"author\":{\"@id\":\"https:\/\/verdadeon.com.br\/portal\/#\/schema\/person\/8994718f49ee62ba5610471e29ca1f62\"},\"breadcrumb\":{\"@id\":\"https:\/\/verdadeon.com.br\/portal\/2021\/04\/15\/gerencia-regional-de-trabalho-de-franca-realiza-audiencia-sobre-menores-aprendizes\/#breadcrumb\"},\"inLanguage\":\"pt-BR\",\"potentialAction\":[{\"@type\":\"ReadAction\",\"target\":[\"https:\/\/verdadeon.com.br\/portal\/2021\/04\/15\/gerencia-regional-de-trabalho-de-franca-realiza-audiencia-sobre-menores-aprendizes\/\"]}]},{\"@type\":\"ImageObject\",\"inLanguage\":\"pt-BR\",\"@id\":\"https:\/\/verdadeon.com.br\/portal\/2021\/04\/15\/gerencia-regional-de-trabalho-de-franca-realiza-audiencia-sobre-menores-aprendizes\/#primaryimage\",\"url\":\"https:\/\/i0.wp.com\/verdadeon.com.br\/portal\/wp-content\/uploads\/2021\/04\/WhatsApp-Image-2021-04-15-at-14.23.26.jpg?fit=1000%2C670&ssl=1\",\"contentUrl\":\"https:\/\/i0.wp.com\/verdadeon.com.br\/portal\/wp-content\/uploads\/2021\/04\/WhatsApp-Image-2021-04-15-at-14.23.26.jpg?fit=1000%2C670&ssl=1\",\"width\":1000,\"height\":670,\"caption\":\"Audi\u00eancia foi realizada online por conta da pandemia da Covid-19 | Foto: Divulga\u00e7\u00e3o\"},{\"@type\":\"BreadcrumbList\",\"@id\":\"https:\/\/verdadeon.com.br\/portal\/2021\/04\/15\/gerencia-regional-de-trabalho-de-franca-realiza-audiencia-sobre-menores-aprendizes\/#breadcrumb\",\"itemListElement\":[{\"@type\":\"ListItem\",\"position\":1,\"name\":\"In\u00edcio\",\"item\":\"https:\/\/verdadeon.com.br\/portal\/\"},{\"@type\":\"ListItem\",\"position\":2,\"name\":\"Ger\u00eancia Regional de Trabalho de Franca, realiza audi\u00eancia sobre menores aprendizes\"}]},{\"@type\":\"WebSite\",\"@id\":\"https:\/\/verdadeon.com.br\/portal\/#website\",\"url\":\"https:\/\/verdadeon.com.br\/portal\/\",\"name\":\"VerdadeOn\",\"description\":\"Not\u00edcias di\u00e1rias sobre Franca, Regi\u00e3o, Esporte, Cultura, Cotidiano, Colunas. Cobertura nos principais eventos da cidade \u00e9 aqui - Verdadeon Franca\",\"potentialAction\":[{\"@type\":\"SearchAction\",\"target\":{\"@type\":\"EntryPoint\",\"urlTemplate\":\"https:\/\/verdadeon.com.br\/portal\/?s={search_term_string}\"},\"query-input\":{\"@type\":\"PropertyValueSpecification\",\"valueRequired\":true,\"valueName\":\"search_term_string\"}}],\"inLanguage\":\"pt-BR\"},{\"@type\":\"Person\",\"@id\":\"https:\/\/verdadeon.com.br\/portal\/#\/schema\/person\/8994718f49ee62ba5610471e29ca1f62\",\"name\":\"Fernando Calixto\",\"image\":{\"@type\":\"ImageObject\",\"inLanguage\":\"pt-BR\",\"@id\":\"https:\/\/verdadeon.com.br\/portal\/#\/schema\/person\/image\/\",\"url\":\"https:\/\/secure.gravatar.com\/avatar\/7578910c24966c0316c340f9dbd601e93ee9f9212e1033968b367af9306bd9fb?s=96&d=mm&r=g\",\"contentUrl\":\"https:\/\/secure.gravatar.com\/avatar\/7578910c24966c0316c340f9dbd601e93ee9f9212e1033968b367af9306bd9fb?s=96&d=mm&r=g\",\"caption\":\"Fernando Calixto\"},\"url\":\"https:\/\/verdadeon.com.br\/portal\/author\/fernando-calixto\/\"}]}<\/script>\n<!-- \/ Yoast SEO plugin. -->","yoast_head_json":{"title":"Ger\u00eancia Regional de Trabalho de Franca, realiza audi\u00eancia sobre menores aprendizes - VerdadeOn","robots":{"index":"index","follow":"follow","max-snippet":"max-snippet:-1","max-image-preview":"max-image-preview:large","max-video-preview":"max-video-preview:-1"},"canonical":"https:\/\/verdadeon.com.br\/portal\/2021\/04\/15\/gerencia-regional-de-trabalho-de-franca-realiza-audiencia-sobre-menores-aprendizes\/","og_locale":"pt_BR","og_type":"article","og_title":"Ger\u00eancia Regional de Trabalho de Franca, realiza audi\u00eancia sobre menores aprendizes - VerdadeOn","og_description":"Auditor ressaltou a import\u00e2ncia do cumprimento da lei, que inclui menores em situa\u00e7\u00e3o de vulnerabilidade social Foi realizada na manh\u00e3 desta quinta-feira (15), uma Audi\u00eancia Coletiva [\u2026]","og_url":"https:\/\/verdadeon.com.br\/portal\/2021\/04\/15\/gerencia-regional-de-trabalho-de-franca-realiza-audiencia-sobre-menores-aprendizes\/","og_site_name":"VerdadeOn","article_published_time":"2021-04-15T19:36:13+00:00","og_image":[{"width":1000,"height":670,"url":"https:\/\/verdadeon.com.br\/portal\/wp-content\/uploads\/2021\/04\/WhatsApp-Image-2021-04-15-at-14.23.26.jpg","type":"image\/jpeg"}],"author":"Fernando Calixto","twitter_card":"summary_large_image","twitter_misc":{"Escrito por":"Fernando Calixto","Est. tempo de leitura":"3 minutos"},"schema":{"@context":"https:\/\/schema.org","@graph":[{"@type":"WebPage","@id":"https:\/\/verdadeon.com.br\/portal\/2021\/04\/15\/gerencia-regional-de-trabalho-de-franca-realiza-audiencia-sobre-menores-aprendizes\/","url":"https:\/\/verdadeon.com.br\/portal\/2021\/04\/15\/gerencia-regional-de-trabalho-de-franca-realiza-audiencia-sobre-menores-aprendizes\/","name":"Ger\u00eancia Regional de Trabalho de Franca, realiza audi\u00eancia sobre menores aprendizes - VerdadeOn","isPartOf":{"@id":"https:\/\/verdadeon.com.br\/portal\/#website"},"primaryImageOfPage":{"@id":"https:\/\/verdadeon.com.br\/portal\/2021\/04\/15\/gerencia-regional-de-trabalho-de-franca-realiza-audiencia-sobre-menores-aprendizes\/#primaryimage"},"image":{"@id":"https:\/\/verdadeon.com.br\/portal\/2021\/04\/15\/gerencia-regional-de-trabalho-de-franca-realiza-audiencia-sobre-menores-aprendizes\/#primaryimage"},"thumbnailUrl":"https:\/\/i0.wp.com\/verdadeon.com.br\/portal\/wp-content\/uploads\/2021\/04\/WhatsApp-Image-2021-04-15-at-14.23.26.jpg?fit=1000%2C670&ssl=1","datePublished":"2021-04-15T19:36:13+00:00","author":{"@id":"https:\/\/verdadeon.com.br\/portal\/#\/schema\/person\/8994718f49ee62ba5610471e29ca1f62"},"breadcrumb":{"@id":"https:\/\/verdadeon.com.br\/portal\/2021\/04\/15\/gerencia-regional-de-trabalho-de-franca-realiza-audiencia-sobre-menores-aprendizes\/#breadcrumb"},"inLanguage":"pt-BR","potentialAction":[{"@type":"ReadAction","target":["https:\/\/verdadeon.com.br\/portal\/2021\/04\/15\/gerencia-regional-de-trabalho-de-franca-realiza-audiencia-sobre-menores-aprendizes\/"]}]},{"@type":"ImageObject","inLanguage":"pt-BR","@id":"https:\/\/verdadeon.com.br\/portal\/2021\/04\/15\/gerencia-regional-de-trabalho-de-franca-realiza-audiencia-sobre-menores-aprendizes\/#primaryimage","url":"https:\/\/i0.wp.com\/verdadeon.com.br\/portal\/wp-content\/uploads\/2021\/04\/WhatsApp-Image-2021-04-15-at-14.23.26.jpg?fit=1000%2C670&ssl=1","contentUrl":"https:\/\/i0.wp.com\/verdadeon.com.br\/portal\/wp-content\/uploads\/2021\/04\/WhatsApp-Image-2021-04-15-at-14.23.26.jpg?fit=1000%2C670&ssl=1","width":1000,"height":670,"caption":"Audi\u00eancia foi realizada online por conta da pandemia da Covid-19 | Foto: Divulga\u00e7\u00e3o"},{"@type":"BreadcrumbList","@id":"https:\/\/verdadeon.com.br\/portal\/2021\/04\/15\/gerencia-regional-de-trabalho-de-franca-realiza-audiencia-sobre-menores-aprendizes\/#breadcrumb","itemListElement":[{"@type":"ListItem","position":1,"name":"In\u00edcio","item":"https:\/\/verdadeon.com.br\/portal\/"},{"@type":"ListItem","position":2,"name":"Ger\u00eancia Regional de Trabalho de Franca, realiza audi\u00eancia sobre menores aprendizes"}]},{"@type":"WebSite","@id":"https:\/\/verdadeon.com.br\/portal\/#website","url":"https:\/\/verdadeon.com.br\/portal\/","name":"VerdadeOn","description":"Not\u00edcias di\u00e1rias sobre Franca, Regi\u00e3o, Esporte, Cultura, Cotidiano, Colunas. Cobertura nos principais eventos da cidade \u00e9 aqui - Verdadeon Franca","potentialAction":[{"@type":"SearchAction","target":{"@type":"EntryPoint","urlTemplate":"https:\/\/verdadeon.com.br\/portal\/?s={search_term_string}"},"query-input":{"@type":"PropertyValueSpecification","valueRequired":true,"valueName":"search_term_string"}}],"inLanguage":"pt-BR"},{"@type":"Person","@id":"https:\/\/verdadeon.com.br\/portal\/#\/schema\/person\/8994718f49ee62ba5610471e29ca1f62","name":"Fernando Calixto","image":{"@type":"ImageObject","inLanguage":"pt-BR","@id":"https:\/\/verdadeon.com.br\/portal\/#\/schema\/person\/image\/","url":"https:\/\/secure.gravatar.com\/avatar\/7578910c24966c0316c340f9dbd601e93ee9f9212e1033968b367af9306bd9fb?s=96&d=mm&r=g","contentUrl":"https:\/\/secure.gravatar.com\/avatar\/7578910c24966c0316c340f9dbd601e93ee9f9212e1033968b367af9306bd9fb?s=96&d=mm&r=g","caption":"Fernando Calixto"},"url":"https:\/\/verdadeon.com.br\/portal\/author\/fernando-calixto\/"}]}},"jetpack_publicize_connections":[],"jetpack_featured_media_url":"https:\/\/i0.wp.com\/verdadeon.com.br\/portal\/wp-content\/uploads\/2021\/04\/WhatsApp-Image-2021-04-15-at-14.23.26.jpg?fit=1000%2C670&ssl=1","jetpack_sharing_enabled":true,"_links":{"self":[{"href":"https:\/\/verdadeon.com.br\/portal\/wp-json\/wp\/v2\/posts\/16060","targetHints":{"allow":["GET"]}}],"collection":[{"href":"https:\/\/verdadeon.com.br\/portal\/wp-json\/wp\/v2\/posts"}],"about":[{"href":"https:\/\/verdadeon.com.br\/portal\/wp-json\/wp\/v2\/types\/post"}],"author":[{"embeddable":true,"href":"https:\/\/verdadeon.com.br\/portal\/wp-json\/wp\/v2\/users\/4"}],"replies":[{"embeddable":true,"href":"https:\/\/verdadeon.com.br\/portal\/wp-json\/wp\/v2\/comments?post=16060"}],"version-history":[{"count":0,"href":"https:\/\/verdadeon.com.br\/portal\/wp-json\/wp\/v2\/posts\/16060\/revisions"}],"wp:featuredmedia":[{"embeddable":true,"href":"https:\/\/verdadeon.com.br\/portal\/wp-json\/wp\/v2\/media\/16063"}],"wp:attachment":[{"href":"https:\/\/verdadeon.com.br\/portal\/wp-json\/wp\/v2\/media?parent=16060"}],"wp:term":[{"taxonomy":"category","embeddable":true,"href":"https:\/\/verdadeon.com.br\/portal\/wp-json\/wp\/v2\/categories?post=16060"},{"taxonomy":"post_tag","embeddable":true,"href":"https:\/\/verdadeon.com.br\/portal\/wp-json\/wp\/v2\/tags?post=16060"}],"curies":[{"name":"wp","href":"https:\/\/api.w.org\/{rel}","templated":true}]}}