{"id":16053,"date":"2021-04-14T16:33:56","date_gmt":"2021-04-14T19:33:56","guid":{"rendered":"https:\/\/verdadeon.com.br\/portal\/?p=16053"},"modified":"2021-04-14T17:21:41","modified_gmt":"2021-04-14T20:21:41","slug":"ministerio-publico-denuncia-ex-prefeito-gilson-de-souza-a-justica","status":"publish","type":"post","link":"https:\/\/verdadeon.com.br\/portal\/2021\/04\/14\/ministerio-publico-denuncia-ex-prefeito-gilson-de-souza-a-justica\/","title":{"rendered":"Minist\u00e9rio P\u00fablico denuncia ex-prefeito Gilson de Souza \u00e0 Justi\u00e7a"},"content":{"rendered":"<h2>Al\u00e9m dele, outros pol\u00edticos de cidades da regi\u00e3o s\u00e3o alvos da den\u00fancia no \u00e2mbito da opera\u00e7\u00e3o Hamelin<\/h2>\n<p>O Minist\u00e9rio P\u00fablico Estadual apresentou den\u00fancia contra o ex-prefeito de Franca, Gilson de Souza (DEM), no \u00e2mbito da opera\u00e7\u00e3o \u201cHamelin\u201d, que investiga supostos pagamentos indevidos da empresa Seleta ao ent\u00e3o chefe do Executivo. De acordo com a investiga\u00e7\u00e3o os pagamentos eram feitos como condi\u00e7\u00e3o para renovar contratos.<br \/>\nA den\u00fancia foi apresentada ap\u00f3s os empres\u00e1rios fecharem um acordo de dela\u00e7\u00e3o premiada. Al\u00e9m de Gilson, o M.P. ofereceu den\u00fancia contra o ex-prefeito de Igarapava, Carlos Augusto Freitas, conhecido como Carl\u00e3o, o irm\u00e3o dele, S\u00e9rgio Augusto de Freitas, que tamb\u00e9m j\u00e1 foi prefeito de Igarapava. O ent\u00e3o funcion\u00e1rio do gabinete de Franca, Rodrigo Henrique de Oliveira, tamb\u00e9m foi denunciado.<br \/>\n\u201cSegundo elementos de informa\u00e7\u00e3o obtidos, foram apurados ind\u00edcios de que a contrata\u00e7\u00e3o da empresa Seleta Meio Ambiente Ltda pela Prefeitura Municipal de Franca, tenha sido fraudulenta, nem com a presta\u00e7\u00e3o dos servi\u00e7os objetos do contrato sejam realizados de forma irregular, de modo que ocorra um superfaturamento dos servi\u00e7os prestados, mediante poss\u00edvel pagamento de propinas a servidores do munic\u00edpio de Franca, quando ent\u00e3o instaurou-se o PIC 20\/2017\u201d, escreveu o Gaeco na den\u00fancia.<br \/>\nNo documento os promotores ressaltaram ainda que v\u00e1rias dilig\u00eancias foram feitas, e que Gilson exigiu pagamentos antes mesmo de assumir a prefeitura. \u201cNo ano de 2016, logo ap\u00f3s o resultado das elei\u00e7\u00f5es municipais, Gilson de Souza e Rodrigo Henrique de Oliveira, solicitaram, para si, antes do primeiro assumir a fun\u00e7\u00e3o de prefeito municipal, mas em raz\u00e3o dela, vantagem indevida consistente no pagamento de R$ 50.000,00 (cinquenta mil reais)\u201d.<br \/>\nGilson exigiu ainda de acordo com o M.P. a contrata\u00e7\u00e3o de pessoas ligadas a ele para ocuparem cargos na empresa.<br \/>\nO Gaeco pede que eles respondam por corrup\u00e7\u00e3o passiva, associa\u00e7\u00e3o criminosa, corrup\u00e7\u00e3o ativa e fraude em licita\u00e7\u00e3o.<br \/>\nFoi em 9 de dezembro que a opera\u00e7\u00e3o Hamelin foi deflagrada pelo Gaeco de Franca. Durante a opera\u00e7\u00e3o, foram expedidos 35 mandados de busca e apreens\u00e3o em rela\u00e7\u00e3o a 15 alvos. Os mandados foram expedidos pelo Tribunal de Justi\u00e7a do Estado de S\u00e3o Paulo, e pela 2\u00aa Vara Criminal de Franca, Vara Criminal de Batatais, 1\u00aa Vara Criminal de Gua\u00edra, 1\u00aa Vara Criminal de Orl\u00e2ndia e Vara Criminal de Morro Agudo.<br \/>\nEm decorr\u00eancia do acordo firmado entre o MPSP e os colaboradores, ser\u00e3o restitu\u00eddos aos cofres p\u00fablicos R$ 10 milh\u00f5es.<br \/>\nOs advogados dos ex-prefeitos de Igarapava, afirmaram para a nossa reportagem que ainda n\u00e3o tomaram conhecimento da den\u00fancia oferecida \u00e0 Justi\u00e7a pelo Gaeco, e t\u00e3o logo sejam oficiados ir\u00e3o se posicionar, mas negaram as irregularidades.<br \/>\nJ\u00e1 o ex-prefeito Gilson de Souza, e o genro dele Rodrigo Oliveira, n\u00e3o foram encontrados para comentar o assunto, caso haja um posicionamento das partes, ele ser\u00e1 t\u00e3o logo publicado.<\/p>\n<h6>Seleta<br \/>\nDe acordo com o assessor de imprensa da empresa, Edmo Bernardes, a Seleta Meio Ambiente n\u00e3o \u00e9 mais parte integrante deste processo e colabora com a Justi\u00e7a.<\/h6>\n<p>&nbsp;<\/p>\n<p>Colifran<\/p>\n<p>A Colifran tamb\u00e9m se manifestou a respeito da den\u00fancia do Minist\u00e9rio P\u00fablico de Franca. Acompanhe na \u00edntegra a nota da defesa:<br \/>\n\u201cManifestando em rela\u00e7\u00e3o \u00e0 den\u00fancia, com base em documentos que nos foi repassado pela imprensa, vez que ainda n\u00e3o teve intima\u00e7\u00e3o, e no site do TJSP, o processo est\u00e1 em segredo de justi\u00e7a e n\u00e3o teve acesso.<br \/>\nCom rela\u00e7\u00e3o \u00e0 den\u00fancia:<br \/>\n1) Observar que, como j\u00e1 foi dito ao Minist\u00e9rio P\u00fablico, a licita\u00e7\u00e3o de Franca, tratou-se da modalidade de CONCORR\u00caNCIA P\u00daBLICA, ou seja, as propostas s\u00e3o apresentadas fechadas (lacradas) sem possibilidade de ofertas e lances posteriores \u00e0 sua abertura e o Minist\u00e9rio P\u00fablico, mesmo alertado, n\u00e3o entendeu que a modalidade CONCORR\u00caNCIA \u00e9 totalmente diferente de preg\u00e3o, pois neste existe a possibilidade de apresenta\u00e7\u00e3o de ofertas ap\u00f3s a abertura das propostas.<br \/>\n2) N\u00e3o h\u00e1 no inqu\u00e9rito NADA que comprove conluio, muito pelo contr\u00e1rio.<br \/>\nE tal situa\u00e7\u00e3o de desconhecimento das modalidades de licita\u00e7\u00e3o da Lei 8666\/93, est\u00e1 trazendo transtornos, danos e dissabores \u00e0 empresa Colifran que sempre foi perseguida e amea\u00e7ada por grandes empresas da \u00e1rea.<\/p>\n<p>3) A empresa acredita e confia que o judici\u00e1rio ao receber a den\u00fancia, ir\u00e1 verificar que CONCORR\u00caNCIA \u00c9 TOTALMENTE DIFERENTE DE PREG\u00c3O E NESTA N\u00c3O EXISTE A POSSIBILIDADE DE SE FAZER OFERTAS E DAR LANCES, QUE \u00c9 O PONTO ONDE O MINIST\u00c9RIO P\u00daBLICO SE BASEIA PARA OFERECER A DEN\u00daNCIA, AFIRMANDO QUE A EMPRESA NEM TENTOU BAIXAR SUA OFERTA QUE ERA BEM PR\u00d3XIMO DO VALOR APRESENTADO PELA EMPRESA VENCEDORA. Assim, espera-se que a den\u00fancia n\u00e3o seja recebida pelo Judici\u00e1rio, em raz\u00e3o da confus\u00e3o na interpreta\u00e7\u00e3o das modalidades licitat\u00f3rias da Lei de licita\u00e7\u00f5es (8666\/93) efetuada pelo Minist\u00e9rio P\u00fablico\u201d, enviou a defesa a reda\u00e7\u00e3o do Jornal Verdade.<\/p>\n","protected":false},"excerpt":{"rendered":"<p>Al\u00e9m dele, outros pol\u00edticos de cidades da regi\u00e3o s\u00e3o alvos da den\u00fancia no \u00e2mbito da opera\u00e7\u00e3o Hamelin O Minist\u00e9rio P\u00fablico Estadual apresentou den\u00fancia contra o ex-prefeito<span class=\"excerpt-hellip\"> [\u2026]<\/span><\/p>\n","protected":false},"author":4,"featured_media":16054,"comment_status":"open","ping_status":"open","sticky":false,"template":"","format":"standard","meta":{"_jetpack_memberships_contains_paid_content":false,"footnotes":"","jetpack_publicize_message":"","jetpack_publicize_feature_enabled":true,"jetpack_social_post_already_shared":false,"jetpack_social_options":{"image_generator_settings":{"template":"highway","default_image_id":0,"enabled":false},"version":2}},"categories":[28,81],"tags":[],"class_list":["post-16053","post","type-post","status-publish","format-standard","has-post-thumbnail","hentry","category-cotidiano","category-manchete"],"yoast_head":"<!-- This site is optimized with the Yoast SEO plugin v25.6 - https:\/\/yoast.com\/wordpress\/plugins\/seo\/ -->\n<title>Minist\u00e9rio P\u00fablico denuncia ex-prefeito Gilson de Souza \u00e0 Justi\u00e7a - VerdadeOn<\/title>\n<meta name=\"robots\" content=\"index, follow, max-snippet:-1, max-image-preview:large, max-video-preview:-1\" \/>\n<link rel=\"canonical\" href=\"https:\/\/verdadeon.com.br\/portal\/2021\/04\/14\/ministerio-publico-denuncia-ex-prefeito-gilson-de-souza-a-justica\/\" \/>\n<meta property=\"og:locale\" content=\"pt_BR\" \/>\n<meta property=\"og:type\" content=\"article\" \/>\n<meta property=\"og:title\" content=\"Minist\u00e9rio P\u00fablico denuncia ex-prefeito Gilson de Souza \u00e0 Justi\u00e7a - VerdadeOn\" \/>\n<meta property=\"og:description\" content=\"Al\u00e9m dele, outros pol\u00edticos de cidades da regi\u00e3o s\u00e3o alvos da den\u00fancia no \u00e2mbito da opera\u00e7\u00e3o Hamelin O Minist\u00e9rio P\u00fablico Estadual apresentou den\u00fancia contra o ex-prefeito [\u2026]\" \/>\n<meta property=\"og:url\" content=\"https:\/\/verdadeon.com.br\/portal\/2021\/04\/14\/ministerio-publico-denuncia-ex-prefeito-gilson-de-souza-a-justica\/\" \/>\n<meta property=\"og:site_name\" content=\"VerdadeOn\" \/>\n<meta property=\"article:published_time\" content=\"2021-04-14T19:33:56+00:00\" \/>\n<meta property=\"article:modified_time\" content=\"2021-04-14T20:21:41+00:00\" \/>\n<meta property=\"og:image\" content=\"https:\/\/verdadeon.com.br\/portal\/wp-content\/uploads\/2021\/04\/WhatsApp-Image-2021-04-14-at-16.32.29-scaled.jpeg\" \/>\n\t<meta property=\"og:image:width\" content=\"2560\" \/>\n\t<meta property=\"og:image:height\" content=\"1964\" \/>\n\t<meta property=\"og:image:type\" content=\"image\/jpeg\" \/>\n<meta name=\"author\" content=\"Fernando Calixto\" \/>\n<meta name=\"twitter:card\" content=\"summary_large_image\" \/>\n<meta name=\"twitter:label1\" content=\"Escrito por\" \/>\n\t<meta name=\"twitter:data1\" content=\"Fernando Calixto\" \/>\n\t<meta name=\"twitter:label2\" content=\"Est. tempo de leitura\" \/>\n\t<meta name=\"twitter:data2\" content=\"4 minutos\" \/>\n<script type=\"application\/ld+json\" class=\"yoast-schema-graph\">{\"@context\":\"https:\/\/schema.org\",\"@graph\":[{\"@type\":\"WebPage\",\"@id\":\"https:\/\/verdadeon.com.br\/portal\/2021\/04\/14\/ministerio-publico-denuncia-ex-prefeito-gilson-de-souza-a-justica\/\",\"url\":\"https:\/\/verdadeon.com.br\/portal\/2021\/04\/14\/ministerio-publico-denuncia-ex-prefeito-gilson-de-souza-a-justica\/\",\"name\":\"Minist\u00e9rio P\u00fablico denuncia ex-prefeito Gilson de Souza \u00e0 Justi\u00e7a - VerdadeOn\",\"isPartOf\":{\"@id\":\"https:\/\/verdadeon.com.br\/portal\/#website\"},\"primaryImageOfPage\":{\"@id\":\"https:\/\/verdadeon.com.br\/portal\/2021\/04\/14\/ministerio-publico-denuncia-ex-prefeito-gilson-de-souza-a-justica\/#primaryimage\"},\"image\":{\"@id\":\"https:\/\/verdadeon.com.br\/portal\/2021\/04\/14\/ministerio-publico-denuncia-ex-prefeito-gilson-de-souza-a-justica\/#primaryimage\"},\"thumbnailUrl\":\"https:\/\/i0.wp.com\/verdadeon.com.br\/portal\/wp-content\/uploads\/2021\/04\/WhatsApp-Image-2021-04-14-at-16.32.29-scaled.jpeg?fit=2560%2C1964&ssl=1\",\"datePublished\":\"2021-04-14T19:33:56+00:00\",\"dateModified\":\"2021-04-14T20:21:41+00:00\",\"author\":{\"@id\":\"https:\/\/verdadeon.com.br\/portal\/#\/schema\/person\/8994718f49ee62ba5610471e29ca1f62\"},\"breadcrumb\":{\"@id\":\"https:\/\/verdadeon.com.br\/portal\/2021\/04\/14\/ministerio-publico-denuncia-ex-prefeito-gilson-de-souza-a-justica\/#breadcrumb\"},\"inLanguage\":\"pt-BR\",\"potentialAction\":[{\"@type\":\"ReadAction\",\"target\":[\"https:\/\/verdadeon.com.br\/portal\/2021\/04\/14\/ministerio-publico-denuncia-ex-prefeito-gilson-de-souza-a-justica\/\"]}]},{\"@type\":\"ImageObject\",\"inLanguage\":\"pt-BR\",\"@id\":\"https:\/\/verdadeon.com.br\/portal\/2021\/04\/14\/ministerio-publico-denuncia-ex-prefeito-gilson-de-souza-a-justica\/#primaryimage\",\"url\":\"https:\/\/i0.wp.com\/verdadeon.com.br\/portal\/wp-content\/uploads\/2021\/04\/WhatsApp-Image-2021-04-14-at-16.32.29-scaled.jpeg?fit=2560%2C1964&ssl=1\",\"contentUrl\":\"https:\/\/i0.wp.com\/verdadeon.com.br\/portal\/wp-content\/uploads\/2021\/04\/WhatsApp-Image-2021-04-14-at-16.32.29-scaled.jpeg?fit=2560%2C1964&ssl=1\",\"width\":2560,\"height\":1964,\"caption\":\"Ex-prefeito de Franca, Gilson de Souza \u00e9 suspeito de exigir valores irregulares para renovar contrato com a Seleta | Foto: Jornal Verdade\"},{\"@type\":\"BreadcrumbList\",\"@id\":\"https:\/\/verdadeon.com.br\/portal\/2021\/04\/14\/ministerio-publico-denuncia-ex-prefeito-gilson-de-souza-a-justica\/#breadcrumb\",\"itemListElement\":[{\"@type\":\"ListItem\",\"position\":1,\"name\":\"In\u00edcio\",\"item\":\"https:\/\/verdadeon.com.br\/portal\/\"},{\"@type\":\"ListItem\",\"position\":2,\"name\":\"Minist\u00e9rio P\u00fablico denuncia ex-prefeito Gilson de Souza \u00e0 Justi\u00e7a\"}]},{\"@type\":\"WebSite\",\"@id\":\"https:\/\/verdadeon.com.br\/portal\/#website\",\"url\":\"https:\/\/verdadeon.com.br\/portal\/\",\"name\":\"VerdadeOn\",\"description\":\"Not\u00edcias di\u00e1rias sobre Franca, Regi\u00e3o, Esporte, Cultura, Cotidiano, Colunas. Cobertura nos principais eventos da cidade \u00e9 aqui - Verdadeon Franca\",\"potentialAction\":[{\"@type\":\"SearchAction\",\"target\":{\"@type\":\"EntryPoint\",\"urlTemplate\":\"https:\/\/verdadeon.com.br\/portal\/?s={search_term_string}\"},\"query-input\":{\"@type\":\"PropertyValueSpecification\",\"valueRequired\":true,\"valueName\":\"search_term_string\"}}],\"inLanguage\":\"pt-BR\"},{\"@type\":\"Person\",\"@id\":\"https:\/\/verdadeon.com.br\/portal\/#\/schema\/person\/8994718f49ee62ba5610471e29ca1f62\",\"name\":\"Fernando Calixto\",\"image\":{\"@type\":\"ImageObject\",\"inLanguage\":\"pt-BR\",\"@id\":\"https:\/\/verdadeon.com.br\/portal\/#\/schema\/person\/image\/\",\"url\":\"https:\/\/secure.gravatar.com\/avatar\/7578910c24966c0316c340f9dbd601e93ee9f9212e1033968b367af9306bd9fb?s=96&d=mm&r=g\",\"contentUrl\":\"https:\/\/secure.gravatar.com\/avatar\/7578910c24966c0316c340f9dbd601e93ee9f9212e1033968b367af9306bd9fb?s=96&d=mm&r=g\",\"caption\":\"Fernando Calixto\"},\"url\":\"https:\/\/verdadeon.com.br\/portal\/author\/fernando-calixto\/\"}]}<\/script>\n<!-- \/ Yoast SEO plugin. -->","yoast_head_json":{"title":"Minist\u00e9rio P\u00fablico denuncia ex-prefeito Gilson de Souza \u00e0 Justi\u00e7a - VerdadeOn","robots":{"index":"index","follow":"follow","max-snippet":"max-snippet:-1","max-image-preview":"max-image-preview:large","max-video-preview":"max-video-preview:-1"},"canonical":"https:\/\/verdadeon.com.br\/portal\/2021\/04\/14\/ministerio-publico-denuncia-ex-prefeito-gilson-de-souza-a-justica\/","og_locale":"pt_BR","og_type":"article","og_title":"Minist\u00e9rio P\u00fablico denuncia ex-prefeito Gilson de Souza \u00e0 Justi\u00e7a - VerdadeOn","og_description":"Al\u00e9m dele, outros pol\u00edticos de cidades da regi\u00e3o s\u00e3o alvos da den\u00fancia no \u00e2mbito da opera\u00e7\u00e3o Hamelin O Minist\u00e9rio P\u00fablico Estadual apresentou den\u00fancia contra o ex-prefeito [\u2026]","og_url":"https:\/\/verdadeon.com.br\/portal\/2021\/04\/14\/ministerio-publico-denuncia-ex-prefeito-gilson-de-souza-a-justica\/","og_site_name":"VerdadeOn","article_published_time":"2021-04-14T19:33:56+00:00","article_modified_time":"2021-04-14T20:21:41+00:00","og_image":[{"width":2560,"height":1964,"url":"https:\/\/verdadeon.com.br\/portal\/wp-content\/uploads\/2021\/04\/WhatsApp-Image-2021-04-14-at-16.32.29-scaled.jpeg","type":"image\/jpeg"}],"author":"Fernando Calixto","twitter_card":"summary_large_image","twitter_misc":{"Escrito por":"Fernando Calixto","Est. tempo de leitura":"4 minutos"},"schema":{"@context":"https:\/\/schema.org","@graph":[{"@type":"WebPage","@id":"https:\/\/verdadeon.com.br\/portal\/2021\/04\/14\/ministerio-publico-denuncia-ex-prefeito-gilson-de-souza-a-justica\/","url":"https:\/\/verdadeon.com.br\/portal\/2021\/04\/14\/ministerio-publico-denuncia-ex-prefeito-gilson-de-souza-a-justica\/","name":"Minist\u00e9rio P\u00fablico denuncia ex-prefeito Gilson de Souza \u00e0 Justi\u00e7a - VerdadeOn","isPartOf":{"@id":"https:\/\/verdadeon.com.br\/portal\/#website"},"primaryImageOfPage":{"@id":"https:\/\/verdadeon.com.br\/portal\/2021\/04\/14\/ministerio-publico-denuncia-ex-prefeito-gilson-de-souza-a-justica\/#primaryimage"},"image":{"@id":"https:\/\/verdadeon.com.br\/portal\/2021\/04\/14\/ministerio-publico-denuncia-ex-prefeito-gilson-de-souza-a-justica\/#primaryimage"},"thumbnailUrl":"https:\/\/i0.wp.com\/verdadeon.com.br\/portal\/wp-content\/uploads\/2021\/04\/WhatsApp-Image-2021-04-14-at-16.32.29-scaled.jpeg?fit=2560%2C1964&ssl=1","datePublished":"2021-04-14T19:33:56+00:00","dateModified":"2021-04-14T20:21:41+00:00","author":{"@id":"https:\/\/verdadeon.com.br\/portal\/#\/schema\/person\/8994718f49ee62ba5610471e29ca1f62"},"breadcrumb":{"@id":"https:\/\/verdadeon.com.br\/portal\/2021\/04\/14\/ministerio-publico-denuncia-ex-prefeito-gilson-de-souza-a-justica\/#breadcrumb"},"inLanguage":"pt-BR","potentialAction":[{"@type":"ReadAction","target":["https:\/\/verdadeon.com.br\/portal\/2021\/04\/14\/ministerio-publico-denuncia-ex-prefeito-gilson-de-souza-a-justica\/"]}]},{"@type":"ImageObject","inLanguage":"pt-BR","@id":"https:\/\/verdadeon.com.br\/portal\/2021\/04\/14\/ministerio-publico-denuncia-ex-prefeito-gilson-de-souza-a-justica\/#primaryimage","url":"https:\/\/i0.wp.com\/verdadeon.com.br\/portal\/wp-content\/uploads\/2021\/04\/WhatsApp-Image-2021-04-14-at-16.32.29-scaled.jpeg?fit=2560%2C1964&ssl=1","contentUrl":"https:\/\/i0.wp.com\/verdadeon.com.br\/portal\/wp-content\/uploads\/2021\/04\/WhatsApp-Image-2021-04-14-at-16.32.29-scaled.jpeg?fit=2560%2C1964&ssl=1","width":2560,"height":1964,"caption":"Ex-prefeito de Franca, Gilson de Souza \u00e9 suspeito de exigir valores irregulares para renovar contrato com a Seleta | Foto: Jornal Verdade"},{"@type":"BreadcrumbList","@id":"https:\/\/verdadeon.com.br\/portal\/2021\/04\/14\/ministerio-publico-denuncia-ex-prefeito-gilson-de-souza-a-justica\/#breadcrumb","itemListElement":[{"@type":"ListItem","position":1,"name":"In\u00edcio","item":"https:\/\/verdadeon.com.br\/portal\/"},{"@type":"ListItem","position":2,"name":"Minist\u00e9rio P\u00fablico denuncia ex-prefeito Gilson de Souza \u00e0 Justi\u00e7a"}]},{"@type":"WebSite","@id":"https:\/\/verdadeon.com.br\/portal\/#website","url":"https:\/\/verdadeon.com.br\/portal\/","name":"VerdadeOn","description":"Not\u00edcias di\u00e1rias sobre Franca, Regi\u00e3o, Esporte, Cultura, Cotidiano, Colunas. Cobertura nos principais eventos da cidade \u00e9 aqui - Verdadeon Franca","potentialAction":[{"@type":"SearchAction","target":{"@type":"EntryPoint","urlTemplate":"https:\/\/verdadeon.com.br\/portal\/?s={search_term_string}"},"query-input":{"@type":"PropertyValueSpecification","valueRequired":true,"valueName":"search_term_string"}}],"inLanguage":"pt-BR"},{"@type":"Person","@id":"https:\/\/verdadeon.com.br\/portal\/#\/schema\/person\/8994718f49ee62ba5610471e29ca1f62","name":"Fernando Calixto","image":{"@type":"ImageObject","inLanguage":"pt-BR","@id":"https:\/\/verdadeon.com.br\/portal\/#\/schema\/person\/image\/","url":"https:\/\/secure.gravatar.com\/avatar\/7578910c24966c0316c340f9dbd601e93ee9f9212e1033968b367af9306bd9fb?s=96&d=mm&r=g","contentUrl":"https:\/\/secure.gravatar.com\/avatar\/7578910c24966c0316c340f9dbd601e93ee9f9212e1033968b367af9306bd9fb?s=96&d=mm&r=g","caption":"Fernando Calixto"},"url":"https:\/\/verdadeon.com.br\/portal\/author\/fernando-calixto\/"}]}},"jetpack_publicize_connections":[],"jetpack_featured_media_url":"https:\/\/i0.wp.com\/verdadeon.com.br\/portal\/wp-content\/uploads\/2021\/04\/WhatsApp-Image-2021-04-14-at-16.32.29-scaled.jpeg?fit=2560%2C1964&ssl=1","jetpack_sharing_enabled":true,"_links":{"self":[{"href":"https:\/\/verdadeon.com.br\/portal\/wp-json\/wp\/v2\/posts\/16053","targetHints":{"allow":["GET"]}}],"collection":[{"href":"https:\/\/verdadeon.com.br\/portal\/wp-json\/wp\/v2\/posts"}],"about":[{"href":"https:\/\/verdadeon.com.br\/portal\/wp-json\/wp\/v2\/types\/post"}],"author":[{"embeddable":true,"href":"https:\/\/verdadeon.com.br\/portal\/wp-json\/wp\/v2\/users\/4"}],"replies":[{"embeddable":true,"href":"https:\/\/verdadeon.com.br\/portal\/wp-json\/wp\/v2\/comments?post=16053"}],"version-history":[{"count":0,"href":"https:\/\/verdadeon.com.br\/portal\/wp-json\/wp\/v2\/posts\/16053\/revisions"}],"wp:featuredmedia":[{"embeddable":true,"href":"https:\/\/verdadeon.com.br\/portal\/wp-json\/wp\/v2\/media\/16054"}],"wp:attachment":[{"href":"https:\/\/verdadeon.com.br\/portal\/wp-json\/wp\/v2\/media?parent=16053"}],"wp:term":[{"taxonomy":"category","embeddable":true,"href":"https:\/\/verdadeon.com.br\/portal\/wp-json\/wp\/v2\/categories?post=16053"},{"taxonomy":"post_tag","embeddable":true,"href":"https:\/\/verdadeon.com.br\/portal\/wp-json\/wp\/v2\/tags?post=16053"}],"curies":[{"name":"wp","href":"https:\/\/api.w.org\/{rel}","templated":true}]}}