{"id":16045,"date":"2021-04-13T20:13:53","date_gmt":"2021-04-13T23:13:53","guid":{"rendered":"https:\/\/verdadeon.com.br\/portal\/?p=16045"},"modified":"2021-04-13T20:13:53","modified_gmt":"2021-04-13T23:13:53","slug":"em-operacao-policia-civil-prende-quatro-suspeitos-de-roubos-em-ituverava","status":"publish","type":"post","link":"https:\/\/verdadeon.com.br\/portal\/2021\/04\/13\/em-operacao-policia-civil-prende-quatro-suspeitos-de-roubos-em-ituverava\/","title":{"rendered":"Em opera\u00e7\u00e3o, Pol\u00edcia Civil prende quatro suspeitos de roubos em Ituverava"},"content":{"rendered":"<h2>Suspeitos foram levados para o Sistema Prisional de Franca. As investiga\u00e7\u00f5es tiveram in\u00edcio em mar\u00e7o<\/h2>\n<p>Em Ituverava quatro homens suspeitos de participa\u00e7\u00e3o em crimes em propriedades da zona rural, foram presos nesta ter\u00e7a-feira (13) em uma opera\u00e7\u00e3o da Pol\u00edcia Civil de Miguel\u00f3polis.<br \/>\nA suspeita dos investigadores \u00e9 a de que os presos que s\u00e3o investigados desde o m\u00eas de mar\u00e7o, comandavam furtos e roubos em Guar\u00e1, Ituverava e em Miguel\u00f3polis, eles roubavam tratores, defensivos agr\u00edcolas, insumos, ve\u00edculos dinheiro e outros objetos de valor.<br \/>\nDe acordo com a delegacia a a\u00e7\u00e3o era violenta, inclusive as v\u00edtimas eram feitas ref\u00e9ns durante as a\u00e7\u00f5es.<br \/>\nDurante a opera\u00e7\u00e3o foram apreendidas drogas e celulares, que ser\u00e3o periciados. Eles v\u00e3o responder por organiza\u00e7\u00e3o criminosa e por tr\u00e1fico. Os quatro suspeitos foram levados para a delegacia onde prestaram esclarecimentos e ap\u00f3s foram recolhidos ao Sistema Prisional de Franca.<br \/>\nDe acordo com a pol\u00edcia, a pris\u00e3o tem um prazo inicial de 30 dias, podendo ser prorrogado por mais 30 at\u00e9 a conclus\u00e3o do inqu\u00e9rito.<\/p>\n","protected":false},"excerpt":{"rendered":"<p>Suspeitos foram levados para o Sistema Prisional de Franca. As investiga\u00e7\u00f5es tiveram in\u00edcio em mar\u00e7o Em Ituverava quatro homens suspeitos de participa\u00e7\u00e3o em crimes em propriedades<span class=\"excerpt-hellip\"> [\u2026]<\/span><\/p>\n","protected":false},"author":4,"featured_media":16047,"comment_status":"open","ping_status":"open","sticky":false,"template":"","format":"standard","meta":{"_jetpack_memberships_contains_paid_content":false,"footnotes":"","jetpack_publicize_message":"","jetpack_publicize_feature_enabled":true,"jetpack_social_post_already_shared":false,"jetpack_social_options":{"image_generator_settings":{"template":"highway","default_image_id":0,"enabled":false},"version":2}},"categories":[28,81],"tags":[],"class_list":["post-16045","post","type-post","status-publish","format-standard","has-post-thumbnail","hentry","category-cotidiano","category-manchete"],"yoast_head":"<!-- This site is optimized with the Yoast SEO plugin v25.6 - https:\/\/yoast.com\/wordpress\/plugins\/seo\/ -->\n<title>Em opera\u00e7\u00e3o, Pol\u00edcia Civil prende quatro suspeitos de roubos em Ituverava - VerdadeOn<\/title>\n<meta name=\"robots\" content=\"index, follow, max-snippet:-1, max-image-preview:large, max-video-preview:-1\" \/>\n<link rel=\"canonical\" href=\"https:\/\/verdadeon.com.br\/portal\/2021\/04\/13\/em-operacao-policia-civil-prende-quatro-suspeitos-de-roubos-em-ituverava\/\" \/>\n<meta property=\"og:locale\" content=\"pt_BR\" \/>\n<meta property=\"og:type\" content=\"article\" \/>\n<meta property=\"og:title\" content=\"Em opera\u00e7\u00e3o, Pol\u00edcia Civil prende quatro suspeitos de roubos em Ituverava - VerdadeOn\" \/>\n<meta property=\"og:description\" content=\"Suspeitos foram levados para o Sistema Prisional de Franca. As investiga\u00e7\u00f5es tiveram in\u00edcio em mar\u00e7o Em Ituverava quatro homens suspeitos de participa\u00e7\u00e3o em crimes em propriedades [\u2026]\" \/>\n<meta property=\"og:url\" content=\"https:\/\/verdadeon.com.br\/portal\/2021\/04\/13\/em-operacao-policia-civil-prende-quatro-suspeitos-de-roubos-em-ituverava\/\" \/>\n<meta property=\"og:site_name\" content=\"VerdadeOn\" \/>\n<meta property=\"article:published_time\" content=\"2021-04-13T23:13:53+00:00\" \/>\n<meta property=\"og:image\" content=\"https:\/\/verdadeon.com.br\/portal\/wp-content\/uploads\/2021\/04\/WhatsApp-Image-2021-04-13-at-19.09.40.jpeg\" \/>\n\t<meta property=\"og:image:width\" content=\"1000\" \/>\n\t<meta property=\"og:image:height\" content=\"670\" \/>\n\t<meta property=\"og:image:type\" content=\"image\/jpeg\" \/>\n<meta name=\"author\" content=\"Fernando Calixto\" \/>\n<meta name=\"twitter:card\" content=\"summary_large_image\" \/>\n<meta name=\"twitter:label1\" content=\"Escrito por\" \/>\n\t<meta name=\"twitter:data1\" content=\"Fernando Calixto\" \/>\n\t<meta name=\"twitter:label2\" content=\"Est. tempo de leitura\" \/>\n\t<meta name=\"twitter:data2\" content=\"1 minuto\" \/>\n<script type=\"application\/ld+json\" class=\"yoast-schema-graph\">{\"@context\":\"https:\/\/schema.org\",\"@graph\":[{\"@type\":\"WebPage\",\"@id\":\"https:\/\/verdadeon.com.br\/portal\/2021\/04\/13\/em-operacao-policia-civil-prende-quatro-suspeitos-de-roubos-em-ituverava\/\",\"url\":\"https:\/\/verdadeon.com.br\/portal\/2021\/04\/13\/em-operacao-policia-civil-prende-quatro-suspeitos-de-roubos-em-ituverava\/\",\"name\":\"Em opera\u00e7\u00e3o, Pol\u00edcia Civil prende quatro suspeitos de roubos em Ituverava - VerdadeOn\",\"isPartOf\":{\"@id\":\"https:\/\/verdadeon.com.br\/portal\/#website\"},\"primaryImageOfPage\":{\"@id\":\"https:\/\/verdadeon.com.br\/portal\/2021\/04\/13\/em-operacao-policia-civil-prende-quatro-suspeitos-de-roubos-em-ituverava\/#primaryimage\"},\"image\":{\"@id\":\"https:\/\/verdadeon.com.br\/portal\/2021\/04\/13\/em-operacao-policia-civil-prende-quatro-suspeitos-de-roubos-em-ituverava\/#primaryimage\"},\"thumbnailUrl\":\"https:\/\/i0.wp.com\/verdadeon.com.br\/portal\/wp-content\/uploads\/2021\/04\/WhatsApp-Image-2021-04-13-at-19.09.40.jpeg?fit=1000%2C670&ssl=1\",\"datePublished\":\"2021-04-13T23:13:53+00:00\",\"author\":{\"@id\":\"https:\/\/verdadeon.com.br\/portal\/#\/schema\/person\/8994718f49ee62ba5610471e29ca1f62\"},\"breadcrumb\":{\"@id\":\"https:\/\/verdadeon.com.br\/portal\/2021\/04\/13\/em-operacao-policia-civil-prende-quatro-suspeitos-de-roubos-em-ituverava\/#breadcrumb\"},\"inLanguage\":\"pt-BR\",\"potentialAction\":[{\"@type\":\"ReadAction\",\"target\":[\"https:\/\/verdadeon.com.br\/portal\/2021\/04\/13\/em-operacao-policia-civil-prende-quatro-suspeitos-de-roubos-em-ituverava\/\"]}]},{\"@type\":\"ImageObject\",\"inLanguage\":\"pt-BR\",\"@id\":\"https:\/\/verdadeon.com.br\/portal\/2021\/04\/13\/em-operacao-policia-civil-prende-quatro-suspeitos-de-roubos-em-ituverava\/#primaryimage\",\"url\":\"https:\/\/i0.wp.com\/verdadeon.com.br\/portal\/wp-content\/uploads\/2021\/04\/WhatsApp-Image-2021-04-13-at-19.09.40.jpeg?fit=1000%2C670&ssl=1\",\"contentUrl\":\"https:\/\/i0.wp.com\/verdadeon.com.br\/portal\/wp-content\/uploads\/2021\/04\/WhatsApp-Image-2021-04-13-at-19.09.40.jpeg?fit=1000%2C670&ssl=1\",\"width\":1000,\"height\":670,\"caption\":\"Suspeitos roubavam ve\u00edculos, tratores e at\u00e9 insumos das propriedades rurais | Foto: F\u00e1bio Reis\"},{\"@type\":\"BreadcrumbList\",\"@id\":\"https:\/\/verdadeon.com.br\/portal\/2021\/04\/13\/em-operacao-policia-civil-prende-quatro-suspeitos-de-roubos-em-ituverava\/#breadcrumb\",\"itemListElement\":[{\"@type\":\"ListItem\",\"position\":1,\"name\":\"In\u00edcio\",\"item\":\"https:\/\/verdadeon.com.br\/portal\/\"},{\"@type\":\"ListItem\",\"position\":2,\"name\":\"Em opera\u00e7\u00e3o, Pol\u00edcia Civil prende quatro suspeitos de roubos em Ituverava\"}]},{\"@type\":\"WebSite\",\"@id\":\"https:\/\/verdadeon.com.br\/portal\/#website\",\"url\":\"https:\/\/verdadeon.com.br\/portal\/\",\"name\":\"VerdadeOn\",\"description\":\"Not\u00edcias di\u00e1rias sobre Franca, Regi\u00e3o, Esporte, Cultura, Cotidiano, Colunas. Cobertura nos principais eventos da cidade \u00e9 aqui - Verdadeon Franca\",\"potentialAction\":[{\"@type\":\"SearchAction\",\"target\":{\"@type\":\"EntryPoint\",\"urlTemplate\":\"https:\/\/verdadeon.com.br\/portal\/?s={search_term_string}\"},\"query-input\":{\"@type\":\"PropertyValueSpecification\",\"valueRequired\":true,\"valueName\":\"search_term_string\"}}],\"inLanguage\":\"pt-BR\"},{\"@type\":\"Person\",\"@id\":\"https:\/\/verdadeon.com.br\/portal\/#\/schema\/person\/8994718f49ee62ba5610471e29ca1f62\",\"name\":\"Fernando Calixto\",\"image\":{\"@type\":\"ImageObject\",\"inLanguage\":\"pt-BR\",\"@id\":\"https:\/\/verdadeon.com.br\/portal\/#\/schema\/person\/image\/\",\"url\":\"https:\/\/secure.gravatar.com\/avatar\/7578910c24966c0316c340f9dbd601e93ee9f9212e1033968b367af9306bd9fb?s=96&d=mm&r=g\",\"contentUrl\":\"https:\/\/secure.gravatar.com\/avatar\/7578910c24966c0316c340f9dbd601e93ee9f9212e1033968b367af9306bd9fb?s=96&d=mm&r=g\",\"caption\":\"Fernando Calixto\"},\"url\":\"https:\/\/verdadeon.com.br\/portal\/author\/fernando-calixto\/\"}]}<\/script>\n<!-- \/ Yoast SEO plugin. -->","yoast_head_json":{"title":"Em opera\u00e7\u00e3o, Pol\u00edcia Civil prende quatro suspeitos de roubos em Ituverava - VerdadeOn","robots":{"index":"index","follow":"follow","max-snippet":"max-snippet:-1","max-image-preview":"max-image-preview:large","max-video-preview":"max-video-preview:-1"},"canonical":"https:\/\/verdadeon.com.br\/portal\/2021\/04\/13\/em-operacao-policia-civil-prende-quatro-suspeitos-de-roubos-em-ituverava\/","og_locale":"pt_BR","og_type":"article","og_title":"Em opera\u00e7\u00e3o, Pol\u00edcia Civil prende quatro suspeitos de roubos em Ituverava - VerdadeOn","og_description":"Suspeitos foram levados para o Sistema Prisional de Franca. As investiga\u00e7\u00f5es tiveram in\u00edcio em mar\u00e7o Em Ituverava quatro homens suspeitos de participa\u00e7\u00e3o em crimes em propriedades [\u2026]","og_url":"https:\/\/verdadeon.com.br\/portal\/2021\/04\/13\/em-operacao-policia-civil-prende-quatro-suspeitos-de-roubos-em-ituverava\/","og_site_name":"VerdadeOn","article_published_time":"2021-04-13T23:13:53+00:00","og_image":[{"width":1000,"height":670,"url":"https:\/\/verdadeon.com.br\/portal\/wp-content\/uploads\/2021\/04\/WhatsApp-Image-2021-04-13-at-19.09.40.jpeg","type":"image\/jpeg"}],"author":"Fernando Calixto","twitter_card":"summary_large_image","twitter_misc":{"Escrito por":"Fernando Calixto","Est. tempo de leitura":"1 minuto"},"schema":{"@context":"https:\/\/schema.org","@graph":[{"@type":"WebPage","@id":"https:\/\/verdadeon.com.br\/portal\/2021\/04\/13\/em-operacao-policia-civil-prende-quatro-suspeitos-de-roubos-em-ituverava\/","url":"https:\/\/verdadeon.com.br\/portal\/2021\/04\/13\/em-operacao-policia-civil-prende-quatro-suspeitos-de-roubos-em-ituverava\/","name":"Em opera\u00e7\u00e3o, Pol\u00edcia Civil prende quatro suspeitos de roubos em Ituverava - VerdadeOn","isPartOf":{"@id":"https:\/\/verdadeon.com.br\/portal\/#website"},"primaryImageOfPage":{"@id":"https:\/\/verdadeon.com.br\/portal\/2021\/04\/13\/em-operacao-policia-civil-prende-quatro-suspeitos-de-roubos-em-ituverava\/#primaryimage"},"image":{"@id":"https:\/\/verdadeon.com.br\/portal\/2021\/04\/13\/em-operacao-policia-civil-prende-quatro-suspeitos-de-roubos-em-ituverava\/#primaryimage"},"thumbnailUrl":"https:\/\/i0.wp.com\/verdadeon.com.br\/portal\/wp-content\/uploads\/2021\/04\/WhatsApp-Image-2021-04-13-at-19.09.40.jpeg?fit=1000%2C670&ssl=1","datePublished":"2021-04-13T23:13:53+00:00","author":{"@id":"https:\/\/verdadeon.com.br\/portal\/#\/schema\/person\/8994718f49ee62ba5610471e29ca1f62"},"breadcrumb":{"@id":"https:\/\/verdadeon.com.br\/portal\/2021\/04\/13\/em-operacao-policia-civil-prende-quatro-suspeitos-de-roubos-em-ituverava\/#breadcrumb"},"inLanguage":"pt-BR","potentialAction":[{"@type":"ReadAction","target":["https:\/\/verdadeon.com.br\/portal\/2021\/04\/13\/em-operacao-policia-civil-prende-quatro-suspeitos-de-roubos-em-ituverava\/"]}]},{"@type":"ImageObject","inLanguage":"pt-BR","@id":"https:\/\/verdadeon.com.br\/portal\/2021\/04\/13\/em-operacao-policia-civil-prende-quatro-suspeitos-de-roubos-em-ituverava\/#primaryimage","url":"https:\/\/i0.wp.com\/verdadeon.com.br\/portal\/wp-content\/uploads\/2021\/04\/WhatsApp-Image-2021-04-13-at-19.09.40.jpeg?fit=1000%2C670&ssl=1","contentUrl":"https:\/\/i0.wp.com\/verdadeon.com.br\/portal\/wp-content\/uploads\/2021\/04\/WhatsApp-Image-2021-04-13-at-19.09.40.jpeg?fit=1000%2C670&ssl=1","width":1000,"height":670,"caption":"Suspeitos roubavam ve\u00edculos, tratores e at\u00e9 insumos das propriedades rurais | Foto: F\u00e1bio Reis"},{"@type":"BreadcrumbList","@id":"https:\/\/verdadeon.com.br\/portal\/2021\/04\/13\/em-operacao-policia-civil-prende-quatro-suspeitos-de-roubos-em-ituverava\/#breadcrumb","itemListElement":[{"@type":"ListItem","position":1,"name":"In\u00edcio","item":"https:\/\/verdadeon.com.br\/portal\/"},{"@type":"ListItem","position":2,"name":"Em opera\u00e7\u00e3o, Pol\u00edcia Civil prende quatro suspeitos de roubos em Ituverava"}]},{"@type":"WebSite","@id":"https:\/\/verdadeon.com.br\/portal\/#website","url":"https:\/\/verdadeon.com.br\/portal\/","name":"VerdadeOn","description":"Not\u00edcias di\u00e1rias sobre Franca, Regi\u00e3o, Esporte, Cultura, Cotidiano, Colunas. Cobertura nos principais eventos da cidade \u00e9 aqui - Verdadeon Franca","potentialAction":[{"@type":"SearchAction","target":{"@type":"EntryPoint","urlTemplate":"https:\/\/verdadeon.com.br\/portal\/?s={search_term_string}"},"query-input":{"@type":"PropertyValueSpecification","valueRequired":true,"valueName":"search_term_string"}}],"inLanguage":"pt-BR"},{"@type":"Person","@id":"https:\/\/verdadeon.com.br\/portal\/#\/schema\/person\/8994718f49ee62ba5610471e29ca1f62","name":"Fernando Calixto","image":{"@type":"ImageObject","inLanguage":"pt-BR","@id":"https:\/\/verdadeon.com.br\/portal\/#\/schema\/person\/image\/","url":"https:\/\/secure.gravatar.com\/avatar\/7578910c24966c0316c340f9dbd601e93ee9f9212e1033968b367af9306bd9fb?s=96&d=mm&r=g","contentUrl":"https:\/\/secure.gravatar.com\/avatar\/7578910c24966c0316c340f9dbd601e93ee9f9212e1033968b367af9306bd9fb?s=96&d=mm&r=g","caption":"Fernando Calixto"},"url":"https:\/\/verdadeon.com.br\/portal\/author\/fernando-calixto\/"}]}},"jetpack_publicize_connections":[],"jetpack_featured_media_url":"https:\/\/i0.wp.com\/verdadeon.com.br\/portal\/wp-content\/uploads\/2021\/04\/WhatsApp-Image-2021-04-13-at-19.09.40.jpeg?fit=1000%2C670&ssl=1","jetpack_sharing_enabled":true,"_links":{"self":[{"href":"https:\/\/verdadeon.com.br\/portal\/wp-json\/wp\/v2\/posts\/16045","targetHints":{"allow":["GET"]}}],"collection":[{"href":"https:\/\/verdadeon.com.br\/portal\/wp-json\/wp\/v2\/posts"}],"about":[{"href":"https:\/\/verdadeon.com.br\/portal\/wp-json\/wp\/v2\/types\/post"}],"author":[{"embeddable":true,"href":"https:\/\/verdadeon.com.br\/portal\/wp-json\/wp\/v2\/users\/4"}],"replies":[{"embeddable":true,"href":"https:\/\/verdadeon.com.br\/portal\/wp-json\/wp\/v2\/comments?post=16045"}],"version-history":[{"count":0,"href":"https:\/\/verdadeon.com.br\/portal\/wp-json\/wp\/v2\/posts\/16045\/revisions"}],"wp:featuredmedia":[{"embeddable":true,"href":"https:\/\/verdadeon.com.br\/portal\/wp-json\/wp\/v2\/media\/16047"}],"wp:attachment":[{"href":"https:\/\/verdadeon.com.br\/portal\/wp-json\/wp\/v2\/media?parent=16045"}],"wp:term":[{"taxonomy":"category","embeddable":true,"href":"https:\/\/verdadeon.com.br\/portal\/wp-json\/wp\/v2\/categories?post=16045"},{"taxonomy":"post_tag","embeddable":true,"href":"https:\/\/verdadeon.com.br\/portal\/wp-json\/wp\/v2\/tags?post=16045"}],"curies":[{"name":"wp","href":"https:\/\/api.w.org\/{rel}","templated":true}]}}