{"id":16044,"date":"2021-04-13T20:12:25","date_gmt":"2021-04-13T23:12:25","guid":{"rendered":"https:\/\/verdadeon.com.br\/portal\/?p=16044"},"modified":"2021-04-13T20:12:25","modified_gmt":"2021-04-13T23:12:25","slug":"trezentas-familias-selecionadas-nao-retiram-cestas-basicas-na-zona-norte-de-franca","status":"publish","type":"post","link":"https:\/\/verdadeon.com.br\/portal\/2021\/04\/13\/trezentas-familias-selecionadas-nao-retiram-cestas-basicas-na-zona-norte-de-franca\/","title":{"rendered":"Trezentas fam\u00edlias selecionadas n\u00e3o retiram cestas b\u00e1sicas na zona norte de Franca"},"content":{"rendered":"<h2>Distribui\u00e7\u00e3o aconteceu na segunda e na ter\u00e7a-feira no parque Vicente Leporace,<\/h2>\n<p>Pelo menos 300 fam\u00edlias selecionadas pela Prefeitura de Franca, n\u00e3o compareceram para retirar as cestas b\u00e1sicas oferecidas pela Secretaria de A\u00e7\u00e3o Social, na zona norte da cidade. A distribui\u00e7\u00e3o aconteceu na segunda-feira (12) e na ter\u00e7a-feira (13). Segundo a assessoria de imprensa, elas poder\u00e3o retirar a cesta em data oportuna, mas dever\u00e3o aguardar as orienta\u00e7\u00f5es e com a apresenta\u00e7\u00e3o dos documentos pessoais, se apresentar no CRAS da regi\u00e3o.<br \/>\nDepois de concluir a distribui\u00e7\u00e3o do primeiro lote de cestas b\u00e1sicas a Secretaria de A\u00e7\u00e3o Social inicia nesta quarta-feira, 14, a entrega dos alimentos na Regi\u00e3o Sul (Jardim Aeroporto e proximidades). Ao todo, nessa etapa ser\u00e3o 5,8 mil cestas b\u00e1sicas destinadas \u00e0s pessoas, comprovadamente, carentes que tiveram seus nomes divulgados no site da Prefeitura pelo cadastro da A\u00e7\u00e3o Social.<br \/>\nO local de entrega ser\u00e1 o gin\u00e1sio de esportes \u2018Odracir Gon\u00e7alves\u2019, localizado no Jardim Aeroporto 3, onde a organiza\u00e7\u00e3o das equipes seguir\u00e1 o padr\u00e3o adotado no Leporace, com mesas distribu\u00eddas e equipes orientadas sobre como receber as pessoas, conferir os documentos e entregar a cesta de alimentos. Outra orienta\u00e7\u00e3o \u00e9 que ao receber a cesta, a pessoa se retire do local para evitar aglomera\u00e7\u00f5es. \u00c9 necess\u00e1rio a utiliza\u00e7\u00e3o de m\u00e1scara e demais protocolos sanit\u00e1rios.<br \/>\nEsse atendimento ser\u00e1 prestado das 9h \u00e0s 16h, com a estimativa de atendimento de 200 a 300 pessoas por hora. \u00c9 importante que as pessoas consultem antes de comparecer, se os seus nomes constam da rela\u00e7\u00e3o divulgada pela Prefeitura e dispon\u00edvel para consulta no site www.franca.sp.gov.br.<br \/>\nUma segunda rela\u00e7\u00e3o est\u00e1 sendo preparada, com base nas condi\u00e7\u00f5es sociais de car\u00eancia dos inscritos e deve ser divulgada nos pr\u00f3ximos dias. A orienta\u00e7\u00e3o para \u00e0s pessoas n\u00e3o contempladas nesse momento \u00e9 que aguardem essa nova oportunidade.<br \/>\nA distribui\u00e7\u00e3o das cestas b\u00e1sicas ser\u00e1 realizada at\u00e9 s\u00e1bado, de acordo com cronograma divulgado pela Secretaria de A\u00e7\u00e3o Social e que est\u00e1 dispon\u00edvel no site da Prefeitura &#8211; www.franca.sp.gov.br<\/p>\n","protected":false},"excerpt":{"rendered":"<p>Distribui\u00e7\u00e3o aconteceu na segunda e na ter\u00e7a-feira no parque Vicente Leporace, Pelo menos 300 fam\u00edlias selecionadas pela Prefeitura de Franca, n\u00e3o compareceram para retirar as cestas<span class=\"excerpt-hellip\"> [\u2026]<\/span><\/p>\n","protected":false},"author":4,"featured_media":16049,"comment_status":"open","ping_status":"open","sticky":false,"template":"","format":"standard","meta":{"_jetpack_memberships_contains_paid_content":false,"footnotes":"","jetpack_publicize_message":"","jetpack_publicize_feature_enabled":true,"jetpack_social_post_already_shared":false,"jetpack_social_options":{"image_generator_settings":{"template":"highway","default_image_id":0,"enabled":false},"version":2}},"categories":[28,44],"tags":[],"class_list":["post-16044","post","type-post","status-publish","format-standard","has-post-thumbnail","hentry","category-cotidiano","category-noticias"],"yoast_head":"<!-- This site is optimized with the Yoast SEO plugin v25.6 - https:\/\/yoast.com\/wordpress\/plugins\/seo\/ -->\n<title>Trezentas fam\u00edlias selecionadas n\u00e3o retiram cestas b\u00e1sicas na zona norte de Franca - VerdadeOn<\/title>\n<meta name=\"robots\" content=\"index, follow, max-snippet:-1, max-image-preview:large, max-video-preview:-1\" \/>\n<link rel=\"canonical\" href=\"https:\/\/verdadeon.com.br\/portal\/2021\/04\/13\/trezentas-familias-selecionadas-nao-retiram-cestas-basicas-na-zona-norte-de-franca\/\" \/>\n<meta property=\"og:locale\" content=\"pt_BR\" \/>\n<meta property=\"og:type\" content=\"article\" \/>\n<meta property=\"og:title\" content=\"Trezentas fam\u00edlias selecionadas n\u00e3o retiram cestas b\u00e1sicas na zona norte de Franca - VerdadeOn\" \/>\n<meta property=\"og:description\" content=\"Distribui\u00e7\u00e3o aconteceu na segunda e na ter\u00e7a-feira no parque Vicente Leporace, Pelo menos 300 fam\u00edlias selecionadas pela Prefeitura de Franca, n\u00e3o compareceram para retirar as cestas [\u2026]\" \/>\n<meta property=\"og:url\" content=\"https:\/\/verdadeon.com.br\/portal\/2021\/04\/13\/trezentas-familias-selecionadas-nao-retiram-cestas-basicas-na-zona-norte-de-franca\/\" \/>\n<meta property=\"og:site_name\" content=\"VerdadeOn\" \/>\n<meta property=\"article:published_time\" content=\"2021-04-13T23:12:25+00:00\" \/>\n<meta property=\"og:image\" content=\"https:\/\/verdadeon.com.br\/portal\/wp-content\/uploads\/2021\/04\/WhatsApp-Image-2021-04-13-at-19.57.30.jpeg\" \/>\n\t<meta property=\"og:image:width\" content=\"1000\" \/>\n\t<meta property=\"og:image:height\" content=\"670\" \/>\n\t<meta property=\"og:image:type\" content=\"image\/jpeg\" \/>\n<meta name=\"author\" content=\"Fernando Calixto\" \/>\n<meta name=\"twitter:card\" content=\"summary_large_image\" \/>\n<meta name=\"twitter:label1\" content=\"Escrito por\" \/>\n\t<meta name=\"twitter:data1\" content=\"Fernando Calixto\" \/>\n\t<meta name=\"twitter:label2\" content=\"Est. tempo de leitura\" \/>\n\t<meta name=\"twitter:data2\" content=\"2 minutos\" \/>\n<script type=\"application\/ld+json\" class=\"yoast-schema-graph\">{\"@context\":\"https:\/\/schema.org\",\"@graph\":[{\"@type\":\"WebPage\",\"@id\":\"https:\/\/verdadeon.com.br\/portal\/2021\/04\/13\/trezentas-familias-selecionadas-nao-retiram-cestas-basicas-na-zona-norte-de-franca\/\",\"url\":\"https:\/\/verdadeon.com.br\/portal\/2021\/04\/13\/trezentas-familias-selecionadas-nao-retiram-cestas-basicas-na-zona-norte-de-franca\/\",\"name\":\"Trezentas fam\u00edlias selecionadas n\u00e3o retiram cestas b\u00e1sicas na zona norte de Franca - VerdadeOn\",\"isPartOf\":{\"@id\":\"https:\/\/verdadeon.com.br\/portal\/#website\"},\"primaryImageOfPage\":{\"@id\":\"https:\/\/verdadeon.com.br\/portal\/2021\/04\/13\/trezentas-familias-selecionadas-nao-retiram-cestas-basicas-na-zona-norte-de-franca\/#primaryimage\"},\"image\":{\"@id\":\"https:\/\/verdadeon.com.br\/portal\/2021\/04\/13\/trezentas-familias-selecionadas-nao-retiram-cestas-basicas-na-zona-norte-de-franca\/#primaryimage\"},\"thumbnailUrl\":\"https:\/\/i0.wp.com\/verdadeon.com.br\/portal\/wp-content\/uploads\/2021\/04\/WhatsApp-Image-2021-04-13-at-19.57.30.jpeg?fit=1000%2C670&ssl=1\",\"datePublished\":\"2021-04-13T23:12:25+00:00\",\"author\":{\"@id\":\"https:\/\/verdadeon.com.br\/portal\/#\/schema\/person\/8994718f49ee62ba5610471e29ca1f62\"},\"breadcrumb\":{\"@id\":\"https:\/\/verdadeon.com.br\/portal\/2021\/04\/13\/trezentas-familias-selecionadas-nao-retiram-cestas-basicas-na-zona-norte-de-franca\/#breadcrumb\"},\"inLanguage\":\"pt-BR\",\"potentialAction\":[{\"@type\":\"ReadAction\",\"target\":[\"https:\/\/verdadeon.com.br\/portal\/2021\/04\/13\/trezentas-familias-selecionadas-nao-retiram-cestas-basicas-na-zona-norte-de-franca\/\"]}]},{\"@type\":\"ImageObject\",\"inLanguage\":\"pt-BR\",\"@id\":\"https:\/\/verdadeon.com.br\/portal\/2021\/04\/13\/trezentas-familias-selecionadas-nao-retiram-cestas-basicas-na-zona-norte-de-franca\/#primaryimage\",\"url\":\"https:\/\/i0.wp.com\/verdadeon.com.br\/portal\/wp-content\/uploads\/2021\/04\/WhatsApp-Image-2021-04-13-at-19.57.30.jpeg?fit=1000%2C670&ssl=1\",\"contentUrl\":\"https:\/\/i0.wp.com\/verdadeon.com.br\/portal\/wp-content\/uploads\/2021\/04\/WhatsApp-Image-2021-04-13-at-19.57.30.jpeg?fit=1000%2C670&ssl=1\",\"width\":1000,\"height\":670,\"caption\":\"No total quase seis mil cestas ser\u00e3o distribu\u00eddas para fam\u00edlias assistidas pela A\u00e7\u00e3o Social | Foto: Reprodu\u00e7\u00e3o\"},{\"@type\":\"BreadcrumbList\",\"@id\":\"https:\/\/verdadeon.com.br\/portal\/2021\/04\/13\/trezentas-familias-selecionadas-nao-retiram-cestas-basicas-na-zona-norte-de-franca\/#breadcrumb\",\"itemListElement\":[{\"@type\":\"ListItem\",\"position\":1,\"name\":\"In\u00edcio\",\"item\":\"https:\/\/verdadeon.com.br\/portal\/\"},{\"@type\":\"ListItem\",\"position\":2,\"name\":\"Trezentas fam\u00edlias selecionadas n\u00e3o retiram cestas b\u00e1sicas na zona norte de Franca\"}]},{\"@type\":\"WebSite\",\"@id\":\"https:\/\/verdadeon.com.br\/portal\/#website\",\"url\":\"https:\/\/verdadeon.com.br\/portal\/\",\"name\":\"VerdadeOn\",\"description\":\"Not\u00edcias di\u00e1rias sobre Franca, Regi\u00e3o, Esporte, Cultura, Cotidiano, Colunas. Cobertura nos principais eventos da cidade \u00e9 aqui - Verdadeon Franca\",\"potentialAction\":[{\"@type\":\"SearchAction\",\"target\":{\"@type\":\"EntryPoint\",\"urlTemplate\":\"https:\/\/verdadeon.com.br\/portal\/?s={search_term_string}\"},\"query-input\":{\"@type\":\"PropertyValueSpecification\",\"valueRequired\":true,\"valueName\":\"search_term_string\"}}],\"inLanguage\":\"pt-BR\"},{\"@type\":\"Person\",\"@id\":\"https:\/\/verdadeon.com.br\/portal\/#\/schema\/person\/8994718f49ee62ba5610471e29ca1f62\",\"name\":\"Fernando Calixto\",\"image\":{\"@type\":\"ImageObject\",\"inLanguage\":\"pt-BR\",\"@id\":\"https:\/\/verdadeon.com.br\/portal\/#\/schema\/person\/image\/\",\"url\":\"https:\/\/secure.gravatar.com\/avatar\/7578910c24966c0316c340f9dbd601e93ee9f9212e1033968b367af9306bd9fb?s=96&d=mm&r=g\",\"contentUrl\":\"https:\/\/secure.gravatar.com\/avatar\/7578910c24966c0316c340f9dbd601e93ee9f9212e1033968b367af9306bd9fb?s=96&d=mm&r=g\",\"caption\":\"Fernando Calixto\"},\"url\":\"https:\/\/verdadeon.com.br\/portal\/author\/fernando-calixto\/\"}]}<\/script>\n<!-- \/ Yoast SEO plugin. -->","yoast_head_json":{"title":"Trezentas fam\u00edlias selecionadas n\u00e3o retiram cestas b\u00e1sicas na zona norte de Franca - VerdadeOn","robots":{"index":"index","follow":"follow","max-snippet":"max-snippet:-1","max-image-preview":"max-image-preview:large","max-video-preview":"max-video-preview:-1"},"canonical":"https:\/\/verdadeon.com.br\/portal\/2021\/04\/13\/trezentas-familias-selecionadas-nao-retiram-cestas-basicas-na-zona-norte-de-franca\/","og_locale":"pt_BR","og_type":"article","og_title":"Trezentas fam\u00edlias selecionadas n\u00e3o retiram cestas b\u00e1sicas na zona norte de Franca - VerdadeOn","og_description":"Distribui\u00e7\u00e3o aconteceu na segunda e na ter\u00e7a-feira no parque Vicente Leporace, Pelo menos 300 fam\u00edlias selecionadas pela Prefeitura de Franca, n\u00e3o compareceram para retirar as cestas [\u2026]","og_url":"https:\/\/verdadeon.com.br\/portal\/2021\/04\/13\/trezentas-familias-selecionadas-nao-retiram-cestas-basicas-na-zona-norte-de-franca\/","og_site_name":"VerdadeOn","article_published_time":"2021-04-13T23:12:25+00:00","og_image":[{"width":1000,"height":670,"url":"https:\/\/verdadeon.com.br\/portal\/wp-content\/uploads\/2021\/04\/WhatsApp-Image-2021-04-13-at-19.57.30.jpeg","type":"image\/jpeg"}],"author":"Fernando Calixto","twitter_card":"summary_large_image","twitter_misc":{"Escrito por":"Fernando Calixto","Est. tempo de leitura":"2 minutos"},"schema":{"@context":"https:\/\/schema.org","@graph":[{"@type":"WebPage","@id":"https:\/\/verdadeon.com.br\/portal\/2021\/04\/13\/trezentas-familias-selecionadas-nao-retiram-cestas-basicas-na-zona-norte-de-franca\/","url":"https:\/\/verdadeon.com.br\/portal\/2021\/04\/13\/trezentas-familias-selecionadas-nao-retiram-cestas-basicas-na-zona-norte-de-franca\/","name":"Trezentas fam\u00edlias selecionadas n\u00e3o retiram cestas b\u00e1sicas na zona norte de Franca - VerdadeOn","isPartOf":{"@id":"https:\/\/verdadeon.com.br\/portal\/#website"},"primaryImageOfPage":{"@id":"https:\/\/verdadeon.com.br\/portal\/2021\/04\/13\/trezentas-familias-selecionadas-nao-retiram-cestas-basicas-na-zona-norte-de-franca\/#primaryimage"},"image":{"@id":"https:\/\/verdadeon.com.br\/portal\/2021\/04\/13\/trezentas-familias-selecionadas-nao-retiram-cestas-basicas-na-zona-norte-de-franca\/#primaryimage"},"thumbnailUrl":"https:\/\/i0.wp.com\/verdadeon.com.br\/portal\/wp-content\/uploads\/2021\/04\/WhatsApp-Image-2021-04-13-at-19.57.30.jpeg?fit=1000%2C670&ssl=1","datePublished":"2021-04-13T23:12:25+00:00","author":{"@id":"https:\/\/verdadeon.com.br\/portal\/#\/schema\/person\/8994718f49ee62ba5610471e29ca1f62"},"breadcrumb":{"@id":"https:\/\/verdadeon.com.br\/portal\/2021\/04\/13\/trezentas-familias-selecionadas-nao-retiram-cestas-basicas-na-zona-norte-de-franca\/#breadcrumb"},"inLanguage":"pt-BR","potentialAction":[{"@type":"ReadAction","target":["https:\/\/verdadeon.com.br\/portal\/2021\/04\/13\/trezentas-familias-selecionadas-nao-retiram-cestas-basicas-na-zona-norte-de-franca\/"]}]},{"@type":"ImageObject","inLanguage":"pt-BR","@id":"https:\/\/verdadeon.com.br\/portal\/2021\/04\/13\/trezentas-familias-selecionadas-nao-retiram-cestas-basicas-na-zona-norte-de-franca\/#primaryimage","url":"https:\/\/i0.wp.com\/verdadeon.com.br\/portal\/wp-content\/uploads\/2021\/04\/WhatsApp-Image-2021-04-13-at-19.57.30.jpeg?fit=1000%2C670&ssl=1","contentUrl":"https:\/\/i0.wp.com\/verdadeon.com.br\/portal\/wp-content\/uploads\/2021\/04\/WhatsApp-Image-2021-04-13-at-19.57.30.jpeg?fit=1000%2C670&ssl=1","width":1000,"height":670,"caption":"No total quase seis mil cestas ser\u00e3o distribu\u00eddas para fam\u00edlias assistidas pela A\u00e7\u00e3o Social | Foto: Reprodu\u00e7\u00e3o"},{"@type":"BreadcrumbList","@id":"https:\/\/verdadeon.com.br\/portal\/2021\/04\/13\/trezentas-familias-selecionadas-nao-retiram-cestas-basicas-na-zona-norte-de-franca\/#breadcrumb","itemListElement":[{"@type":"ListItem","position":1,"name":"In\u00edcio","item":"https:\/\/verdadeon.com.br\/portal\/"},{"@type":"ListItem","position":2,"name":"Trezentas fam\u00edlias selecionadas n\u00e3o retiram cestas b\u00e1sicas na zona norte de Franca"}]},{"@type":"WebSite","@id":"https:\/\/verdadeon.com.br\/portal\/#website","url":"https:\/\/verdadeon.com.br\/portal\/","name":"VerdadeOn","description":"Not\u00edcias di\u00e1rias sobre Franca, Regi\u00e3o, Esporte, Cultura, Cotidiano, Colunas. Cobertura nos principais eventos da cidade \u00e9 aqui - Verdadeon Franca","potentialAction":[{"@type":"SearchAction","target":{"@type":"EntryPoint","urlTemplate":"https:\/\/verdadeon.com.br\/portal\/?s={search_term_string}"},"query-input":{"@type":"PropertyValueSpecification","valueRequired":true,"valueName":"search_term_string"}}],"inLanguage":"pt-BR"},{"@type":"Person","@id":"https:\/\/verdadeon.com.br\/portal\/#\/schema\/person\/8994718f49ee62ba5610471e29ca1f62","name":"Fernando Calixto","image":{"@type":"ImageObject","inLanguage":"pt-BR","@id":"https:\/\/verdadeon.com.br\/portal\/#\/schema\/person\/image\/","url":"https:\/\/secure.gravatar.com\/avatar\/7578910c24966c0316c340f9dbd601e93ee9f9212e1033968b367af9306bd9fb?s=96&d=mm&r=g","contentUrl":"https:\/\/secure.gravatar.com\/avatar\/7578910c24966c0316c340f9dbd601e93ee9f9212e1033968b367af9306bd9fb?s=96&d=mm&r=g","caption":"Fernando Calixto"},"url":"https:\/\/verdadeon.com.br\/portal\/author\/fernando-calixto\/"}]}},"jetpack_publicize_connections":[],"jetpack_featured_media_url":"https:\/\/i0.wp.com\/verdadeon.com.br\/portal\/wp-content\/uploads\/2021\/04\/WhatsApp-Image-2021-04-13-at-19.57.30.jpeg?fit=1000%2C670&ssl=1","jetpack_sharing_enabled":true,"_links":{"self":[{"href":"https:\/\/verdadeon.com.br\/portal\/wp-json\/wp\/v2\/posts\/16044","targetHints":{"allow":["GET"]}}],"collection":[{"href":"https:\/\/verdadeon.com.br\/portal\/wp-json\/wp\/v2\/posts"}],"about":[{"href":"https:\/\/verdadeon.com.br\/portal\/wp-json\/wp\/v2\/types\/post"}],"author":[{"embeddable":true,"href":"https:\/\/verdadeon.com.br\/portal\/wp-json\/wp\/v2\/users\/4"}],"replies":[{"embeddable":true,"href":"https:\/\/verdadeon.com.br\/portal\/wp-json\/wp\/v2\/comments?post=16044"}],"version-history":[{"count":0,"href":"https:\/\/verdadeon.com.br\/portal\/wp-json\/wp\/v2\/posts\/16044\/revisions"}],"wp:featuredmedia":[{"embeddable":true,"href":"https:\/\/verdadeon.com.br\/portal\/wp-json\/wp\/v2\/media\/16049"}],"wp:attachment":[{"href":"https:\/\/verdadeon.com.br\/portal\/wp-json\/wp\/v2\/media?parent=16044"}],"wp:term":[{"taxonomy":"category","embeddable":true,"href":"https:\/\/verdadeon.com.br\/portal\/wp-json\/wp\/v2\/categories?post=16044"},{"taxonomy":"post_tag","embeddable":true,"href":"https:\/\/verdadeon.com.br\/portal\/wp-json\/wp\/v2\/tags?post=16044"}],"curies":[{"name":"wp","href":"https:\/\/api.w.org\/{rel}","templated":true}]}}