{"id":16038,"date":"2021-04-13T15:38:53","date_gmt":"2021-04-13T18:38:53","guid":{"rendered":"https:\/\/verdadeon.com.br\/portal\/?p=16038"},"modified":"2021-04-13T15:39:54","modified_gmt":"2021-04-13T18:39:54","slug":"patrulha-maria-da-penha-prendeu-12-agressores-este-ano","status":"publish","type":"post","link":"https:\/\/verdadeon.com.br\/portal\/2021\/04\/13\/patrulha-maria-da-penha-prendeu-12-agressores-este-ano\/","title":{"rendered":"Patrulha Maria da Penha prendeu 12 agressores este ano"},"content":{"rendered":"<h2>A Patrulha Maria da Penha foi implantada em Franca em julho de 2020<\/h2>\n<p>A Patrulha Maria da Penha atendeu 88 mulheres v\u00edtimas de viol\u00eancia dom\u00e9stica em Franca nos tr\u00eas primeiros meses deste ano. As a\u00e7\u00f5es resultaram na pris\u00e3o de 12 agressores por descumprimento de medida protetiva.<br \/>\nOs policiais tamb\u00e9m visitaram e orientaram 42 agressores a respeito do descumprimento das medidas. Em 14 ocorr\u00eancias, os autores n\u00e3o estavam no local no momento em que a Pol\u00edcia Militar chegou para atender \u00e0 solicitante. Neste caso, a Patrulha registrou Boletim de Ocorr\u00eancia por infringir a ordem judicial. Al\u00e9m dos atendimentos ainda foram feitas 27 a\u00e7\u00f5es preventivas.<\/p>\n<p>A Patrulha Maria da Penha foi implantada em Franca em julho do ano passado por meio de a\u00e7\u00e3o da deputada estadual Delegada Graciela junto ao comando da Pol\u00edcia Militar. \u201cOs resultados t\u00eam sido muito positivos. Al\u00e9m das pris\u00f5es, tamb\u00e9m s\u00e3o muito importantes as a\u00e7\u00f5es de preven\u00e7\u00e3o. Felizmente, nenhum caso de feminic\u00eddio foi registrado em Franca este ano. A patrulha \u00e9 um grande avan\u00e7o na defesa das mulheres\u201d, comentou a deputada.<br \/>\nA Patrulha \u00e9 composta pelo cabo Tales, cabo Aparecida e soldado Eliadne. A coordena\u00e7\u00e3o \u00e9 de responsabilidade do capit\u00e3o Tiago Melo, comandante da 1\u00aa Companhia da Pol\u00edcia Militar. \u201cDesde o ano passado, a Patrulha vem realizando visitas para as mulheres v\u00edtimas de viol\u00eancia dom\u00e9stica que possuem medidas protetivas expedidas pela Justi\u00e7a. A Patrulha tem como objetivo prevenir os atos de viol\u00eancia contra a mulher, bem como orient\u00e1-las sobre o ciclo de viol\u00eancia que deixa a v\u00edtima amarrada nesta situa\u00e7\u00e3o por muito tempo. Assim como s\u00e3o feitas as visitas para as v\u00edtimas, s\u00e3o feitas visitas aos agressores explicando a medida judicial imposta e as poss\u00edveis consequ\u00eancias do seu descumprimento\u201d, explicou o capit\u00e3o Tiago Melo.<br \/>\nEspecialista em seguran\u00e7a p\u00fablica, o delegado Davi avalia que a Patrulha Maria da Penha \u00e9 importante projeto para combater a viol\u00eancia dom\u00e9stica. \u201cComo delegado de pol\u00edcia, tenho dado total aten\u00e7\u00e3o a este tipo de ocorr\u00eancia. As mulheres precisam de toda prote\u00e7\u00e3o e aten\u00e7\u00e3o das autoridades. A Patrulha, sem d\u00favida, \u00e9 um grande avan\u00e7o para prevenir agress\u00f5es e tamb\u00e9m para prender os autores que descumprem as medidas protetivas\u201d.<\/p>\n<p><img data-recalc-dims=\"1\" loading=\"lazy\" decoding=\"async\" class=\"wp-image-16039 size-full\" src=\"https:\/\/i0.wp.com\/verdadeon.com.br\/portal\/wp-content\/uploads\/2021\/04\/WhatsApp-Image-2021-04-13-at-15.24.57.jpeg?resize=1000%2C670&#038;ssl=1\" alt=\"\" width=\"1000\" height=\"670\" srcset=\"https:\/\/i0.wp.com\/verdadeon.com.br\/portal\/wp-content\/uploads\/2021\/04\/WhatsApp-Image-2021-04-13-at-15.24.57.jpeg?w=1000&amp;ssl=1 1000w, https:\/\/i0.wp.com\/verdadeon.com.br\/portal\/wp-content\/uploads\/2021\/04\/WhatsApp-Image-2021-04-13-at-15.24.57.jpeg?resize=300%2C201&amp;ssl=1 300w, https:\/\/i0.wp.com\/verdadeon.com.br\/portal\/wp-content\/uploads\/2021\/04\/WhatsApp-Image-2021-04-13-at-15.24.57.jpeg?resize=768%2C515&amp;ssl=1 768w, https:\/\/i0.wp.com\/verdadeon.com.br\/portal\/wp-content\/uploads\/2021\/04\/WhatsApp-Image-2021-04-13-at-15.24.57.jpeg?resize=218%2C146&amp;ssl=1 218w, https:\/\/i0.wp.com\/verdadeon.com.br\/portal\/wp-content\/uploads\/2021\/04\/WhatsApp-Image-2021-04-13-at-15.24.57.jpeg?resize=50%2C34&amp;ssl=1 50w, https:\/\/i0.wp.com\/verdadeon.com.br\/portal\/wp-content\/uploads\/2021\/04\/WhatsApp-Image-2021-04-13-at-15.24.57.jpeg?resize=112%2C75&amp;ssl=1 112w\" sizes=\"auto, (max-width: 1000px) 100vw, 1000px\" \/><\/p>\n<p>&nbsp;<\/p>\n<p>&nbsp;<\/p>\n","protected":false},"excerpt":{"rendered":"<p>A Patrulha Maria da Penha foi implantada em Franca em julho de 2020 A Patrulha Maria da Penha atendeu 88 mulheres v\u00edtimas de viol\u00eancia dom\u00e9stica em<span class=\"excerpt-hellip\"> [\u2026]<\/span><\/p>\n","protected":false},"author":4,"featured_media":16040,"comment_status":"open","ping_status":"open","sticky":false,"template":"","format":"standard","meta":{"_jetpack_memberships_contains_paid_content":false,"footnotes":"","jetpack_publicize_message":"","jetpack_publicize_feature_enabled":true,"jetpack_social_post_already_shared":false,"jetpack_social_options":{"image_generator_settings":{"template":"highway","default_image_id":0,"enabled":false},"version":2}},"categories":[28,44],"tags":[],"class_list":["post-16038","post","type-post","status-publish","format-standard","has-post-thumbnail","hentry","category-cotidiano","category-noticias"],"yoast_head":"<!-- This site is optimized with the Yoast SEO plugin v25.6 - https:\/\/yoast.com\/wordpress\/plugins\/seo\/ -->\n<title>Patrulha Maria da Penha prendeu 12 agressores este ano - VerdadeOn<\/title>\n<meta name=\"robots\" content=\"index, follow, max-snippet:-1, max-image-preview:large, max-video-preview:-1\" \/>\n<link rel=\"canonical\" href=\"https:\/\/verdadeon.com.br\/portal\/2021\/04\/13\/patrulha-maria-da-penha-prendeu-12-agressores-este-ano\/\" \/>\n<meta property=\"og:locale\" content=\"pt_BR\" \/>\n<meta property=\"og:type\" content=\"article\" \/>\n<meta property=\"og:title\" content=\"Patrulha Maria da Penha prendeu 12 agressores este ano - VerdadeOn\" \/>\n<meta property=\"og:description\" content=\"A Patrulha Maria da Penha foi implantada em Franca em julho de 2020 A Patrulha Maria da Penha atendeu 88 mulheres v\u00edtimas de viol\u00eancia dom\u00e9stica em [\u2026]\" \/>\n<meta property=\"og:url\" content=\"https:\/\/verdadeon.com.br\/portal\/2021\/04\/13\/patrulha-maria-da-penha-prendeu-12-agressores-este-ano\/\" \/>\n<meta property=\"og:site_name\" content=\"VerdadeOn\" \/>\n<meta property=\"article:published_time\" content=\"2021-04-13T18:38:53+00:00\" \/>\n<meta property=\"article:modified_time\" content=\"2021-04-13T18:39:54+00:00\" \/>\n<meta property=\"og:image\" content=\"https:\/\/verdadeon.com.br\/portal\/wp-content\/uploads\/2021\/04\/WhatsApp-Image-2021-04-13-at-15.24.39-1.jpeg\" \/>\n\t<meta property=\"og:image:width\" content=\"1000\" \/>\n\t<meta property=\"og:image:height\" content=\"670\" \/>\n\t<meta property=\"og:image:type\" content=\"image\/jpeg\" \/>\n<meta name=\"author\" content=\"Fernando Calixto\" \/>\n<meta name=\"twitter:card\" content=\"summary_large_image\" \/>\n<meta name=\"twitter:label1\" content=\"Escrito por\" \/>\n\t<meta name=\"twitter:data1\" content=\"Fernando Calixto\" \/>\n\t<meta name=\"twitter:label2\" content=\"Est. tempo de leitura\" \/>\n\t<meta name=\"twitter:data2\" content=\"2 minutos\" \/>\n<script type=\"application\/ld+json\" class=\"yoast-schema-graph\">{\"@context\":\"https:\/\/schema.org\",\"@graph\":[{\"@type\":\"WebPage\",\"@id\":\"https:\/\/verdadeon.com.br\/portal\/2021\/04\/13\/patrulha-maria-da-penha-prendeu-12-agressores-este-ano\/\",\"url\":\"https:\/\/verdadeon.com.br\/portal\/2021\/04\/13\/patrulha-maria-da-penha-prendeu-12-agressores-este-ano\/\",\"name\":\"Patrulha Maria da Penha prendeu 12 agressores este ano - VerdadeOn\",\"isPartOf\":{\"@id\":\"https:\/\/verdadeon.com.br\/portal\/#website\"},\"primaryImageOfPage\":{\"@id\":\"https:\/\/verdadeon.com.br\/portal\/2021\/04\/13\/patrulha-maria-da-penha-prendeu-12-agressores-este-ano\/#primaryimage\"},\"image\":{\"@id\":\"https:\/\/verdadeon.com.br\/portal\/2021\/04\/13\/patrulha-maria-da-penha-prendeu-12-agressores-este-ano\/#primaryimage\"},\"thumbnailUrl\":\"https:\/\/i0.wp.com\/verdadeon.com.br\/portal\/wp-content\/uploads\/2021\/04\/WhatsApp-Image-2021-04-13-at-15.24.39-1.jpeg?fit=1000%2C670&ssl=1\",\"datePublished\":\"2021-04-13T18:38:53+00:00\",\"dateModified\":\"2021-04-13T18:39:54+00:00\",\"author\":{\"@id\":\"https:\/\/verdadeon.com.br\/portal\/#\/schema\/person\/8994718f49ee62ba5610471e29ca1f62\"},\"breadcrumb\":{\"@id\":\"https:\/\/verdadeon.com.br\/portal\/2021\/04\/13\/patrulha-maria-da-penha-prendeu-12-agressores-este-ano\/#breadcrumb\"},\"inLanguage\":\"pt-BR\",\"potentialAction\":[{\"@type\":\"ReadAction\",\"target\":[\"https:\/\/verdadeon.com.br\/portal\/2021\/04\/13\/patrulha-maria-da-penha-prendeu-12-agressores-este-ano\/\"]}]},{\"@type\":\"ImageObject\",\"inLanguage\":\"pt-BR\",\"@id\":\"https:\/\/verdadeon.com.br\/portal\/2021\/04\/13\/patrulha-maria-da-penha-prendeu-12-agressores-este-ano\/#primaryimage\",\"url\":\"https:\/\/i0.wp.com\/verdadeon.com.br\/portal\/wp-content\/uploads\/2021\/04\/WhatsApp-Image-2021-04-13-at-15.24.39-1.jpeg?fit=1000%2C670&ssl=1\",\"contentUrl\":\"https:\/\/i0.wp.com\/verdadeon.com.br\/portal\/wp-content\/uploads\/2021\/04\/WhatsApp-Image-2021-04-13-at-15.24.39-1.jpeg?fit=1000%2C670&ssl=1\",\"width\":1000,\"height\":670,\"caption\":\"Capit\u00e3o Tiago Melo, Delegado Davi, Deputada Delegada Graciela, soldado Eliadne. cabo Tales, e cabo Aparecida\"},{\"@type\":\"BreadcrumbList\",\"@id\":\"https:\/\/verdadeon.com.br\/portal\/2021\/04\/13\/patrulha-maria-da-penha-prendeu-12-agressores-este-ano\/#breadcrumb\",\"itemListElement\":[{\"@type\":\"ListItem\",\"position\":1,\"name\":\"In\u00edcio\",\"item\":\"https:\/\/verdadeon.com.br\/portal\/\"},{\"@type\":\"ListItem\",\"position\":2,\"name\":\"Patrulha Maria da Penha prendeu 12 agressores este ano\"}]},{\"@type\":\"WebSite\",\"@id\":\"https:\/\/verdadeon.com.br\/portal\/#website\",\"url\":\"https:\/\/verdadeon.com.br\/portal\/\",\"name\":\"VerdadeOn\",\"description\":\"Not\u00edcias di\u00e1rias sobre Franca, Regi\u00e3o, Esporte, Cultura, Cotidiano, Colunas. Cobertura nos principais eventos da cidade \u00e9 aqui - Verdadeon Franca\",\"potentialAction\":[{\"@type\":\"SearchAction\",\"target\":{\"@type\":\"EntryPoint\",\"urlTemplate\":\"https:\/\/verdadeon.com.br\/portal\/?s={search_term_string}\"},\"query-input\":{\"@type\":\"PropertyValueSpecification\",\"valueRequired\":true,\"valueName\":\"search_term_string\"}}],\"inLanguage\":\"pt-BR\"},{\"@type\":\"Person\",\"@id\":\"https:\/\/verdadeon.com.br\/portal\/#\/schema\/person\/8994718f49ee62ba5610471e29ca1f62\",\"name\":\"Fernando Calixto\",\"image\":{\"@type\":\"ImageObject\",\"inLanguage\":\"pt-BR\",\"@id\":\"https:\/\/verdadeon.com.br\/portal\/#\/schema\/person\/image\/\",\"url\":\"https:\/\/secure.gravatar.com\/avatar\/7578910c24966c0316c340f9dbd601e93ee9f9212e1033968b367af9306bd9fb?s=96&d=mm&r=g\",\"contentUrl\":\"https:\/\/secure.gravatar.com\/avatar\/7578910c24966c0316c340f9dbd601e93ee9f9212e1033968b367af9306bd9fb?s=96&d=mm&r=g\",\"caption\":\"Fernando Calixto\"},\"url\":\"https:\/\/verdadeon.com.br\/portal\/author\/fernando-calixto\/\"}]}<\/script>\n<!-- \/ Yoast SEO plugin. -->","yoast_head_json":{"title":"Patrulha Maria da Penha prendeu 12 agressores este ano - VerdadeOn","robots":{"index":"index","follow":"follow","max-snippet":"max-snippet:-1","max-image-preview":"max-image-preview:large","max-video-preview":"max-video-preview:-1"},"canonical":"https:\/\/verdadeon.com.br\/portal\/2021\/04\/13\/patrulha-maria-da-penha-prendeu-12-agressores-este-ano\/","og_locale":"pt_BR","og_type":"article","og_title":"Patrulha Maria da Penha prendeu 12 agressores este ano - VerdadeOn","og_description":"A Patrulha Maria da Penha foi implantada em Franca em julho de 2020 A Patrulha Maria da Penha atendeu 88 mulheres v\u00edtimas de viol\u00eancia dom\u00e9stica em [\u2026]","og_url":"https:\/\/verdadeon.com.br\/portal\/2021\/04\/13\/patrulha-maria-da-penha-prendeu-12-agressores-este-ano\/","og_site_name":"VerdadeOn","article_published_time":"2021-04-13T18:38:53+00:00","article_modified_time":"2021-04-13T18:39:54+00:00","og_image":[{"width":1000,"height":670,"url":"https:\/\/verdadeon.com.br\/portal\/wp-content\/uploads\/2021\/04\/WhatsApp-Image-2021-04-13-at-15.24.39-1.jpeg","type":"image\/jpeg"}],"author":"Fernando Calixto","twitter_card":"summary_large_image","twitter_misc":{"Escrito por":"Fernando Calixto","Est. tempo de leitura":"2 minutos"},"schema":{"@context":"https:\/\/schema.org","@graph":[{"@type":"WebPage","@id":"https:\/\/verdadeon.com.br\/portal\/2021\/04\/13\/patrulha-maria-da-penha-prendeu-12-agressores-este-ano\/","url":"https:\/\/verdadeon.com.br\/portal\/2021\/04\/13\/patrulha-maria-da-penha-prendeu-12-agressores-este-ano\/","name":"Patrulha Maria da Penha prendeu 12 agressores este ano - VerdadeOn","isPartOf":{"@id":"https:\/\/verdadeon.com.br\/portal\/#website"},"primaryImageOfPage":{"@id":"https:\/\/verdadeon.com.br\/portal\/2021\/04\/13\/patrulha-maria-da-penha-prendeu-12-agressores-este-ano\/#primaryimage"},"image":{"@id":"https:\/\/verdadeon.com.br\/portal\/2021\/04\/13\/patrulha-maria-da-penha-prendeu-12-agressores-este-ano\/#primaryimage"},"thumbnailUrl":"https:\/\/i0.wp.com\/verdadeon.com.br\/portal\/wp-content\/uploads\/2021\/04\/WhatsApp-Image-2021-04-13-at-15.24.39-1.jpeg?fit=1000%2C670&ssl=1","datePublished":"2021-04-13T18:38:53+00:00","dateModified":"2021-04-13T18:39:54+00:00","author":{"@id":"https:\/\/verdadeon.com.br\/portal\/#\/schema\/person\/8994718f49ee62ba5610471e29ca1f62"},"breadcrumb":{"@id":"https:\/\/verdadeon.com.br\/portal\/2021\/04\/13\/patrulha-maria-da-penha-prendeu-12-agressores-este-ano\/#breadcrumb"},"inLanguage":"pt-BR","potentialAction":[{"@type":"ReadAction","target":["https:\/\/verdadeon.com.br\/portal\/2021\/04\/13\/patrulha-maria-da-penha-prendeu-12-agressores-este-ano\/"]}]},{"@type":"ImageObject","inLanguage":"pt-BR","@id":"https:\/\/verdadeon.com.br\/portal\/2021\/04\/13\/patrulha-maria-da-penha-prendeu-12-agressores-este-ano\/#primaryimage","url":"https:\/\/i0.wp.com\/verdadeon.com.br\/portal\/wp-content\/uploads\/2021\/04\/WhatsApp-Image-2021-04-13-at-15.24.39-1.jpeg?fit=1000%2C670&ssl=1","contentUrl":"https:\/\/i0.wp.com\/verdadeon.com.br\/portal\/wp-content\/uploads\/2021\/04\/WhatsApp-Image-2021-04-13-at-15.24.39-1.jpeg?fit=1000%2C670&ssl=1","width":1000,"height":670,"caption":"Capit\u00e3o Tiago Melo, Delegado Davi, Deputada Delegada Graciela, soldado Eliadne. cabo Tales, e cabo Aparecida"},{"@type":"BreadcrumbList","@id":"https:\/\/verdadeon.com.br\/portal\/2021\/04\/13\/patrulha-maria-da-penha-prendeu-12-agressores-este-ano\/#breadcrumb","itemListElement":[{"@type":"ListItem","position":1,"name":"In\u00edcio","item":"https:\/\/verdadeon.com.br\/portal\/"},{"@type":"ListItem","position":2,"name":"Patrulha Maria da Penha prendeu 12 agressores este ano"}]},{"@type":"WebSite","@id":"https:\/\/verdadeon.com.br\/portal\/#website","url":"https:\/\/verdadeon.com.br\/portal\/","name":"VerdadeOn","description":"Not\u00edcias di\u00e1rias sobre Franca, Regi\u00e3o, Esporte, Cultura, Cotidiano, Colunas. Cobertura nos principais eventos da cidade \u00e9 aqui - Verdadeon Franca","potentialAction":[{"@type":"SearchAction","target":{"@type":"EntryPoint","urlTemplate":"https:\/\/verdadeon.com.br\/portal\/?s={search_term_string}"},"query-input":{"@type":"PropertyValueSpecification","valueRequired":true,"valueName":"search_term_string"}}],"inLanguage":"pt-BR"},{"@type":"Person","@id":"https:\/\/verdadeon.com.br\/portal\/#\/schema\/person\/8994718f49ee62ba5610471e29ca1f62","name":"Fernando Calixto","image":{"@type":"ImageObject","inLanguage":"pt-BR","@id":"https:\/\/verdadeon.com.br\/portal\/#\/schema\/person\/image\/","url":"https:\/\/secure.gravatar.com\/avatar\/7578910c24966c0316c340f9dbd601e93ee9f9212e1033968b367af9306bd9fb?s=96&d=mm&r=g","contentUrl":"https:\/\/secure.gravatar.com\/avatar\/7578910c24966c0316c340f9dbd601e93ee9f9212e1033968b367af9306bd9fb?s=96&d=mm&r=g","caption":"Fernando Calixto"},"url":"https:\/\/verdadeon.com.br\/portal\/author\/fernando-calixto\/"}]}},"jetpack_publicize_connections":[],"jetpack_featured_media_url":"https:\/\/i0.wp.com\/verdadeon.com.br\/portal\/wp-content\/uploads\/2021\/04\/WhatsApp-Image-2021-04-13-at-15.24.39-1.jpeg?fit=1000%2C670&ssl=1","jetpack_sharing_enabled":true,"_links":{"self":[{"href":"https:\/\/verdadeon.com.br\/portal\/wp-json\/wp\/v2\/posts\/16038","targetHints":{"allow":["GET"]}}],"collection":[{"href":"https:\/\/verdadeon.com.br\/portal\/wp-json\/wp\/v2\/posts"}],"about":[{"href":"https:\/\/verdadeon.com.br\/portal\/wp-json\/wp\/v2\/types\/post"}],"author":[{"embeddable":true,"href":"https:\/\/verdadeon.com.br\/portal\/wp-json\/wp\/v2\/users\/4"}],"replies":[{"embeddable":true,"href":"https:\/\/verdadeon.com.br\/portal\/wp-json\/wp\/v2\/comments?post=16038"}],"version-history":[{"count":0,"href":"https:\/\/verdadeon.com.br\/portal\/wp-json\/wp\/v2\/posts\/16038\/revisions"}],"wp:featuredmedia":[{"embeddable":true,"href":"https:\/\/verdadeon.com.br\/portal\/wp-json\/wp\/v2\/media\/16040"}],"wp:attachment":[{"href":"https:\/\/verdadeon.com.br\/portal\/wp-json\/wp\/v2\/media?parent=16038"}],"wp:term":[{"taxonomy":"category","embeddable":true,"href":"https:\/\/verdadeon.com.br\/portal\/wp-json\/wp\/v2\/categories?post=16038"},{"taxonomy":"post_tag","embeddable":true,"href":"https:\/\/verdadeon.com.br\/portal\/wp-json\/wp\/v2\/tags?post=16038"}],"curies":[{"name":"wp","href":"https:\/\/api.w.org\/{rel}","templated":true}]}}