{"id":15978,"date":"2021-04-10T18:20:38","date_gmt":"2021-04-10T21:20:38","guid":{"rendered":"https:\/\/verdadeon.com.br\/portal\/?p=15978"},"modified":"2021-04-10T18:20:38","modified_gmt":"2021-04-10T21:20:38","slug":"teto-de-gastos-e-reforma-da-previdencia-geraram-economia-de-r-900-bi","status":"publish","type":"post","link":"https:\/\/verdadeon.com.br\/portal\/2021\/04\/10\/teto-de-gastos-e-reforma-da-previdencia-geraram-economia-de-r-900-bi\/","title":{"rendered":"Teto de gastos e reforma da Previd\u00eancia geraram economia de R$ 900 bi"},"content":{"rendered":"<h2>Com juros menores valor deixou de ser incorporado \u00e0 d\u00edvida p\u00fablica<\/h2>\n<p>A d\u00edvida p\u00fablica l\u00edquida deixou de crescer R$ 900 bilh\u00f5es desde o fim de 2016 com o teto federal de gastos e com a reforma da Previd\u00eancia. A estimativa consta de relat\u00f3rio divulgado pela Secretaria de Pol\u00edtica Econ\u00f4mica (SPE) do Minist\u00e9rio da Economia.<br \/>\nO documento comparou a taxa de juros impl\u00edcita na d\u00edvida l\u00edquida do governo central de novembro de 2016, m\u00eas anterior \u00e0 promulga\u00e7\u00e3o do teto de gastos, a dezembro de 2020. Essa taxa caiu de 43,4% ao ano em 2016 para 8,9% ao ano no fim do ano passado, ajudando a conter o endividamento p\u00fablico.<br \/>\nPara chegar \u00e0 estimativa de R$ 900 bilh\u00f5es, o \u00f3rg\u00e3o projetou a evolu\u00e7\u00e3o da d\u00edvida p\u00fablica com as taxas registradas em novembro de 2016. Em seguida, usou o deflator do Produto Interno Bruto (PIB) para corrigir a varia\u00e7\u00e3o.<br \/>\nDe acordo com a SPE, os juros impl\u00edcitos da d\u00edvida p\u00fablica l\u00edquida ficaram em m\u00e9dia 0,32 pontos percentuais ao m\u00eas mais baixos ap\u00f3s a ado\u00e7\u00e3o do teto dos gastos e 1 ponto percentual ao m\u00eas mais baixo ap\u00f3s a reforma do sistema previdenci\u00e1rio.<br \/>\nCaso os juros tivessem permanecido nos n\u00edveis de 2016, a d\u00edvida p\u00fablica l\u00edquida teria encerrado 2020 em R$ 5,28 trilh\u00f5es em dezembro de 2020, diferen\u00e7a de R$ 1,63 trilh\u00e3o em rela\u00e7\u00e3o aos R$ 3,65 trilh\u00f5es observados no fim do ano passado. Ao descontar o deflator do PIB, esse estoque ficaria em R$ 4,55 trilh\u00f5es, diferen\u00e7a de R$ 900 bilh\u00f5es em rela\u00e7\u00e3o ao registrado no fim de 2020.<br \/>\nNas contas da SPE, a economia de R$ 900 bilh\u00f5es obtida em 50 meses \u2013 de novembro de 2016 a dezembro de 2020 \u2013 equivale aproximadamente a 12,16% do Produto Interno Bruto (PIB) anual brasileiro e, tamb\u00e9m, a 28,12 vezes a despesa anual com o Programa Bolsa Fam\u00edlia. De acordo com a secretaria, tal economia fiscal seria suficiente para pagar um aux\u00edlio emergencial de R$ 600 mensais, por 50 meses, para 30,1 milh\u00f5es de brasileiros.<br \/>\nO relat\u00f3rio destaca que a economia fiscal gerada pelo teto de gastos e pela reforma da Previd\u00eancia equivale a R$ 85,4 por m\u00eas para cada brasileiro, considerando o per\u00edodo entre novembro de 2016 e dezembro de 2020. Sem estas emendas constitucionais, cada cidad\u00e3o estaria devendo atualmente um valor adicional de R$ 4.270 na forma de d\u00edvida p\u00fablica.<br \/>\nNo texto, a SPE pede a continuidade das reformas estruturais para que os juros possam continuar reduzidos por longo tempo e permitir a recupera\u00e7\u00e3o da economia brasileira. \u201cAs op\u00e7\u00f5es mais f\u00e1ceis politicamente podem ter profundas implica\u00e7\u00f5es sobre a d\u00edvida p\u00fablica, jogando um \u00f4nus muito alto para as gera\u00e7\u00f5es futuras. As simula\u00e7\u00f5es realizadas neste trabalho d\u00e3o uma ideia bem clara de qu\u00e3o rapidamente a situa\u00e7\u00e3o fiscal de um pa\u00eds pode se deteriorar com o processo de acumula\u00e7\u00e3o de juros\u201d, concluiu o trabalho.<\/p>\n<p>Fonte: Ag\u00eancia Brasil<\/p>\n","protected":false},"excerpt":{"rendered":"<p>Com juros menores valor deixou de ser incorporado \u00e0 d\u00edvida p\u00fablica A d\u00edvida p\u00fablica l\u00edquida deixou de crescer R$ 900 bilh\u00f5es desde o fim de 2016<span class=\"excerpt-hellip\"> [\u2026]<\/span><\/p>\n","protected":false},"author":4,"featured_media":15985,"comment_status":"open","ping_status":"open","sticky":false,"template":"","format":"standard","meta":{"_jetpack_memberships_contains_paid_content":false,"footnotes":"","jetpack_publicize_message":"","jetpack_publicize_feature_enabled":true,"jetpack_social_post_already_shared":false,"jetpack_social_options":{"image_generator_settings":{"template":"highway","default_image_id":0,"enabled":false},"version":2}},"categories":[28,44],"tags":[],"class_list":["post-15978","post","type-post","status-publish","format-standard","has-post-thumbnail","hentry","category-cotidiano","category-noticias"],"yoast_head":"<!-- This site is optimized with the Yoast SEO plugin v25.6 - https:\/\/yoast.com\/wordpress\/plugins\/seo\/ -->\n<title>Teto de gastos e reforma da Previd\u00eancia geraram economia de R$ 900 bi - VerdadeOn<\/title>\n<meta name=\"robots\" content=\"index, follow, max-snippet:-1, max-image-preview:large, max-video-preview:-1\" \/>\n<link rel=\"canonical\" href=\"https:\/\/verdadeon.com.br\/portal\/2021\/04\/10\/teto-de-gastos-e-reforma-da-previdencia-geraram-economia-de-r-900-bi\/\" \/>\n<meta property=\"og:locale\" content=\"pt_BR\" \/>\n<meta property=\"og:type\" content=\"article\" \/>\n<meta property=\"og:title\" content=\"Teto de gastos e reforma da Previd\u00eancia geraram economia de R$ 900 bi - VerdadeOn\" \/>\n<meta property=\"og:description\" content=\"Com juros menores valor deixou de ser incorporado \u00e0 d\u00edvida p\u00fablica A d\u00edvida p\u00fablica l\u00edquida deixou de crescer R$ 900 bilh\u00f5es desde o fim de 2016 [\u2026]\" \/>\n<meta property=\"og:url\" content=\"https:\/\/verdadeon.com.br\/portal\/2021\/04\/10\/teto-de-gastos-e-reforma-da-previdencia-geraram-economia-de-r-900-bi\/\" \/>\n<meta property=\"og:site_name\" content=\"VerdadeOn\" \/>\n<meta property=\"article:published_time\" content=\"2021-04-10T21:20:38+00:00\" \/>\n<meta property=\"og:image\" content=\"https:\/\/verdadeon.com.br\/portal\/wp-content\/uploads\/2021\/04\/WhatsApp-Image-2021-04-10-at-10.47.07.jpeg\" \/>\n\t<meta property=\"og:image:width\" content=\"1000\" \/>\n\t<meta property=\"og:image:height\" content=\"670\" \/>\n\t<meta property=\"og:image:type\" content=\"image\/jpeg\" \/>\n<meta name=\"author\" content=\"Fernando Calixto\" \/>\n<meta name=\"twitter:card\" content=\"summary_large_image\" \/>\n<meta name=\"twitter:label1\" content=\"Escrito por\" \/>\n\t<meta name=\"twitter:data1\" content=\"Fernando Calixto\" \/>\n\t<meta name=\"twitter:label2\" content=\"Est. tempo de leitura\" \/>\n\t<meta name=\"twitter:data2\" content=\"3 minutos\" \/>\n<script type=\"application\/ld+json\" class=\"yoast-schema-graph\">{\"@context\":\"https:\/\/schema.org\",\"@graph\":[{\"@type\":\"WebPage\",\"@id\":\"https:\/\/verdadeon.com.br\/portal\/2021\/04\/10\/teto-de-gastos-e-reforma-da-previdencia-geraram-economia-de-r-900-bi\/\",\"url\":\"https:\/\/verdadeon.com.br\/portal\/2021\/04\/10\/teto-de-gastos-e-reforma-da-previdencia-geraram-economia-de-r-900-bi\/\",\"name\":\"Teto de gastos e reforma da Previd\u00eancia geraram economia de R$ 900 bi - VerdadeOn\",\"isPartOf\":{\"@id\":\"https:\/\/verdadeon.com.br\/portal\/#website\"},\"primaryImageOfPage\":{\"@id\":\"https:\/\/verdadeon.com.br\/portal\/2021\/04\/10\/teto-de-gastos-e-reforma-da-previdencia-geraram-economia-de-r-900-bi\/#primaryimage\"},\"image\":{\"@id\":\"https:\/\/verdadeon.com.br\/portal\/2021\/04\/10\/teto-de-gastos-e-reforma-da-previdencia-geraram-economia-de-r-900-bi\/#primaryimage\"},\"thumbnailUrl\":\"https:\/\/i0.wp.com\/verdadeon.com.br\/portal\/wp-content\/uploads\/2021\/04\/WhatsApp-Image-2021-04-10-at-10.47.07.jpeg?fit=1000%2C670&ssl=1\",\"datePublished\":\"2021-04-10T21:20:38+00:00\",\"author\":{\"@id\":\"https:\/\/verdadeon.com.br\/portal\/#\/schema\/person\/8994718f49ee62ba5610471e29ca1f62\"},\"breadcrumb\":{\"@id\":\"https:\/\/verdadeon.com.br\/portal\/2021\/04\/10\/teto-de-gastos-e-reforma-da-previdencia-geraram-economia-de-r-900-bi\/#breadcrumb\"},\"inLanguage\":\"pt-BR\",\"potentialAction\":[{\"@type\":\"ReadAction\",\"target\":[\"https:\/\/verdadeon.com.br\/portal\/2021\/04\/10\/teto-de-gastos-e-reforma-da-previdencia-geraram-economia-de-r-900-bi\/\"]}]},{\"@type\":\"ImageObject\",\"inLanguage\":\"pt-BR\",\"@id\":\"https:\/\/verdadeon.com.br\/portal\/2021\/04\/10\/teto-de-gastos-e-reforma-da-previdencia-geraram-economia-de-r-900-bi\/#primaryimage\",\"url\":\"https:\/\/i0.wp.com\/verdadeon.com.br\/portal\/wp-content\/uploads\/2021\/04\/WhatsApp-Image-2021-04-10-at-10.47.07.jpeg?fit=1000%2C670&ssl=1\",\"contentUrl\":\"https:\/\/i0.wp.com\/verdadeon.com.br\/portal\/wp-content\/uploads\/2021\/04\/WhatsApp-Image-2021-04-10-at-10.47.07.jpeg?fit=1000%2C670&ssl=1\",\"width\":1000,\"height\":670,\"caption\":\"Caso os juros tivessem permanecido nos n\u00edveis de 2016, a d\u00edvida p\u00fablica l\u00edquida teria encerrado 2020 em R$ 5,28 trilh\u00f5es em dezembro de 2020 | Foto: Ag\u00eancia Brasil\"},{\"@type\":\"BreadcrumbList\",\"@id\":\"https:\/\/verdadeon.com.br\/portal\/2021\/04\/10\/teto-de-gastos-e-reforma-da-previdencia-geraram-economia-de-r-900-bi\/#breadcrumb\",\"itemListElement\":[{\"@type\":\"ListItem\",\"position\":1,\"name\":\"In\u00edcio\",\"item\":\"https:\/\/verdadeon.com.br\/portal\/\"},{\"@type\":\"ListItem\",\"position\":2,\"name\":\"Teto de gastos e reforma da Previd\u00eancia geraram economia de R$ 900 bi\"}]},{\"@type\":\"WebSite\",\"@id\":\"https:\/\/verdadeon.com.br\/portal\/#website\",\"url\":\"https:\/\/verdadeon.com.br\/portal\/\",\"name\":\"VerdadeOn\",\"description\":\"Not\u00edcias di\u00e1rias sobre Franca, Regi\u00e3o, Esporte, Cultura, Cotidiano, Colunas. Cobertura nos principais eventos da cidade \u00e9 aqui - Verdadeon Franca\",\"potentialAction\":[{\"@type\":\"SearchAction\",\"target\":{\"@type\":\"EntryPoint\",\"urlTemplate\":\"https:\/\/verdadeon.com.br\/portal\/?s={search_term_string}\"},\"query-input\":{\"@type\":\"PropertyValueSpecification\",\"valueRequired\":true,\"valueName\":\"search_term_string\"}}],\"inLanguage\":\"pt-BR\"},{\"@type\":\"Person\",\"@id\":\"https:\/\/verdadeon.com.br\/portal\/#\/schema\/person\/8994718f49ee62ba5610471e29ca1f62\",\"name\":\"Fernando Calixto\",\"image\":{\"@type\":\"ImageObject\",\"inLanguage\":\"pt-BR\",\"@id\":\"https:\/\/verdadeon.com.br\/portal\/#\/schema\/person\/image\/\",\"url\":\"https:\/\/secure.gravatar.com\/avatar\/7578910c24966c0316c340f9dbd601e93ee9f9212e1033968b367af9306bd9fb?s=96&d=mm&r=g\",\"contentUrl\":\"https:\/\/secure.gravatar.com\/avatar\/7578910c24966c0316c340f9dbd601e93ee9f9212e1033968b367af9306bd9fb?s=96&d=mm&r=g\",\"caption\":\"Fernando Calixto\"},\"url\":\"https:\/\/verdadeon.com.br\/portal\/author\/fernando-calixto\/\"}]}<\/script>\n<!-- \/ Yoast SEO plugin. -->","yoast_head_json":{"title":"Teto de gastos e reforma da Previd\u00eancia geraram economia de R$ 900 bi - VerdadeOn","robots":{"index":"index","follow":"follow","max-snippet":"max-snippet:-1","max-image-preview":"max-image-preview:large","max-video-preview":"max-video-preview:-1"},"canonical":"https:\/\/verdadeon.com.br\/portal\/2021\/04\/10\/teto-de-gastos-e-reforma-da-previdencia-geraram-economia-de-r-900-bi\/","og_locale":"pt_BR","og_type":"article","og_title":"Teto de gastos e reforma da Previd\u00eancia geraram economia de R$ 900 bi - VerdadeOn","og_description":"Com juros menores valor deixou de ser incorporado \u00e0 d\u00edvida p\u00fablica A d\u00edvida p\u00fablica l\u00edquida deixou de crescer R$ 900 bilh\u00f5es desde o fim de 2016 [\u2026]","og_url":"https:\/\/verdadeon.com.br\/portal\/2021\/04\/10\/teto-de-gastos-e-reforma-da-previdencia-geraram-economia-de-r-900-bi\/","og_site_name":"VerdadeOn","article_published_time":"2021-04-10T21:20:38+00:00","og_image":[{"width":1000,"height":670,"url":"https:\/\/verdadeon.com.br\/portal\/wp-content\/uploads\/2021\/04\/WhatsApp-Image-2021-04-10-at-10.47.07.jpeg","type":"image\/jpeg"}],"author":"Fernando Calixto","twitter_card":"summary_large_image","twitter_misc":{"Escrito por":"Fernando Calixto","Est. tempo de leitura":"3 minutos"},"schema":{"@context":"https:\/\/schema.org","@graph":[{"@type":"WebPage","@id":"https:\/\/verdadeon.com.br\/portal\/2021\/04\/10\/teto-de-gastos-e-reforma-da-previdencia-geraram-economia-de-r-900-bi\/","url":"https:\/\/verdadeon.com.br\/portal\/2021\/04\/10\/teto-de-gastos-e-reforma-da-previdencia-geraram-economia-de-r-900-bi\/","name":"Teto de gastos e reforma da Previd\u00eancia geraram economia de R$ 900 bi - VerdadeOn","isPartOf":{"@id":"https:\/\/verdadeon.com.br\/portal\/#website"},"primaryImageOfPage":{"@id":"https:\/\/verdadeon.com.br\/portal\/2021\/04\/10\/teto-de-gastos-e-reforma-da-previdencia-geraram-economia-de-r-900-bi\/#primaryimage"},"image":{"@id":"https:\/\/verdadeon.com.br\/portal\/2021\/04\/10\/teto-de-gastos-e-reforma-da-previdencia-geraram-economia-de-r-900-bi\/#primaryimage"},"thumbnailUrl":"https:\/\/i0.wp.com\/verdadeon.com.br\/portal\/wp-content\/uploads\/2021\/04\/WhatsApp-Image-2021-04-10-at-10.47.07.jpeg?fit=1000%2C670&ssl=1","datePublished":"2021-04-10T21:20:38+00:00","author":{"@id":"https:\/\/verdadeon.com.br\/portal\/#\/schema\/person\/8994718f49ee62ba5610471e29ca1f62"},"breadcrumb":{"@id":"https:\/\/verdadeon.com.br\/portal\/2021\/04\/10\/teto-de-gastos-e-reforma-da-previdencia-geraram-economia-de-r-900-bi\/#breadcrumb"},"inLanguage":"pt-BR","potentialAction":[{"@type":"ReadAction","target":["https:\/\/verdadeon.com.br\/portal\/2021\/04\/10\/teto-de-gastos-e-reforma-da-previdencia-geraram-economia-de-r-900-bi\/"]}]},{"@type":"ImageObject","inLanguage":"pt-BR","@id":"https:\/\/verdadeon.com.br\/portal\/2021\/04\/10\/teto-de-gastos-e-reforma-da-previdencia-geraram-economia-de-r-900-bi\/#primaryimage","url":"https:\/\/i0.wp.com\/verdadeon.com.br\/portal\/wp-content\/uploads\/2021\/04\/WhatsApp-Image-2021-04-10-at-10.47.07.jpeg?fit=1000%2C670&ssl=1","contentUrl":"https:\/\/i0.wp.com\/verdadeon.com.br\/portal\/wp-content\/uploads\/2021\/04\/WhatsApp-Image-2021-04-10-at-10.47.07.jpeg?fit=1000%2C670&ssl=1","width":1000,"height":670,"caption":"Caso os juros tivessem permanecido nos n\u00edveis de 2016, a d\u00edvida p\u00fablica l\u00edquida teria encerrado 2020 em R$ 5,28 trilh\u00f5es em dezembro de 2020 | Foto: Ag\u00eancia Brasil"},{"@type":"BreadcrumbList","@id":"https:\/\/verdadeon.com.br\/portal\/2021\/04\/10\/teto-de-gastos-e-reforma-da-previdencia-geraram-economia-de-r-900-bi\/#breadcrumb","itemListElement":[{"@type":"ListItem","position":1,"name":"In\u00edcio","item":"https:\/\/verdadeon.com.br\/portal\/"},{"@type":"ListItem","position":2,"name":"Teto de gastos e reforma da Previd\u00eancia geraram economia de R$ 900 bi"}]},{"@type":"WebSite","@id":"https:\/\/verdadeon.com.br\/portal\/#website","url":"https:\/\/verdadeon.com.br\/portal\/","name":"VerdadeOn","description":"Not\u00edcias di\u00e1rias sobre Franca, Regi\u00e3o, Esporte, Cultura, Cotidiano, Colunas. Cobertura nos principais eventos da cidade \u00e9 aqui - Verdadeon Franca","potentialAction":[{"@type":"SearchAction","target":{"@type":"EntryPoint","urlTemplate":"https:\/\/verdadeon.com.br\/portal\/?s={search_term_string}"},"query-input":{"@type":"PropertyValueSpecification","valueRequired":true,"valueName":"search_term_string"}}],"inLanguage":"pt-BR"},{"@type":"Person","@id":"https:\/\/verdadeon.com.br\/portal\/#\/schema\/person\/8994718f49ee62ba5610471e29ca1f62","name":"Fernando Calixto","image":{"@type":"ImageObject","inLanguage":"pt-BR","@id":"https:\/\/verdadeon.com.br\/portal\/#\/schema\/person\/image\/","url":"https:\/\/secure.gravatar.com\/avatar\/7578910c24966c0316c340f9dbd601e93ee9f9212e1033968b367af9306bd9fb?s=96&d=mm&r=g","contentUrl":"https:\/\/secure.gravatar.com\/avatar\/7578910c24966c0316c340f9dbd601e93ee9f9212e1033968b367af9306bd9fb?s=96&d=mm&r=g","caption":"Fernando Calixto"},"url":"https:\/\/verdadeon.com.br\/portal\/author\/fernando-calixto\/"}]}},"jetpack_publicize_connections":[],"jetpack_featured_media_url":"https:\/\/i0.wp.com\/verdadeon.com.br\/portal\/wp-content\/uploads\/2021\/04\/WhatsApp-Image-2021-04-10-at-10.47.07.jpeg?fit=1000%2C670&ssl=1","jetpack_sharing_enabled":true,"_links":{"self":[{"href":"https:\/\/verdadeon.com.br\/portal\/wp-json\/wp\/v2\/posts\/15978","targetHints":{"allow":["GET"]}}],"collection":[{"href":"https:\/\/verdadeon.com.br\/portal\/wp-json\/wp\/v2\/posts"}],"about":[{"href":"https:\/\/verdadeon.com.br\/portal\/wp-json\/wp\/v2\/types\/post"}],"author":[{"embeddable":true,"href":"https:\/\/verdadeon.com.br\/portal\/wp-json\/wp\/v2\/users\/4"}],"replies":[{"embeddable":true,"href":"https:\/\/verdadeon.com.br\/portal\/wp-json\/wp\/v2\/comments?post=15978"}],"version-history":[{"count":0,"href":"https:\/\/verdadeon.com.br\/portal\/wp-json\/wp\/v2\/posts\/15978\/revisions"}],"wp:featuredmedia":[{"embeddable":true,"href":"https:\/\/verdadeon.com.br\/portal\/wp-json\/wp\/v2\/media\/15985"}],"wp:attachment":[{"href":"https:\/\/verdadeon.com.br\/portal\/wp-json\/wp\/v2\/media?parent=15978"}],"wp:term":[{"taxonomy":"category","embeddable":true,"href":"https:\/\/verdadeon.com.br\/portal\/wp-json\/wp\/v2\/categories?post=15978"},{"taxonomy":"post_tag","embeddable":true,"href":"https:\/\/verdadeon.com.br\/portal\/wp-json\/wp\/v2\/tags?post=15978"}],"curies":[{"name":"wp","href":"https:\/\/api.w.org\/{rel}","templated":true}]}}