{"id":15977,"date":"2021-04-10T18:19:13","date_gmt":"2021-04-10T21:19:13","guid":{"rendered":"https:\/\/verdadeon.com.br\/portal\/?p=15977"},"modified":"2021-04-12T16:36:14","modified_gmt":"2021-04-12T19:36:14","slug":"reclamacoes-contra-servicos-da-cpfl-crescem-em-2021","status":"publish","type":"post","link":"https:\/\/verdadeon.com.br\/portal\/2021\/04\/10\/reclamacoes-contra-servicos-da-cpfl-crescem-em-2021\/","title":{"rendered":"Reclama\u00e7\u00f5es contra servi\u00e7os da CPFL crescem em 2021"},"content":{"rendered":"<h6>Atualizada dia 12\/04\/2021 &#8211; as 16:36<\/h6>\n<h2>Aumento \u00e9 de 7.5%. Fam\u00edlias mais simples continuam sendo as mais atingidas, mesmo no momento mais cr\u00edtico da pandemia<\/h2>\n<p>&nbsp;<\/p>\n<p><strong>Fernando Lima<\/strong><\/p>\n<p>Um levantamento feito com exclusividade pelo Jornal Verdade, apontou que em um ano de pandemia o Procon de Franca registrou 237 reclama\u00e7\u00f5es contra os servi\u00e7os prestados pela CPFL na cidade. Inconsist\u00eancia no hist\u00f3rico de consumo; corte sem aviso pr\u00e9vio; consumo acima da m\u00e9dia mensal; parcelamento de d\u00e9bitos e danos el\u00e9tricos encabe\u00e7am as reclama\u00e7\u00f5es dos francanos.<br \/>\nNos quatro primeiros meses deste ano, um dos per\u00edodos mais cr\u00edticos da pandemia no nosso pa\u00eds, as reclama\u00e7\u00f5es sobre os servi\u00e7os da CPFL cresceram, foram 86, enquanto que nos quatro primeiros meses de 2020 elas somavam 80, um aumento de 7,5%.<br \/>\nN\u00e3o s\u00e3o poucas as queixas contra os trabalhos, o coordenador do Procon de Franca, Luis Murari, avaliou que isso significa que o consumidor est\u00e1 mais exigente por um servi\u00e7o melhor. \u201cA pandemia enfraqueceu o poder aquisitivo das fam\u00edlias, principalmente as que j\u00e1 tinham uma vulnerabilidade maior. Ao mesmo tempo essas empresas que prestam servi\u00e7os essenciais como \u00e9 o caso da energia, continuam trabalhando normalmente agora, enviando nomes para o Serasa, mandando cortar o fornecimento. \u00c9 um contraste muito grande\u201d, afirmou.<\/p>\n<h4>Cobran\u00e7a<\/h4>\n<p>As reclama\u00e7\u00f5es contra os servi\u00e7os prestados pela CPFL em Franca foi tema de grande debate na C\u00e2mara Municipal. O vereador Pastor S\u00e9rgio Palamoni, cobrou em uma das suas falas que a empresa cumpra a lei que pro\u00edbe o corte de fornecimento de energia \u00e0s sextas-feiras. De acordo com ele v\u00e1rios mun\u00edcipes procuram a Casa de Leis queixando do corte, especialmente as fam\u00edlias de baixa renda.<br \/>\n\u201cA lei est\u00e1 em vigor e a CPFL tem que cumprir. As pessoas querem ter compreens\u00e3o em um momento t\u00e3o dif\u00edcil, porque \u00e9 muito complicado ficar sem energia. A gente entende que a empresa cumpre o seu trabalho, mas em um momento de pandemia esperava-se mais sensibilidade. Muitos est\u00e3o sem trabalho, tiveram diminui\u00e7\u00e3o de renda e existem relatos de pessoas que com 15, 20 dias de atraso j\u00e1 sofrem press\u00e3o e cobran\u00e7as com o risco de corte. \u00c9 uma situa\u00e7\u00e3o muito dif\u00edcil\u201d, pontuou Palamoni.<br \/>\nEste n\u00e3o foi o \u00fanico tema de discuss\u00e3o no plen\u00e1rio. O vereador Zezinho Cabeleireiro apresentou um requerimento repudiando os servi\u00e7os prestados pela fornecedora. \u201cA CPFL durante muitos anos manteve em Franca-SP um escrit\u00f3rio regional para o atendimento ao p\u00fablico. No entanto, todo atendimento prestado pela CPFL foi transferido para a cidade de Ribeir\u00e3o Preto ou pelo atendimento pelo telefone 0800-101010, ficando em Franca apenas uma parte do escrit\u00f3rio que se resume a realizar apenas chancelas de atos praticados pelo atendimento prec\u00e1rio do 0800-101010. A aus\u00eancia do posto de atendimento da concession\u00e1ria tem causado grande descontentamento, transtornos e in\u00fameras reclama\u00e7\u00f5es de nossos mun\u00edcipes, usu\u00e1rios do servi\u00e7o\u201d, destacou.<br \/>\nO parlamentar apontou ainda que a falta do escrit\u00f3rio prejudica mais uma vez as fam\u00edlias mais carentes de Franca, j\u00e1 que elas s\u00e3o as que mais usam o servi\u00e7o de parcelamento de d\u00edvidas que era feito anteriormente no escrit\u00f3rio. \u201cSubmeto \u00e0 alta aprecia\u00e7\u00e3o do Plen\u00e1rio, a presente Mo\u00e7\u00e3o de Rep\u00fadio \u00e0 Companhia Paulista de For\u00e7a e Luz, pelo p\u00e9ssimo atendimento que vem prestando \u00e0 popula\u00e7\u00e3o de Franca\u201d, finalizou.<\/p>\n<h4>A m\u00e3o pesada do corte<\/h4>\n<p>Atualmente o corte no fornecimento de energia permanece proibido, mas apenas para as fam\u00edlias que est\u00e3o inclu\u00eddas no programa \u201cTarifa Social\u201d. Isso tem causado problemas que mais uma vez atingem justamente as pessoas que mais precisam.<br \/>\n\u00c9 o caso do vendedor Alan Danilo, ele \u00e9 morador da Vila S\u00e3o Sebasti\u00e3o na zona oeste da cidade e trabalha em uma loja de um shopping de Franca. Alan possui um sal\u00e1rio fixo, mas as vendas garantem uma boa comiss\u00e3o, o que agora n\u00e3o acontece mais, o resultado foi uma diminui\u00e7\u00e3o brutal dos rendimentos dele. Na \u00faltima semana o francano teve a energia de casa cortada.<br \/>\n\u201cFoi uma situa\u00e7\u00e3o triste demais, eu sempre paguei todas as contas em dia mas anda muito dif\u00edcil. A minha esposa \u00e9 cabeleireira e tamb\u00e9m est\u00e1 parada sem rendimento algum. Eu estava com duas contas atrasadas e um dos motivos foi o fechamento das lot\u00e9ricas em Franca. Eu estava saindo para fazer o pagamento na segunda-feira quando encontrei com o funcion\u00e1rio da CPFL que ia fazer o corte. Eu avisei para ele que estava indo pagar, mas n\u00e3o adiantou, eles cortaram\u201d, contou.<br \/>\nAlan, a esposa e as crian\u00e7as deles ficaram quase 24h sem energia. O resultado foi a perda de alimentos que s\u00e3o caros a eles, como feij\u00e3o e leite. &#8220;Doeu muito isso\u201d, finalizou o vendedor.<br \/>\nA advogada de Franca, Patr\u00edcia Marchezin confirmou que no caso do corte com atraso n\u00e3o existe nada de ilegal feito pela empresa quando a fam\u00edlia n\u00e3o est\u00e1 inclu\u00edda no programa \u201cTarifa Social\u201d. Para ela faltam pol\u00edticas p\u00fablicas que incluam na proibi\u00e7\u00e3o do corte as fam\u00edlias que perderam renda e emprego por conta da pandemia.<br \/>\n\u201cO Estado tem que ser o garantidor de que essas fam\u00edlias tamb\u00e9m tenham o pleno acesso a esses servi\u00e7os b\u00e1sicos, como energia, \u00e1gua e alimenta\u00e7\u00e3o. Elas deveriam tamb\u00e9m ser inclu\u00eddas em um programa parecido, existe muita gente nessa situa\u00e7\u00e3o porque est\u00e1 impedida de trabalhar\u201d, explicou.<br \/>\nA CPFL foi procurada pela reportagem do Jornal Verdade, atrav\u00e9s de e-mail e telefone, mas at\u00e9 o fechamento desta edi\u00e7\u00e3o n\u00f3s n\u00e3o tivemos um posicionamento da empresa a respeito do assunto.<\/p>\n<p>&nbsp;<\/p>\n<p><strong>Nesta segunda-feira (12), a CPFL respondeu a mat\u00e9ria do Jornal Verdade. Confira a nota na \u00edntegra:<\/strong><br \/>\n&#8220;A CPFL Paulista esclarece que segue as normas estabelecidas pela Ag\u00eancia Nacional de Energia El\u00e9trica (ANEEL) e, em caso de desligamento no fornecimento de energia, os clientes recebem aviso com, no m\u00ednimo, 15 dias de anteced\u00eancia para que possam se regularizar por meio das facilidades dispon\u00edveis nos canais de atendimento da distribuidora. A empresa n\u00e3o realiza corte \u00e0s sextas-feiras e v\u00e9speras de feriados.<br \/>\nPara auxiliar os clientes, a empresa oferece condi\u00e7\u00f5es de pagamento diferenciadas, como pagamento via cart\u00e3o de cr\u00e9dito, Pix, aux\u00edlio emergencial e parcelamento em at\u00e9 seis vezes por meio de boleto. As op\u00e7\u00f5es est\u00e3o dispon\u00edveis no aplicativo CPFL Energia (com navega\u00e7\u00e3o gratuita), site www.cpfl.com.br, SMS 27351 e 0800 010 1010.<br \/>\nA CPFL informa ainda que a Ag\u00eancia Nacional de Energia El\u00e9trica (ANEEL) aprovou medidas a serem implementadas pelas empresas distribuidoras de energia, para adequar alguns aspectos da presta\u00e7\u00e3o de servi\u00e7o ao momento atual de agravamento da pandemia do coronav\u00edrus (COVID-19). At\u00e9 30 de junho, o corte de fornecimento de energia por falta de pagamento foi suspenso para os clientes cadastrados no benef\u00edcio de baixa renda, conhecido como Tarifa Social. Tamb\u00e9m est\u00e1 vedado o corte de energia de unidades consumidoras com equipamentos vitais \u00e0 preserva\u00e7\u00e3o da vida e dependentes de energia el\u00e9trica, al\u00e9m de unidades de sa\u00fade, a exemplo de hospitais e centros de produ\u00e7\u00e3o, armazenamento e distribui\u00e7\u00e3o de vacinas.<br \/>\nEm rela\u00e7\u00e3o \u00e0s reclama\u00e7\u00f5es registradas no Procon, a CPFL Paulista informa que todas s\u00e3o respondidas no prazo estabelecido pelo \u00f3rg\u00e3o.&#8221;<\/p>\n","protected":false},"excerpt":{"rendered":"<p>Atualizada dia 12\/04\/2021 &#8211; as 16:36 Aumento \u00e9 de 7.5%. Fam\u00edlias mais simples continuam sendo as mais atingidas, mesmo no momento mais cr\u00edtico da pandemia &nbsp;<span class=\"excerpt-hellip\"> [\u2026]<\/span><\/p>\n","protected":false},"author":4,"featured_media":15982,"comment_status":"open","ping_status":"open","sticky":false,"template":"","format":"standard","meta":{"_jetpack_memberships_contains_paid_content":false,"footnotes":"","jetpack_publicize_message":"","jetpack_publicize_feature_enabled":true,"jetpack_social_post_already_shared":false,"jetpack_social_options":{"image_generator_settings":{"template":"highway","default_image_id":0,"enabled":false},"version":2}},"categories":[28,81],"tags":[],"class_list":["post-15977","post","type-post","status-publish","format-standard","has-post-thumbnail","hentry","category-cotidiano","category-manchete"],"yoast_head":"<!-- This site is optimized with the Yoast SEO plugin v25.6 - https:\/\/yoast.com\/wordpress\/plugins\/seo\/ -->\n<title>Reclama\u00e7\u00f5es contra servi\u00e7os da CPFL crescem em 2021 - VerdadeOn<\/title>\n<meta name=\"robots\" content=\"index, follow, max-snippet:-1, max-image-preview:large, max-video-preview:-1\" \/>\n<link rel=\"canonical\" href=\"https:\/\/verdadeon.com.br\/portal\/2021\/04\/10\/reclamacoes-contra-servicos-da-cpfl-crescem-em-2021\/\" \/>\n<meta property=\"og:locale\" content=\"pt_BR\" \/>\n<meta property=\"og:type\" content=\"article\" \/>\n<meta property=\"og:title\" content=\"Reclama\u00e7\u00f5es contra servi\u00e7os da CPFL crescem em 2021 - VerdadeOn\" \/>\n<meta property=\"og:description\" content=\"Atualizada dia 12\/04\/2021 &#8211; as 16:36 Aumento \u00e9 de 7.5%. Fam\u00edlias mais simples continuam sendo as mais atingidas, mesmo no momento mais cr\u00edtico da pandemia &nbsp; [\u2026]\" \/>\n<meta property=\"og:url\" content=\"https:\/\/verdadeon.com.br\/portal\/2021\/04\/10\/reclamacoes-contra-servicos-da-cpfl-crescem-em-2021\/\" \/>\n<meta property=\"og:site_name\" content=\"VerdadeOn\" \/>\n<meta property=\"article:published_time\" content=\"2021-04-10T21:19:13+00:00\" \/>\n<meta property=\"article:modified_time\" content=\"2021-04-12T19:36:14+00:00\" \/>\n<meta property=\"og:image\" content=\"https:\/\/verdadeon.com.br\/portal\/wp-content\/uploads\/2021\/04\/WhatsApp-Image-2021-04-10-at-09.26.06.jpeg\" \/>\n\t<meta property=\"og:image:width\" content=\"1000\" \/>\n\t<meta property=\"og:image:height\" content=\"670\" \/>\n\t<meta property=\"og:image:type\" content=\"image\/jpeg\" \/>\n<meta name=\"author\" content=\"Fernando Calixto\" \/>\n<meta name=\"twitter:card\" content=\"summary_large_image\" \/>\n<meta name=\"twitter:label1\" content=\"Escrito por\" \/>\n\t<meta name=\"twitter:data1\" content=\"Fernando Calixto\" \/>\n\t<meta name=\"twitter:label2\" content=\"Est. tempo de leitura\" \/>\n\t<meta name=\"twitter:data2\" content=\"5 minutos\" \/>\n<script type=\"application\/ld+json\" class=\"yoast-schema-graph\">{\"@context\":\"https:\/\/schema.org\",\"@graph\":[{\"@type\":\"WebPage\",\"@id\":\"https:\/\/verdadeon.com.br\/portal\/2021\/04\/10\/reclamacoes-contra-servicos-da-cpfl-crescem-em-2021\/\",\"url\":\"https:\/\/verdadeon.com.br\/portal\/2021\/04\/10\/reclamacoes-contra-servicos-da-cpfl-crescem-em-2021\/\",\"name\":\"Reclama\u00e7\u00f5es contra servi\u00e7os da CPFL crescem em 2021 - VerdadeOn\",\"isPartOf\":{\"@id\":\"https:\/\/verdadeon.com.br\/portal\/#website\"},\"primaryImageOfPage\":{\"@id\":\"https:\/\/verdadeon.com.br\/portal\/2021\/04\/10\/reclamacoes-contra-servicos-da-cpfl-crescem-em-2021\/#primaryimage\"},\"image\":{\"@id\":\"https:\/\/verdadeon.com.br\/portal\/2021\/04\/10\/reclamacoes-contra-servicos-da-cpfl-crescem-em-2021\/#primaryimage\"},\"thumbnailUrl\":\"https:\/\/i0.wp.com\/verdadeon.com.br\/portal\/wp-content\/uploads\/2021\/04\/WhatsApp-Image-2021-04-10-at-09.26.06.jpeg?fit=1000%2C670&ssl=1\",\"datePublished\":\"2021-04-10T21:19:13+00:00\",\"dateModified\":\"2021-04-12T19:36:14+00:00\",\"author\":{\"@id\":\"https:\/\/verdadeon.com.br\/portal\/#\/schema\/person\/8994718f49ee62ba5610471e29ca1f62\"},\"breadcrumb\":{\"@id\":\"https:\/\/verdadeon.com.br\/portal\/2021\/04\/10\/reclamacoes-contra-servicos-da-cpfl-crescem-em-2021\/#breadcrumb\"},\"inLanguage\":\"pt-BR\",\"potentialAction\":[{\"@type\":\"ReadAction\",\"target\":[\"https:\/\/verdadeon.com.br\/portal\/2021\/04\/10\/reclamacoes-contra-servicos-da-cpfl-crescem-em-2021\/\"]}]},{\"@type\":\"ImageObject\",\"inLanguage\":\"pt-BR\",\"@id\":\"https:\/\/verdadeon.com.br\/portal\/2021\/04\/10\/reclamacoes-contra-servicos-da-cpfl-crescem-em-2021\/#primaryimage\",\"url\":\"https:\/\/i0.wp.com\/verdadeon.com.br\/portal\/wp-content\/uploads\/2021\/04\/WhatsApp-Image-2021-04-10-at-09.26.06.jpeg?fit=1000%2C670&ssl=1\",\"contentUrl\":\"https:\/\/i0.wp.com\/verdadeon.com.br\/portal\/wp-content\/uploads\/2021\/04\/WhatsApp-Image-2021-04-10-at-09.26.06.jpeg?fit=1000%2C670&ssl=1\",\"width\":1000,\"height\":670,\"caption\":\"Ap\u00f3s ficar quase 24h sem energia, fam\u00edlia assalariada perdeu feij\u00e3o, leite e outros alimentos | Foto: Arquivo pessoal\"},{\"@type\":\"BreadcrumbList\",\"@id\":\"https:\/\/verdadeon.com.br\/portal\/2021\/04\/10\/reclamacoes-contra-servicos-da-cpfl-crescem-em-2021\/#breadcrumb\",\"itemListElement\":[{\"@type\":\"ListItem\",\"position\":1,\"name\":\"In\u00edcio\",\"item\":\"https:\/\/verdadeon.com.br\/portal\/\"},{\"@type\":\"ListItem\",\"position\":2,\"name\":\"Reclama\u00e7\u00f5es contra servi\u00e7os da CPFL crescem em 2021\"}]},{\"@type\":\"WebSite\",\"@id\":\"https:\/\/verdadeon.com.br\/portal\/#website\",\"url\":\"https:\/\/verdadeon.com.br\/portal\/\",\"name\":\"VerdadeOn\",\"description\":\"Not\u00edcias di\u00e1rias sobre Franca, Regi\u00e3o, Esporte, Cultura, Cotidiano, Colunas. Cobertura nos principais eventos da cidade \u00e9 aqui - Verdadeon Franca\",\"potentialAction\":[{\"@type\":\"SearchAction\",\"target\":{\"@type\":\"EntryPoint\",\"urlTemplate\":\"https:\/\/verdadeon.com.br\/portal\/?s={search_term_string}\"},\"query-input\":{\"@type\":\"PropertyValueSpecification\",\"valueRequired\":true,\"valueName\":\"search_term_string\"}}],\"inLanguage\":\"pt-BR\"},{\"@type\":\"Person\",\"@id\":\"https:\/\/verdadeon.com.br\/portal\/#\/schema\/person\/8994718f49ee62ba5610471e29ca1f62\",\"name\":\"Fernando Calixto\",\"image\":{\"@type\":\"ImageObject\",\"inLanguage\":\"pt-BR\",\"@id\":\"https:\/\/verdadeon.com.br\/portal\/#\/schema\/person\/image\/\",\"url\":\"https:\/\/secure.gravatar.com\/avatar\/7578910c24966c0316c340f9dbd601e93ee9f9212e1033968b367af9306bd9fb?s=96&d=mm&r=g\",\"contentUrl\":\"https:\/\/secure.gravatar.com\/avatar\/7578910c24966c0316c340f9dbd601e93ee9f9212e1033968b367af9306bd9fb?s=96&d=mm&r=g\",\"caption\":\"Fernando Calixto\"},\"url\":\"https:\/\/verdadeon.com.br\/portal\/author\/fernando-calixto\/\"}]}<\/script>\n<!-- \/ Yoast SEO plugin. -->","yoast_head_json":{"title":"Reclama\u00e7\u00f5es contra servi\u00e7os da CPFL crescem em 2021 - VerdadeOn","robots":{"index":"index","follow":"follow","max-snippet":"max-snippet:-1","max-image-preview":"max-image-preview:large","max-video-preview":"max-video-preview:-1"},"canonical":"https:\/\/verdadeon.com.br\/portal\/2021\/04\/10\/reclamacoes-contra-servicos-da-cpfl-crescem-em-2021\/","og_locale":"pt_BR","og_type":"article","og_title":"Reclama\u00e7\u00f5es contra servi\u00e7os da CPFL crescem em 2021 - VerdadeOn","og_description":"Atualizada dia 12\/04\/2021 &#8211; as 16:36 Aumento \u00e9 de 7.5%. Fam\u00edlias mais simples continuam sendo as mais atingidas, mesmo no momento mais cr\u00edtico da pandemia &nbsp; [\u2026]","og_url":"https:\/\/verdadeon.com.br\/portal\/2021\/04\/10\/reclamacoes-contra-servicos-da-cpfl-crescem-em-2021\/","og_site_name":"VerdadeOn","article_published_time":"2021-04-10T21:19:13+00:00","article_modified_time":"2021-04-12T19:36:14+00:00","og_image":[{"width":1000,"height":670,"url":"https:\/\/verdadeon.com.br\/portal\/wp-content\/uploads\/2021\/04\/WhatsApp-Image-2021-04-10-at-09.26.06.jpeg","type":"image\/jpeg"}],"author":"Fernando Calixto","twitter_card":"summary_large_image","twitter_misc":{"Escrito por":"Fernando Calixto","Est. tempo de leitura":"5 minutos"},"schema":{"@context":"https:\/\/schema.org","@graph":[{"@type":"WebPage","@id":"https:\/\/verdadeon.com.br\/portal\/2021\/04\/10\/reclamacoes-contra-servicos-da-cpfl-crescem-em-2021\/","url":"https:\/\/verdadeon.com.br\/portal\/2021\/04\/10\/reclamacoes-contra-servicos-da-cpfl-crescem-em-2021\/","name":"Reclama\u00e7\u00f5es contra servi\u00e7os da CPFL crescem em 2021 - VerdadeOn","isPartOf":{"@id":"https:\/\/verdadeon.com.br\/portal\/#website"},"primaryImageOfPage":{"@id":"https:\/\/verdadeon.com.br\/portal\/2021\/04\/10\/reclamacoes-contra-servicos-da-cpfl-crescem-em-2021\/#primaryimage"},"image":{"@id":"https:\/\/verdadeon.com.br\/portal\/2021\/04\/10\/reclamacoes-contra-servicos-da-cpfl-crescem-em-2021\/#primaryimage"},"thumbnailUrl":"https:\/\/i0.wp.com\/verdadeon.com.br\/portal\/wp-content\/uploads\/2021\/04\/WhatsApp-Image-2021-04-10-at-09.26.06.jpeg?fit=1000%2C670&ssl=1","datePublished":"2021-04-10T21:19:13+00:00","dateModified":"2021-04-12T19:36:14+00:00","author":{"@id":"https:\/\/verdadeon.com.br\/portal\/#\/schema\/person\/8994718f49ee62ba5610471e29ca1f62"},"breadcrumb":{"@id":"https:\/\/verdadeon.com.br\/portal\/2021\/04\/10\/reclamacoes-contra-servicos-da-cpfl-crescem-em-2021\/#breadcrumb"},"inLanguage":"pt-BR","potentialAction":[{"@type":"ReadAction","target":["https:\/\/verdadeon.com.br\/portal\/2021\/04\/10\/reclamacoes-contra-servicos-da-cpfl-crescem-em-2021\/"]}]},{"@type":"ImageObject","inLanguage":"pt-BR","@id":"https:\/\/verdadeon.com.br\/portal\/2021\/04\/10\/reclamacoes-contra-servicos-da-cpfl-crescem-em-2021\/#primaryimage","url":"https:\/\/i0.wp.com\/verdadeon.com.br\/portal\/wp-content\/uploads\/2021\/04\/WhatsApp-Image-2021-04-10-at-09.26.06.jpeg?fit=1000%2C670&ssl=1","contentUrl":"https:\/\/i0.wp.com\/verdadeon.com.br\/portal\/wp-content\/uploads\/2021\/04\/WhatsApp-Image-2021-04-10-at-09.26.06.jpeg?fit=1000%2C670&ssl=1","width":1000,"height":670,"caption":"Ap\u00f3s ficar quase 24h sem energia, fam\u00edlia assalariada perdeu feij\u00e3o, leite e outros alimentos | Foto: Arquivo pessoal"},{"@type":"BreadcrumbList","@id":"https:\/\/verdadeon.com.br\/portal\/2021\/04\/10\/reclamacoes-contra-servicos-da-cpfl-crescem-em-2021\/#breadcrumb","itemListElement":[{"@type":"ListItem","position":1,"name":"In\u00edcio","item":"https:\/\/verdadeon.com.br\/portal\/"},{"@type":"ListItem","position":2,"name":"Reclama\u00e7\u00f5es contra servi\u00e7os da CPFL crescem em 2021"}]},{"@type":"WebSite","@id":"https:\/\/verdadeon.com.br\/portal\/#website","url":"https:\/\/verdadeon.com.br\/portal\/","name":"VerdadeOn","description":"Not\u00edcias di\u00e1rias sobre Franca, Regi\u00e3o, Esporte, Cultura, Cotidiano, Colunas. Cobertura nos principais eventos da cidade \u00e9 aqui - Verdadeon Franca","potentialAction":[{"@type":"SearchAction","target":{"@type":"EntryPoint","urlTemplate":"https:\/\/verdadeon.com.br\/portal\/?s={search_term_string}"},"query-input":{"@type":"PropertyValueSpecification","valueRequired":true,"valueName":"search_term_string"}}],"inLanguage":"pt-BR"},{"@type":"Person","@id":"https:\/\/verdadeon.com.br\/portal\/#\/schema\/person\/8994718f49ee62ba5610471e29ca1f62","name":"Fernando Calixto","image":{"@type":"ImageObject","inLanguage":"pt-BR","@id":"https:\/\/verdadeon.com.br\/portal\/#\/schema\/person\/image\/","url":"https:\/\/secure.gravatar.com\/avatar\/7578910c24966c0316c340f9dbd601e93ee9f9212e1033968b367af9306bd9fb?s=96&d=mm&r=g","contentUrl":"https:\/\/secure.gravatar.com\/avatar\/7578910c24966c0316c340f9dbd601e93ee9f9212e1033968b367af9306bd9fb?s=96&d=mm&r=g","caption":"Fernando Calixto"},"url":"https:\/\/verdadeon.com.br\/portal\/author\/fernando-calixto\/"}]}},"jetpack_publicize_connections":[],"jetpack_featured_media_url":"https:\/\/i0.wp.com\/verdadeon.com.br\/portal\/wp-content\/uploads\/2021\/04\/WhatsApp-Image-2021-04-10-at-09.26.06.jpeg?fit=1000%2C670&ssl=1","jetpack_sharing_enabled":true,"_links":{"self":[{"href":"https:\/\/verdadeon.com.br\/portal\/wp-json\/wp\/v2\/posts\/15977","targetHints":{"allow":["GET"]}}],"collection":[{"href":"https:\/\/verdadeon.com.br\/portal\/wp-json\/wp\/v2\/posts"}],"about":[{"href":"https:\/\/verdadeon.com.br\/portal\/wp-json\/wp\/v2\/types\/post"}],"author":[{"embeddable":true,"href":"https:\/\/verdadeon.com.br\/portal\/wp-json\/wp\/v2\/users\/4"}],"replies":[{"embeddable":true,"href":"https:\/\/verdadeon.com.br\/portal\/wp-json\/wp\/v2\/comments?post=15977"}],"version-history":[{"count":0,"href":"https:\/\/verdadeon.com.br\/portal\/wp-json\/wp\/v2\/posts\/15977\/revisions"}],"wp:featuredmedia":[{"embeddable":true,"href":"https:\/\/verdadeon.com.br\/portal\/wp-json\/wp\/v2\/media\/15982"}],"wp:attachment":[{"href":"https:\/\/verdadeon.com.br\/portal\/wp-json\/wp\/v2\/media?parent=15977"}],"wp:term":[{"taxonomy":"category","embeddable":true,"href":"https:\/\/verdadeon.com.br\/portal\/wp-json\/wp\/v2\/categories?post=15977"},{"taxonomy":"post_tag","embeddable":true,"href":"https:\/\/verdadeon.com.br\/portal\/wp-json\/wp\/v2\/tags?post=15977"}],"curies":[{"name":"wp","href":"https:\/\/api.w.org\/{rel}","templated":true}]}}