{"id":15966,"date":"2021-04-10T07:00:48","date_gmt":"2021-04-10T10:00:48","guid":{"rendered":"https:\/\/verdadeon.com.br\/portal\/?p=15966"},"modified":"2021-04-09T22:11:54","modified_gmt":"2021-04-10T01:11:54","slug":"perdoar-liberta","status":"publish","type":"post","link":"https:\/\/verdadeon.com.br\/portal\/2021\/04\/10\/perdoar-liberta\/","title":{"rendered":"Perdoar liberta!"},"content":{"rendered":"<p class=\"p1\">Voc\u00ea sabe o que \u00e9 perdoar? Como voc\u00ea lida com algo que o magoa e precisa passar pelo processo de perd\u00e3o?<\/p>\n<p class=\"p1\">Nossa personalidade \u00e9 composta por experi\u00eancias e pessoas com as quais convivemos diariamente, mas aquilo que vivemos, especialmente at\u00e9 aos 12 anos, est\u00e1 enraizado em n\u00f3s, sejam coisas boas ou n\u00e3o.<\/p>\n<p class=\"p1\">Muitas vezes, nossos traumas do passado nos levam a ter dificuldade de agir deste ou daquele modo, somos respons\u00e1veis pelas nossas atitudes a partir dos sentimentos que temos.<\/p>\n<p class=\"p1\">Quando uma fratura emocional est\u00e1 viva em n\u00f3s, tendemos a repetir comportamentos aprendidos quando crian\u00e7as, pois alimentamos um v\u00edcio emocional e, como em um ciclo, atra\u00edmos, novamente, circunst\u00e2ncias que nos fazem ter sentimentos parecidos com o que gerou o trauma.<\/p>\n<p class=\"p1\">Como ent\u00e3o acabar com esse ciclo??? Perdoando!!! N\u00e3o importa quem causou ou o que causou tal fato, quando somos donos de nossas vidas e nos responsabilizamos por cada passo ap\u00f3s o ocorrido, ao perdoar quebramos os sentimentos t\u00f3xicos produzidos pelo gatilho da ofensa e temos uma vida mais feliz e abundante.<\/p>\n<p class=\"p1\">Perdoar \u00e9 a mais pura express\u00e3o de amor com o outro e consigo mesmo, \u00e9 deixar para traz, seguindo adiante com o aprendizado tirado da situa\u00e7\u00e3o .Independentemente da raz\u00e3o, perdoar \u00e9 amar&#8230; A falta de perd\u00e3o, comprovadamente, desencadeia doen\u00e7as emocionais e f\u00edsicas, que v\u00e3o desde dores musculares, depress\u00e3o e at\u00e9 c\u00e2ncer.<\/p>\n<p class=\"p1\">O perd\u00e3o \u00e9 um processo que devemos praticar incont\u00e1veis vezes, sempre que for necess\u00e1rio, precisa ter comprometimento consigo para gerar paz mental. Etapas como: identificar o que causou; escrever ou compartilhar com algu\u00e9m de confian\u00e7a s\u00e3o maneiras de buscar o entendimento, para praticar o perd\u00e3o. Nem sempre aquele que \u00e9 perdoado compreende nossa atitude e chega at\u00e9 a zombar de n\u00f3s, assim, a aceita\u00e7\u00e3o e n\u00e3o se castigar pelo ocorrido, deixando o sentimento ruim ser passado, faz com que nossa vida flua, bem como ressignificar o fato ocorrido, tornando-nos protagonistas de uma nova hist\u00f3ria e<span class=\"Apple-converted-space\">\u00a0 <\/span>gerando menos sofrimento quando tivermos de lidar com circunst\u00e2ncias semelhantes no futuro.<\/p>\n<p class=\"p1\">Para abrir o cora\u00e7\u00e3o e a mente ao perd\u00e3o, \u00e9 preciso superar o obst\u00e1culo imposto pela convic\u00e7\u00e3o de que o passado se repetir\u00e1 no futuro. O prop\u00f3sito do perd\u00e3o \u00e9 libertar-nos do passado. O perd\u00e3o \u00e9 o melhor caminho para a felicidade e um r\u00e1pido caminho para superar o sofrimento.<\/p>\n<p class=\"p1\">\u00c9 preciso aprender a perdoar para que as feridas sejam curadas. Perdoar faz com que melhoramos a sa\u00fade f\u00edsica, gera maturidade emocional, muda nossa atitude em rela\u00e7\u00e3o \u00e0 vida, melhora as rela\u00e7\u00f5es e nos faz mais pr\u00f3speros.<\/p>\n<p class=\"p1\">Como perdoar? Busque entender por que a pessoa fez o que fez: ser\u00e1 que n\u00e3o era um mecanismo de defesa ou que estava sofrendo com quest\u00f5es psicol\u00f3gicas? N\u00e3o fique remoendo o passado, \u00e9 preciso recome\u00e7ar, reconhecer a injusti\u00e7a e reparar os danos poss\u00edveis, sem evocar na mem\u00f3ria, constantemente, o fato; ver a pessoa al\u00e9m do erro; aprender a ouvir, compreendendo o fato por inteiro. E, se o perd\u00e3o for para si mesmo, procure o lado positivo, aprenda com o erro, n\u00e3o se auto castigue e lembre-se de que seus erros n\u00e3o o definem.<\/p>\n<p class=\"p1\">Frequentemente, quem precisa liberar perd\u00e3o sente altera\u00e7\u00f5es f\u00edsicas como irrita\u00e7\u00e3o de garganta, gripe, dor no pesco\u00e7o, dor nos joelhos e, at\u00e9 mesmo,<span class=\"Apple-converted-space\">\u00a0 <\/span>inflama\u00e7\u00e3o na gengiva. Estamos conectados em mente e corpo e a Organiza\u00e7\u00e3o Mundial de Sa\u00fade (OMS) alega que n\u00e3o \u00e9 poss\u00edvel separ\u00e1-los. Um dos sistemas respons\u00e1veis pelo processamento de informa\u00e7\u00f5es \u00e9 o l\u00edmbico que possui fun\u00e7\u00e3o de controle emocional. Esse sistema est\u00e1 ligado aos est\u00edmulos sensoriais e os processa atrav\u00e9s do hipot\u00e1lamo que envia est\u00edmulos para o restante do corpo, regulando o controle emocional para manter equil\u00edbrio em nosso organismo. Quando as emo\u00e7\u00f5es est\u00e3o em desordem ocorre a somatiza\u00e7\u00e3o, ou seja, uma altera\u00e7\u00e3o fisiol\u00f3gica causada de modo emocional. E, n\u00e3o \u00e9 diferente do perd\u00e3o que influencia no bem estar biopsicossocial.<\/p>\n<p class=\"p1\">E, se voc\u00ea ainda quer mais um motivo para praticar o perd\u00e3o, a Universidade Duke, em 2011, nos Estados Unidos, apontou que o perd\u00e3o melhora o sistema imunol\u00f3gico. Al\u00e9m de reduzir a press\u00e3o arterial e prevenir problemas de cora\u00e7\u00e3o, reduz a tens\u00e3o muscular, melhora a qualidade do sono,<span class=\"Apple-converted-space\">\u00a0 <\/span>protege contra efeitos negativos do estresse, pois reduz<span class=\"Apple-converted-space\">\u00a0 <\/span>os n\u00edveis do horm\u00f4nio cortisol.<\/p>\n<p class=\"p1\">Enfim, o perd\u00e3o faz bem para o corpo, para a mente, para as rela\u00e7\u00f5es e para se descobrir no mundo, sendo indispens\u00e1vel para cumprirmos nossa miss\u00e3o, que \u00e9 transformadora no mundo. E, a psicoterapia poder\u00e1 promover o bem estar integral e qualidade de vida, muitas vezes, prejudicadas por dores f\u00edsicas e sentimentos t\u00f3xicos.<\/p>\n<p class=\"p1\">Como diria Willian Shakespeare \u201co perd\u00e3o cai como chuva do c\u00e9u na terra. \u00c9 duas vezes aben\u00e7oado: aben\u00e7oa quem d\u00e1 e quem o recebe\u201d.<\/p>\n<p class=\"p1\">O processo de perd\u00e3o muitas vezes demanda tempo, por\u00e9m: Errar \u00e9 humano, mas perdoar \u00e9 divino! Perdoe e viva uma vida com mais b\u00ean\u00e7\u00e3os!<\/p>\n<p>&nbsp;<\/p>\n<p class=\"p1\">Renata Comparini<\/p>\n<p class=\"p2\">Psic\u00f3loga<\/p>\n","protected":false},"excerpt":{"rendered":"<p>Voc\u00ea sabe o que \u00e9 perdoar? Como voc\u00ea lida com algo que o magoa e precisa passar pelo processo de perd\u00e3o? Nossa personalidade \u00e9 composta por<span class=\"excerpt-hellip\"> [\u2026]<\/span><\/p>\n","protected":false},"author":4,"featured_media":0,"comment_status":"open","ping_status":"open","sticky":false,"template":"","format":"standard","meta":{"_jetpack_memberships_contains_paid_content":false,"footnotes":"","jetpack_publicize_message":"","jetpack_publicize_feature_enabled":true,"jetpack_social_post_already_shared":false,"jetpack_social_options":{"image_generator_settings":{"template":"highway","default_image_id":0,"enabled":false},"version":2}},"categories":[132],"tags":[],"class_list":["post-15966","post","type-post","status-publish","format-standard","hentry","category-artigos"],"yoast_head":"<!-- This site is optimized with the Yoast SEO plugin v25.6 - https:\/\/yoast.com\/wordpress\/plugins\/seo\/ -->\n<title>Perdoar liberta! - VerdadeOn<\/title>\n<meta name=\"robots\" content=\"index, follow, max-snippet:-1, max-image-preview:large, max-video-preview:-1\" \/>\n<link rel=\"canonical\" href=\"https:\/\/verdadeon.com.br\/portal\/2021\/04\/10\/perdoar-liberta\/\" \/>\n<meta property=\"og:locale\" content=\"pt_BR\" \/>\n<meta property=\"og:type\" content=\"article\" \/>\n<meta property=\"og:title\" content=\"Perdoar liberta! - VerdadeOn\" \/>\n<meta property=\"og:description\" content=\"Voc\u00ea sabe o que \u00e9 perdoar? Como voc\u00ea lida com algo que o magoa e precisa passar pelo processo de perd\u00e3o? Nossa personalidade \u00e9 composta por [\u2026]\" \/>\n<meta property=\"og:url\" content=\"https:\/\/verdadeon.com.br\/portal\/2021\/04\/10\/perdoar-liberta\/\" \/>\n<meta property=\"og:site_name\" content=\"VerdadeOn\" \/>\n<meta property=\"article:published_time\" content=\"2021-04-10T10:00:48+00:00\" \/>\n<meta name=\"author\" content=\"Fernando Calixto\" \/>\n<meta name=\"twitter:card\" content=\"summary_large_image\" \/>\n<meta name=\"twitter:label1\" content=\"Escrito por\" \/>\n\t<meta name=\"twitter:data1\" content=\"Fernando Calixto\" \/>\n\t<meta name=\"twitter:label2\" content=\"Est. tempo de leitura\" \/>\n\t<meta name=\"twitter:data2\" content=\"4 minutos\" \/>\n<script type=\"application\/ld+json\" class=\"yoast-schema-graph\">{\"@context\":\"https:\/\/schema.org\",\"@graph\":[{\"@type\":\"WebPage\",\"@id\":\"https:\/\/verdadeon.com.br\/portal\/2021\/04\/10\/perdoar-liberta\/\",\"url\":\"https:\/\/verdadeon.com.br\/portal\/2021\/04\/10\/perdoar-liberta\/\",\"name\":\"Perdoar liberta! - VerdadeOn\",\"isPartOf\":{\"@id\":\"https:\/\/verdadeon.com.br\/portal\/#website\"},\"datePublished\":\"2021-04-10T10:00:48+00:00\",\"author\":{\"@id\":\"https:\/\/verdadeon.com.br\/portal\/#\/schema\/person\/8994718f49ee62ba5610471e29ca1f62\"},\"breadcrumb\":{\"@id\":\"https:\/\/verdadeon.com.br\/portal\/2021\/04\/10\/perdoar-liberta\/#breadcrumb\"},\"inLanguage\":\"pt-BR\",\"potentialAction\":[{\"@type\":\"ReadAction\",\"target\":[\"https:\/\/verdadeon.com.br\/portal\/2021\/04\/10\/perdoar-liberta\/\"]}]},{\"@type\":\"BreadcrumbList\",\"@id\":\"https:\/\/verdadeon.com.br\/portal\/2021\/04\/10\/perdoar-liberta\/#breadcrumb\",\"itemListElement\":[{\"@type\":\"ListItem\",\"position\":1,\"name\":\"In\u00edcio\",\"item\":\"https:\/\/verdadeon.com.br\/portal\/\"},{\"@type\":\"ListItem\",\"position\":2,\"name\":\"Perdoar liberta!\"}]},{\"@type\":\"WebSite\",\"@id\":\"https:\/\/verdadeon.com.br\/portal\/#website\",\"url\":\"https:\/\/verdadeon.com.br\/portal\/\",\"name\":\"VerdadeOn\",\"description\":\"Not\u00edcias di\u00e1rias sobre Franca, Regi\u00e3o, Esporte, Cultura, Cotidiano, Colunas. Cobertura nos principais eventos da cidade \u00e9 aqui - Verdadeon Franca\",\"potentialAction\":[{\"@type\":\"SearchAction\",\"target\":{\"@type\":\"EntryPoint\",\"urlTemplate\":\"https:\/\/verdadeon.com.br\/portal\/?s={search_term_string}\"},\"query-input\":{\"@type\":\"PropertyValueSpecification\",\"valueRequired\":true,\"valueName\":\"search_term_string\"}}],\"inLanguage\":\"pt-BR\"},{\"@type\":\"Person\",\"@id\":\"https:\/\/verdadeon.com.br\/portal\/#\/schema\/person\/8994718f49ee62ba5610471e29ca1f62\",\"name\":\"Fernando Calixto\",\"image\":{\"@type\":\"ImageObject\",\"inLanguage\":\"pt-BR\",\"@id\":\"https:\/\/verdadeon.com.br\/portal\/#\/schema\/person\/image\/\",\"url\":\"https:\/\/secure.gravatar.com\/avatar\/7578910c24966c0316c340f9dbd601e93ee9f9212e1033968b367af9306bd9fb?s=96&d=mm&r=g\",\"contentUrl\":\"https:\/\/secure.gravatar.com\/avatar\/7578910c24966c0316c340f9dbd601e93ee9f9212e1033968b367af9306bd9fb?s=96&d=mm&r=g\",\"caption\":\"Fernando Calixto\"},\"url\":\"https:\/\/verdadeon.com.br\/portal\/author\/fernando-calixto\/\"}]}<\/script>\n<!-- \/ Yoast SEO plugin. -->","yoast_head_json":{"title":"Perdoar liberta! - VerdadeOn","robots":{"index":"index","follow":"follow","max-snippet":"max-snippet:-1","max-image-preview":"max-image-preview:large","max-video-preview":"max-video-preview:-1"},"canonical":"https:\/\/verdadeon.com.br\/portal\/2021\/04\/10\/perdoar-liberta\/","og_locale":"pt_BR","og_type":"article","og_title":"Perdoar liberta! - VerdadeOn","og_description":"Voc\u00ea sabe o que \u00e9 perdoar? Como voc\u00ea lida com algo que o magoa e precisa passar pelo processo de perd\u00e3o? Nossa personalidade \u00e9 composta por [\u2026]","og_url":"https:\/\/verdadeon.com.br\/portal\/2021\/04\/10\/perdoar-liberta\/","og_site_name":"VerdadeOn","article_published_time":"2021-04-10T10:00:48+00:00","author":"Fernando Calixto","twitter_card":"summary_large_image","twitter_misc":{"Escrito por":"Fernando Calixto","Est. tempo de leitura":"4 minutos"},"schema":{"@context":"https:\/\/schema.org","@graph":[{"@type":"WebPage","@id":"https:\/\/verdadeon.com.br\/portal\/2021\/04\/10\/perdoar-liberta\/","url":"https:\/\/verdadeon.com.br\/portal\/2021\/04\/10\/perdoar-liberta\/","name":"Perdoar liberta! - VerdadeOn","isPartOf":{"@id":"https:\/\/verdadeon.com.br\/portal\/#website"},"datePublished":"2021-04-10T10:00:48+00:00","author":{"@id":"https:\/\/verdadeon.com.br\/portal\/#\/schema\/person\/8994718f49ee62ba5610471e29ca1f62"},"breadcrumb":{"@id":"https:\/\/verdadeon.com.br\/portal\/2021\/04\/10\/perdoar-liberta\/#breadcrumb"},"inLanguage":"pt-BR","potentialAction":[{"@type":"ReadAction","target":["https:\/\/verdadeon.com.br\/portal\/2021\/04\/10\/perdoar-liberta\/"]}]},{"@type":"BreadcrumbList","@id":"https:\/\/verdadeon.com.br\/portal\/2021\/04\/10\/perdoar-liberta\/#breadcrumb","itemListElement":[{"@type":"ListItem","position":1,"name":"In\u00edcio","item":"https:\/\/verdadeon.com.br\/portal\/"},{"@type":"ListItem","position":2,"name":"Perdoar liberta!"}]},{"@type":"WebSite","@id":"https:\/\/verdadeon.com.br\/portal\/#website","url":"https:\/\/verdadeon.com.br\/portal\/","name":"VerdadeOn","description":"Not\u00edcias di\u00e1rias sobre Franca, Regi\u00e3o, Esporte, Cultura, Cotidiano, Colunas. Cobertura nos principais eventos da cidade \u00e9 aqui - Verdadeon Franca","potentialAction":[{"@type":"SearchAction","target":{"@type":"EntryPoint","urlTemplate":"https:\/\/verdadeon.com.br\/portal\/?s={search_term_string}"},"query-input":{"@type":"PropertyValueSpecification","valueRequired":true,"valueName":"search_term_string"}}],"inLanguage":"pt-BR"},{"@type":"Person","@id":"https:\/\/verdadeon.com.br\/portal\/#\/schema\/person\/8994718f49ee62ba5610471e29ca1f62","name":"Fernando Calixto","image":{"@type":"ImageObject","inLanguage":"pt-BR","@id":"https:\/\/verdadeon.com.br\/portal\/#\/schema\/person\/image\/","url":"https:\/\/secure.gravatar.com\/avatar\/7578910c24966c0316c340f9dbd601e93ee9f9212e1033968b367af9306bd9fb?s=96&d=mm&r=g","contentUrl":"https:\/\/secure.gravatar.com\/avatar\/7578910c24966c0316c340f9dbd601e93ee9f9212e1033968b367af9306bd9fb?s=96&d=mm&r=g","caption":"Fernando Calixto"},"url":"https:\/\/verdadeon.com.br\/portal\/author\/fernando-calixto\/"}]}},"jetpack_publicize_connections":[],"jetpack_featured_media_url":"","jetpack_sharing_enabled":true,"_links":{"self":[{"href":"https:\/\/verdadeon.com.br\/portal\/wp-json\/wp\/v2\/posts\/15966","targetHints":{"allow":["GET"]}}],"collection":[{"href":"https:\/\/verdadeon.com.br\/portal\/wp-json\/wp\/v2\/posts"}],"about":[{"href":"https:\/\/verdadeon.com.br\/portal\/wp-json\/wp\/v2\/types\/post"}],"author":[{"embeddable":true,"href":"https:\/\/verdadeon.com.br\/portal\/wp-json\/wp\/v2\/users\/4"}],"replies":[{"embeddable":true,"href":"https:\/\/verdadeon.com.br\/portal\/wp-json\/wp\/v2\/comments?post=15966"}],"version-history":[{"count":0,"href":"https:\/\/verdadeon.com.br\/portal\/wp-json\/wp\/v2\/posts\/15966\/revisions"}],"wp:attachment":[{"href":"https:\/\/verdadeon.com.br\/portal\/wp-json\/wp\/v2\/media?parent=15966"}],"wp:term":[{"taxonomy":"category","embeddable":true,"href":"https:\/\/verdadeon.com.br\/portal\/wp-json\/wp\/v2\/categories?post=15966"},{"taxonomy":"post_tag","embeddable":true,"href":"https:\/\/verdadeon.com.br\/portal\/wp-json\/wp\/v2\/tags?post=15966"}],"curies":[{"name":"wp","href":"https:\/\/api.w.org\/{rel}","templated":true}]}}