{"id":15961,"date":"2021-04-10T01:00:15","date_gmt":"2021-04-10T04:00:15","guid":{"rendered":"https:\/\/verdadeon.com.br\/portal\/?p=15961"},"modified":"2021-04-09T21:53:36","modified_gmt":"2021-04-10T00:53:36","slug":"lagoas-de-tratamento-da-sabesp-completam-42-anos-sem-solucao","status":"publish","type":"post","link":"https:\/\/verdadeon.com.br\/portal\/2021\/04\/10\/lagoas-de-tratamento-da-sabesp-completam-42-anos-sem-solucao\/","title":{"rendered":"Lagoas de tratamento da Sabesp completam 42 anos sem solu\u00e7\u00e3o"},"content":{"rendered":"<h2 class=\"p1\">Desafio da Sabesp \u00e9 promover investimentos para eliminar o problema<\/h2>\n<p>Por Realindo J\u00fanior<\/p>\n<p class=\"p1\"><span class=\"s1\">L\u00e1 se v\u00e3o 42 anos, desde que a Cia. de Saneamento B\u00e1sico &#8211; Sabesp, instalou as 9 lagoas de decanta\u00e7\u00e3o de esgoto dom\u00e9stico em Franca, dois anos ap\u00f3s assumir os servi\u00e7os de \u00e1gua e esgoto, sucedendo a extinta SAEF.<\/span><\/p>\n<p class=\"p1\"><span class=\"s1\">A C\u00e2mara de Franca aprovou a concess\u00e3o em 1.976, no governo do ent\u00e3o prefeito dr. H\u00e9lio Palermo. A Sabesp assumiu um ano ap\u00f3s, j\u00e1 na administra\u00e7\u00e3o Maur\u00edcio Sandoval Ribeiro. Modernizou e ampliou<span class=\"Apple-converted-space\">\u00a0 <\/span>a capta\u00e7\u00e3o das \u00e1guas do rio Canoas, substituiu a rede de distribui\u00e7\u00e3o de \u00e1gua em toda cidade, ap\u00f3s tratamento e iniciou as obras da Esta\u00e7\u00e3o de Tratamento de Esgoto. Ao longo dos anos consolidou estes servi\u00e7os, a tal ponto de Franca ser classificada como a primeira cidade em saneamento b\u00e1sico, posto perdido recentemente, por falta de investimentos nos \u00faltimos anos. Franca hoje est\u00e1 em quarto lugar. <\/span><\/p>\n<p class=\"p1\"><span class=\"s1\">Mas as lagoas l\u00e1 continuam, quatro<span class=\"Apple-converted-space\">\u00a0 <\/span>delas na regi\u00e3o do Palestina, S\u00e3o Francisco e Paulistano I e II, de onde boa parte acaba chegando por gravidade ao<span class=\"Apple-converted-space\">\u00a0 <\/span>rio Canoas, outras lagoas no bairro Aeroporto, City Petr\u00f3polis, jardim Luiza.<\/span><\/p>\n<p class=\"p1\"><span class=\"s1\"> O meio ambiente acaba sendo afetado, pois as<span class=\"Apple-converted-space\">\u00a0 <\/span>lagoas da regi\u00e3o leste da cidade inevitavelmente s\u00e3o lan\u00e7ados at\u00e9 o Canoas, ainda que a \u00e1gua seja tratada posteriormente \u00e0 capta\u00e7\u00e3o. Desafio que a Sabesp ainda n\u00e3o conseguiu resolver ao longo de mais de quatro d\u00e9cadas. Em meio a esse tempo, projeto do governo do Estado permitiu a cobran\u00e7a de tarifa de esgoto, juntamente com a conta de<span class=\"Apple-converted-space\">\u00a0 <\/span>\u00e1gua, valores pagos pelos contribuintes.<\/span><\/p>\n<p class=\"p1\"><span class=\"s1\">A previs\u00e3o definida para a elimina\u00e7\u00e3o das lagoas demandar\u00e1 ainda alguns anos. A Sabesp espera que empresas de loteamentos sejam parceiras no custeio das obras de recalque em bairros como Petr\u00f3polis e Aeroporto. Existe at\u00e9 um TAC promovido pela promotoria do meio ambiente, pelo qual a estatal se obriga a promover as obras de revers\u00e3o do esgoto das lagoas de cinco bairros. Definido mesmo s\u00f3 a elimina\u00e7\u00e3o da lagoa do City Petr\u00f3polis, gra\u00e7as aos loteadores de novos bairros na regi\u00e3o. O esgoto desse bairro ser\u00e1 lan\u00e7ado na esta\u00e7\u00e3o do Luiza, ent\u00e3o a ser ampliada. Acredita-se que em aproximadamente 5 ou 6 anos as lagoas estejam totalmente eliminadas. Gilson Mendon\u00e7a explicou ao Verdade que as obras vir\u00e3o por etapa. Conforme o TAC assinado pela Sabesp com o Minist\u00e9rio p\u00fablico, a primeira lagoa de decanta\u00e7\u00e3o<span class=\"Apple-converted-space\">\u00a0 <\/span>ser\u00e1 do bairro City Petr\u00f3polis, com revers\u00e3o para a ETE do jardim Luiza. Isso at\u00e9 o pr\u00f3ximo ano. Em seguida as lagoas dos bairros Paulistano I e II, Palestina e S\u00e3o Francisco, at\u00e9 2.024. O bairro Aeroporto \u00e9 uma solu\u00e7\u00e3o mais complexa e demorada. N\u00e3o consta do TAC com o MP.<\/span><\/p>\n<p class=\"p1\"><span class=\"s1\">O projeto final da Sabesp \u00e9 manter duas Esta\u00e7\u00f5es de Tratamento de Esgoto. A mais antiga, pr\u00f3ximo da rodovia Portinari, e a segunda que fica no jardim Luiza e \u00e9 considerada mais moderna, com tecnologia avan\u00e7ada, aera\u00e7\u00e3o prolongada, lodo ativado, de forma que n\u00e3o ocasionar\u00e1 danos ao meio ambiente nem preju\u00edzos \u00e0 comunidade, como mal cheiro, por exemplo. <\/span><\/p>\n<p class=\"p1\"><span class=\"s1\">Em rela\u00e7\u00e3o \u00e0 \u00e1gua, o ano de 2.021 poder\u00e1 repetir o que ocorreu em 2.014, quando severa seca atingiu a regi\u00e3o. Desde outubro as chuvas se mostram abaixo dos n\u00edveis necess\u00e1rios, a bacia do Canoas n\u00e3o registra<span class=\"Apple-converted-space\">\u00a0 <\/span>abastecimento suficiente para atender a toda a demanda e as \u00e1guas do rio Sapuca\u00ed s\u00f3 devem chegar em dois anos, aproximadamente. Antes disso, apenas uma parte, suficiente para atender jardim Aeroporto, Primavera e bairros adjacentes, o que aliviaria<span class=\"Apple-converted-space\">\u00a0 <\/span>em aproximadamente vinte por cento o consumo. A obra do Sapuca\u00ed ficou paralisada durante quase dois anos, devido \u00e0 fal\u00eancia da empreiteira inicialmente contratada. Novo processo licitat\u00f3rio<span class=\"Apple-converted-space\">\u00a0 <\/span>assegurou a outra organiza\u00e7\u00e3o o rein\u00edcio das obras, agora novamente retomadas.<\/span><\/p>\n<p class=\"p1\"><span class=\"s1\">Franca tem 123 mil liga\u00e7\u00f5es de \u00e1gua e esgoto, para uma popula\u00e7\u00e3o de mais de 360.000 habitantes. A capacidade de tratamento e distribui\u00e7\u00e3o de \u00e1gua \u00e9 de 1.050 litros por segundo. A Sabesp \u00e9 considerada uma das mais rent\u00e1veis empresas do Governo de S\u00e3o Paulo. Os primeiros gestores, a partir de 1.977, foram Jos\u00e9 Ant\u00f4nio Roda e Jos\u00e9 Everaldo Vanzo, ao lado de engenheiros e funcion\u00e1rios, vindo posteriormente a administra\u00e7\u00e3o de Rui<\/span><\/p>\n<p class=\"p1\"><span class=\"s1\">Engr\u00e1cia Garcia Caluz, que aposentou-se recentemente depois de trabalhar antes em Avar\u00e9, Registro e Botucatu. Atualmente a dire\u00e7\u00e3o est\u00e1 a cargo de Gilson Mendon\u00e7a, respons\u00e1vel tamb\u00e9m pela regional da Sabesp, que atua em v\u00e1rias cidades da regi\u00e3o. <\/span><\/p>\n","protected":false},"excerpt":{"rendered":"<p>Desafio da Sabesp \u00e9 promover investimentos para eliminar o problema Por Realindo J\u00fanior L\u00e1 se v\u00e3o 42 anos, desde que a Cia. de Saneamento B\u00e1sico &#8211;<span class=\"excerpt-hellip\"> [\u2026]<\/span><\/p>\n","protected":false},"author":4,"featured_media":15962,"comment_status":"open","ping_status":"open","sticky":false,"template":"","format":"standard","meta":{"_jetpack_memberships_contains_paid_content":false,"footnotes":"","jetpack_publicize_message":"","jetpack_publicize_feature_enabled":true,"jetpack_social_post_already_shared":false,"jetpack_social_options":{"image_generator_settings":{"template":"highway","default_image_id":0,"enabled":false},"version":2}},"categories":[131,81],"tags":[],"class_list":["post-15961","post","type-post","status-publish","format-standard","has-post-thumbnail","hentry","category-documento-verdade","category-manchete"],"yoast_head":"<!-- This site is optimized with the Yoast SEO plugin v25.6 - https:\/\/yoast.com\/wordpress\/plugins\/seo\/ -->\n<title>Lagoas de tratamento da Sabesp completam 42 anos sem solu\u00e7\u00e3o - VerdadeOn<\/title>\n<meta name=\"robots\" content=\"index, follow, max-snippet:-1, max-image-preview:large, max-video-preview:-1\" \/>\n<link rel=\"canonical\" href=\"https:\/\/verdadeon.com.br\/portal\/2021\/04\/10\/lagoas-de-tratamento-da-sabesp-completam-42-anos-sem-solucao\/\" \/>\n<meta property=\"og:locale\" content=\"pt_BR\" \/>\n<meta property=\"og:type\" content=\"article\" \/>\n<meta property=\"og:title\" content=\"Lagoas de tratamento da Sabesp completam 42 anos sem solu\u00e7\u00e3o - VerdadeOn\" \/>\n<meta property=\"og:description\" content=\"Desafio da Sabesp \u00e9 promover investimentos para eliminar o problema Por Realindo J\u00fanior L\u00e1 se v\u00e3o 42 anos, desde que a Cia. de Saneamento B\u00e1sico &#8211; [\u2026]\" \/>\n<meta property=\"og:url\" content=\"https:\/\/verdadeon.com.br\/portal\/2021\/04\/10\/lagoas-de-tratamento-da-sabesp-completam-42-anos-sem-solucao\/\" \/>\n<meta property=\"og:site_name\" content=\"VerdadeOn\" \/>\n<meta property=\"article:published_time\" content=\"2021-04-10T04:00:15+00:00\" \/>\n<meta property=\"og:image\" content=\"https:\/\/verdadeon.com.br\/portal\/wp-content\/uploads\/2021\/04\/WhatsApp-Image-2021-04-09-at-10.14.45.jpeg\" \/>\n\t<meta property=\"og:image:width\" content=\"1000\" \/>\n\t<meta property=\"og:image:height\" content=\"670\" \/>\n\t<meta property=\"og:image:type\" content=\"image\/jpeg\" \/>\n<meta name=\"author\" content=\"Fernando Calixto\" \/>\n<meta name=\"twitter:card\" content=\"summary_large_image\" \/>\n<meta name=\"twitter:label1\" content=\"Escrito por\" \/>\n\t<meta name=\"twitter:data1\" content=\"Fernando Calixto\" \/>\n\t<meta name=\"twitter:label2\" content=\"Est. tempo de leitura\" \/>\n\t<meta name=\"twitter:data2\" content=\"4 minutos\" \/>\n<script type=\"application\/ld+json\" class=\"yoast-schema-graph\">{\"@context\":\"https:\/\/schema.org\",\"@graph\":[{\"@type\":\"WebPage\",\"@id\":\"https:\/\/verdadeon.com.br\/portal\/2021\/04\/10\/lagoas-de-tratamento-da-sabesp-completam-42-anos-sem-solucao\/\",\"url\":\"https:\/\/verdadeon.com.br\/portal\/2021\/04\/10\/lagoas-de-tratamento-da-sabesp-completam-42-anos-sem-solucao\/\",\"name\":\"Lagoas de tratamento da Sabesp completam 42 anos sem solu\u00e7\u00e3o - VerdadeOn\",\"isPartOf\":{\"@id\":\"https:\/\/verdadeon.com.br\/portal\/#website\"},\"primaryImageOfPage\":{\"@id\":\"https:\/\/verdadeon.com.br\/portal\/2021\/04\/10\/lagoas-de-tratamento-da-sabesp-completam-42-anos-sem-solucao\/#primaryimage\"},\"image\":{\"@id\":\"https:\/\/verdadeon.com.br\/portal\/2021\/04\/10\/lagoas-de-tratamento-da-sabesp-completam-42-anos-sem-solucao\/#primaryimage\"},\"thumbnailUrl\":\"https:\/\/i0.wp.com\/verdadeon.com.br\/portal\/wp-content\/uploads\/2021\/04\/WhatsApp-Image-2021-04-09-at-10.14.45.jpeg?fit=1000%2C670&ssl=1\",\"datePublished\":\"2021-04-10T04:00:15+00:00\",\"author\":{\"@id\":\"https:\/\/verdadeon.com.br\/portal\/#\/schema\/person\/8994718f49ee62ba5610471e29ca1f62\"},\"breadcrumb\":{\"@id\":\"https:\/\/verdadeon.com.br\/portal\/2021\/04\/10\/lagoas-de-tratamento-da-sabesp-completam-42-anos-sem-solucao\/#breadcrumb\"},\"inLanguage\":\"pt-BR\",\"potentialAction\":[{\"@type\":\"ReadAction\",\"target\":[\"https:\/\/verdadeon.com.br\/portal\/2021\/04\/10\/lagoas-de-tratamento-da-sabesp-completam-42-anos-sem-solucao\/\"]}]},{\"@type\":\"ImageObject\",\"inLanguage\":\"pt-BR\",\"@id\":\"https:\/\/verdadeon.com.br\/portal\/2021\/04\/10\/lagoas-de-tratamento-da-sabesp-completam-42-anos-sem-solucao\/#primaryimage\",\"url\":\"https:\/\/i0.wp.com\/verdadeon.com.br\/portal\/wp-content\/uploads\/2021\/04\/WhatsApp-Image-2021-04-09-at-10.14.45.jpeg?fit=1000%2C670&ssl=1\",\"contentUrl\":\"https:\/\/i0.wp.com\/verdadeon.com.br\/portal\/wp-content\/uploads\/2021\/04\/WhatsApp-Image-2021-04-09-at-10.14.45.jpeg?fit=1000%2C670&ssl=1\",\"width\":1000,\"height\":670,\"caption\":\"Lagoas de tratamento na regi\u00e3o do Paulistano\"},{\"@type\":\"BreadcrumbList\",\"@id\":\"https:\/\/verdadeon.com.br\/portal\/2021\/04\/10\/lagoas-de-tratamento-da-sabesp-completam-42-anos-sem-solucao\/#breadcrumb\",\"itemListElement\":[{\"@type\":\"ListItem\",\"position\":1,\"name\":\"In\u00edcio\",\"item\":\"https:\/\/verdadeon.com.br\/portal\/\"},{\"@type\":\"ListItem\",\"position\":2,\"name\":\"Lagoas de tratamento da Sabesp completam 42 anos sem solu\u00e7\u00e3o\"}]},{\"@type\":\"WebSite\",\"@id\":\"https:\/\/verdadeon.com.br\/portal\/#website\",\"url\":\"https:\/\/verdadeon.com.br\/portal\/\",\"name\":\"VerdadeOn\",\"description\":\"Not\u00edcias di\u00e1rias sobre Franca, Regi\u00e3o, Esporte, Cultura, Cotidiano, Colunas. Cobertura nos principais eventos da cidade \u00e9 aqui - Verdadeon Franca\",\"potentialAction\":[{\"@type\":\"SearchAction\",\"target\":{\"@type\":\"EntryPoint\",\"urlTemplate\":\"https:\/\/verdadeon.com.br\/portal\/?s={search_term_string}\"},\"query-input\":{\"@type\":\"PropertyValueSpecification\",\"valueRequired\":true,\"valueName\":\"search_term_string\"}}],\"inLanguage\":\"pt-BR\"},{\"@type\":\"Person\",\"@id\":\"https:\/\/verdadeon.com.br\/portal\/#\/schema\/person\/8994718f49ee62ba5610471e29ca1f62\",\"name\":\"Fernando Calixto\",\"image\":{\"@type\":\"ImageObject\",\"inLanguage\":\"pt-BR\",\"@id\":\"https:\/\/verdadeon.com.br\/portal\/#\/schema\/person\/image\/\",\"url\":\"https:\/\/secure.gravatar.com\/avatar\/7578910c24966c0316c340f9dbd601e93ee9f9212e1033968b367af9306bd9fb?s=96&d=mm&r=g\",\"contentUrl\":\"https:\/\/secure.gravatar.com\/avatar\/7578910c24966c0316c340f9dbd601e93ee9f9212e1033968b367af9306bd9fb?s=96&d=mm&r=g\",\"caption\":\"Fernando Calixto\"},\"url\":\"https:\/\/verdadeon.com.br\/portal\/author\/fernando-calixto\/\"}]}<\/script>\n<!-- \/ Yoast SEO plugin. -->","yoast_head_json":{"title":"Lagoas de tratamento da Sabesp completam 42 anos sem solu\u00e7\u00e3o - VerdadeOn","robots":{"index":"index","follow":"follow","max-snippet":"max-snippet:-1","max-image-preview":"max-image-preview:large","max-video-preview":"max-video-preview:-1"},"canonical":"https:\/\/verdadeon.com.br\/portal\/2021\/04\/10\/lagoas-de-tratamento-da-sabesp-completam-42-anos-sem-solucao\/","og_locale":"pt_BR","og_type":"article","og_title":"Lagoas de tratamento da Sabesp completam 42 anos sem solu\u00e7\u00e3o - VerdadeOn","og_description":"Desafio da Sabesp \u00e9 promover investimentos para eliminar o problema Por Realindo J\u00fanior L\u00e1 se v\u00e3o 42 anos, desde que a Cia. de Saneamento B\u00e1sico &#8211; [\u2026]","og_url":"https:\/\/verdadeon.com.br\/portal\/2021\/04\/10\/lagoas-de-tratamento-da-sabesp-completam-42-anos-sem-solucao\/","og_site_name":"VerdadeOn","article_published_time":"2021-04-10T04:00:15+00:00","og_image":[{"width":1000,"height":670,"url":"https:\/\/verdadeon.com.br\/portal\/wp-content\/uploads\/2021\/04\/WhatsApp-Image-2021-04-09-at-10.14.45.jpeg","type":"image\/jpeg"}],"author":"Fernando Calixto","twitter_card":"summary_large_image","twitter_misc":{"Escrito por":"Fernando Calixto","Est. tempo de leitura":"4 minutos"},"schema":{"@context":"https:\/\/schema.org","@graph":[{"@type":"WebPage","@id":"https:\/\/verdadeon.com.br\/portal\/2021\/04\/10\/lagoas-de-tratamento-da-sabesp-completam-42-anos-sem-solucao\/","url":"https:\/\/verdadeon.com.br\/portal\/2021\/04\/10\/lagoas-de-tratamento-da-sabesp-completam-42-anos-sem-solucao\/","name":"Lagoas de tratamento da Sabesp completam 42 anos sem solu\u00e7\u00e3o - VerdadeOn","isPartOf":{"@id":"https:\/\/verdadeon.com.br\/portal\/#website"},"primaryImageOfPage":{"@id":"https:\/\/verdadeon.com.br\/portal\/2021\/04\/10\/lagoas-de-tratamento-da-sabesp-completam-42-anos-sem-solucao\/#primaryimage"},"image":{"@id":"https:\/\/verdadeon.com.br\/portal\/2021\/04\/10\/lagoas-de-tratamento-da-sabesp-completam-42-anos-sem-solucao\/#primaryimage"},"thumbnailUrl":"https:\/\/i0.wp.com\/verdadeon.com.br\/portal\/wp-content\/uploads\/2021\/04\/WhatsApp-Image-2021-04-09-at-10.14.45.jpeg?fit=1000%2C670&ssl=1","datePublished":"2021-04-10T04:00:15+00:00","author":{"@id":"https:\/\/verdadeon.com.br\/portal\/#\/schema\/person\/8994718f49ee62ba5610471e29ca1f62"},"breadcrumb":{"@id":"https:\/\/verdadeon.com.br\/portal\/2021\/04\/10\/lagoas-de-tratamento-da-sabesp-completam-42-anos-sem-solucao\/#breadcrumb"},"inLanguage":"pt-BR","potentialAction":[{"@type":"ReadAction","target":["https:\/\/verdadeon.com.br\/portal\/2021\/04\/10\/lagoas-de-tratamento-da-sabesp-completam-42-anos-sem-solucao\/"]}]},{"@type":"ImageObject","inLanguage":"pt-BR","@id":"https:\/\/verdadeon.com.br\/portal\/2021\/04\/10\/lagoas-de-tratamento-da-sabesp-completam-42-anos-sem-solucao\/#primaryimage","url":"https:\/\/i0.wp.com\/verdadeon.com.br\/portal\/wp-content\/uploads\/2021\/04\/WhatsApp-Image-2021-04-09-at-10.14.45.jpeg?fit=1000%2C670&ssl=1","contentUrl":"https:\/\/i0.wp.com\/verdadeon.com.br\/portal\/wp-content\/uploads\/2021\/04\/WhatsApp-Image-2021-04-09-at-10.14.45.jpeg?fit=1000%2C670&ssl=1","width":1000,"height":670,"caption":"Lagoas de tratamento na regi\u00e3o do Paulistano"},{"@type":"BreadcrumbList","@id":"https:\/\/verdadeon.com.br\/portal\/2021\/04\/10\/lagoas-de-tratamento-da-sabesp-completam-42-anos-sem-solucao\/#breadcrumb","itemListElement":[{"@type":"ListItem","position":1,"name":"In\u00edcio","item":"https:\/\/verdadeon.com.br\/portal\/"},{"@type":"ListItem","position":2,"name":"Lagoas de tratamento da Sabesp completam 42 anos sem solu\u00e7\u00e3o"}]},{"@type":"WebSite","@id":"https:\/\/verdadeon.com.br\/portal\/#website","url":"https:\/\/verdadeon.com.br\/portal\/","name":"VerdadeOn","description":"Not\u00edcias di\u00e1rias sobre Franca, Regi\u00e3o, Esporte, Cultura, Cotidiano, Colunas. Cobertura nos principais eventos da cidade \u00e9 aqui - Verdadeon Franca","potentialAction":[{"@type":"SearchAction","target":{"@type":"EntryPoint","urlTemplate":"https:\/\/verdadeon.com.br\/portal\/?s={search_term_string}"},"query-input":{"@type":"PropertyValueSpecification","valueRequired":true,"valueName":"search_term_string"}}],"inLanguage":"pt-BR"},{"@type":"Person","@id":"https:\/\/verdadeon.com.br\/portal\/#\/schema\/person\/8994718f49ee62ba5610471e29ca1f62","name":"Fernando Calixto","image":{"@type":"ImageObject","inLanguage":"pt-BR","@id":"https:\/\/verdadeon.com.br\/portal\/#\/schema\/person\/image\/","url":"https:\/\/secure.gravatar.com\/avatar\/7578910c24966c0316c340f9dbd601e93ee9f9212e1033968b367af9306bd9fb?s=96&d=mm&r=g","contentUrl":"https:\/\/secure.gravatar.com\/avatar\/7578910c24966c0316c340f9dbd601e93ee9f9212e1033968b367af9306bd9fb?s=96&d=mm&r=g","caption":"Fernando Calixto"},"url":"https:\/\/verdadeon.com.br\/portal\/author\/fernando-calixto\/"}]}},"jetpack_publicize_connections":[],"jetpack_featured_media_url":"https:\/\/i0.wp.com\/verdadeon.com.br\/portal\/wp-content\/uploads\/2021\/04\/WhatsApp-Image-2021-04-09-at-10.14.45.jpeg?fit=1000%2C670&ssl=1","jetpack_sharing_enabled":true,"_links":{"self":[{"href":"https:\/\/verdadeon.com.br\/portal\/wp-json\/wp\/v2\/posts\/15961","targetHints":{"allow":["GET"]}}],"collection":[{"href":"https:\/\/verdadeon.com.br\/portal\/wp-json\/wp\/v2\/posts"}],"about":[{"href":"https:\/\/verdadeon.com.br\/portal\/wp-json\/wp\/v2\/types\/post"}],"author":[{"embeddable":true,"href":"https:\/\/verdadeon.com.br\/portal\/wp-json\/wp\/v2\/users\/4"}],"replies":[{"embeddable":true,"href":"https:\/\/verdadeon.com.br\/portal\/wp-json\/wp\/v2\/comments?post=15961"}],"version-history":[{"count":0,"href":"https:\/\/verdadeon.com.br\/portal\/wp-json\/wp\/v2\/posts\/15961\/revisions"}],"wp:featuredmedia":[{"embeddable":true,"href":"https:\/\/verdadeon.com.br\/portal\/wp-json\/wp\/v2\/media\/15962"}],"wp:attachment":[{"href":"https:\/\/verdadeon.com.br\/portal\/wp-json\/wp\/v2\/media?parent=15961"}],"wp:term":[{"taxonomy":"category","embeddable":true,"href":"https:\/\/verdadeon.com.br\/portal\/wp-json\/wp\/v2\/categories?post=15961"},{"taxonomy":"post_tag","embeddable":true,"href":"https:\/\/verdadeon.com.br\/portal\/wp-json\/wp\/v2\/tags?post=15961"}],"curies":[{"name":"wp","href":"https:\/\/api.w.org\/{rel}","templated":true}]}}