{"id":15769,"date":"2021-04-03T15:46:45","date_gmt":"2021-04-03T18:46:45","guid":{"rendered":"https:\/\/verdadeon.com.br\/portal\/?p=15769"},"modified":"2021-04-03T15:46:45","modified_gmt":"2021-04-03T18:46:45","slug":"pelo-segundo-ano-consecutivo-tecnologia-aproxima-fieis-a-semana-santa","status":"publish","type":"post","link":"https:\/\/verdadeon.com.br\/portal\/2021\/04\/03\/pelo-segundo-ano-consecutivo-tecnologia-aproxima-fieis-a-semana-santa\/","title":{"rendered":"Pelo segundo ano consecutivo, tecnologia aproxima fi\u00e9is \u00e0 Semana Santa"},"content":{"rendered":"<h2>Por conta da pandemia igrejas n\u00e3o podem receber p\u00fablico, sa\u00edda foi transmitir celebra\u00e7\u00f5es pela internet<\/h2>\n<p>Bancos vazios, portas fechadas, bispos, padres e ac\u00f3litos todos de m\u00e1scaras, mais uma vez esse foi o cen\u00e1rio na Semana Santa em praticamente todo o mundo. Por conta da pandemia os fi\u00e9is n\u00e3o puderam acompanhar de perto as celebra\u00e7\u00f5es tradicionais, como o Domingo de Ramos, Missa do Lava-p\u00e9s, Sexta-feira da Paix\u00e3o, S\u00e1bado de Aleluia e Domingo de P\u00e1scoa, tudo foi transmitido online.<br \/>\nA costureira Joana Maria Santana ainda estranha o fato de n\u00e3o participar pessoalmente na igreja. Para ela, a Semana Santa \u00e9 um marco desde \u00e0 inf\u00e2ncia, quando aprendeu com a m\u00e3e a participar dos ritos cat\u00f3licos.<br \/>\n\u201cAssistir pela internet \u00e9 diferente, voc\u00ea sente falta de estar ali sentada no banco da igreja acompanhando de perto. No ano passado a gente j\u00e1 teve que fazer assim, eu jurei que em 2021 seria diferente, n\u00e3o imaginei que a doen\u00e7a fosse durar tanto tempo, infelizmente. Eu espero que em 2022 a gente possa estar l\u00e1 acompanhando e com sa\u00fade principalmente\u201d, relatou.<br \/>\nJoana disse ainda que entende a necessidade de acompanhar de longe, mas para ela a forma como as missas foram liberadas, com limite de fieis e obrigando o uso de m\u00e1scaras, poderia ser adotada na Semana Santa.<br \/>\n\u201cNo come\u00e7o desse ano e em parte de 2020 foi autorizado a volta, eu sempre chegava mais cedo para retirar senha. Acho que na Semana Santa seria muito importante ter essa op\u00e7\u00e3o, mas enquanto n\u00e3o pode eu vi tudo aqui de casa mesmo. A igreja orientou como preparar para a celebra\u00e7\u00e3o colocando uma mesa com pano branco ou com a cor do dia, com a cruz, \u00e1gua para ser benzida tamb\u00e9m. A gente vai se adaptando, o importante mesmo \u00e9 a f\u00e9 em Jesus Cristo ressuscitado na P\u00e1scoa\u201d, finalizou.<br \/>\n\u201cDesde a barriga da minha m\u00e3e eu vivencio a Semana Santa. De um ano pra c\u00e1 foram tempos mais dif\u00edceis, mas que pudemos caminhar com a presen\u00e7a de Deus, nada que n\u00e3o seja poss\u00edvel\u201d, as palavras s\u00e3o da estudante Sara Fid\u00e9lis, que faz parte da Pastoral da Comunica\u00e7\u00e3o na cidade de S\u00e3o Sebasti\u00e3o do Para\u00edso. Ela acompanhou de perto todo o processo de prepara\u00e7\u00e3o para as transmiss\u00f5es online.<br \/>\nEla conta que a equipe teve que mudar tudo ap\u00f3s o decreto de restri\u00e7\u00f5es de uma forma muito r\u00e1pida, mas que cresceram com a situa\u00e7\u00e3o e enxergaram a oportunidade de levar a igreja para dentro da casa dos fi\u00e9is. \u201cFoi uma situa\u00e7\u00e3o muito renovadora, mas tamb\u00e9m assustadora. D\u00e1 um vazio ver a igreja vazia. Mas mesmo eu ali levando a palavra de Deus para as pessoas que n\u00e3o podem estar ali, pode ter certeza que em meu cora\u00e7\u00e3o sempre lembro de cada um e rezo por cada um que gostaria que ali estivesse\u201d, finalizou.<br \/>\nNo seu artigo publicado no Verdade, Dom Paulo Roberto Beloto destacou a import\u00e2ncia da Semana Santa para os cat\u00f3licos. \u201cNum momento dif\u00edcil da nossa hist\u00f3ria, a Semana Santa nos convida a reconhecer a entrada de Jesus em nossa vida. \u00c9 o \u00fanico que pode dar sentido \u00e0 nossa exist\u00eancia. Quem tem f\u00e9, sabe que Deus \u00e9 Deus, e vive a certeza que nada poder\u00e1 nos separar do seu amor. Somos chamados a fazer a experi\u00eancia da morte da pessoa velha com Cristo e deixar nascer o novo que vive segundo Deus. Assim tamb\u00e9m seremos sinais de esperan\u00e7a e canais do seu amor. Padecemos com Cristo, mas com Ele seremos glorificados. Assim poderemos cantar no Domingo de P\u00e1scoa: este \u201c\u00b4\u00e9 o dia que o Senhor fez para n\u00f3s: alegremo-nos e nele exultemos!\u201d.<\/p>\n","protected":false},"excerpt":{"rendered":"<p>Por conta da pandemia igrejas n\u00e3o podem receber p\u00fablico, sa\u00edda foi transmitir celebra\u00e7\u00f5es pela internet Bancos vazios, portas fechadas, bispos, padres e ac\u00f3litos todos de m\u00e1scaras,<span class=\"excerpt-hellip\"> [\u2026]<\/span><\/p>\n","protected":false},"author":4,"featured_media":15771,"comment_status":"open","ping_status":"open","sticky":false,"template":"","format":"standard","meta":{"_jetpack_memberships_contains_paid_content":false,"footnotes":"","jetpack_publicize_message":"","jetpack_publicize_feature_enabled":true,"jetpack_social_post_already_shared":false,"jetpack_social_options":{"image_generator_settings":{"template":"highway","default_image_id":0,"enabled":false},"version":2}},"categories":[28,81],"tags":[],"class_list":["post-15769","post","type-post","status-publish","format-standard","has-post-thumbnail","hentry","category-cotidiano","category-manchete"],"yoast_head":"<!-- This site is optimized with the Yoast SEO plugin v25.6 - https:\/\/yoast.com\/wordpress\/plugins\/seo\/ -->\n<title>Pelo segundo ano consecutivo, tecnologia aproxima fi\u00e9is \u00e0 Semana Santa - VerdadeOn<\/title>\n<meta name=\"robots\" content=\"index, follow, max-snippet:-1, max-image-preview:large, max-video-preview:-1\" \/>\n<link rel=\"canonical\" href=\"https:\/\/verdadeon.com.br\/portal\/2021\/04\/03\/pelo-segundo-ano-consecutivo-tecnologia-aproxima-fieis-a-semana-santa\/\" \/>\n<meta property=\"og:locale\" content=\"pt_BR\" \/>\n<meta property=\"og:type\" content=\"article\" \/>\n<meta property=\"og:title\" content=\"Pelo segundo ano consecutivo, tecnologia aproxima fi\u00e9is \u00e0 Semana Santa - VerdadeOn\" \/>\n<meta property=\"og:description\" content=\"Por conta da pandemia igrejas n\u00e3o podem receber p\u00fablico, sa\u00edda foi transmitir celebra\u00e7\u00f5es pela internet Bancos vazios, portas fechadas, bispos, padres e ac\u00f3litos todos de m\u00e1scaras, [\u2026]\" \/>\n<meta property=\"og:url\" content=\"https:\/\/verdadeon.com.br\/portal\/2021\/04\/03\/pelo-segundo-ano-consecutivo-tecnologia-aproxima-fieis-a-semana-santa\/\" \/>\n<meta property=\"og:site_name\" content=\"VerdadeOn\" \/>\n<meta property=\"article:published_time\" content=\"2021-04-03T18:46:45+00:00\" \/>\n<meta property=\"og:image\" content=\"https:\/\/verdadeon.com.br\/portal\/wp-content\/uploads\/2021\/04\/WhatsApp-Image-2021-04-03-at-13.16.12.jpeg\" \/>\n\t<meta property=\"og:image:width\" content=\"1000\" \/>\n\t<meta property=\"og:image:height\" content=\"670\" \/>\n\t<meta property=\"og:image:type\" content=\"image\/jpeg\" \/>\n<meta name=\"author\" content=\"Fernando Calixto\" \/>\n<meta name=\"twitter:card\" content=\"summary_large_image\" \/>\n<meta name=\"twitter:label1\" content=\"Escrito por\" \/>\n\t<meta name=\"twitter:data1\" content=\"Fernando Calixto\" \/>\n\t<meta name=\"twitter:label2\" content=\"Est. tempo de leitura\" \/>\n\t<meta name=\"twitter:data2\" content=\"3 minutos\" \/>\n<script type=\"application\/ld+json\" class=\"yoast-schema-graph\">{\"@context\":\"https:\/\/schema.org\",\"@graph\":[{\"@type\":\"WebPage\",\"@id\":\"https:\/\/verdadeon.com.br\/portal\/2021\/04\/03\/pelo-segundo-ano-consecutivo-tecnologia-aproxima-fieis-a-semana-santa\/\",\"url\":\"https:\/\/verdadeon.com.br\/portal\/2021\/04\/03\/pelo-segundo-ano-consecutivo-tecnologia-aproxima-fieis-a-semana-santa\/\",\"name\":\"Pelo segundo ano consecutivo, tecnologia aproxima fi\u00e9is \u00e0 Semana Santa - VerdadeOn\",\"isPartOf\":{\"@id\":\"https:\/\/verdadeon.com.br\/portal\/#website\"},\"primaryImageOfPage\":{\"@id\":\"https:\/\/verdadeon.com.br\/portal\/2021\/04\/03\/pelo-segundo-ano-consecutivo-tecnologia-aproxima-fieis-a-semana-santa\/#primaryimage\"},\"image\":{\"@id\":\"https:\/\/verdadeon.com.br\/portal\/2021\/04\/03\/pelo-segundo-ano-consecutivo-tecnologia-aproxima-fieis-a-semana-santa\/#primaryimage\"},\"thumbnailUrl\":\"https:\/\/i0.wp.com\/verdadeon.com.br\/portal\/wp-content\/uploads\/2021\/04\/WhatsApp-Image-2021-04-03-at-13.16.12.jpeg?fit=1000%2C670&ssl=1\",\"datePublished\":\"2021-04-03T18:46:45+00:00\",\"author\":{\"@id\":\"https:\/\/verdadeon.com.br\/portal\/#\/schema\/person\/8994718f49ee62ba5610471e29ca1f62\"},\"breadcrumb\":{\"@id\":\"https:\/\/verdadeon.com.br\/portal\/2021\/04\/03\/pelo-segundo-ano-consecutivo-tecnologia-aproxima-fieis-a-semana-santa\/#breadcrumb\"},\"inLanguage\":\"pt-BR\",\"potentialAction\":[{\"@type\":\"ReadAction\",\"target\":[\"https:\/\/verdadeon.com.br\/portal\/2021\/04\/03\/pelo-segundo-ano-consecutivo-tecnologia-aproxima-fieis-a-semana-santa\/\"]}]},{\"@type\":\"ImageObject\",\"inLanguage\":\"pt-BR\",\"@id\":\"https:\/\/verdadeon.com.br\/portal\/2021\/04\/03\/pelo-segundo-ano-consecutivo-tecnologia-aproxima-fieis-a-semana-santa\/#primaryimage\",\"url\":\"https:\/\/i0.wp.com\/verdadeon.com.br\/portal\/wp-content\/uploads\/2021\/04\/WhatsApp-Image-2021-04-03-at-13.16.12.jpeg?fit=1000%2C670&ssl=1\",\"contentUrl\":\"https:\/\/i0.wp.com\/verdadeon.com.br\/portal\/wp-content\/uploads\/2021\/04\/WhatsApp-Image-2021-04-03-at-13.16.12.jpeg?fit=1000%2C670&ssl=1\",\"width\":1000,\"height\":670,\"caption\":\"Bispo de Franca, Dom Paulo Roberto, durante celebra\u00e7\u00e3o na Matriz | Foto: Catedral Francopolitana\"},{\"@type\":\"BreadcrumbList\",\"@id\":\"https:\/\/verdadeon.com.br\/portal\/2021\/04\/03\/pelo-segundo-ano-consecutivo-tecnologia-aproxima-fieis-a-semana-santa\/#breadcrumb\",\"itemListElement\":[{\"@type\":\"ListItem\",\"position\":1,\"name\":\"In\u00edcio\",\"item\":\"https:\/\/verdadeon.com.br\/portal\/\"},{\"@type\":\"ListItem\",\"position\":2,\"name\":\"Pelo segundo ano consecutivo, tecnologia aproxima fi\u00e9is \u00e0 Semana Santa\"}]},{\"@type\":\"WebSite\",\"@id\":\"https:\/\/verdadeon.com.br\/portal\/#website\",\"url\":\"https:\/\/verdadeon.com.br\/portal\/\",\"name\":\"VerdadeOn\",\"description\":\"Not\u00edcias di\u00e1rias sobre Franca, Regi\u00e3o, Esporte, Cultura, Cotidiano, Colunas. Cobertura nos principais eventos da cidade \u00e9 aqui - Verdadeon Franca\",\"potentialAction\":[{\"@type\":\"SearchAction\",\"target\":{\"@type\":\"EntryPoint\",\"urlTemplate\":\"https:\/\/verdadeon.com.br\/portal\/?s={search_term_string}\"},\"query-input\":{\"@type\":\"PropertyValueSpecification\",\"valueRequired\":true,\"valueName\":\"search_term_string\"}}],\"inLanguage\":\"pt-BR\"},{\"@type\":\"Person\",\"@id\":\"https:\/\/verdadeon.com.br\/portal\/#\/schema\/person\/8994718f49ee62ba5610471e29ca1f62\",\"name\":\"Fernando Calixto\",\"image\":{\"@type\":\"ImageObject\",\"inLanguage\":\"pt-BR\",\"@id\":\"https:\/\/verdadeon.com.br\/portal\/#\/schema\/person\/image\/\",\"url\":\"https:\/\/secure.gravatar.com\/avatar\/7578910c24966c0316c340f9dbd601e93ee9f9212e1033968b367af9306bd9fb?s=96&d=mm&r=g\",\"contentUrl\":\"https:\/\/secure.gravatar.com\/avatar\/7578910c24966c0316c340f9dbd601e93ee9f9212e1033968b367af9306bd9fb?s=96&d=mm&r=g\",\"caption\":\"Fernando Calixto\"},\"url\":\"https:\/\/verdadeon.com.br\/portal\/author\/fernando-calixto\/\"}]}<\/script>\n<!-- \/ Yoast SEO plugin. -->","yoast_head_json":{"title":"Pelo segundo ano consecutivo, tecnologia aproxima fi\u00e9is \u00e0 Semana Santa - VerdadeOn","robots":{"index":"index","follow":"follow","max-snippet":"max-snippet:-1","max-image-preview":"max-image-preview:large","max-video-preview":"max-video-preview:-1"},"canonical":"https:\/\/verdadeon.com.br\/portal\/2021\/04\/03\/pelo-segundo-ano-consecutivo-tecnologia-aproxima-fieis-a-semana-santa\/","og_locale":"pt_BR","og_type":"article","og_title":"Pelo segundo ano consecutivo, tecnologia aproxima fi\u00e9is \u00e0 Semana Santa - VerdadeOn","og_description":"Por conta da pandemia igrejas n\u00e3o podem receber p\u00fablico, sa\u00edda foi transmitir celebra\u00e7\u00f5es pela internet Bancos vazios, portas fechadas, bispos, padres e ac\u00f3litos todos de m\u00e1scaras, [\u2026]","og_url":"https:\/\/verdadeon.com.br\/portal\/2021\/04\/03\/pelo-segundo-ano-consecutivo-tecnologia-aproxima-fieis-a-semana-santa\/","og_site_name":"VerdadeOn","article_published_time":"2021-04-03T18:46:45+00:00","og_image":[{"width":1000,"height":670,"url":"https:\/\/verdadeon.com.br\/portal\/wp-content\/uploads\/2021\/04\/WhatsApp-Image-2021-04-03-at-13.16.12.jpeg","type":"image\/jpeg"}],"author":"Fernando Calixto","twitter_card":"summary_large_image","twitter_misc":{"Escrito por":"Fernando Calixto","Est. tempo de leitura":"3 minutos"},"schema":{"@context":"https:\/\/schema.org","@graph":[{"@type":"WebPage","@id":"https:\/\/verdadeon.com.br\/portal\/2021\/04\/03\/pelo-segundo-ano-consecutivo-tecnologia-aproxima-fieis-a-semana-santa\/","url":"https:\/\/verdadeon.com.br\/portal\/2021\/04\/03\/pelo-segundo-ano-consecutivo-tecnologia-aproxima-fieis-a-semana-santa\/","name":"Pelo segundo ano consecutivo, tecnologia aproxima fi\u00e9is \u00e0 Semana Santa - VerdadeOn","isPartOf":{"@id":"https:\/\/verdadeon.com.br\/portal\/#website"},"primaryImageOfPage":{"@id":"https:\/\/verdadeon.com.br\/portal\/2021\/04\/03\/pelo-segundo-ano-consecutivo-tecnologia-aproxima-fieis-a-semana-santa\/#primaryimage"},"image":{"@id":"https:\/\/verdadeon.com.br\/portal\/2021\/04\/03\/pelo-segundo-ano-consecutivo-tecnologia-aproxima-fieis-a-semana-santa\/#primaryimage"},"thumbnailUrl":"https:\/\/i0.wp.com\/verdadeon.com.br\/portal\/wp-content\/uploads\/2021\/04\/WhatsApp-Image-2021-04-03-at-13.16.12.jpeg?fit=1000%2C670&ssl=1","datePublished":"2021-04-03T18:46:45+00:00","author":{"@id":"https:\/\/verdadeon.com.br\/portal\/#\/schema\/person\/8994718f49ee62ba5610471e29ca1f62"},"breadcrumb":{"@id":"https:\/\/verdadeon.com.br\/portal\/2021\/04\/03\/pelo-segundo-ano-consecutivo-tecnologia-aproxima-fieis-a-semana-santa\/#breadcrumb"},"inLanguage":"pt-BR","potentialAction":[{"@type":"ReadAction","target":["https:\/\/verdadeon.com.br\/portal\/2021\/04\/03\/pelo-segundo-ano-consecutivo-tecnologia-aproxima-fieis-a-semana-santa\/"]}]},{"@type":"ImageObject","inLanguage":"pt-BR","@id":"https:\/\/verdadeon.com.br\/portal\/2021\/04\/03\/pelo-segundo-ano-consecutivo-tecnologia-aproxima-fieis-a-semana-santa\/#primaryimage","url":"https:\/\/i0.wp.com\/verdadeon.com.br\/portal\/wp-content\/uploads\/2021\/04\/WhatsApp-Image-2021-04-03-at-13.16.12.jpeg?fit=1000%2C670&ssl=1","contentUrl":"https:\/\/i0.wp.com\/verdadeon.com.br\/portal\/wp-content\/uploads\/2021\/04\/WhatsApp-Image-2021-04-03-at-13.16.12.jpeg?fit=1000%2C670&ssl=1","width":1000,"height":670,"caption":"Bispo de Franca, Dom Paulo Roberto, durante celebra\u00e7\u00e3o na Matriz | Foto: Catedral Francopolitana"},{"@type":"BreadcrumbList","@id":"https:\/\/verdadeon.com.br\/portal\/2021\/04\/03\/pelo-segundo-ano-consecutivo-tecnologia-aproxima-fieis-a-semana-santa\/#breadcrumb","itemListElement":[{"@type":"ListItem","position":1,"name":"In\u00edcio","item":"https:\/\/verdadeon.com.br\/portal\/"},{"@type":"ListItem","position":2,"name":"Pelo segundo ano consecutivo, tecnologia aproxima fi\u00e9is \u00e0 Semana Santa"}]},{"@type":"WebSite","@id":"https:\/\/verdadeon.com.br\/portal\/#website","url":"https:\/\/verdadeon.com.br\/portal\/","name":"VerdadeOn","description":"Not\u00edcias di\u00e1rias sobre Franca, Regi\u00e3o, Esporte, Cultura, Cotidiano, Colunas. Cobertura nos principais eventos da cidade \u00e9 aqui - Verdadeon Franca","potentialAction":[{"@type":"SearchAction","target":{"@type":"EntryPoint","urlTemplate":"https:\/\/verdadeon.com.br\/portal\/?s={search_term_string}"},"query-input":{"@type":"PropertyValueSpecification","valueRequired":true,"valueName":"search_term_string"}}],"inLanguage":"pt-BR"},{"@type":"Person","@id":"https:\/\/verdadeon.com.br\/portal\/#\/schema\/person\/8994718f49ee62ba5610471e29ca1f62","name":"Fernando Calixto","image":{"@type":"ImageObject","inLanguage":"pt-BR","@id":"https:\/\/verdadeon.com.br\/portal\/#\/schema\/person\/image\/","url":"https:\/\/secure.gravatar.com\/avatar\/7578910c24966c0316c340f9dbd601e93ee9f9212e1033968b367af9306bd9fb?s=96&d=mm&r=g","contentUrl":"https:\/\/secure.gravatar.com\/avatar\/7578910c24966c0316c340f9dbd601e93ee9f9212e1033968b367af9306bd9fb?s=96&d=mm&r=g","caption":"Fernando Calixto"},"url":"https:\/\/verdadeon.com.br\/portal\/author\/fernando-calixto\/"}]}},"jetpack_publicize_connections":[],"jetpack_featured_media_url":"https:\/\/i0.wp.com\/verdadeon.com.br\/portal\/wp-content\/uploads\/2021\/04\/WhatsApp-Image-2021-04-03-at-13.16.12.jpeg?fit=1000%2C670&ssl=1","jetpack_sharing_enabled":true,"_links":{"self":[{"href":"https:\/\/verdadeon.com.br\/portal\/wp-json\/wp\/v2\/posts\/15769","targetHints":{"allow":["GET"]}}],"collection":[{"href":"https:\/\/verdadeon.com.br\/portal\/wp-json\/wp\/v2\/posts"}],"about":[{"href":"https:\/\/verdadeon.com.br\/portal\/wp-json\/wp\/v2\/types\/post"}],"author":[{"embeddable":true,"href":"https:\/\/verdadeon.com.br\/portal\/wp-json\/wp\/v2\/users\/4"}],"replies":[{"embeddable":true,"href":"https:\/\/verdadeon.com.br\/portal\/wp-json\/wp\/v2\/comments?post=15769"}],"version-history":[{"count":0,"href":"https:\/\/verdadeon.com.br\/portal\/wp-json\/wp\/v2\/posts\/15769\/revisions"}],"wp:featuredmedia":[{"embeddable":true,"href":"https:\/\/verdadeon.com.br\/portal\/wp-json\/wp\/v2\/media\/15771"}],"wp:attachment":[{"href":"https:\/\/verdadeon.com.br\/portal\/wp-json\/wp\/v2\/media?parent=15769"}],"wp:term":[{"taxonomy":"category","embeddable":true,"href":"https:\/\/verdadeon.com.br\/portal\/wp-json\/wp\/v2\/categories?post=15769"},{"taxonomy":"post_tag","embeddable":true,"href":"https:\/\/verdadeon.com.br\/portal\/wp-json\/wp\/v2\/tags?post=15769"}],"curies":[{"name":"wp","href":"https:\/\/api.w.org\/{rel}","templated":true}]}}