{"id":15726,"date":"2021-04-01T09:00:07","date_gmt":"2021-04-01T12:00:07","guid":{"rendered":"https:\/\/verdadeon.com.br\/portal\/?p=15726"},"modified":"2021-04-01T09:00:07","modified_gmt":"2021-04-01T12:00:07","slug":"grupo-santa-casa-disponibilizara-mais-10-leitos-de-covid-ate-amanha","status":"publish","type":"post","link":"https:\/\/verdadeon.com.br\/portal\/2021\/04\/01\/grupo-santa-casa-disponibilizara-mais-10-leitos-de-covid-ate-amanha\/","title":{"rendered":"Grupo Santa Casa disponibilizar\u00e1 mais 10 leitos de Covid at\u00e9 amanh\u00e3"},"content":{"rendered":"<p>Em comunicado na \u00faltima quarta-feira, o presidente do Grupo Santa Casa, Tony Garciano,\u00a0 informou que mais 10 leitos para UTI Covid ser\u00e3o instalados no Ame de Franca, totalizando 25 leitos.<\/p>\n<p>Os novos leitos ser\u00e3o custados pelo Governo do Estado e devem ficar dispon\u00edveis nesta sexta-feira, 2 de abril.<\/p>\n<p>O Grupo Santa Casa chega a 116 leitos somando as alas UTI e enfermaria da Santa Casa e os AMEs de Franca e Campinas.<\/p>\n<h4>Retifica\u00e7\u00e3o<\/h4>\n<p>No boletim de ontem a tarde, o Grupo Santa Casa havia informado que mais cinco novos leitos haviam sido abertos no Ame Franca, o que totalizava 20 Leitos para Covid, assim como foi divulgado pelo Verdade.<\/p>\n<p>Por\u00e9m, o Grupo Santa Casa enviou uma retifica\u00e7\u00e3o a noite corrigindo e alegando que o boletim havia sa\u00eddo com erro e que o AME Franca seguia com os mesmos 15 leitos UTI Covid. Mas nossa edi\u00e7\u00e3o ja havia sido fechada.<\/p>\n","protected":false},"excerpt":{"rendered":"<p>Em comunicado na \u00faltima quarta-feira, o presidente do Grupo Santa Casa, Tony Garciano,\u00a0 informou que mais 10 leitos para UTI Covid ser\u00e3o instalados no Ame de<span class=\"excerpt-hellip\"> [\u2026]<\/span><\/p>\n","protected":false},"author":4,"featured_media":15716,"comment_status":"open","ping_status":"open","sticky":false,"template":"","format":"standard","meta":{"_jetpack_memberships_contains_paid_content":false,"footnotes":"","jetpack_publicize_message":"","jetpack_publicize_feature_enabled":true,"jetpack_social_post_already_shared":false,"jetpack_social_options":{"image_generator_settings":{"template":"highway","default_image_id":0,"enabled":false},"version":2}},"categories":[28,44],"tags":[],"class_list":["post-15726","post","type-post","status-publish","format-standard","has-post-thumbnail","hentry","category-cotidiano","category-noticias"],"yoast_head":"<!-- This site is optimized with the Yoast SEO plugin v25.6 - https:\/\/yoast.com\/wordpress\/plugins\/seo\/ -->\n<title>Grupo Santa Casa disponibilizar\u00e1 mais 10 leitos de Covid at\u00e9 amanh\u00e3 - VerdadeOn<\/title>\n<meta name=\"robots\" content=\"index, follow, max-snippet:-1, max-image-preview:large, max-video-preview:-1\" \/>\n<link rel=\"canonical\" href=\"https:\/\/verdadeon.com.br\/portal\/2021\/04\/01\/grupo-santa-casa-disponibilizara-mais-10-leitos-de-covid-ate-amanha\/\" \/>\n<meta property=\"og:locale\" content=\"pt_BR\" \/>\n<meta property=\"og:type\" content=\"article\" \/>\n<meta property=\"og:title\" content=\"Grupo Santa Casa disponibilizar\u00e1 mais 10 leitos de Covid at\u00e9 amanh\u00e3 - VerdadeOn\" \/>\n<meta property=\"og:description\" content=\"Em comunicado na \u00faltima quarta-feira, o presidente do Grupo Santa Casa, Tony Garciano,\u00a0 informou que mais 10 leitos para UTI Covid ser\u00e3o instalados no Ame de [\u2026]\" \/>\n<meta property=\"og:url\" content=\"https:\/\/verdadeon.com.br\/portal\/2021\/04\/01\/grupo-santa-casa-disponibilizara-mais-10-leitos-de-covid-ate-amanha\/\" \/>\n<meta property=\"og:site_name\" content=\"VerdadeOn\" \/>\n<meta property=\"article:published_time\" content=\"2021-04-01T12:00:07+00:00\" \/>\n<meta property=\"og:image\" content=\"https:\/\/verdadeon.com.br\/portal\/wp-content\/uploads\/2021\/03\/WhatsApp-Image-2021-03-31-at-17.29.35.jpeg\" \/>\n\t<meta property=\"og:image:width\" content=\"1000\" \/>\n\t<meta property=\"og:image:height\" content=\"670\" \/>\n\t<meta property=\"og:image:type\" content=\"image\/jpeg\" \/>\n<meta name=\"author\" content=\"Fernando Calixto\" \/>\n<meta name=\"twitter:card\" content=\"summary_large_image\" \/>\n<meta name=\"twitter:label1\" content=\"Escrito por\" \/>\n\t<meta name=\"twitter:data1\" content=\"Fernando Calixto\" \/>\n\t<meta name=\"twitter:label2\" content=\"Est. tempo de leitura\" \/>\n\t<meta name=\"twitter:data2\" content=\"1 minuto\" \/>\n<script type=\"application\/ld+json\" class=\"yoast-schema-graph\">{\"@context\":\"https:\/\/schema.org\",\"@graph\":[{\"@type\":\"WebPage\",\"@id\":\"https:\/\/verdadeon.com.br\/portal\/2021\/04\/01\/grupo-santa-casa-disponibilizara-mais-10-leitos-de-covid-ate-amanha\/\",\"url\":\"https:\/\/verdadeon.com.br\/portal\/2021\/04\/01\/grupo-santa-casa-disponibilizara-mais-10-leitos-de-covid-ate-amanha\/\",\"name\":\"Grupo Santa Casa disponibilizar\u00e1 mais 10 leitos de Covid at\u00e9 amanh\u00e3 - VerdadeOn\",\"isPartOf\":{\"@id\":\"https:\/\/verdadeon.com.br\/portal\/#website\"},\"primaryImageOfPage\":{\"@id\":\"https:\/\/verdadeon.com.br\/portal\/2021\/04\/01\/grupo-santa-casa-disponibilizara-mais-10-leitos-de-covid-ate-amanha\/#primaryimage\"},\"image\":{\"@id\":\"https:\/\/verdadeon.com.br\/portal\/2021\/04\/01\/grupo-santa-casa-disponibilizara-mais-10-leitos-de-covid-ate-amanha\/#primaryimage\"},\"thumbnailUrl\":\"https:\/\/i0.wp.com\/verdadeon.com.br\/portal\/wp-content\/uploads\/2021\/03\/WhatsApp-Image-2021-03-31-at-17.29.35.jpeg?fit=1000%2C670&ssl=1\",\"datePublished\":\"2021-04-01T12:00:07+00:00\",\"author\":{\"@id\":\"https:\/\/verdadeon.com.br\/portal\/#\/schema\/person\/8994718f49ee62ba5610471e29ca1f62\"},\"breadcrumb\":{\"@id\":\"https:\/\/verdadeon.com.br\/portal\/2021\/04\/01\/grupo-santa-casa-disponibilizara-mais-10-leitos-de-covid-ate-amanha\/#breadcrumb\"},\"inLanguage\":\"pt-BR\",\"potentialAction\":[{\"@type\":\"ReadAction\",\"target\":[\"https:\/\/verdadeon.com.br\/portal\/2021\/04\/01\/grupo-santa-casa-disponibilizara-mais-10-leitos-de-covid-ate-amanha\/\"]}]},{\"@type\":\"ImageObject\",\"inLanguage\":\"pt-BR\",\"@id\":\"https:\/\/verdadeon.com.br\/portal\/2021\/04\/01\/grupo-santa-casa-disponibilizara-mais-10-leitos-de-covid-ate-amanha\/#primaryimage\",\"url\":\"https:\/\/i0.wp.com\/verdadeon.com.br\/portal\/wp-content\/uploads\/2021\/03\/WhatsApp-Image-2021-03-31-at-17.29.35.jpeg?fit=1000%2C670&ssl=1\",\"contentUrl\":\"https:\/\/i0.wp.com\/verdadeon.com.br\/portal\/wp-content\/uploads\/2021\/03\/WhatsApp-Image-2021-03-31-at-17.29.35.jpeg?fit=1000%2C670&ssl=1\",\"width\":1000,\"height\":670,\"caption\":\"Presidente da Santa Casa, Tony Graciano anunciou a abertura de mais 10 leitos no AME | Foto: Reprodu\u00e7\u00e3o\"},{\"@type\":\"BreadcrumbList\",\"@id\":\"https:\/\/verdadeon.com.br\/portal\/2021\/04\/01\/grupo-santa-casa-disponibilizara-mais-10-leitos-de-covid-ate-amanha\/#breadcrumb\",\"itemListElement\":[{\"@type\":\"ListItem\",\"position\":1,\"name\":\"In\u00edcio\",\"item\":\"https:\/\/verdadeon.com.br\/portal\/\"},{\"@type\":\"ListItem\",\"position\":2,\"name\":\"Grupo Santa Casa disponibilizar\u00e1 mais 10 leitos de Covid at\u00e9 amanh\u00e3\"}]},{\"@type\":\"WebSite\",\"@id\":\"https:\/\/verdadeon.com.br\/portal\/#website\",\"url\":\"https:\/\/verdadeon.com.br\/portal\/\",\"name\":\"VerdadeOn\",\"description\":\"Not\u00edcias di\u00e1rias sobre Franca, Regi\u00e3o, Esporte, Cultura, Cotidiano, Colunas. Cobertura nos principais eventos da cidade \u00e9 aqui - Verdadeon Franca\",\"potentialAction\":[{\"@type\":\"SearchAction\",\"target\":{\"@type\":\"EntryPoint\",\"urlTemplate\":\"https:\/\/verdadeon.com.br\/portal\/?s={search_term_string}\"},\"query-input\":{\"@type\":\"PropertyValueSpecification\",\"valueRequired\":true,\"valueName\":\"search_term_string\"}}],\"inLanguage\":\"pt-BR\"},{\"@type\":\"Person\",\"@id\":\"https:\/\/verdadeon.com.br\/portal\/#\/schema\/person\/8994718f49ee62ba5610471e29ca1f62\",\"name\":\"Fernando Calixto\",\"image\":{\"@type\":\"ImageObject\",\"inLanguage\":\"pt-BR\",\"@id\":\"https:\/\/verdadeon.com.br\/portal\/#\/schema\/person\/image\/\",\"url\":\"https:\/\/secure.gravatar.com\/avatar\/7578910c24966c0316c340f9dbd601e93ee9f9212e1033968b367af9306bd9fb?s=96&d=mm&r=g\",\"contentUrl\":\"https:\/\/secure.gravatar.com\/avatar\/7578910c24966c0316c340f9dbd601e93ee9f9212e1033968b367af9306bd9fb?s=96&d=mm&r=g\",\"caption\":\"Fernando Calixto\"},\"url\":\"https:\/\/verdadeon.com.br\/portal\/author\/fernando-calixto\/\"}]}<\/script>\n<!-- \/ Yoast SEO plugin. -->","yoast_head_json":{"title":"Grupo Santa Casa disponibilizar\u00e1 mais 10 leitos de Covid at\u00e9 amanh\u00e3 - VerdadeOn","robots":{"index":"index","follow":"follow","max-snippet":"max-snippet:-1","max-image-preview":"max-image-preview:large","max-video-preview":"max-video-preview:-1"},"canonical":"https:\/\/verdadeon.com.br\/portal\/2021\/04\/01\/grupo-santa-casa-disponibilizara-mais-10-leitos-de-covid-ate-amanha\/","og_locale":"pt_BR","og_type":"article","og_title":"Grupo Santa Casa disponibilizar\u00e1 mais 10 leitos de Covid at\u00e9 amanh\u00e3 - VerdadeOn","og_description":"Em comunicado na \u00faltima quarta-feira, o presidente do Grupo Santa Casa, Tony Garciano,\u00a0 informou que mais 10 leitos para UTI Covid ser\u00e3o instalados no Ame de [\u2026]","og_url":"https:\/\/verdadeon.com.br\/portal\/2021\/04\/01\/grupo-santa-casa-disponibilizara-mais-10-leitos-de-covid-ate-amanha\/","og_site_name":"VerdadeOn","article_published_time":"2021-04-01T12:00:07+00:00","og_image":[{"width":1000,"height":670,"url":"https:\/\/verdadeon.com.br\/portal\/wp-content\/uploads\/2021\/03\/WhatsApp-Image-2021-03-31-at-17.29.35.jpeg","type":"image\/jpeg"}],"author":"Fernando Calixto","twitter_card":"summary_large_image","twitter_misc":{"Escrito por":"Fernando Calixto","Est. tempo de leitura":"1 minuto"},"schema":{"@context":"https:\/\/schema.org","@graph":[{"@type":"WebPage","@id":"https:\/\/verdadeon.com.br\/portal\/2021\/04\/01\/grupo-santa-casa-disponibilizara-mais-10-leitos-de-covid-ate-amanha\/","url":"https:\/\/verdadeon.com.br\/portal\/2021\/04\/01\/grupo-santa-casa-disponibilizara-mais-10-leitos-de-covid-ate-amanha\/","name":"Grupo Santa Casa disponibilizar\u00e1 mais 10 leitos de Covid at\u00e9 amanh\u00e3 - VerdadeOn","isPartOf":{"@id":"https:\/\/verdadeon.com.br\/portal\/#website"},"primaryImageOfPage":{"@id":"https:\/\/verdadeon.com.br\/portal\/2021\/04\/01\/grupo-santa-casa-disponibilizara-mais-10-leitos-de-covid-ate-amanha\/#primaryimage"},"image":{"@id":"https:\/\/verdadeon.com.br\/portal\/2021\/04\/01\/grupo-santa-casa-disponibilizara-mais-10-leitos-de-covid-ate-amanha\/#primaryimage"},"thumbnailUrl":"https:\/\/i0.wp.com\/verdadeon.com.br\/portal\/wp-content\/uploads\/2021\/03\/WhatsApp-Image-2021-03-31-at-17.29.35.jpeg?fit=1000%2C670&ssl=1","datePublished":"2021-04-01T12:00:07+00:00","author":{"@id":"https:\/\/verdadeon.com.br\/portal\/#\/schema\/person\/8994718f49ee62ba5610471e29ca1f62"},"breadcrumb":{"@id":"https:\/\/verdadeon.com.br\/portal\/2021\/04\/01\/grupo-santa-casa-disponibilizara-mais-10-leitos-de-covid-ate-amanha\/#breadcrumb"},"inLanguage":"pt-BR","potentialAction":[{"@type":"ReadAction","target":["https:\/\/verdadeon.com.br\/portal\/2021\/04\/01\/grupo-santa-casa-disponibilizara-mais-10-leitos-de-covid-ate-amanha\/"]}]},{"@type":"ImageObject","inLanguage":"pt-BR","@id":"https:\/\/verdadeon.com.br\/portal\/2021\/04\/01\/grupo-santa-casa-disponibilizara-mais-10-leitos-de-covid-ate-amanha\/#primaryimage","url":"https:\/\/i0.wp.com\/verdadeon.com.br\/portal\/wp-content\/uploads\/2021\/03\/WhatsApp-Image-2021-03-31-at-17.29.35.jpeg?fit=1000%2C670&ssl=1","contentUrl":"https:\/\/i0.wp.com\/verdadeon.com.br\/portal\/wp-content\/uploads\/2021\/03\/WhatsApp-Image-2021-03-31-at-17.29.35.jpeg?fit=1000%2C670&ssl=1","width":1000,"height":670,"caption":"Presidente da Santa Casa, Tony Graciano anunciou a abertura de mais 10 leitos no AME | Foto: Reprodu\u00e7\u00e3o"},{"@type":"BreadcrumbList","@id":"https:\/\/verdadeon.com.br\/portal\/2021\/04\/01\/grupo-santa-casa-disponibilizara-mais-10-leitos-de-covid-ate-amanha\/#breadcrumb","itemListElement":[{"@type":"ListItem","position":1,"name":"In\u00edcio","item":"https:\/\/verdadeon.com.br\/portal\/"},{"@type":"ListItem","position":2,"name":"Grupo Santa Casa disponibilizar\u00e1 mais 10 leitos de Covid at\u00e9 amanh\u00e3"}]},{"@type":"WebSite","@id":"https:\/\/verdadeon.com.br\/portal\/#website","url":"https:\/\/verdadeon.com.br\/portal\/","name":"VerdadeOn","description":"Not\u00edcias di\u00e1rias sobre Franca, Regi\u00e3o, Esporte, Cultura, Cotidiano, Colunas. Cobertura nos principais eventos da cidade \u00e9 aqui - Verdadeon Franca","potentialAction":[{"@type":"SearchAction","target":{"@type":"EntryPoint","urlTemplate":"https:\/\/verdadeon.com.br\/portal\/?s={search_term_string}"},"query-input":{"@type":"PropertyValueSpecification","valueRequired":true,"valueName":"search_term_string"}}],"inLanguage":"pt-BR"},{"@type":"Person","@id":"https:\/\/verdadeon.com.br\/portal\/#\/schema\/person\/8994718f49ee62ba5610471e29ca1f62","name":"Fernando Calixto","image":{"@type":"ImageObject","inLanguage":"pt-BR","@id":"https:\/\/verdadeon.com.br\/portal\/#\/schema\/person\/image\/","url":"https:\/\/secure.gravatar.com\/avatar\/7578910c24966c0316c340f9dbd601e93ee9f9212e1033968b367af9306bd9fb?s=96&d=mm&r=g","contentUrl":"https:\/\/secure.gravatar.com\/avatar\/7578910c24966c0316c340f9dbd601e93ee9f9212e1033968b367af9306bd9fb?s=96&d=mm&r=g","caption":"Fernando Calixto"},"url":"https:\/\/verdadeon.com.br\/portal\/author\/fernando-calixto\/"}]}},"jetpack_publicize_connections":[],"jetpack_featured_media_url":"https:\/\/i0.wp.com\/verdadeon.com.br\/portal\/wp-content\/uploads\/2021\/03\/WhatsApp-Image-2021-03-31-at-17.29.35.jpeg?fit=1000%2C670&ssl=1","jetpack_sharing_enabled":true,"_links":{"self":[{"href":"https:\/\/verdadeon.com.br\/portal\/wp-json\/wp\/v2\/posts\/15726","targetHints":{"allow":["GET"]}}],"collection":[{"href":"https:\/\/verdadeon.com.br\/portal\/wp-json\/wp\/v2\/posts"}],"about":[{"href":"https:\/\/verdadeon.com.br\/portal\/wp-json\/wp\/v2\/types\/post"}],"author":[{"embeddable":true,"href":"https:\/\/verdadeon.com.br\/portal\/wp-json\/wp\/v2\/users\/4"}],"replies":[{"embeddable":true,"href":"https:\/\/verdadeon.com.br\/portal\/wp-json\/wp\/v2\/comments?post=15726"}],"version-history":[{"count":0,"href":"https:\/\/verdadeon.com.br\/portal\/wp-json\/wp\/v2\/posts\/15726\/revisions"}],"wp:featuredmedia":[{"embeddable":true,"href":"https:\/\/verdadeon.com.br\/portal\/wp-json\/wp\/v2\/media\/15716"}],"wp:attachment":[{"href":"https:\/\/verdadeon.com.br\/portal\/wp-json\/wp\/v2\/media?parent=15726"}],"wp:term":[{"taxonomy":"category","embeddable":true,"href":"https:\/\/verdadeon.com.br\/portal\/wp-json\/wp\/v2\/categories?post=15726"},{"taxonomy":"post_tag","embeddable":true,"href":"https:\/\/verdadeon.com.br\/portal\/wp-json\/wp\/v2\/tags?post=15726"}],"curies":[{"name":"wp","href":"https:\/\/api.w.org\/{rel}","templated":true}]}}