{"id":15712,"date":"2021-03-31T17:42:53","date_gmt":"2021-03-31T20:42:53","guid":{"rendered":"https:\/\/verdadeon.com.br\/portal\/?p=15712"},"modified":"2021-03-31T17:42:53","modified_gmt":"2021-03-31T20:42:53","slug":"inscricoes-para-o-renda-franca-sao-prorrogadas-ate-o-dia-5","status":"publish","type":"post","link":"https:\/\/verdadeon.com.br\/portal\/2021\/03\/31\/inscricoes-para-o-renda-franca-sao-prorrogadas-ate-o-dia-5\/","title":{"rendered":"Inscri\u00e7\u00f5es para o \u2018Renda Franca\u2019 s\u00e3o prorrogadas at\u00e9 o dia 5"},"content":{"rendered":"<h2>Prazo final seria nesta quarta-feira, programa vai atender mil fam\u00edlias do munic\u00edpio<\/h2>\n<p>Foram prorrogadas para o dia 5 de abril as inscri\u00e7\u00f5es para o programa \u201cRenda Franca\u201d. A princ\u00edpio prazo terminaria nesta quarta-feira (31), mas foi prorrogado ap\u00f3s publica\u00e7\u00e3o do decreto 11.223, no Di\u00e1rio Oficial do Munic\u00edpio.<br \/>\nA decis\u00e3o de estender o per\u00edodo de inscri\u00e7\u00f5es foi adotada para possibilitar que as pessoas, em situa\u00e7\u00e3o de vulnerabilidade social, tenham oportunidades de se inscrever. O novo decreto possibilita tamb\u00e9m que os candidatos que j\u00e1 realizaram suas inscri\u00e7\u00f5es possam, a partir do meio dia da pr\u00f3xima sexta-feira, 2 at\u00e9 o dia 5, do pr\u00f3ximo m\u00eas, complementarem informa\u00e7\u00f5es e incluir documentos comprobat\u00f3rios dos crit\u00e9rios de participa\u00e7\u00e3o do \u201cRenda Franca\u201d.<br \/>\nAt\u00e9 a tarde desta quarta-feira, 1.683 pessoas tinham efetuado a inscri\u00e7\u00e3o para pleitearem o benef\u00edcio. As inscri\u00e7\u00f5es est\u00e3o sendo feitas, somente on-line, pelo site da Prefeitura, www.franca.sp.gov.br, no banner do programa e as principais orienta\u00e7\u00f5es da Secretaria de A\u00e7\u00e3o Social \u00e9 para que as pessoas, antes de iniciar o cadastro, leiam com aten\u00e7\u00e3o as instru\u00e7\u00f5es, verificando se enquadram nos crit\u00e9rios e exig\u00eancias da Lei Municipal, al\u00e9m de reunirem toda a documenta\u00e7\u00e3o solicitada, que deve ser anexada, no momento da inscri\u00e7\u00e3o. Durante o preenchimento do formul\u00e1rio \u00e9 imprescind\u00edvel, que o candidato insira os n\u00fameros corretos dos documentos pessoais, de familiares, n\u00fameros de telefones com o DDD 16.<br \/>\nQualquer erro registrado nos dados apresentados pode inviabilizar a inscri\u00e7\u00e3o. Tamb\u00e9m \u00e9 importante, que a pessoa anote e guarde o usu\u00e1rio (e-mail) e senha que ser\u00e3o criados, tendo em vista, que posteriormente, poder\u00e3o utiliz\u00e1-los para acessar o seu cadastro para consultar as etapas do programa.<br \/>\nDentre as condi\u00e7\u00f5es exigidas para pleitear o benef\u00edcio, \u00e9 necess\u00e1rio que a pessoa resida h\u00e1 3 anos, em Franca, ter 18 anos ou mais, estar desempregada h\u00e1 6 meses ou mais, n\u00e3o ter nenhum outro tipo de renda e outras.<br \/>\nO Programa Renda Franca vai atender 1.000 fam\u00edlias, com o pagamento de um aux\u00edlio de R$ 300,00, por um per\u00edodo de tr\u00eas meses, condicionado a participa\u00e7\u00e3o obrigat\u00f3ria, em um dos cursos de qualifica\u00e7\u00e3o, que ser\u00e3o oferecidos pela Prefeitura, gratuitamente, por meio do Programa Caminho para o Emprego.<br \/>\nA Secretaria de A\u00e7\u00e3o Social est\u00e1 disponibilizando dois canais para o esclarecimento de d\u00favidas: o whatsapp 3711-9814 e o e-mail: rendafranca@franca.sp.gov.br, que estar\u00e3o dispon\u00edveis at\u00e9 esta quinta-feira, at\u00e9 \u00e1s 16h e, posteriormente, na segunda-feira, 5, com atendimento das 8 \u00e0s 17h.<\/p>\n","protected":false},"excerpt":{"rendered":"<p>Prazo final seria nesta quarta-feira, programa vai atender mil fam\u00edlias do munic\u00edpio Foram prorrogadas para o dia 5 de abril as inscri\u00e7\u00f5es para o programa \u201cRenda<span class=\"excerpt-hellip\"> [\u2026]<\/span><\/p>\n","protected":false},"author":4,"featured_media":15718,"comment_status":"open","ping_status":"open","sticky":false,"template":"","format":"standard","meta":{"_jetpack_memberships_contains_paid_content":false,"footnotes":"","jetpack_publicize_message":"","jetpack_publicize_feature_enabled":true,"jetpack_social_post_already_shared":false,"jetpack_social_options":{"image_generator_settings":{"template":"highway","default_image_id":0,"enabled":false},"version":2}},"categories":[28,44],"tags":[],"class_list":["post-15712","post","type-post","status-publish","format-standard","has-post-thumbnail","hentry","category-cotidiano","category-noticias"],"yoast_head":"<!-- This site is optimized with the Yoast SEO plugin v25.6 - https:\/\/yoast.com\/wordpress\/plugins\/seo\/ -->\n<title>Inscri\u00e7\u00f5es para o \u2018Renda Franca\u2019 s\u00e3o prorrogadas at\u00e9 o dia 5 - VerdadeOn<\/title>\n<meta name=\"robots\" content=\"index, follow, max-snippet:-1, max-image-preview:large, max-video-preview:-1\" \/>\n<link rel=\"canonical\" href=\"https:\/\/verdadeon.com.br\/portal\/2021\/03\/31\/inscricoes-para-o-renda-franca-sao-prorrogadas-ate-o-dia-5\/\" \/>\n<meta property=\"og:locale\" content=\"pt_BR\" \/>\n<meta property=\"og:type\" content=\"article\" \/>\n<meta property=\"og:title\" content=\"Inscri\u00e7\u00f5es para o \u2018Renda Franca\u2019 s\u00e3o prorrogadas at\u00e9 o dia 5 - VerdadeOn\" \/>\n<meta property=\"og:description\" content=\"Prazo final seria nesta quarta-feira, programa vai atender mil fam\u00edlias do munic\u00edpio Foram prorrogadas para o dia 5 de abril as inscri\u00e7\u00f5es para o programa \u201cRenda [\u2026]\" \/>\n<meta property=\"og:url\" content=\"https:\/\/verdadeon.com.br\/portal\/2021\/03\/31\/inscricoes-para-o-renda-franca-sao-prorrogadas-ate-o-dia-5\/\" \/>\n<meta property=\"og:site_name\" content=\"VerdadeOn\" \/>\n<meta property=\"article:published_time\" content=\"2021-03-31T20:42:53+00:00\" \/>\n<meta property=\"og:image\" content=\"https:\/\/verdadeon.com.br\/portal\/wp-content\/uploads\/2021\/03\/WhatsApp-Image-2021-03-31-at-17.41.24.jpeg\" \/>\n\t<meta property=\"og:image:width\" content=\"1000\" \/>\n\t<meta property=\"og:image:height\" content=\"670\" \/>\n\t<meta property=\"og:image:type\" content=\"image\/jpeg\" \/>\n<meta name=\"author\" content=\"Fernando Calixto\" \/>\n<meta name=\"twitter:card\" content=\"summary_large_image\" \/>\n<meta name=\"twitter:label1\" content=\"Escrito por\" \/>\n\t<meta name=\"twitter:data1\" content=\"Fernando Calixto\" \/>\n\t<meta name=\"twitter:label2\" content=\"Est. tempo de leitura\" \/>\n\t<meta name=\"twitter:data2\" content=\"2 minutos\" \/>\n<script type=\"application\/ld+json\" class=\"yoast-schema-graph\">{\"@context\":\"https:\/\/schema.org\",\"@graph\":[{\"@type\":\"WebPage\",\"@id\":\"https:\/\/verdadeon.com.br\/portal\/2021\/03\/31\/inscricoes-para-o-renda-franca-sao-prorrogadas-ate-o-dia-5\/\",\"url\":\"https:\/\/verdadeon.com.br\/portal\/2021\/03\/31\/inscricoes-para-o-renda-franca-sao-prorrogadas-ate-o-dia-5\/\",\"name\":\"Inscri\u00e7\u00f5es para o \u2018Renda Franca\u2019 s\u00e3o prorrogadas at\u00e9 o dia 5 - VerdadeOn\",\"isPartOf\":{\"@id\":\"https:\/\/verdadeon.com.br\/portal\/#website\"},\"primaryImageOfPage\":{\"@id\":\"https:\/\/verdadeon.com.br\/portal\/2021\/03\/31\/inscricoes-para-o-renda-franca-sao-prorrogadas-ate-o-dia-5\/#primaryimage\"},\"image\":{\"@id\":\"https:\/\/verdadeon.com.br\/portal\/2021\/03\/31\/inscricoes-para-o-renda-franca-sao-prorrogadas-ate-o-dia-5\/#primaryimage\"},\"thumbnailUrl\":\"https:\/\/i0.wp.com\/verdadeon.com.br\/portal\/wp-content\/uploads\/2021\/03\/WhatsApp-Image-2021-03-31-at-17.41.24.jpeg?fit=1000%2C670&ssl=1\",\"datePublished\":\"2021-03-31T20:42:53+00:00\",\"author\":{\"@id\":\"https:\/\/verdadeon.com.br\/portal\/#\/schema\/person\/8994718f49ee62ba5610471e29ca1f62\"},\"breadcrumb\":{\"@id\":\"https:\/\/verdadeon.com.br\/portal\/2021\/03\/31\/inscricoes-para-o-renda-franca-sao-prorrogadas-ate-o-dia-5\/#breadcrumb\"},\"inLanguage\":\"pt-BR\",\"potentialAction\":[{\"@type\":\"ReadAction\",\"target\":[\"https:\/\/verdadeon.com.br\/portal\/2021\/03\/31\/inscricoes-para-o-renda-franca-sao-prorrogadas-ate-o-dia-5\/\"]}]},{\"@type\":\"ImageObject\",\"inLanguage\":\"pt-BR\",\"@id\":\"https:\/\/verdadeon.com.br\/portal\/2021\/03\/31\/inscricoes-para-o-renda-franca-sao-prorrogadas-ate-o-dia-5\/#primaryimage\",\"url\":\"https:\/\/i0.wp.com\/verdadeon.com.br\/portal\/wp-content\/uploads\/2021\/03\/WhatsApp-Image-2021-03-31-at-17.41.24.jpeg?fit=1000%2C670&ssl=1\",\"contentUrl\":\"https:\/\/i0.wp.com\/verdadeon.com.br\/portal\/wp-content\/uploads\/2021\/03\/WhatsApp-Image-2021-03-31-at-17.41.24.jpeg?fit=1000%2C670&ssl=1\",\"width\":1000,\"height\":670,\"caption\":\"De acordo com a prefeitura mais de 1.600 fam\u00edlias fizeram o cadastro, mil ser\u00e3o selecionadas | Foto: Reprodu\u00e7\u00e3o\"},{\"@type\":\"BreadcrumbList\",\"@id\":\"https:\/\/verdadeon.com.br\/portal\/2021\/03\/31\/inscricoes-para-o-renda-franca-sao-prorrogadas-ate-o-dia-5\/#breadcrumb\",\"itemListElement\":[{\"@type\":\"ListItem\",\"position\":1,\"name\":\"In\u00edcio\",\"item\":\"https:\/\/verdadeon.com.br\/portal\/\"},{\"@type\":\"ListItem\",\"position\":2,\"name\":\"Inscri\u00e7\u00f5es para o \u2018Renda Franca\u2019 s\u00e3o prorrogadas at\u00e9 o dia 5\"}]},{\"@type\":\"WebSite\",\"@id\":\"https:\/\/verdadeon.com.br\/portal\/#website\",\"url\":\"https:\/\/verdadeon.com.br\/portal\/\",\"name\":\"VerdadeOn\",\"description\":\"Not\u00edcias di\u00e1rias sobre Franca, Regi\u00e3o, Esporte, Cultura, Cotidiano, Colunas. Cobertura nos principais eventos da cidade \u00e9 aqui - Verdadeon Franca\",\"potentialAction\":[{\"@type\":\"SearchAction\",\"target\":{\"@type\":\"EntryPoint\",\"urlTemplate\":\"https:\/\/verdadeon.com.br\/portal\/?s={search_term_string}\"},\"query-input\":{\"@type\":\"PropertyValueSpecification\",\"valueRequired\":true,\"valueName\":\"search_term_string\"}}],\"inLanguage\":\"pt-BR\"},{\"@type\":\"Person\",\"@id\":\"https:\/\/verdadeon.com.br\/portal\/#\/schema\/person\/8994718f49ee62ba5610471e29ca1f62\",\"name\":\"Fernando Calixto\",\"image\":{\"@type\":\"ImageObject\",\"inLanguage\":\"pt-BR\",\"@id\":\"https:\/\/verdadeon.com.br\/portal\/#\/schema\/person\/image\/\",\"url\":\"https:\/\/secure.gravatar.com\/avatar\/7578910c24966c0316c340f9dbd601e93ee9f9212e1033968b367af9306bd9fb?s=96&d=mm&r=g\",\"contentUrl\":\"https:\/\/secure.gravatar.com\/avatar\/7578910c24966c0316c340f9dbd601e93ee9f9212e1033968b367af9306bd9fb?s=96&d=mm&r=g\",\"caption\":\"Fernando Calixto\"},\"url\":\"https:\/\/verdadeon.com.br\/portal\/author\/fernando-calixto\/\"}]}<\/script>\n<!-- \/ Yoast SEO plugin. -->","yoast_head_json":{"title":"Inscri\u00e7\u00f5es para o \u2018Renda Franca\u2019 s\u00e3o prorrogadas at\u00e9 o dia 5 - VerdadeOn","robots":{"index":"index","follow":"follow","max-snippet":"max-snippet:-1","max-image-preview":"max-image-preview:large","max-video-preview":"max-video-preview:-1"},"canonical":"https:\/\/verdadeon.com.br\/portal\/2021\/03\/31\/inscricoes-para-o-renda-franca-sao-prorrogadas-ate-o-dia-5\/","og_locale":"pt_BR","og_type":"article","og_title":"Inscri\u00e7\u00f5es para o \u2018Renda Franca\u2019 s\u00e3o prorrogadas at\u00e9 o dia 5 - VerdadeOn","og_description":"Prazo final seria nesta quarta-feira, programa vai atender mil fam\u00edlias do munic\u00edpio Foram prorrogadas para o dia 5 de abril as inscri\u00e7\u00f5es para o programa \u201cRenda [\u2026]","og_url":"https:\/\/verdadeon.com.br\/portal\/2021\/03\/31\/inscricoes-para-o-renda-franca-sao-prorrogadas-ate-o-dia-5\/","og_site_name":"VerdadeOn","article_published_time":"2021-03-31T20:42:53+00:00","og_image":[{"width":1000,"height":670,"url":"https:\/\/verdadeon.com.br\/portal\/wp-content\/uploads\/2021\/03\/WhatsApp-Image-2021-03-31-at-17.41.24.jpeg","type":"image\/jpeg"}],"author":"Fernando Calixto","twitter_card":"summary_large_image","twitter_misc":{"Escrito por":"Fernando Calixto","Est. tempo de leitura":"2 minutos"},"schema":{"@context":"https:\/\/schema.org","@graph":[{"@type":"WebPage","@id":"https:\/\/verdadeon.com.br\/portal\/2021\/03\/31\/inscricoes-para-o-renda-franca-sao-prorrogadas-ate-o-dia-5\/","url":"https:\/\/verdadeon.com.br\/portal\/2021\/03\/31\/inscricoes-para-o-renda-franca-sao-prorrogadas-ate-o-dia-5\/","name":"Inscri\u00e7\u00f5es para o \u2018Renda Franca\u2019 s\u00e3o prorrogadas at\u00e9 o dia 5 - VerdadeOn","isPartOf":{"@id":"https:\/\/verdadeon.com.br\/portal\/#website"},"primaryImageOfPage":{"@id":"https:\/\/verdadeon.com.br\/portal\/2021\/03\/31\/inscricoes-para-o-renda-franca-sao-prorrogadas-ate-o-dia-5\/#primaryimage"},"image":{"@id":"https:\/\/verdadeon.com.br\/portal\/2021\/03\/31\/inscricoes-para-o-renda-franca-sao-prorrogadas-ate-o-dia-5\/#primaryimage"},"thumbnailUrl":"https:\/\/i0.wp.com\/verdadeon.com.br\/portal\/wp-content\/uploads\/2021\/03\/WhatsApp-Image-2021-03-31-at-17.41.24.jpeg?fit=1000%2C670&ssl=1","datePublished":"2021-03-31T20:42:53+00:00","author":{"@id":"https:\/\/verdadeon.com.br\/portal\/#\/schema\/person\/8994718f49ee62ba5610471e29ca1f62"},"breadcrumb":{"@id":"https:\/\/verdadeon.com.br\/portal\/2021\/03\/31\/inscricoes-para-o-renda-franca-sao-prorrogadas-ate-o-dia-5\/#breadcrumb"},"inLanguage":"pt-BR","potentialAction":[{"@type":"ReadAction","target":["https:\/\/verdadeon.com.br\/portal\/2021\/03\/31\/inscricoes-para-o-renda-franca-sao-prorrogadas-ate-o-dia-5\/"]}]},{"@type":"ImageObject","inLanguage":"pt-BR","@id":"https:\/\/verdadeon.com.br\/portal\/2021\/03\/31\/inscricoes-para-o-renda-franca-sao-prorrogadas-ate-o-dia-5\/#primaryimage","url":"https:\/\/i0.wp.com\/verdadeon.com.br\/portal\/wp-content\/uploads\/2021\/03\/WhatsApp-Image-2021-03-31-at-17.41.24.jpeg?fit=1000%2C670&ssl=1","contentUrl":"https:\/\/i0.wp.com\/verdadeon.com.br\/portal\/wp-content\/uploads\/2021\/03\/WhatsApp-Image-2021-03-31-at-17.41.24.jpeg?fit=1000%2C670&ssl=1","width":1000,"height":670,"caption":"De acordo com a prefeitura mais de 1.600 fam\u00edlias fizeram o cadastro, mil ser\u00e3o selecionadas | Foto: Reprodu\u00e7\u00e3o"},{"@type":"BreadcrumbList","@id":"https:\/\/verdadeon.com.br\/portal\/2021\/03\/31\/inscricoes-para-o-renda-franca-sao-prorrogadas-ate-o-dia-5\/#breadcrumb","itemListElement":[{"@type":"ListItem","position":1,"name":"In\u00edcio","item":"https:\/\/verdadeon.com.br\/portal\/"},{"@type":"ListItem","position":2,"name":"Inscri\u00e7\u00f5es para o \u2018Renda Franca\u2019 s\u00e3o prorrogadas at\u00e9 o dia 5"}]},{"@type":"WebSite","@id":"https:\/\/verdadeon.com.br\/portal\/#website","url":"https:\/\/verdadeon.com.br\/portal\/","name":"VerdadeOn","description":"Not\u00edcias di\u00e1rias sobre Franca, Regi\u00e3o, Esporte, Cultura, Cotidiano, Colunas. Cobertura nos principais eventos da cidade \u00e9 aqui - Verdadeon Franca","potentialAction":[{"@type":"SearchAction","target":{"@type":"EntryPoint","urlTemplate":"https:\/\/verdadeon.com.br\/portal\/?s={search_term_string}"},"query-input":{"@type":"PropertyValueSpecification","valueRequired":true,"valueName":"search_term_string"}}],"inLanguage":"pt-BR"},{"@type":"Person","@id":"https:\/\/verdadeon.com.br\/portal\/#\/schema\/person\/8994718f49ee62ba5610471e29ca1f62","name":"Fernando Calixto","image":{"@type":"ImageObject","inLanguage":"pt-BR","@id":"https:\/\/verdadeon.com.br\/portal\/#\/schema\/person\/image\/","url":"https:\/\/secure.gravatar.com\/avatar\/7578910c24966c0316c340f9dbd601e93ee9f9212e1033968b367af9306bd9fb?s=96&d=mm&r=g","contentUrl":"https:\/\/secure.gravatar.com\/avatar\/7578910c24966c0316c340f9dbd601e93ee9f9212e1033968b367af9306bd9fb?s=96&d=mm&r=g","caption":"Fernando Calixto"},"url":"https:\/\/verdadeon.com.br\/portal\/author\/fernando-calixto\/"}]}},"jetpack_publicize_connections":[],"jetpack_featured_media_url":"https:\/\/i0.wp.com\/verdadeon.com.br\/portal\/wp-content\/uploads\/2021\/03\/WhatsApp-Image-2021-03-31-at-17.41.24.jpeg?fit=1000%2C670&ssl=1","jetpack_sharing_enabled":true,"_links":{"self":[{"href":"https:\/\/verdadeon.com.br\/portal\/wp-json\/wp\/v2\/posts\/15712","targetHints":{"allow":["GET"]}}],"collection":[{"href":"https:\/\/verdadeon.com.br\/portal\/wp-json\/wp\/v2\/posts"}],"about":[{"href":"https:\/\/verdadeon.com.br\/portal\/wp-json\/wp\/v2\/types\/post"}],"author":[{"embeddable":true,"href":"https:\/\/verdadeon.com.br\/portal\/wp-json\/wp\/v2\/users\/4"}],"replies":[{"embeddable":true,"href":"https:\/\/verdadeon.com.br\/portal\/wp-json\/wp\/v2\/comments?post=15712"}],"version-history":[{"count":0,"href":"https:\/\/verdadeon.com.br\/portal\/wp-json\/wp\/v2\/posts\/15712\/revisions"}],"wp:featuredmedia":[{"embeddable":true,"href":"https:\/\/verdadeon.com.br\/portal\/wp-json\/wp\/v2\/media\/15718"}],"wp:attachment":[{"href":"https:\/\/verdadeon.com.br\/portal\/wp-json\/wp\/v2\/media?parent=15712"}],"wp:term":[{"taxonomy":"category","embeddable":true,"href":"https:\/\/verdadeon.com.br\/portal\/wp-json\/wp\/v2\/categories?post=15712"},{"taxonomy":"post_tag","embeddable":true,"href":"https:\/\/verdadeon.com.br\/portal\/wp-json\/wp\/v2\/tags?post=15712"}],"curies":[{"name":"wp","href":"https:\/\/api.w.org\/{rel}","templated":true}]}}