{"id":15710,"date":"2021-03-31T17:19:50","date_gmt":"2021-03-31T20:19:50","guid":{"rendered":"https:\/\/verdadeon.com.br\/portal\/?p=15710"},"modified":"2021-03-31T17:19:50","modified_gmt":"2021-03-31T20:19:50","slug":"pagamento-no-novo-auxilio-emergencial-comeca-na-proxima-terca-feira","status":"publish","type":"post","link":"https:\/\/verdadeon.com.br\/portal\/2021\/03\/31\/pagamento-no-novo-auxilio-emergencial-comeca-na-proxima-terca-feira\/","title":{"rendered":"Pagamento no novo aux\u00edlio emergencial come\u00e7a na pr\u00f3xima ter\u00e7a-feira"},"content":{"rendered":"<h2>Valor m\u00e9dio do benef\u00edcio \u00e9 de R$250, que s\u00e3o pagos de acordo com o perfil de cada benefici\u00e1rio<\/h2>\n<p>Milh\u00f5es de fam\u00edlias em situa\u00e7\u00e3o de vulnerabilidade social come\u00e7am a receber, na pr\u00f3xima ter\u00e7a-feira (6), a primeira das quatro parcelas do novo aux\u00edlio emergencial. O governo federal prev\u00ea conceder o benef\u00edcio a cerca de 45,6 milh\u00f5es de pessoas, este ano. Os recursos ser\u00e3o depositados nas contas digitais que abertas pela Caixa para os benefici\u00e1rios no ano passado.<br \/>\nCalend\u00e1rio<br \/>\nNa ter\u00e7a-feira, come\u00e7am a receber os trabalhadores informais, microempreendedores individuais, desempregados e outras pessoas afetadas pela pandemia da covid-19 nascidas no m\u00eas de janeiro, al\u00e9m de integrantes do Cadastro \u00danico do governo federal.<br \/>\nBenefici\u00e1rios do Bolsa Fam\u00edlia receber\u00e3o de acordo com o calend\u00e1rio habitual do programa, que, em abril, come\u00e7a a ser pago no dia 16.<br \/>\nAs pessoas n\u00e3o ter\u00e3o direito a sacar os recursos no mesmo dia em que receberem, conforme explicou o presidente da Caixa, Pedro Guimar\u00e3es, durante an\u00fancio feito no Pal\u00e1cio do Planalto, esta manh\u00e3.<br \/>\nO objetivo do escalonamento \u00e9 motivar as pessoas a usarem os dispositivos digitais e, assim, evitar a ida a bancos e ag\u00eancias lot\u00e9ricas. \u201cNossa expectativa \u00e9 que mais da metade das pessoas realize o pagamento de contas digitalmente\u201d, disse Guimar\u00e3es. \u201cJ\u00e1 temos tudo muito bem organizado. Vamos minimizar as filas, pagando o mais r\u00e1pido poss\u00edvel, com o m\u00ednimo de aglomera\u00e7\u00e3o poss\u00edvel\u201d, acrescentou Guimar\u00e3es.<br \/>\nO calend\u00e1rio completo de pagamentos e saques consta da Portaria n\u00ba 622, que o Minist\u00e9rio da Cidadania publicou nesta quarta-feira (31), no Di\u00e1rio Oficial da Uni\u00e3o.<br \/>\nCerca de R$ 44 bilh\u00f5es foram destinados ao aux\u00edlio emergencial por meio da promulga\u00e7\u00e3o da Emenda Constitucional 109\/2021, a chamada PEC Emergencial.<br \/>\nA emenda constitucional abriu caminho para que o governo federal ultrapasse o limite do teto de gastos, sem comprometer a meta de resultado fiscal prim\u00e1rio e sem afetar a chamada regra de ouro (esp\u00e9cie de teto de endividamento p\u00fablico para financiar gastos correntes).<br \/>\nParcelas<br \/>\nConforme destacou o ministro da Cidadania, Jo\u00e3o Roma, durante o an\u00fancio desta manh\u00e3, as quatro parcelas de, em m\u00e9dia, R$ 250, ser\u00e3o pagas a uma pessoa por fam\u00edlia, sendo que mulheres chefes de fam\u00edlia receber\u00e3o R$ 375, enquanto indiv\u00edduos que vivem s\u00f3 \u2013 fam\u00edlia unipessoal \u2013 receber\u00e3o R$ 150.<br \/>\nDo valor total estabelecido pelo Congresso Nacional, R$ 23,4 bilh\u00f5es ser\u00e3o destinados ao p\u00fablico j\u00e1 inscrito em plataformas digitais da Caixa, R$ 6,5 bilh\u00f5es para integrantes do Cadastro \u00danico do Governo Federal e R$ 12,7 bilh\u00f5es para atendidos pelo Bolsa Fam\u00edlia.<br \/>\n\u201cEste \u00e9 um alento para o povo brasileiro. S\u00e3o recursos p\u00fablicos direcionados para o brasileiro vulner\u00e1vel, para as pessoas que est\u00e3o passando muitas dificuldades\u201d, comentou Roma, lembrando que o aux\u00edlio ser\u00e1 concedido automaticamente ao trabalhador informal com renda per capita de at\u00e9 meio sal\u00e1rio m\u00ednimo e renda mensal total de at\u00e9 tr\u00eas sal\u00e1rios m\u00ednimos que recebeu o benef\u00edcio em dezembro de 2020 e que continue fazendo jus \u00e0 ajuda federal. &#8220;O aux\u00edlio \u00e9 uma ferramenta para minimizar o sofrimento e fazer com que nosso povo consiga superar esta pandemia.\u201d<br \/>\nAtividade econ\u00f4mica<br \/>\nDurante o an\u00fancio, o presidente Jair Bolsonaro voltou a defender a necessidade de retomada de atividades comerciais. \u201cT\u00ednhamos e temos dois inimigos: o v\u00edrus e o desemprego. E n\u00e3o \u00e9 ficando em casa que vamos solucionar este problema\u201d, declarou o presidente, criticando as medidas que restringem o funcionamento de atividades consideradas n\u00e3o essenciais.<br \/>\n\u201cEsta pol\u00edtica continua sendo adotada. O esp\u00edrito dela era buscar achatar a curva de contamina\u00e7\u00e3o enquanto os hospitais se preparavam com leitos de UTI e respiradores, para que pessoas n\u00e3o viessem a perder suas vidas por falta de atendimento. O governo federal dispensou bilh\u00f5es de reais para a Sa\u00fade e sabe que n\u00e3o pode continuar por muito tempo com este aux\u00edlio [emergencial], que \u00e9 um custo para toda a popula\u00e7\u00e3o e pode desequilibrar nossa economia\u201d, declarou Bolsonaro.<br \/>\n&#8220;O Brasil tem que voltar a trabalhar. A fome est\u00e1 batendo cada vez mais forte na casa destas pessoas. Eu temo por problemas sociais grav\u00edssimos no Brasil. O [valor do] aux\u00edlio \u00e9 pouco, reconhe\u00e7o, mas \u00e9 o que a na\u00e7\u00e3o pode dispensar \u00e0 popula\u00e7\u00e3o&#8221;, acrescentou.<br \/>\nEle apelou para que governadores e prefeitos \u201crevejam\u201d a ado\u00e7\u00e3o de medidas restritivas que, segundo o presidente, em alguns casos, &#8220;superam, e muito, o que seria [a decreta\u00e7\u00e3o] de um estado de s\u00edtio&#8221;.<br \/>\n&#8220;A popula\u00e7\u00e3o n\u00e3o s\u00f3 quer, como precisa trabalhar. Nenhuma na\u00e7\u00e3o se sustenta por muito tempo com este tipo de pol\u00edtica. Queremos voltar \u00e0 normalidade o mais r\u00e1pido poss\u00edvel&#8221;, enfatizou o presidente.<br \/>\nEle destacou que, em termos de vacina\u00e7\u00e3o, o Brasil est\u00e1 &#8220;em uma posi\u00e7\u00e3o bastante privilegiada&#8221; quando comparado a outros pa\u00edses. O Brasil atingiu, ontem, a marca de 8% da popula\u00e7\u00e3o vacinada com a primeira dose. &#8220;Gostar\u00edamos de ser o primeiro, mas fazemos o poss\u00edvel para atender \u00e0 popula\u00e7\u00e3o com vacinas&#8221;.<br \/>\nFonte: Ag\u00eancia Brasil<\/p>\n","protected":false},"excerpt":{"rendered":"<p>Valor m\u00e9dio do benef\u00edcio \u00e9 de R$250, que s\u00e3o pagos de acordo com o perfil de cada benefici\u00e1rio Milh\u00f5es de fam\u00edlias em situa\u00e7\u00e3o de vulnerabilidade social<span class=\"excerpt-hellip\"> [\u2026]<\/span><\/p>\n","protected":false},"author":4,"featured_media":15706,"comment_status":"open","ping_status":"open","sticky":false,"template":"","format":"standard","meta":{"_jetpack_memberships_contains_paid_content":false,"footnotes":"","jetpack_publicize_message":"","jetpack_publicize_feature_enabled":true,"jetpack_social_post_already_shared":false,"jetpack_social_options":{"image_generator_settings":{"template":"highway","default_image_id":0,"enabled":false},"version":2}},"categories":[28,44],"tags":[],"class_list":["post-15710","post","type-post","status-publish","format-standard","has-post-thumbnail","hentry","category-cotidiano","category-noticias"],"yoast_head":"<!-- This site is optimized with the Yoast SEO plugin v25.6 - https:\/\/yoast.com\/wordpress\/plugins\/seo\/ -->\n<title>Pagamento no novo aux\u00edlio emergencial come\u00e7a na pr\u00f3xima ter\u00e7a-feira - VerdadeOn<\/title>\n<meta name=\"robots\" content=\"index, follow, max-snippet:-1, max-image-preview:large, max-video-preview:-1\" \/>\n<link rel=\"canonical\" href=\"https:\/\/verdadeon.com.br\/portal\/2021\/03\/31\/pagamento-no-novo-auxilio-emergencial-comeca-na-proxima-terca-feira\/\" \/>\n<meta property=\"og:locale\" content=\"pt_BR\" \/>\n<meta property=\"og:type\" content=\"article\" \/>\n<meta property=\"og:title\" content=\"Pagamento no novo aux\u00edlio emergencial come\u00e7a na pr\u00f3xima ter\u00e7a-feira - VerdadeOn\" \/>\n<meta property=\"og:description\" content=\"Valor m\u00e9dio do benef\u00edcio \u00e9 de R$250, que s\u00e3o pagos de acordo com o perfil de cada benefici\u00e1rio Milh\u00f5es de fam\u00edlias em situa\u00e7\u00e3o de vulnerabilidade social [\u2026]\" \/>\n<meta property=\"og:url\" content=\"https:\/\/verdadeon.com.br\/portal\/2021\/03\/31\/pagamento-no-novo-auxilio-emergencial-comeca-na-proxima-terca-feira\/\" \/>\n<meta property=\"og:site_name\" content=\"VerdadeOn\" \/>\n<meta property=\"article:published_time\" content=\"2021-03-31T20:19:50+00:00\" \/>\n<meta property=\"og:image\" content=\"https:\/\/verdadeon.com.br\/portal\/wp-content\/uploads\/2021\/03\/WhatsApp-Image-2021-03-31-at-15.55.50-1.jpeg\" \/>\n\t<meta property=\"og:image:width\" content=\"1000\" \/>\n\t<meta property=\"og:image:height\" content=\"670\" \/>\n\t<meta property=\"og:image:type\" content=\"image\/jpeg\" \/>\n<meta name=\"author\" content=\"Fernando Calixto\" \/>\n<meta name=\"twitter:card\" content=\"summary_large_image\" \/>\n<meta name=\"twitter:label1\" content=\"Escrito por\" \/>\n\t<meta name=\"twitter:data1\" content=\"Fernando Calixto\" \/>\n\t<meta name=\"twitter:label2\" content=\"Est. tempo de leitura\" \/>\n\t<meta name=\"twitter:data2\" content=\"4 minutos\" \/>\n<script type=\"application\/ld+json\" class=\"yoast-schema-graph\">{\"@context\":\"https:\/\/schema.org\",\"@graph\":[{\"@type\":\"WebPage\",\"@id\":\"https:\/\/verdadeon.com.br\/portal\/2021\/03\/31\/pagamento-no-novo-auxilio-emergencial-comeca-na-proxima-terca-feira\/\",\"url\":\"https:\/\/verdadeon.com.br\/portal\/2021\/03\/31\/pagamento-no-novo-auxilio-emergencial-comeca-na-proxima-terca-feira\/\",\"name\":\"Pagamento no novo aux\u00edlio emergencial come\u00e7a na pr\u00f3xima ter\u00e7a-feira - VerdadeOn\",\"isPartOf\":{\"@id\":\"https:\/\/verdadeon.com.br\/portal\/#website\"},\"primaryImageOfPage\":{\"@id\":\"https:\/\/verdadeon.com.br\/portal\/2021\/03\/31\/pagamento-no-novo-auxilio-emergencial-comeca-na-proxima-terca-feira\/#primaryimage\"},\"image\":{\"@id\":\"https:\/\/verdadeon.com.br\/portal\/2021\/03\/31\/pagamento-no-novo-auxilio-emergencial-comeca-na-proxima-terca-feira\/#primaryimage\"},\"thumbnailUrl\":\"https:\/\/i0.wp.com\/verdadeon.com.br\/portal\/wp-content\/uploads\/2021\/03\/WhatsApp-Image-2021-03-31-at-15.55.50-1.jpeg?fit=1000%2C670&ssl=1\",\"datePublished\":\"2021-03-31T20:19:50+00:00\",\"author\":{\"@id\":\"https:\/\/verdadeon.com.br\/portal\/#\/schema\/person\/8994718f49ee62ba5610471e29ca1f62\"},\"breadcrumb\":{\"@id\":\"https:\/\/verdadeon.com.br\/portal\/2021\/03\/31\/pagamento-no-novo-auxilio-emergencial-comeca-na-proxima-terca-feira\/#breadcrumb\"},\"inLanguage\":\"pt-BR\",\"potentialAction\":[{\"@type\":\"ReadAction\",\"target\":[\"https:\/\/verdadeon.com.br\/portal\/2021\/03\/31\/pagamento-no-novo-auxilio-emergencial-comeca-na-proxima-terca-feira\/\"]}]},{\"@type\":\"ImageObject\",\"inLanguage\":\"pt-BR\",\"@id\":\"https:\/\/verdadeon.com.br\/portal\/2021\/03\/31\/pagamento-no-novo-auxilio-emergencial-comeca-na-proxima-terca-feira\/#primaryimage\",\"url\":\"https:\/\/i0.wp.com\/verdadeon.com.br\/portal\/wp-content\/uploads\/2021\/03\/WhatsApp-Image-2021-03-31-at-15.55.50-1.jpeg?fit=1000%2C670&ssl=1\",\"contentUrl\":\"https:\/\/i0.wp.com\/verdadeon.com.br\/portal\/wp-content\/uploads\/2021\/03\/WhatsApp-Image-2021-03-31-at-15.55.50-1.jpeg?fit=1000%2C670&ssl=1\",\"width\":1000,\"height\":670,\"caption\":\"Durante cerim\u00f4nia, Bolsonaro voltou a defender projeto de iniciativa do governo federal que autoriza a explora\u00e7\u00e3o de min\u00e9rio em terras ind\u00edgenas | Foto: Ag\u00eancia Brasil\"},{\"@type\":\"BreadcrumbList\",\"@id\":\"https:\/\/verdadeon.com.br\/portal\/2021\/03\/31\/pagamento-no-novo-auxilio-emergencial-comeca-na-proxima-terca-feira\/#breadcrumb\",\"itemListElement\":[{\"@type\":\"ListItem\",\"position\":1,\"name\":\"In\u00edcio\",\"item\":\"https:\/\/verdadeon.com.br\/portal\/\"},{\"@type\":\"ListItem\",\"position\":2,\"name\":\"Pagamento no novo aux\u00edlio emergencial come\u00e7a na pr\u00f3xima ter\u00e7a-feira\"}]},{\"@type\":\"WebSite\",\"@id\":\"https:\/\/verdadeon.com.br\/portal\/#website\",\"url\":\"https:\/\/verdadeon.com.br\/portal\/\",\"name\":\"VerdadeOn\",\"description\":\"Not\u00edcias di\u00e1rias sobre Franca, Regi\u00e3o, Esporte, Cultura, Cotidiano, Colunas. Cobertura nos principais eventos da cidade \u00e9 aqui - Verdadeon Franca\",\"potentialAction\":[{\"@type\":\"SearchAction\",\"target\":{\"@type\":\"EntryPoint\",\"urlTemplate\":\"https:\/\/verdadeon.com.br\/portal\/?s={search_term_string}\"},\"query-input\":{\"@type\":\"PropertyValueSpecification\",\"valueRequired\":true,\"valueName\":\"search_term_string\"}}],\"inLanguage\":\"pt-BR\"},{\"@type\":\"Person\",\"@id\":\"https:\/\/verdadeon.com.br\/portal\/#\/schema\/person\/8994718f49ee62ba5610471e29ca1f62\",\"name\":\"Fernando Calixto\",\"image\":{\"@type\":\"ImageObject\",\"inLanguage\":\"pt-BR\",\"@id\":\"https:\/\/verdadeon.com.br\/portal\/#\/schema\/person\/image\/\",\"url\":\"https:\/\/secure.gravatar.com\/avatar\/7578910c24966c0316c340f9dbd601e93ee9f9212e1033968b367af9306bd9fb?s=96&d=mm&r=g\",\"contentUrl\":\"https:\/\/secure.gravatar.com\/avatar\/7578910c24966c0316c340f9dbd601e93ee9f9212e1033968b367af9306bd9fb?s=96&d=mm&r=g\",\"caption\":\"Fernando Calixto\"},\"url\":\"https:\/\/verdadeon.com.br\/portal\/author\/fernando-calixto\/\"}]}<\/script>\n<!-- \/ Yoast SEO plugin. -->","yoast_head_json":{"title":"Pagamento no novo aux\u00edlio emergencial come\u00e7a na pr\u00f3xima ter\u00e7a-feira - VerdadeOn","robots":{"index":"index","follow":"follow","max-snippet":"max-snippet:-1","max-image-preview":"max-image-preview:large","max-video-preview":"max-video-preview:-1"},"canonical":"https:\/\/verdadeon.com.br\/portal\/2021\/03\/31\/pagamento-no-novo-auxilio-emergencial-comeca-na-proxima-terca-feira\/","og_locale":"pt_BR","og_type":"article","og_title":"Pagamento no novo aux\u00edlio emergencial come\u00e7a na pr\u00f3xima ter\u00e7a-feira - VerdadeOn","og_description":"Valor m\u00e9dio do benef\u00edcio \u00e9 de R$250, que s\u00e3o pagos de acordo com o perfil de cada benefici\u00e1rio Milh\u00f5es de fam\u00edlias em situa\u00e7\u00e3o de vulnerabilidade social [\u2026]","og_url":"https:\/\/verdadeon.com.br\/portal\/2021\/03\/31\/pagamento-no-novo-auxilio-emergencial-comeca-na-proxima-terca-feira\/","og_site_name":"VerdadeOn","article_published_time":"2021-03-31T20:19:50+00:00","og_image":[{"width":1000,"height":670,"url":"https:\/\/verdadeon.com.br\/portal\/wp-content\/uploads\/2021\/03\/WhatsApp-Image-2021-03-31-at-15.55.50-1.jpeg","type":"image\/jpeg"}],"author":"Fernando Calixto","twitter_card":"summary_large_image","twitter_misc":{"Escrito por":"Fernando Calixto","Est. tempo de leitura":"4 minutos"},"schema":{"@context":"https:\/\/schema.org","@graph":[{"@type":"WebPage","@id":"https:\/\/verdadeon.com.br\/portal\/2021\/03\/31\/pagamento-no-novo-auxilio-emergencial-comeca-na-proxima-terca-feira\/","url":"https:\/\/verdadeon.com.br\/portal\/2021\/03\/31\/pagamento-no-novo-auxilio-emergencial-comeca-na-proxima-terca-feira\/","name":"Pagamento no novo aux\u00edlio emergencial come\u00e7a na pr\u00f3xima ter\u00e7a-feira - VerdadeOn","isPartOf":{"@id":"https:\/\/verdadeon.com.br\/portal\/#website"},"primaryImageOfPage":{"@id":"https:\/\/verdadeon.com.br\/portal\/2021\/03\/31\/pagamento-no-novo-auxilio-emergencial-comeca-na-proxima-terca-feira\/#primaryimage"},"image":{"@id":"https:\/\/verdadeon.com.br\/portal\/2021\/03\/31\/pagamento-no-novo-auxilio-emergencial-comeca-na-proxima-terca-feira\/#primaryimage"},"thumbnailUrl":"https:\/\/i0.wp.com\/verdadeon.com.br\/portal\/wp-content\/uploads\/2021\/03\/WhatsApp-Image-2021-03-31-at-15.55.50-1.jpeg?fit=1000%2C670&ssl=1","datePublished":"2021-03-31T20:19:50+00:00","author":{"@id":"https:\/\/verdadeon.com.br\/portal\/#\/schema\/person\/8994718f49ee62ba5610471e29ca1f62"},"breadcrumb":{"@id":"https:\/\/verdadeon.com.br\/portal\/2021\/03\/31\/pagamento-no-novo-auxilio-emergencial-comeca-na-proxima-terca-feira\/#breadcrumb"},"inLanguage":"pt-BR","potentialAction":[{"@type":"ReadAction","target":["https:\/\/verdadeon.com.br\/portal\/2021\/03\/31\/pagamento-no-novo-auxilio-emergencial-comeca-na-proxima-terca-feira\/"]}]},{"@type":"ImageObject","inLanguage":"pt-BR","@id":"https:\/\/verdadeon.com.br\/portal\/2021\/03\/31\/pagamento-no-novo-auxilio-emergencial-comeca-na-proxima-terca-feira\/#primaryimage","url":"https:\/\/i0.wp.com\/verdadeon.com.br\/portal\/wp-content\/uploads\/2021\/03\/WhatsApp-Image-2021-03-31-at-15.55.50-1.jpeg?fit=1000%2C670&ssl=1","contentUrl":"https:\/\/i0.wp.com\/verdadeon.com.br\/portal\/wp-content\/uploads\/2021\/03\/WhatsApp-Image-2021-03-31-at-15.55.50-1.jpeg?fit=1000%2C670&ssl=1","width":1000,"height":670,"caption":"Durante cerim\u00f4nia, Bolsonaro voltou a defender projeto de iniciativa do governo federal que autoriza a explora\u00e7\u00e3o de min\u00e9rio em terras ind\u00edgenas | Foto: Ag\u00eancia Brasil"},{"@type":"BreadcrumbList","@id":"https:\/\/verdadeon.com.br\/portal\/2021\/03\/31\/pagamento-no-novo-auxilio-emergencial-comeca-na-proxima-terca-feira\/#breadcrumb","itemListElement":[{"@type":"ListItem","position":1,"name":"In\u00edcio","item":"https:\/\/verdadeon.com.br\/portal\/"},{"@type":"ListItem","position":2,"name":"Pagamento no novo aux\u00edlio emergencial come\u00e7a na pr\u00f3xima ter\u00e7a-feira"}]},{"@type":"WebSite","@id":"https:\/\/verdadeon.com.br\/portal\/#website","url":"https:\/\/verdadeon.com.br\/portal\/","name":"VerdadeOn","description":"Not\u00edcias di\u00e1rias sobre Franca, Regi\u00e3o, Esporte, Cultura, Cotidiano, Colunas. Cobertura nos principais eventos da cidade \u00e9 aqui - Verdadeon Franca","potentialAction":[{"@type":"SearchAction","target":{"@type":"EntryPoint","urlTemplate":"https:\/\/verdadeon.com.br\/portal\/?s={search_term_string}"},"query-input":{"@type":"PropertyValueSpecification","valueRequired":true,"valueName":"search_term_string"}}],"inLanguage":"pt-BR"},{"@type":"Person","@id":"https:\/\/verdadeon.com.br\/portal\/#\/schema\/person\/8994718f49ee62ba5610471e29ca1f62","name":"Fernando Calixto","image":{"@type":"ImageObject","inLanguage":"pt-BR","@id":"https:\/\/verdadeon.com.br\/portal\/#\/schema\/person\/image\/","url":"https:\/\/secure.gravatar.com\/avatar\/7578910c24966c0316c340f9dbd601e93ee9f9212e1033968b367af9306bd9fb?s=96&d=mm&r=g","contentUrl":"https:\/\/secure.gravatar.com\/avatar\/7578910c24966c0316c340f9dbd601e93ee9f9212e1033968b367af9306bd9fb?s=96&d=mm&r=g","caption":"Fernando Calixto"},"url":"https:\/\/verdadeon.com.br\/portal\/author\/fernando-calixto\/"}]}},"jetpack_publicize_connections":[],"jetpack_featured_media_url":"https:\/\/i0.wp.com\/verdadeon.com.br\/portal\/wp-content\/uploads\/2021\/03\/WhatsApp-Image-2021-03-31-at-15.55.50-1.jpeg?fit=1000%2C670&ssl=1","jetpack_sharing_enabled":true,"_links":{"self":[{"href":"https:\/\/verdadeon.com.br\/portal\/wp-json\/wp\/v2\/posts\/15710","targetHints":{"allow":["GET"]}}],"collection":[{"href":"https:\/\/verdadeon.com.br\/portal\/wp-json\/wp\/v2\/posts"}],"about":[{"href":"https:\/\/verdadeon.com.br\/portal\/wp-json\/wp\/v2\/types\/post"}],"author":[{"embeddable":true,"href":"https:\/\/verdadeon.com.br\/portal\/wp-json\/wp\/v2\/users\/4"}],"replies":[{"embeddable":true,"href":"https:\/\/verdadeon.com.br\/portal\/wp-json\/wp\/v2\/comments?post=15710"}],"version-history":[{"count":0,"href":"https:\/\/verdadeon.com.br\/portal\/wp-json\/wp\/v2\/posts\/15710\/revisions"}],"wp:featuredmedia":[{"embeddable":true,"href":"https:\/\/verdadeon.com.br\/portal\/wp-json\/wp\/v2\/media\/15706"}],"wp:attachment":[{"href":"https:\/\/verdadeon.com.br\/portal\/wp-json\/wp\/v2\/media?parent=15710"}],"wp:term":[{"taxonomy":"category","embeddable":true,"href":"https:\/\/verdadeon.com.br\/portal\/wp-json\/wp\/v2\/categories?post=15710"},{"taxonomy":"post_tag","embeddable":true,"href":"https:\/\/verdadeon.com.br\/portal\/wp-json\/wp\/v2\/tags?post=15710"}],"curies":[{"name":"wp","href":"https:\/\/api.w.org\/{rel}","templated":true}]}}