{"id":15690,"date":"2021-03-30T21:04:52","date_gmt":"2021-03-31T00:04:52","guid":{"rendered":"https:\/\/verdadeon.com.br\/portal\/?p=15690"},"modified":"2021-03-30T21:04:52","modified_gmt":"2021-03-31T00:04:52","slug":"camara-aprova-creditos-adicionais-e-projeto-cidades-inteligentes","status":"publish","type":"post","link":"https:\/\/verdadeon.com.br\/portal\/2021\/03\/30\/camara-aprova-creditos-adicionais-e-projeto-cidades-inteligentes\/","title":{"rendered":"C\u00e2mara aprova cr\u00e9ditos adicionais e projeto \u2018cidades inteligentes\u2019"},"content":{"rendered":"<h2>Pela segunda semana consecutiva, sess\u00e3o foi online por conta do Decreto Municipal de restri\u00e7\u00f5es<\/h2>\n<p>A C\u00e2mara Municipal de Franca aprovou o projeto de lei de autoria da Prefeitura, que autoriza abertura de cr\u00e9ditos adicionais no Or\u00e7amento Fiscal no valor total de R$ 5.675.936,96. A verba ser\u00e1 utilizada em parcerias com entidades sem fins lucrativos para o funcionamento das creches do Jardim Palmeiras, Residencial Para\u00edso e Jardim Tropical I; realizar ajustes necess\u00e1rios para a manuten\u00e7\u00e3o dos servi\u00e7os da Secretaria de Meio Ambiente; executar servi\u00e7os de captura e castra\u00e7\u00e3o de animais; e adequar dota\u00e7\u00f5es de despesas com pessoal da Guarda Civil Municipal.<br \/>\nO Projeto de Lei n\u00ba 41\/2021, do Executivo, tamb\u00e9m se refere a altera\u00e7\u00f5es no or\u00e7amento, mas no do Uni-Facef (Centro Universit\u00e1rio Municipal de Franca). A mat\u00e9ria autoriza a abertura de cr\u00e9ditos adicionais suplementares no valor total de R$ 7,5 milh\u00f5es para a universidade adquirir im\u00f3vel localizado na Avenida Doutor Ismael Alonso y Alonso e, assim, ampliar suas instala\u00e7\u00f5es. Ela acabou adiada por uma sess\u00e3o para um maior estudo do tema pelos parlamentares.<br \/>\nQuanto ao PL n\u00ba 44\/2021, de Alexandre Ferreira, ele disp\u00f5e sobre a reestrutura\u00e7\u00e3o do Conselho Municipal de Acompanhamento e Controle Social do Fundo de Manuten\u00e7\u00e3o e Desenvolvimento da Educa\u00e7\u00e3o B\u00e1sica e de Valoriza\u00e7\u00e3o dos Profissionais da Educa\u00e7\u00e3o &#8211; CACS-FUNDEB. A proposta tamb\u00e9m recebeu a concord\u00e2ncia de todos os vereadores.<br \/>\nNo novo regramento federal, o CACS-FUNDEB deve ser constitu\u00eddo, entre outros membros, por dois representantes de pais de alunos. Contudo, foi acrescentado ao projeto o termo &#8220;respons\u00e1veis&#8221;, considerando a evolu\u00e7\u00e3o do conceito de fam\u00edlia. Al\u00e9m disso, foram exclu\u00eddas as representa\u00e7\u00f5es de escola do campo, ind\u00edgena e quilombola, porque n\u00e3o h\u00e1 em Franca registros de escolas p\u00fablicas em \u00e1reas rurais ou de comunidades remanescentes de ind\u00edgenas e quilombo.<br \/>\nTamb\u00e9m foi dado o sinal verde ao PL n\u00ba 26\/2021, de autoria dos vereadores Donizete da Farm\u00e1cia (MDB) e Daniel Bassi (PSDB), que disp\u00f5e sobre a implanta\u00e7\u00e3o do conceito de \u201cSmart Cities\u201d (Cidades Inteligentes) no munic\u00edpio de Franca. Ele se refere \u00e0 cidade que possui intelig\u00eancia coletiva e responsabilidade ambiental, promove o desenvolvimento social e estimula o crescimento econ\u00f4mico equilibrado por todo o territ\u00f3rio da cidade.<br \/>\nDuas outras proposituras referentes a direitos trabalhistas apreciadas em regime de urg\u00eancia tamb\u00e9m receberam o aval de todo o Plen\u00e1rio. O PL n\u00ba 45\/2021, do prefeito, mant\u00e9m a concess\u00e3o, sem reajustes, do cart\u00e3o alimenta\u00e7\u00e3o (no valor de R$ 600) e do abono escolar (R$ 297,03) aos servidores p\u00fablicos municipais. J\u00e1 o PL n\u00ba 47\/2021, de autoria da Mesa Diretora da C\u00e2mara, transforma o benef\u00edcio do vale refei\u00e7\u00e3o dos servidores da Casa em vale alimenta\u00e7\u00e3o, mantendo o valor atual de R$ 839,86.<\/p>\n","protected":false},"excerpt":{"rendered":"<p>Pela segunda semana consecutiva, sess\u00e3o foi online por conta do Decreto Municipal de restri\u00e7\u00f5es A C\u00e2mara Municipal de Franca aprovou o projeto de lei de autoria<span class=\"excerpt-hellip\"> [\u2026]<\/span><\/p>\n","protected":false},"author":4,"featured_media":15691,"comment_status":"open","ping_status":"open","sticky":false,"template":"","format":"standard","meta":{"_jetpack_memberships_contains_paid_content":false,"footnotes":"","jetpack_publicize_message":"","jetpack_publicize_feature_enabled":true,"jetpack_social_post_already_shared":false,"jetpack_social_options":{"image_generator_settings":{"template":"highway","default_image_id":0,"enabled":false},"version":2}},"categories":[28],"tags":[],"class_list":["post-15690","post","type-post","status-publish","format-standard","has-post-thumbnail","hentry","category-cotidiano"],"yoast_head":"<!-- This site is optimized with the Yoast SEO plugin v25.6 - https:\/\/yoast.com\/wordpress\/plugins\/seo\/ -->\n<title>C\u00e2mara aprova cr\u00e9ditos adicionais e projeto \u2018cidades inteligentes\u2019 - VerdadeOn<\/title>\n<meta name=\"robots\" content=\"index, follow, max-snippet:-1, max-image-preview:large, max-video-preview:-1\" \/>\n<link rel=\"canonical\" href=\"https:\/\/verdadeon.com.br\/portal\/2021\/03\/30\/camara-aprova-creditos-adicionais-e-projeto-cidades-inteligentes\/\" \/>\n<meta property=\"og:locale\" content=\"pt_BR\" \/>\n<meta property=\"og:type\" content=\"article\" \/>\n<meta property=\"og:title\" content=\"C\u00e2mara aprova cr\u00e9ditos adicionais e projeto \u2018cidades inteligentes\u2019 - VerdadeOn\" \/>\n<meta property=\"og:description\" content=\"Pela segunda semana consecutiva, sess\u00e3o foi online por conta do Decreto Municipal de restri\u00e7\u00f5es A C\u00e2mara Municipal de Franca aprovou o projeto de lei de autoria [\u2026]\" \/>\n<meta property=\"og:url\" content=\"https:\/\/verdadeon.com.br\/portal\/2021\/03\/30\/camara-aprova-creditos-adicionais-e-projeto-cidades-inteligentes\/\" \/>\n<meta property=\"og:site_name\" content=\"VerdadeOn\" \/>\n<meta property=\"article:published_time\" content=\"2021-03-31T00:04:52+00:00\" \/>\n<meta property=\"og:image\" content=\"https:\/\/verdadeon.com.br\/portal\/wp-content\/uploads\/2021\/03\/WhatsApp-Image-2021-03-30-at-17.16.47.jpeg\" \/>\n\t<meta property=\"og:image:width\" content=\"1000\" \/>\n\t<meta property=\"og:image:height\" content=\"670\" \/>\n\t<meta property=\"og:image:type\" content=\"image\/jpeg\" \/>\n<meta name=\"author\" content=\"Fernando Calixto\" \/>\n<meta name=\"twitter:card\" content=\"summary_large_image\" \/>\n<meta name=\"twitter:label1\" content=\"Escrito por\" \/>\n\t<meta name=\"twitter:data1\" content=\"Fernando Calixto\" \/>\n\t<meta name=\"twitter:label2\" content=\"Est. tempo de leitura\" \/>\n\t<meta name=\"twitter:data2\" content=\"2 minutos\" \/>\n<script type=\"application\/ld+json\" class=\"yoast-schema-graph\">{\"@context\":\"https:\/\/schema.org\",\"@graph\":[{\"@type\":\"WebPage\",\"@id\":\"https:\/\/verdadeon.com.br\/portal\/2021\/03\/30\/camara-aprova-creditos-adicionais-e-projeto-cidades-inteligentes\/\",\"url\":\"https:\/\/verdadeon.com.br\/portal\/2021\/03\/30\/camara-aprova-creditos-adicionais-e-projeto-cidades-inteligentes\/\",\"name\":\"C\u00e2mara aprova cr\u00e9ditos adicionais e projeto \u2018cidades inteligentes\u2019 - VerdadeOn\",\"isPartOf\":{\"@id\":\"https:\/\/verdadeon.com.br\/portal\/#website\"},\"primaryImageOfPage\":{\"@id\":\"https:\/\/verdadeon.com.br\/portal\/2021\/03\/30\/camara-aprova-creditos-adicionais-e-projeto-cidades-inteligentes\/#primaryimage\"},\"image\":{\"@id\":\"https:\/\/verdadeon.com.br\/portal\/2021\/03\/30\/camara-aprova-creditos-adicionais-e-projeto-cidades-inteligentes\/#primaryimage\"},\"thumbnailUrl\":\"https:\/\/i0.wp.com\/verdadeon.com.br\/portal\/wp-content\/uploads\/2021\/03\/WhatsApp-Image-2021-03-30-at-17.16.47.jpeg?fit=1000%2C670&ssl=1\",\"datePublished\":\"2021-03-31T00:04:52+00:00\",\"author\":{\"@id\":\"https:\/\/verdadeon.com.br\/portal\/#\/schema\/person\/8994718f49ee62ba5610471e29ca1f62\"},\"breadcrumb\":{\"@id\":\"https:\/\/verdadeon.com.br\/portal\/2021\/03\/30\/camara-aprova-creditos-adicionais-e-projeto-cidades-inteligentes\/#breadcrumb\"},\"inLanguage\":\"pt-BR\",\"potentialAction\":[{\"@type\":\"ReadAction\",\"target\":[\"https:\/\/verdadeon.com.br\/portal\/2021\/03\/30\/camara-aprova-creditos-adicionais-e-projeto-cidades-inteligentes\/\"]}]},{\"@type\":\"ImageObject\",\"inLanguage\":\"pt-BR\",\"@id\":\"https:\/\/verdadeon.com.br\/portal\/2021\/03\/30\/camara-aprova-creditos-adicionais-e-projeto-cidades-inteligentes\/#primaryimage\",\"url\":\"https:\/\/i0.wp.com\/verdadeon.com.br\/portal\/wp-content\/uploads\/2021\/03\/WhatsApp-Image-2021-03-30-at-17.16.47.jpeg?fit=1000%2C670&ssl=1\",\"contentUrl\":\"https:\/\/i0.wp.com\/verdadeon.com.br\/portal\/wp-content\/uploads\/2021\/03\/WhatsApp-Image-2021-03-30-at-17.16.47.jpeg?fit=1000%2C670&ssl=1\",\"width\":1000,\"height\":670,\"caption\":\"Vereadores participaram das vota\u00e7\u00f5es e fizeram uso da palbra atrav\u00e9s de v\u00eddeo chamada | Foto: C\u00e2mara Municipal\"},{\"@type\":\"BreadcrumbList\",\"@id\":\"https:\/\/verdadeon.com.br\/portal\/2021\/03\/30\/camara-aprova-creditos-adicionais-e-projeto-cidades-inteligentes\/#breadcrumb\",\"itemListElement\":[{\"@type\":\"ListItem\",\"position\":1,\"name\":\"In\u00edcio\",\"item\":\"https:\/\/verdadeon.com.br\/portal\/\"},{\"@type\":\"ListItem\",\"position\":2,\"name\":\"C\u00e2mara aprova cr\u00e9ditos adicionais e projeto \u2018cidades inteligentes\u2019\"}]},{\"@type\":\"WebSite\",\"@id\":\"https:\/\/verdadeon.com.br\/portal\/#website\",\"url\":\"https:\/\/verdadeon.com.br\/portal\/\",\"name\":\"VerdadeOn\",\"description\":\"Not\u00edcias di\u00e1rias sobre Franca, Regi\u00e3o, Esporte, Cultura, Cotidiano, Colunas. Cobertura nos principais eventos da cidade \u00e9 aqui - Verdadeon Franca\",\"potentialAction\":[{\"@type\":\"SearchAction\",\"target\":{\"@type\":\"EntryPoint\",\"urlTemplate\":\"https:\/\/verdadeon.com.br\/portal\/?s={search_term_string}\"},\"query-input\":{\"@type\":\"PropertyValueSpecification\",\"valueRequired\":true,\"valueName\":\"search_term_string\"}}],\"inLanguage\":\"pt-BR\"},{\"@type\":\"Person\",\"@id\":\"https:\/\/verdadeon.com.br\/portal\/#\/schema\/person\/8994718f49ee62ba5610471e29ca1f62\",\"name\":\"Fernando Calixto\",\"image\":{\"@type\":\"ImageObject\",\"inLanguage\":\"pt-BR\",\"@id\":\"https:\/\/verdadeon.com.br\/portal\/#\/schema\/person\/image\/\",\"url\":\"https:\/\/secure.gravatar.com\/avatar\/7578910c24966c0316c340f9dbd601e93ee9f9212e1033968b367af9306bd9fb?s=96&d=mm&r=g\",\"contentUrl\":\"https:\/\/secure.gravatar.com\/avatar\/7578910c24966c0316c340f9dbd601e93ee9f9212e1033968b367af9306bd9fb?s=96&d=mm&r=g\",\"caption\":\"Fernando Calixto\"},\"url\":\"https:\/\/verdadeon.com.br\/portal\/author\/fernando-calixto\/\"}]}<\/script>\n<!-- \/ Yoast SEO plugin. -->","yoast_head_json":{"title":"C\u00e2mara aprova cr\u00e9ditos adicionais e projeto \u2018cidades inteligentes\u2019 - VerdadeOn","robots":{"index":"index","follow":"follow","max-snippet":"max-snippet:-1","max-image-preview":"max-image-preview:large","max-video-preview":"max-video-preview:-1"},"canonical":"https:\/\/verdadeon.com.br\/portal\/2021\/03\/30\/camara-aprova-creditos-adicionais-e-projeto-cidades-inteligentes\/","og_locale":"pt_BR","og_type":"article","og_title":"C\u00e2mara aprova cr\u00e9ditos adicionais e projeto \u2018cidades inteligentes\u2019 - VerdadeOn","og_description":"Pela segunda semana consecutiva, sess\u00e3o foi online por conta do Decreto Municipal de restri\u00e7\u00f5es A C\u00e2mara Municipal de Franca aprovou o projeto de lei de autoria [\u2026]","og_url":"https:\/\/verdadeon.com.br\/portal\/2021\/03\/30\/camara-aprova-creditos-adicionais-e-projeto-cidades-inteligentes\/","og_site_name":"VerdadeOn","article_published_time":"2021-03-31T00:04:52+00:00","og_image":[{"width":1000,"height":670,"url":"https:\/\/verdadeon.com.br\/portal\/wp-content\/uploads\/2021\/03\/WhatsApp-Image-2021-03-30-at-17.16.47.jpeg","type":"image\/jpeg"}],"author":"Fernando Calixto","twitter_card":"summary_large_image","twitter_misc":{"Escrito por":"Fernando Calixto","Est. tempo de leitura":"2 minutos"},"schema":{"@context":"https:\/\/schema.org","@graph":[{"@type":"WebPage","@id":"https:\/\/verdadeon.com.br\/portal\/2021\/03\/30\/camara-aprova-creditos-adicionais-e-projeto-cidades-inteligentes\/","url":"https:\/\/verdadeon.com.br\/portal\/2021\/03\/30\/camara-aprova-creditos-adicionais-e-projeto-cidades-inteligentes\/","name":"C\u00e2mara aprova cr\u00e9ditos adicionais e projeto \u2018cidades inteligentes\u2019 - VerdadeOn","isPartOf":{"@id":"https:\/\/verdadeon.com.br\/portal\/#website"},"primaryImageOfPage":{"@id":"https:\/\/verdadeon.com.br\/portal\/2021\/03\/30\/camara-aprova-creditos-adicionais-e-projeto-cidades-inteligentes\/#primaryimage"},"image":{"@id":"https:\/\/verdadeon.com.br\/portal\/2021\/03\/30\/camara-aprova-creditos-adicionais-e-projeto-cidades-inteligentes\/#primaryimage"},"thumbnailUrl":"https:\/\/i0.wp.com\/verdadeon.com.br\/portal\/wp-content\/uploads\/2021\/03\/WhatsApp-Image-2021-03-30-at-17.16.47.jpeg?fit=1000%2C670&ssl=1","datePublished":"2021-03-31T00:04:52+00:00","author":{"@id":"https:\/\/verdadeon.com.br\/portal\/#\/schema\/person\/8994718f49ee62ba5610471e29ca1f62"},"breadcrumb":{"@id":"https:\/\/verdadeon.com.br\/portal\/2021\/03\/30\/camara-aprova-creditos-adicionais-e-projeto-cidades-inteligentes\/#breadcrumb"},"inLanguage":"pt-BR","potentialAction":[{"@type":"ReadAction","target":["https:\/\/verdadeon.com.br\/portal\/2021\/03\/30\/camara-aprova-creditos-adicionais-e-projeto-cidades-inteligentes\/"]}]},{"@type":"ImageObject","inLanguage":"pt-BR","@id":"https:\/\/verdadeon.com.br\/portal\/2021\/03\/30\/camara-aprova-creditos-adicionais-e-projeto-cidades-inteligentes\/#primaryimage","url":"https:\/\/i0.wp.com\/verdadeon.com.br\/portal\/wp-content\/uploads\/2021\/03\/WhatsApp-Image-2021-03-30-at-17.16.47.jpeg?fit=1000%2C670&ssl=1","contentUrl":"https:\/\/i0.wp.com\/verdadeon.com.br\/portal\/wp-content\/uploads\/2021\/03\/WhatsApp-Image-2021-03-30-at-17.16.47.jpeg?fit=1000%2C670&ssl=1","width":1000,"height":670,"caption":"Vereadores participaram das vota\u00e7\u00f5es e fizeram uso da palbra atrav\u00e9s de v\u00eddeo chamada | Foto: C\u00e2mara Municipal"},{"@type":"BreadcrumbList","@id":"https:\/\/verdadeon.com.br\/portal\/2021\/03\/30\/camara-aprova-creditos-adicionais-e-projeto-cidades-inteligentes\/#breadcrumb","itemListElement":[{"@type":"ListItem","position":1,"name":"In\u00edcio","item":"https:\/\/verdadeon.com.br\/portal\/"},{"@type":"ListItem","position":2,"name":"C\u00e2mara aprova cr\u00e9ditos adicionais e projeto \u2018cidades inteligentes\u2019"}]},{"@type":"WebSite","@id":"https:\/\/verdadeon.com.br\/portal\/#website","url":"https:\/\/verdadeon.com.br\/portal\/","name":"VerdadeOn","description":"Not\u00edcias di\u00e1rias sobre Franca, Regi\u00e3o, Esporte, Cultura, Cotidiano, Colunas. Cobertura nos principais eventos da cidade \u00e9 aqui - Verdadeon Franca","potentialAction":[{"@type":"SearchAction","target":{"@type":"EntryPoint","urlTemplate":"https:\/\/verdadeon.com.br\/portal\/?s={search_term_string}"},"query-input":{"@type":"PropertyValueSpecification","valueRequired":true,"valueName":"search_term_string"}}],"inLanguage":"pt-BR"},{"@type":"Person","@id":"https:\/\/verdadeon.com.br\/portal\/#\/schema\/person\/8994718f49ee62ba5610471e29ca1f62","name":"Fernando Calixto","image":{"@type":"ImageObject","inLanguage":"pt-BR","@id":"https:\/\/verdadeon.com.br\/portal\/#\/schema\/person\/image\/","url":"https:\/\/secure.gravatar.com\/avatar\/7578910c24966c0316c340f9dbd601e93ee9f9212e1033968b367af9306bd9fb?s=96&d=mm&r=g","contentUrl":"https:\/\/secure.gravatar.com\/avatar\/7578910c24966c0316c340f9dbd601e93ee9f9212e1033968b367af9306bd9fb?s=96&d=mm&r=g","caption":"Fernando Calixto"},"url":"https:\/\/verdadeon.com.br\/portal\/author\/fernando-calixto\/"}]}},"jetpack_publicize_connections":[],"jetpack_featured_media_url":"https:\/\/i0.wp.com\/verdadeon.com.br\/portal\/wp-content\/uploads\/2021\/03\/WhatsApp-Image-2021-03-30-at-17.16.47.jpeg?fit=1000%2C670&ssl=1","jetpack_sharing_enabled":true,"_links":{"self":[{"href":"https:\/\/verdadeon.com.br\/portal\/wp-json\/wp\/v2\/posts\/15690","targetHints":{"allow":["GET"]}}],"collection":[{"href":"https:\/\/verdadeon.com.br\/portal\/wp-json\/wp\/v2\/posts"}],"about":[{"href":"https:\/\/verdadeon.com.br\/portal\/wp-json\/wp\/v2\/types\/post"}],"author":[{"embeddable":true,"href":"https:\/\/verdadeon.com.br\/portal\/wp-json\/wp\/v2\/users\/4"}],"replies":[{"embeddable":true,"href":"https:\/\/verdadeon.com.br\/portal\/wp-json\/wp\/v2\/comments?post=15690"}],"version-history":[{"count":0,"href":"https:\/\/verdadeon.com.br\/portal\/wp-json\/wp\/v2\/posts\/15690\/revisions"}],"wp:featuredmedia":[{"embeddable":true,"href":"https:\/\/verdadeon.com.br\/portal\/wp-json\/wp\/v2\/media\/15691"}],"wp:attachment":[{"href":"https:\/\/verdadeon.com.br\/portal\/wp-json\/wp\/v2\/media?parent=15690"}],"wp:term":[{"taxonomy":"category","embeddable":true,"href":"https:\/\/verdadeon.com.br\/portal\/wp-json\/wp\/v2\/categories?post=15690"},{"taxonomy":"post_tag","embeddable":true,"href":"https:\/\/verdadeon.com.br\/portal\/wp-json\/wp\/v2\/tags?post=15690"}],"curies":[{"name":"wp","href":"https:\/\/api.w.org\/{rel}","templated":true}]}}