{"id":15663,"date":"2021-03-30T00:35:13","date_gmt":"2021-03-30T03:35:13","guid":{"rendered":"https:\/\/verdadeon.com.br\/portal\/?p=15663"},"modified":"2021-03-30T00:35:13","modified_gmt":"2021-03-30T03:35:13","slug":"secretaria-de-educacao-de-franca-cria-banco-de-atividades-para-creches-e-educacao-infantil","status":"publish","type":"post","link":"https:\/\/verdadeon.com.br\/portal\/2021\/03\/30\/secretaria-de-educacao-de-franca-cria-banco-de-atividades-para-creches-e-educacao-infantil\/","title":{"rendered":"Secretaria de Educa\u00e7\u00e3o de Franca cria banco de atividades para creches e Educa\u00e7\u00e3o infantil"},"content":{"rendered":"<h2>Segundo a prefeitura o material estar\u00e1 em constante atualiza\u00e7\u00e3o para atender as quase 5 mil crian\u00e7as da rede<\/h2>\n<p>A equipe pedag\u00f3gica da Se\u00e7\u00e3o de Educa\u00e7\u00e3o Infantil e Creches da Secretaria de Educa\u00e7\u00e3o de Franca, est\u00e1 finalizando um Banco de Atividades, o principal objetivo \u00e9 auxiliar os professores e educadores durante as aulas remotas e contribuir com ideias, que poder\u00e3o ser enriquecidas e transformadas, de acordo com o planejamento elaborado pelo professor. O educador tem autonomia para criar outras sequ\u00eancias de atividades e utilizar o material disponibilizado como apoio. De acordo com a Base Nacional Comum Curricular e o Curr\u00edculo Paulista, os campos de experi\u00eancias devem ser amplamente explorados na Educa\u00e7\u00e3o Infantil.<br \/>\nO material que estar\u00e1 em constante atualiza\u00e7\u00e3o, contempla atividades como textos e hist\u00f3rias, v\u00eddeos, \u00e1udios, sugest\u00f5es de recortes, trabalhos com sucatas e at\u00e9 dicas de receitas, todas separadas por faixas et\u00e1rias que v\u00e3o do ber\u00e7\u00e1rio, passando pelo maternal e as fases 1 e 2 da Educa\u00e7\u00e3o Infantil. Atualmente, s\u00e3o atendidas nas Creches e Educa\u00e7\u00e3o Infantil, 4.498 crian\u00e7as, com idade entre 4 meses a 5 anos e 11 meses.<br \/>\nM\u00e1rcia Gatti, Secret\u00e1ria de Educa\u00e7\u00e3o, informou que o Banco de Atividades da Educa\u00e7\u00e3o Infantil est\u00e1 sendo finalizado pela equipe pedag\u00f3gica da secretaria e, nos pr\u00f3ximos dias, estar\u00e1 dispon\u00edvel para os educadores da rede municipal. Por\u00e9m, ressaltou que, al\u00e9m dos professores, as fam\u00edlias dos estudantes tamb\u00e9m ter\u00e3o acesso ao material, mediante orienta\u00e7\u00f5es dos professores, contribuindo com as crian\u00e7as e seus respons\u00e1veis na execu\u00e7\u00e3o das atividades. A secret\u00e1ria destacou ainda que a Educa\u00e7\u00e3o Infantil \u00e9 uma etapa marcante na vida das crian\u00e7as e deve assegurar momentos que priorizem as intera\u00e7\u00f5es e as brincadeiras, como eixos estruturantes para a organiza\u00e7\u00e3o de tempos e espa\u00e7os, de modo que as experi\u00eancias sejam ricas e desafiadoras para as crian\u00e7as.<br \/>\nAinda de acordo com a secretaria, outro aspecto importante \u00e9 que a crian\u00e7a seja ouvida pelos adultos e possa expressar suas ideias e suas necessidades, impress\u00f5es sobre o mundo, possam participar da organiza\u00e7\u00e3o dos espa\u00e7os e das brincadeiras.<br \/>\n&#8220;Este \u00e9 um material preparado com muita dedica\u00e7\u00e3o e carinho por parte da nossa equipe pedag\u00f3gica e, neste per\u00edodo de pandemia, com o ensino remoto, \u00e9 necess\u00e1rio que as atividades sejam coerentes com proposta pedag\u00f3gica e poss\u00edveis de serem realizadas pelas fam\u00edlias, que devem ser constantemente orientadas, para que se transformem em interlocutores eficazes para o professor no processo de desenvolvimento das crian\u00e7as&#8221;, informou.<\/p>\n","protected":false},"excerpt":{"rendered":"<p>Segundo a prefeitura o material estar\u00e1 em constante atualiza\u00e7\u00e3o para atender as quase 5 mil crian\u00e7as da rede A equipe pedag\u00f3gica da Se\u00e7\u00e3o de Educa\u00e7\u00e3o Infantil<span class=\"excerpt-hellip\"> [\u2026]<\/span><\/p>\n","protected":false},"author":4,"featured_media":15664,"comment_status":"open","ping_status":"open","sticky":false,"template":"","format":"standard","meta":{"_jetpack_memberships_contains_paid_content":false,"footnotes":"","jetpack_publicize_message":"","jetpack_publicize_feature_enabled":true,"jetpack_social_post_already_shared":false,"jetpack_social_options":{"image_generator_settings":{"template":"highway","default_image_id":0,"enabled":false},"version":2}},"categories":[28,44],"tags":[],"class_list":["post-15663","post","type-post","status-publish","format-standard","has-post-thumbnail","hentry","category-cotidiano","category-noticias"],"yoast_head":"<!-- This site is optimized with the Yoast SEO plugin v25.6 - https:\/\/yoast.com\/wordpress\/plugins\/seo\/ -->\n<title>Secretaria de Educa\u00e7\u00e3o de Franca cria banco de atividades para creches e Educa\u00e7\u00e3o infantil - VerdadeOn<\/title>\n<meta name=\"robots\" content=\"index, follow, max-snippet:-1, max-image-preview:large, max-video-preview:-1\" \/>\n<link rel=\"canonical\" href=\"https:\/\/verdadeon.com.br\/portal\/2021\/03\/30\/secretaria-de-educacao-de-franca-cria-banco-de-atividades-para-creches-e-educacao-infantil\/\" \/>\n<meta property=\"og:locale\" content=\"pt_BR\" \/>\n<meta property=\"og:type\" content=\"article\" \/>\n<meta property=\"og:title\" content=\"Secretaria de Educa\u00e7\u00e3o de Franca cria banco de atividades para creches e Educa\u00e7\u00e3o infantil - VerdadeOn\" \/>\n<meta property=\"og:description\" content=\"Segundo a prefeitura o material estar\u00e1 em constante atualiza\u00e7\u00e3o para atender as quase 5 mil crian\u00e7as da rede A equipe pedag\u00f3gica da Se\u00e7\u00e3o de Educa\u00e7\u00e3o Infantil [\u2026]\" \/>\n<meta property=\"og:url\" content=\"https:\/\/verdadeon.com.br\/portal\/2021\/03\/30\/secretaria-de-educacao-de-franca-cria-banco-de-atividades-para-creches-e-educacao-infantil\/\" \/>\n<meta property=\"og:site_name\" content=\"VerdadeOn\" \/>\n<meta property=\"article:published_time\" content=\"2021-03-30T03:35:13+00:00\" \/>\n<meta property=\"og:image\" content=\"https:\/\/verdadeon.com.br\/portal\/wp-content\/uploads\/2021\/03\/WhatsApp-Image-2021-03-29-at-19.00.24.jpeg\" \/>\n\t<meta property=\"og:image:width\" content=\"1000\" \/>\n\t<meta property=\"og:image:height\" content=\"670\" \/>\n\t<meta property=\"og:image:type\" content=\"image\/jpeg\" \/>\n<meta name=\"author\" content=\"Fernando Calixto\" \/>\n<meta name=\"twitter:card\" content=\"summary_large_image\" \/>\n<meta name=\"twitter:label1\" content=\"Escrito por\" \/>\n\t<meta name=\"twitter:data1\" content=\"Fernando Calixto\" \/>\n\t<meta name=\"twitter:label2\" content=\"Est. tempo de leitura\" \/>\n\t<meta name=\"twitter:data2\" content=\"2 minutos\" \/>\n<script type=\"application\/ld+json\" class=\"yoast-schema-graph\">{\"@context\":\"https:\/\/schema.org\",\"@graph\":[{\"@type\":\"WebPage\",\"@id\":\"https:\/\/verdadeon.com.br\/portal\/2021\/03\/30\/secretaria-de-educacao-de-franca-cria-banco-de-atividades-para-creches-e-educacao-infantil\/\",\"url\":\"https:\/\/verdadeon.com.br\/portal\/2021\/03\/30\/secretaria-de-educacao-de-franca-cria-banco-de-atividades-para-creches-e-educacao-infantil\/\",\"name\":\"Secretaria de Educa\u00e7\u00e3o de Franca cria banco de atividades para creches e Educa\u00e7\u00e3o infantil - VerdadeOn\",\"isPartOf\":{\"@id\":\"https:\/\/verdadeon.com.br\/portal\/#website\"},\"primaryImageOfPage\":{\"@id\":\"https:\/\/verdadeon.com.br\/portal\/2021\/03\/30\/secretaria-de-educacao-de-franca-cria-banco-de-atividades-para-creches-e-educacao-infantil\/#primaryimage\"},\"image\":{\"@id\":\"https:\/\/verdadeon.com.br\/portal\/2021\/03\/30\/secretaria-de-educacao-de-franca-cria-banco-de-atividades-para-creches-e-educacao-infantil\/#primaryimage\"},\"thumbnailUrl\":\"https:\/\/i0.wp.com\/verdadeon.com.br\/portal\/wp-content\/uploads\/2021\/03\/WhatsApp-Image-2021-03-29-at-19.00.24.jpeg?fit=1000%2C670&ssl=1\",\"datePublished\":\"2021-03-30T03:35:13+00:00\",\"author\":{\"@id\":\"https:\/\/verdadeon.com.br\/portal\/#\/schema\/person\/8994718f49ee62ba5610471e29ca1f62\"},\"breadcrumb\":{\"@id\":\"https:\/\/verdadeon.com.br\/portal\/2021\/03\/30\/secretaria-de-educacao-de-franca-cria-banco-de-atividades-para-creches-e-educacao-infantil\/#breadcrumb\"},\"inLanguage\":\"pt-BR\",\"potentialAction\":[{\"@type\":\"ReadAction\",\"target\":[\"https:\/\/verdadeon.com.br\/portal\/2021\/03\/30\/secretaria-de-educacao-de-franca-cria-banco-de-atividades-para-creches-e-educacao-infantil\/\"]}]},{\"@type\":\"ImageObject\",\"inLanguage\":\"pt-BR\",\"@id\":\"https:\/\/verdadeon.com.br\/portal\/2021\/03\/30\/secretaria-de-educacao-de-franca-cria-banco-de-atividades-para-creches-e-educacao-infantil\/#primaryimage\",\"url\":\"https:\/\/i0.wp.com\/verdadeon.com.br\/portal\/wp-content\/uploads\/2021\/03\/WhatsApp-Image-2021-03-29-at-19.00.24.jpeg?fit=1000%2C670&ssl=1\",\"contentUrl\":\"https:\/\/i0.wp.com\/verdadeon.com.br\/portal\/wp-content\/uploads\/2021\/03\/WhatsApp-Image-2021-03-29-at-19.00.24.jpeg?fit=1000%2C670&ssl=1\",\"width\":1000,\"height\":670,\"caption\":\"Por enquanto as aulas seguem sem previs\u00e3o de volta por conta da pandemia de covid-19 | Foto: Divulga\u00e7\u00e3o\"},{\"@type\":\"BreadcrumbList\",\"@id\":\"https:\/\/verdadeon.com.br\/portal\/2021\/03\/30\/secretaria-de-educacao-de-franca-cria-banco-de-atividades-para-creches-e-educacao-infantil\/#breadcrumb\",\"itemListElement\":[{\"@type\":\"ListItem\",\"position\":1,\"name\":\"In\u00edcio\",\"item\":\"https:\/\/verdadeon.com.br\/portal\/\"},{\"@type\":\"ListItem\",\"position\":2,\"name\":\"Secretaria de Educa\u00e7\u00e3o de Franca cria banco de atividades para creches e Educa\u00e7\u00e3o infantil\"}]},{\"@type\":\"WebSite\",\"@id\":\"https:\/\/verdadeon.com.br\/portal\/#website\",\"url\":\"https:\/\/verdadeon.com.br\/portal\/\",\"name\":\"VerdadeOn\",\"description\":\"Not\u00edcias di\u00e1rias sobre Franca, Regi\u00e3o, Esporte, Cultura, Cotidiano, Colunas. Cobertura nos principais eventos da cidade \u00e9 aqui - Verdadeon Franca\",\"potentialAction\":[{\"@type\":\"SearchAction\",\"target\":{\"@type\":\"EntryPoint\",\"urlTemplate\":\"https:\/\/verdadeon.com.br\/portal\/?s={search_term_string}\"},\"query-input\":{\"@type\":\"PropertyValueSpecification\",\"valueRequired\":true,\"valueName\":\"search_term_string\"}}],\"inLanguage\":\"pt-BR\"},{\"@type\":\"Person\",\"@id\":\"https:\/\/verdadeon.com.br\/portal\/#\/schema\/person\/8994718f49ee62ba5610471e29ca1f62\",\"name\":\"Fernando Calixto\",\"image\":{\"@type\":\"ImageObject\",\"inLanguage\":\"pt-BR\",\"@id\":\"https:\/\/verdadeon.com.br\/portal\/#\/schema\/person\/image\/\",\"url\":\"https:\/\/secure.gravatar.com\/avatar\/7578910c24966c0316c340f9dbd601e93ee9f9212e1033968b367af9306bd9fb?s=96&d=mm&r=g\",\"contentUrl\":\"https:\/\/secure.gravatar.com\/avatar\/7578910c24966c0316c340f9dbd601e93ee9f9212e1033968b367af9306bd9fb?s=96&d=mm&r=g\",\"caption\":\"Fernando Calixto\"},\"url\":\"https:\/\/verdadeon.com.br\/portal\/author\/fernando-calixto\/\"}]}<\/script>\n<!-- \/ Yoast SEO plugin. -->","yoast_head_json":{"title":"Secretaria de Educa\u00e7\u00e3o de Franca cria banco de atividades para creches e Educa\u00e7\u00e3o infantil - VerdadeOn","robots":{"index":"index","follow":"follow","max-snippet":"max-snippet:-1","max-image-preview":"max-image-preview:large","max-video-preview":"max-video-preview:-1"},"canonical":"https:\/\/verdadeon.com.br\/portal\/2021\/03\/30\/secretaria-de-educacao-de-franca-cria-banco-de-atividades-para-creches-e-educacao-infantil\/","og_locale":"pt_BR","og_type":"article","og_title":"Secretaria de Educa\u00e7\u00e3o de Franca cria banco de atividades para creches e Educa\u00e7\u00e3o infantil - VerdadeOn","og_description":"Segundo a prefeitura o material estar\u00e1 em constante atualiza\u00e7\u00e3o para atender as quase 5 mil crian\u00e7as da rede A equipe pedag\u00f3gica da Se\u00e7\u00e3o de Educa\u00e7\u00e3o Infantil [\u2026]","og_url":"https:\/\/verdadeon.com.br\/portal\/2021\/03\/30\/secretaria-de-educacao-de-franca-cria-banco-de-atividades-para-creches-e-educacao-infantil\/","og_site_name":"VerdadeOn","article_published_time":"2021-03-30T03:35:13+00:00","og_image":[{"width":1000,"height":670,"url":"https:\/\/verdadeon.com.br\/portal\/wp-content\/uploads\/2021\/03\/WhatsApp-Image-2021-03-29-at-19.00.24.jpeg","type":"image\/jpeg"}],"author":"Fernando Calixto","twitter_card":"summary_large_image","twitter_misc":{"Escrito por":"Fernando Calixto","Est. tempo de leitura":"2 minutos"},"schema":{"@context":"https:\/\/schema.org","@graph":[{"@type":"WebPage","@id":"https:\/\/verdadeon.com.br\/portal\/2021\/03\/30\/secretaria-de-educacao-de-franca-cria-banco-de-atividades-para-creches-e-educacao-infantil\/","url":"https:\/\/verdadeon.com.br\/portal\/2021\/03\/30\/secretaria-de-educacao-de-franca-cria-banco-de-atividades-para-creches-e-educacao-infantil\/","name":"Secretaria de Educa\u00e7\u00e3o de Franca cria banco de atividades para creches e Educa\u00e7\u00e3o infantil - VerdadeOn","isPartOf":{"@id":"https:\/\/verdadeon.com.br\/portal\/#website"},"primaryImageOfPage":{"@id":"https:\/\/verdadeon.com.br\/portal\/2021\/03\/30\/secretaria-de-educacao-de-franca-cria-banco-de-atividades-para-creches-e-educacao-infantil\/#primaryimage"},"image":{"@id":"https:\/\/verdadeon.com.br\/portal\/2021\/03\/30\/secretaria-de-educacao-de-franca-cria-banco-de-atividades-para-creches-e-educacao-infantil\/#primaryimage"},"thumbnailUrl":"https:\/\/i0.wp.com\/verdadeon.com.br\/portal\/wp-content\/uploads\/2021\/03\/WhatsApp-Image-2021-03-29-at-19.00.24.jpeg?fit=1000%2C670&ssl=1","datePublished":"2021-03-30T03:35:13+00:00","author":{"@id":"https:\/\/verdadeon.com.br\/portal\/#\/schema\/person\/8994718f49ee62ba5610471e29ca1f62"},"breadcrumb":{"@id":"https:\/\/verdadeon.com.br\/portal\/2021\/03\/30\/secretaria-de-educacao-de-franca-cria-banco-de-atividades-para-creches-e-educacao-infantil\/#breadcrumb"},"inLanguage":"pt-BR","potentialAction":[{"@type":"ReadAction","target":["https:\/\/verdadeon.com.br\/portal\/2021\/03\/30\/secretaria-de-educacao-de-franca-cria-banco-de-atividades-para-creches-e-educacao-infantil\/"]}]},{"@type":"ImageObject","inLanguage":"pt-BR","@id":"https:\/\/verdadeon.com.br\/portal\/2021\/03\/30\/secretaria-de-educacao-de-franca-cria-banco-de-atividades-para-creches-e-educacao-infantil\/#primaryimage","url":"https:\/\/i0.wp.com\/verdadeon.com.br\/portal\/wp-content\/uploads\/2021\/03\/WhatsApp-Image-2021-03-29-at-19.00.24.jpeg?fit=1000%2C670&ssl=1","contentUrl":"https:\/\/i0.wp.com\/verdadeon.com.br\/portal\/wp-content\/uploads\/2021\/03\/WhatsApp-Image-2021-03-29-at-19.00.24.jpeg?fit=1000%2C670&ssl=1","width":1000,"height":670,"caption":"Por enquanto as aulas seguem sem previs\u00e3o de volta por conta da pandemia de covid-19 | Foto: Divulga\u00e7\u00e3o"},{"@type":"BreadcrumbList","@id":"https:\/\/verdadeon.com.br\/portal\/2021\/03\/30\/secretaria-de-educacao-de-franca-cria-banco-de-atividades-para-creches-e-educacao-infantil\/#breadcrumb","itemListElement":[{"@type":"ListItem","position":1,"name":"In\u00edcio","item":"https:\/\/verdadeon.com.br\/portal\/"},{"@type":"ListItem","position":2,"name":"Secretaria de Educa\u00e7\u00e3o de Franca cria banco de atividades para creches e Educa\u00e7\u00e3o infantil"}]},{"@type":"WebSite","@id":"https:\/\/verdadeon.com.br\/portal\/#website","url":"https:\/\/verdadeon.com.br\/portal\/","name":"VerdadeOn","description":"Not\u00edcias di\u00e1rias sobre Franca, Regi\u00e3o, Esporte, Cultura, Cotidiano, Colunas. Cobertura nos principais eventos da cidade \u00e9 aqui - Verdadeon Franca","potentialAction":[{"@type":"SearchAction","target":{"@type":"EntryPoint","urlTemplate":"https:\/\/verdadeon.com.br\/portal\/?s={search_term_string}"},"query-input":{"@type":"PropertyValueSpecification","valueRequired":true,"valueName":"search_term_string"}}],"inLanguage":"pt-BR"},{"@type":"Person","@id":"https:\/\/verdadeon.com.br\/portal\/#\/schema\/person\/8994718f49ee62ba5610471e29ca1f62","name":"Fernando Calixto","image":{"@type":"ImageObject","inLanguage":"pt-BR","@id":"https:\/\/verdadeon.com.br\/portal\/#\/schema\/person\/image\/","url":"https:\/\/secure.gravatar.com\/avatar\/7578910c24966c0316c340f9dbd601e93ee9f9212e1033968b367af9306bd9fb?s=96&d=mm&r=g","contentUrl":"https:\/\/secure.gravatar.com\/avatar\/7578910c24966c0316c340f9dbd601e93ee9f9212e1033968b367af9306bd9fb?s=96&d=mm&r=g","caption":"Fernando Calixto"},"url":"https:\/\/verdadeon.com.br\/portal\/author\/fernando-calixto\/"}]}},"jetpack_publicize_connections":[],"jetpack_featured_media_url":"https:\/\/i0.wp.com\/verdadeon.com.br\/portal\/wp-content\/uploads\/2021\/03\/WhatsApp-Image-2021-03-29-at-19.00.24.jpeg?fit=1000%2C670&ssl=1","jetpack_sharing_enabled":true,"_links":{"self":[{"href":"https:\/\/verdadeon.com.br\/portal\/wp-json\/wp\/v2\/posts\/15663","targetHints":{"allow":["GET"]}}],"collection":[{"href":"https:\/\/verdadeon.com.br\/portal\/wp-json\/wp\/v2\/posts"}],"about":[{"href":"https:\/\/verdadeon.com.br\/portal\/wp-json\/wp\/v2\/types\/post"}],"author":[{"embeddable":true,"href":"https:\/\/verdadeon.com.br\/portal\/wp-json\/wp\/v2\/users\/4"}],"replies":[{"embeddable":true,"href":"https:\/\/verdadeon.com.br\/portal\/wp-json\/wp\/v2\/comments?post=15663"}],"version-history":[{"count":0,"href":"https:\/\/verdadeon.com.br\/portal\/wp-json\/wp\/v2\/posts\/15663\/revisions"}],"wp:featuredmedia":[{"embeddable":true,"href":"https:\/\/verdadeon.com.br\/portal\/wp-json\/wp\/v2\/media\/15664"}],"wp:attachment":[{"href":"https:\/\/verdadeon.com.br\/portal\/wp-json\/wp\/v2\/media?parent=15663"}],"wp:term":[{"taxonomy":"category","embeddable":true,"href":"https:\/\/verdadeon.com.br\/portal\/wp-json\/wp\/v2\/categories?post=15663"},{"taxonomy":"post_tag","embeddable":true,"href":"https:\/\/verdadeon.com.br\/portal\/wp-json\/wp\/v2\/tags?post=15663"}],"curies":[{"name":"wp","href":"https:\/\/api.w.org\/{rel}","templated":true}]}}