{"id":15654,"date":"2021-03-29T16:04:23","date_gmt":"2021-03-29T19:04:23","guid":{"rendered":"https:\/\/verdadeon.com.br\/portal\/?p=15654"},"modified":"2021-03-29T16:04:23","modified_gmt":"2021-03-29T19:04:23","slug":"termina-nesta-terca-feira-decreto-municipal-sobre-restricoes","status":"publish","type":"post","link":"https:\/\/verdadeon.com.br\/portal\/2021\/03\/29\/termina-nesta-terca-feira-decreto-municipal-sobre-restricoes\/","title":{"rendered":"Termina nesta ter\u00e7a-feira Decreto Municipal sobre restri\u00e7\u00f5es"},"content":{"rendered":"<h2>Texto foi publicado no dia 20 de mar\u00e7o no Di\u00e1rio Oficial do Munic\u00edpio, medidas foram tomadas ap\u00f3s ocupa\u00e7\u00e3o de 100% das UTI\u2019s<\/h2>\n<p>Termina nesta ter\u00e7a-feira (30), a vig\u00eancia do Decreto Municipal que estipula restri\u00e7\u00f5es maiores \u00e0 circula\u00e7\u00e3o em Franca. A assessoria de imprensa da Prefeitura informou que os n\u00fameros ser\u00e3o avaliados pelo Comit\u00ea de Combate \u00e0 Covid-19, e que a princ\u00edpio \u00e9 mantida a previs\u00e3o do t\u00e9rmino para o dia 30.<br \/>\nAp\u00f3s a cidade atingir 100% de ocupa\u00e7\u00e3o dos leitos de UTI para o tratamento da Covid-19, o prefeito Alexandre Ferreira se reuniu com prefeitos de cidades da regi\u00e3o. Eles entraram em acordo com as restri\u00e7\u00f5es, para que elas seguissem um padr\u00e3o tanto em Franca quanto nos munic\u00edpios pr\u00f3ximos. No dia 18 durante uma coletiva de imprensa, Ferreira explicou as medidas e explicou que a cidade estava no limite, principalmente em rela\u00e7\u00e3o aos leitos e a dificuldade de encontrar profissionais de sa\u00fade para o trabalho.<br \/>\nNo dia 20 o Decreto foi publicado e j\u00e1 entrou em vigor na segunda-feira (22). O transporte p\u00fablico chegou a ser suspenso, mas diante cr\u00edticas pelo fato de que os trabalhadores de ind\u00fastrias, farm\u00e1cias e supermercados, que podem funcionar, ficariam sem o transporte, a prefeitura voltou atr\u00e1s e anunciou coletivos em hor\u00e1rios de pico, mas somente para os trabalhadores destes setores.<br \/>\nOutra pol\u00eamica em torno do decreto, foi o fechamento de Casas Lot\u00e9ricas. Pelo texto do poder Executivo, as mesmas deveriam permanecer fechadas assim como outras ag\u00eancias banc\u00e1rias. Mais de 20 propriet\u00e1rios entraram com uma a\u00e7\u00e3o na Justi\u00e7a pedindo que o fechamento fosse derrubado, o que foi acatado pelo juiz de plant\u00e3o de Franca, Charles Bonemer atrav\u00e9s de uma liminar.<br \/>\nO magistrado inclusive dispensou diversas cr\u00edticas ao texto, ressaltando que as pessoas de baixa renda seriam as mais prejudicadas pelo fechamento, j\u00e1 que elas s\u00e3o as que mais usam o servi\u00e7o, al\u00e9m disso Bonemer afirmou que pela lei a mudan\u00e7a de hor\u00e1rio em servi\u00e7os banc\u00e1rios deve ser anunciada com no m\u00ednimo 30 dias de anteced\u00eancia, justamente por conta da import\u00e2ncia do servi\u00e7o que \u00e9 prestado.<br \/>\nTr\u00eas dias depois o juiz titular da comarca, Aur\u00e9lio Miguel Pena derrubou a liminar, obrigando que as lot\u00e9ricas ficassem novamente fechadas at\u00e9 o dia 30.<br \/>\nO decreto mais severo proibiu o atendimento presencial no com\u00e9rcio, apenas delivery. Os postos de combust\u00edveis das 5h at\u00e9 \u00e0s 20h, quem podia atender presencialmente s\u00f3 com a metade da capacidade. Apenas supermercados e farm\u00e1cias poderiam abrir integralmente, por\u00e9m controlando o fluxo de clientes.<\/p>\n<p>Dados<br \/>\nO Jornal Verdade realizou um levantamento sobre os \u00edndices de isolamento social alcan\u00e7ados do dia 22 at\u00e9 o dia 28 de mar\u00e7o, no per\u00edodo 7 boletins foram divulgados pela Vigil\u00e2ncia Epidemiol\u00f3gica de Franca.<br \/>\nConfira o \u00edndice de cada dia:<br \/>\nSegunda-feira (22) \u2013 isolamento: 44%<br \/>\nTer\u00e7a-feira (23) \u2013 isolamento: 37%<br \/>\nQuarta-feira (24) \u2013 isolamento: 42%<br \/>\nQuinta-feira (25) \u2013 isolamento: 37%<br \/>\nSexta-feira (26) \u2013 isolamento: 38%<br \/>\nS\u00e1bado (27) \u2013 isolamento: 39%<br \/>\nDomingo- (28) \u2013 isolamento: 39%<\/p>\n","protected":false},"excerpt":{"rendered":"<p>Texto foi publicado no dia 20 de mar\u00e7o no Di\u00e1rio Oficial do Munic\u00edpio, medidas foram tomadas ap\u00f3s ocupa\u00e7\u00e3o de 100% das UTI\u2019s Termina nesta ter\u00e7a-feira (30),<span class=\"excerpt-hellip\"> [\u2026]<\/span><\/p>\n","protected":false},"author":4,"featured_media":15659,"comment_status":"open","ping_status":"open","sticky":false,"template":"","format":"standard","meta":{"_jetpack_memberships_contains_paid_content":false,"footnotes":"","jetpack_publicize_message":"","jetpack_publicize_feature_enabled":true,"jetpack_social_post_already_shared":false,"jetpack_social_options":{"image_generator_settings":{"template":"highway","default_image_id":0,"enabled":false},"version":2}},"categories":[28,81],"tags":[],"class_list":["post-15654","post","type-post","status-publish","format-standard","has-post-thumbnail","hentry","category-cotidiano","category-manchete"],"yoast_head":"<!-- This site is optimized with the Yoast SEO plugin v25.6 - https:\/\/yoast.com\/wordpress\/plugins\/seo\/ -->\n<title>Termina nesta ter\u00e7a-feira Decreto Municipal sobre restri\u00e7\u00f5es - VerdadeOn<\/title>\n<meta name=\"robots\" content=\"index, follow, max-snippet:-1, max-image-preview:large, max-video-preview:-1\" \/>\n<link rel=\"canonical\" href=\"https:\/\/verdadeon.com.br\/portal\/2021\/03\/29\/termina-nesta-terca-feira-decreto-municipal-sobre-restricoes\/\" \/>\n<meta property=\"og:locale\" content=\"pt_BR\" \/>\n<meta property=\"og:type\" content=\"article\" \/>\n<meta property=\"og:title\" content=\"Termina nesta ter\u00e7a-feira Decreto Municipal sobre restri\u00e7\u00f5es - VerdadeOn\" \/>\n<meta property=\"og:description\" content=\"Texto foi publicado no dia 20 de mar\u00e7o no Di\u00e1rio Oficial do Munic\u00edpio, medidas foram tomadas ap\u00f3s ocupa\u00e7\u00e3o de 100% das UTI\u2019s Termina nesta ter\u00e7a-feira (30), [\u2026]\" \/>\n<meta property=\"og:url\" content=\"https:\/\/verdadeon.com.br\/portal\/2021\/03\/29\/termina-nesta-terca-feira-decreto-municipal-sobre-restricoes\/\" \/>\n<meta property=\"og:site_name\" content=\"VerdadeOn\" \/>\n<meta property=\"article:published_time\" content=\"2021-03-29T19:04:23+00:00\" \/>\n<meta property=\"og:image\" content=\"https:\/\/verdadeon.com.br\/portal\/wp-content\/uploads\/2021\/03\/WhatsApp-Image-2021-03-29-at-16.00.01.jpeg\" \/>\n\t<meta property=\"og:image:width\" content=\"1000\" \/>\n\t<meta property=\"og:image:height\" content=\"670\" \/>\n\t<meta property=\"og:image:type\" content=\"image\/jpeg\" \/>\n<meta name=\"author\" content=\"Fernando Calixto\" \/>\n<meta name=\"twitter:card\" content=\"summary_large_image\" \/>\n<meta name=\"twitter:label1\" content=\"Escrito por\" \/>\n\t<meta name=\"twitter:data1\" content=\"Fernando Calixto\" \/>\n\t<meta name=\"twitter:label2\" content=\"Est. tempo de leitura\" \/>\n\t<meta name=\"twitter:data2\" content=\"3 minutos\" \/>\n<script type=\"application\/ld+json\" class=\"yoast-schema-graph\">{\"@context\":\"https:\/\/schema.org\",\"@graph\":[{\"@type\":\"WebPage\",\"@id\":\"https:\/\/verdadeon.com.br\/portal\/2021\/03\/29\/termina-nesta-terca-feira-decreto-municipal-sobre-restricoes\/\",\"url\":\"https:\/\/verdadeon.com.br\/portal\/2021\/03\/29\/termina-nesta-terca-feira-decreto-municipal-sobre-restricoes\/\",\"name\":\"Termina nesta ter\u00e7a-feira Decreto Municipal sobre restri\u00e7\u00f5es - VerdadeOn\",\"isPartOf\":{\"@id\":\"https:\/\/verdadeon.com.br\/portal\/#website\"},\"primaryImageOfPage\":{\"@id\":\"https:\/\/verdadeon.com.br\/portal\/2021\/03\/29\/termina-nesta-terca-feira-decreto-municipal-sobre-restricoes\/#primaryimage\"},\"image\":{\"@id\":\"https:\/\/verdadeon.com.br\/portal\/2021\/03\/29\/termina-nesta-terca-feira-decreto-municipal-sobre-restricoes\/#primaryimage\"},\"thumbnailUrl\":\"https:\/\/i0.wp.com\/verdadeon.com.br\/portal\/wp-content\/uploads\/2021\/03\/WhatsApp-Image-2021-03-29-at-16.00.01.jpeg?fit=1000%2C670&ssl=1\",\"datePublished\":\"2021-03-29T19:04:23+00:00\",\"author\":{\"@id\":\"https:\/\/verdadeon.com.br\/portal\/#\/schema\/person\/8994718f49ee62ba5610471e29ca1f62\"},\"breadcrumb\":{\"@id\":\"https:\/\/verdadeon.com.br\/portal\/2021\/03\/29\/termina-nesta-terca-feira-decreto-municipal-sobre-restricoes\/#breadcrumb\"},\"inLanguage\":\"pt-BR\",\"potentialAction\":[{\"@type\":\"ReadAction\",\"target\":[\"https:\/\/verdadeon.com.br\/portal\/2021\/03\/29\/termina-nesta-terca-feira-decreto-municipal-sobre-restricoes\/\"]}]},{\"@type\":\"ImageObject\",\"inLanguage\":\"pt-BR\",\"@id\":\"https:\/\/verdadeon.com.br\/portal\/2021\/03\/29\/termina-nesta-terca-feira-decreto-municipal-sobre-restricoes\/#primaryimage\",\"url\":\"https:\/\/i0.wp.com\/verdadeon.com.br\/portal\/wp-content\/uploads\/2021\/03\/WhatsApp-Image-2021-03-29-at-16.00.01.jpeg?fit=1000%2C670&ssl=1\",\"contentUrl\":\"https:\/\/i0.wp.com\/verdadeon.com.br\/portal\/wp-content\/uploads\/2021\/03\/WhatsApp-Image-2021-03-29-at-16.00.01.jpeg?fit=1000%2C670&ssl=1\",\"width\":1000,\"height\":670,\"caption\":\"Prefeito Alexandre Ferreira durante coletiva de imprensa quando foram anunciadas restri\u00e7\u00f5es mais severas | Foto: Divulga\u00e7\u00e3o\"},{\"@type\":\"BreadcrumbList\",\"@id\":\"https:\/\/verdadeon.com.br\/portal\/2021\/03\/29\/termina-nesta-terca-feira-decreto-municipal-sobre-restricoes\/#breadcrumb\",\"itemListElement\":[{\"@type\":\"ListItem\",\"position\":1,\"name\":\"In\u00edcio\",\"item\":\"https:\/\/verdadeon.com.br\/portal\/\"},{\"@type\":\"ListItem\",\"position\":2,\"name\":\"Termina nesta ter\u00e7a-feira Decreto Municipal sobre restri\u00e7\u00f5es\"}]},{\"@type\":\"WebSite\",\"@id\":\"https:\/\/verdadeon.com.br\/portal\/#website\",\"url\":\"https:\/\/verdadeon.com.br\/portal\/\",\"name\":\"VerdadeOn\",\"description\":\"Not\u00edcias di\u00e1rias sobre Franca, Regi\u00e3o, Esporte, Cultura, Cotidiano, Colunas. Cobertura nos principais eventos da cidade \u00e9 aqui - Verdadeon Franca\",\"potentialAction\":[{\"@type\":\"SearchAction\",\"target\":{\"@type\":\"EntryPoint\",\"urlTemplate\":\"https:\/\/verdadeon.com.br\/portal\/?s={search_term_string}\"},\"query-input\":{\"@type\":\"PropertyValueSpecification\",\"valueRequired\":true,\"valueName\":\"search_term_string\"}}],\"inLanguage\":\"pt-BR\"},{\"@type\":\"Person\",\"@id\":\"https:\/\/verdadeon.com.br\/portal\/#\/schema\/person\/8994718f49ee62ba5610471e29ca1f62\",\"name\":\"Fernando Calixto\",\"image\":{\"@type\":\"ImageObject\",\"inLanguage\":\"pt-BR\",\"@id\":\"https:\/\/verdadeon.com.br\/portal\/#\/schema\/person\/image\/\",\"url\":\"https:\/\/secure.gravatar.com\/avatar\/7578910c24966c0316c340f9dbd601e93ee9f9212e1033968b367af9306bd9fb?s=96&d=mm&r=g\",\"contentUrl\":\"https:\/\/secure.gravatar.com\/avatar\/7578910c24966c0316c340f9dbd601e93ee9f9212e1033968b367af9306bd9fb?s=96&d=mm&r=g\",\"caption\":\"Fernando Calixto\"},\"url\":\"https:\/\/verdadeon.com.br\/portal\/author\/fernando-calixto\/\"}]}<\/script>\n<!-- \/ Yoast SEO plugin. -->","yoast_head_json":{"title":"Termina nesta ter\u00e7a-feira Decreto Municipal sobre restri\u00e7\u00f5es - VerdadeOn","robots":{"index":"index","follow":"follow","max-snippet":"max-snippet:-1","max-image-preview":"max-image-preview:large","max-video-preview":"max-video-preview:-1"},"canonical":"https:\/\/verdadeon.com.br\/portal\/2021\/03\/29\/termina-nesta-terca-feira-decreto-municipal-sobre-restricoes\/","og_locale":"pt_BR","og_type":"article","og_title":"Termina nesta ter\u00e7a-feira Decreto Municipal sobre restri\u00e7\u00f5es - VerdadeOn","og_description":"Texto foi publicado no dia 20 de mar\u00e7o no Di\u00e1rio Oficial do Munic\u00edpio, medidas foram tomadas ap\u00f3s ocupa\u00e7\u00e3o de 100% das UTI\u2019s Termina nesta ter\u00e7a-feira (30), [\u2026]","og_url":"https:\/\/verdadeon.com.br\/portal\/2021\/03\/29\/termina-nesta-terca-feira-decreto-municipal-sobre-restricoes\/","og_site_name":"VerdadeOn","article_published_time":"2021-03-29T19:04:23+00:00","og_image":[{"width":1000,"height":670,"url":"https:\/\/verdadeon.com.br\/portal\/wp-content\/uploads\/2021\/03\/WhatsApp-Image-2021-03-29-at-16.00.01.jpeg","type":"image\/jpeg"}],"author":"Fernando Calixto","twitter_card":"summary_large_image","twitter_misc":{"Escrito por":"Fernando Calixto","Est. tempo de leitura":"3 minutos"},"schema":{"@context":"https:\/\/schema.org","@graph":[{"@type":"WebPage","@id":"https:\/\/verdadeon.com.br\/portal\/2021\/03\/29\/termina-nesta-terca-feira-decreto-municipal-sobre-restricoes\/","url":"https:\/\/verdadeon.com.br\/portal\/2021\/03\/29\/termina-nesta-terca-feira-decreto-municipal-sobre-restricoes\/","name":"Termina nesta ter\u00e7a-feira Decreto Municipal sobre restri\u00e7\u00f5es - VerdadeOn","isPartOf":{"@id":"https:\/\/verdadeon.com.br\/portal\/#website"},"primaryImageOfPage":{"@id":"https:\/\/verdadeon.com.br\/portal\/2021\/03\/29\/termina-nesta-terca-feira-decreto-municipal-sobre-restricoes\/#primaryimage"},"image":{"@id":"https:\/\/verdadeon.com.br\/portal\/2021\/03\/29\/termina-nesta-terca-feira-decreto-municipal-sobre-restricoes\/#primaryimage"},"thumbnailUrl":"https:\/\/i0.wp.com\/verdadeon.com.br\/portal\/wp-content\/uploads\/2021\/03\/WhatsApp-Image-2021-03-29-at-16.00.01.jpeg?fit=1000%2C670&ssl=1","datePublished":"2021-03-29T19:04:23+00:00","author":{"@id":"https:\/\/verdadeon.com.br\/portal\/#\/schema\/person\/8994718f49ee62ba5610471e29ca1f62"},"breadcrumb":{"@id":"https:\/\/verdadeon.com.br\/portal\/2021\/03\/29\/termina-nesta-terca-feira-decreto-municipal-sobre-restricoes\/#breadcrumb"},"inLanguage":"pt-BR","potentialAction":[{"@type":"ReadAction","target":["https:\/\/verdadeon.com.br\/portal\/2021\/03\/29\/termina-nesta-terca-feira-decreto-municipal-sobre-restricoes\/"]}]},{"@type":"ImageObject","inLanguage":"pt-BR","@id":"https:\/\/verdadeon.com.br\/portal\/2021\/03\/29\/termina-nesta-terca-feira-decreto-municipal-sobre-restricoes\/#primaryimage","url":"https:\/\/i0.wp.com\/verdadeon.com.br\/portal\/wp-content\/uploads\/2021\/03\/WhatsApp-Image-2021-03-29-at-16.00.01.jpeg?fit=1000%2C670&ssl=1","contentUrl":"https:\/\/i0.wp.com\/verdadeon.com.br\/portal\/wp-content\/uploads\/2021\/03\/WhatsApp-Image-2021-03-29-at-16.00.01.jpeg?fit=1000%2C670&ssl=1","width":1000,"height":670,"caption":"Prefeito Alexandre Ferreira durante coletiva de imprensa quando foram anunciadas restri\u00e7\u00f5es mais severas | Foto: Divulga\u00e7\u00e3o"},{"@type":"BreadcrumbList","@id":"https:\/\/verdadeon.com.br\/portal\/2021\/03\/29\/termina-nesta-terca-feira-decreto-municipal-sobre-restricoes\/#breadcrumb","itemListElement":[{"@type":"ListItem","position":1,"name":"In\u00edcio","item":"https:\/\/verdadeon.com.br\/portal\/"},{"@type":"ListItem","position":2,"name":"Termina nesta ter\u00e7a-feira Decreto Municipal sobre restri\u00e7\u00f5es"}]},{"@type":"WebSite","@id":"https:\/\/verdadeon.com.br\/portal\/#website","url":"https:\/\/verdadeon.com.br\/portal\/","name":"VerdadeOn","description":"Not\u00edcias di\u00e1rias sobre Franca, Regi\u00e3o, Esporte, Cultura, Cotidiano, Colunas. Cobertura nos principais eventos da cidade \u00e9 aqui - Verdadeon Franca","potentialAction":[{"@type":"SearchAction","target":{"@type":"EntryPoint","urlTemplate":"https:\/\/verdadeon.com.br\/portal\/?s={search_term_string}"},"query-input":{"@type":"PropertyValueSpecification","valueRequired":true,"valueName":"search_term_string"}}],"inLanguage":"pt-BR"},{"@type":"Person","@id":"https:\/\/verdadeon.com.br\/portal\/#\/schema\/person\/8994718f49ee62ba5610471e29ca1f62","name":"Fernando Calixto","image":{"@type":"ImageObject","inLanguage":"pt-BR","@id":"https:\/\/verdadeon.com.br\/portal\/#\/schema\/person\/image\/","url":"https:\/\/secure.gravatar.com\/avatar\/7578910c24966c0316c340f9dbd601e93ee9f9212e1033968b367af9306bd9fb?s=96&d=mm&r=g","contentUrl":"https:\/\/secure.gravatar.com\/avatar\/7578910c24966c0316c340f9dbd601e93ee9f9212e1033968b367af9306bd9fb?s=96&d=mm&r=g","caption":"Fernando Calixto"},"url":"https:\/\/verdadeon.com.br\/portal\/author\/fernando-calixto\/"}]}},"jetpack_publicize_connections":[],"jetpack_featured_media_url":"https:\/\/i0.wp.com\/verdadeon.com.br\/portal\/wp-content\/uploads\/2021\/03\/WhatsApp-Image-2021-03-29-at-16.00.01.jpeg?fit=1000%2C670&ssl=1","jetpack_sharing_enabled":true,"_links":{"self":[{"href":"https:\/\/verdadeon.com.br\/portal\/wp-json\/wp\/v2\/posts\/15654","targetHints":{"allow":["GET"]}}],"collection":[{"href":"https:\/\/verdadeon.com.br\/portal\/wp-json\/wp\/v2\/posts"}],"about":[{"href":"https:\/\/verdadeon.com.br\/portal\/wp-json\/wp\/v2\/types\/post"}],"author":[{"embeddable":true,"href":"https:\/\/verdadeon.com.br\/portal\/wp-json\/wp\/v2\/users\/4"}],"replies":[{"embeddable":true,"href":"https:\/\/verdadeon.com.br\/portal\/wp-json\/wp\/v2\/comments?post=15654"}],"version-history":[{"count":0,"href":"https:\/\/verdadeon.com.br\/portal\/wp-json\/wp\/v2\/posts\/15654\/revisions"}],"wp:featuredmedia":[{"embeddable":true,"href":"https:\/\/verdadeon.com.br\/portal\/wp-json\/wp\/v2\/media\/15659"}],"wp:attachment":[{"href":"https:\/\/verdadeon.com.br\/portal\/wp-json\/wp\/v2\/media?parent=15654"}],"wp:term":[{"taxonomy":"category","embeddable":true,"href":"https:\/\/verdadeon.com.br\/portal\/wp-json\/wp\/v2\/categories?post=15654"},{"taxonomy":"post_tag","embeddable":true,"href":"https:\/\/verdadeon.com.br\/portal\/wp-json\/wp\/v2\/tags?post=15654"}],"curies":[{"name":"wp","href":"https:\/\/api.w.org\/{rel}","templated":true}]}}