{"id":15640,"date":"2021-03-27T12:00:07","date_gmt":"2021-03-27T15:00:07","guid":{"rendered":"https:\/\/verdadeon.com.br\/portal\/?p=15640"},"modified":"2021-03-27T18:30:55","modified_gmt":"2021-03-27T21:30:55","slug":"pneumologista-alerta-sobre-necessidade-de-mais-cuidados-no-tempo-seco-por-conta-da-pandemia","status":"publish","type":"post","link":"https:\/\/verdadeon.com.br\/portal\/2021\/03\/27\/pneumologista-alerta-sobre-necessidade-de-mais-cuidados-no-tempo-seco-por-conta-da-pandemia\/","title":{"rendered":"Pneumologista alerta sobre necessidade de mais cuidados no tempo seco por conta da pandemia"},"content":{"rendered":"<h2 style=\"font-weight: 400;\"><em>A entrada da esta\u00e7\u00e3o do outono, quando ocorre a diminui\u00e7\u00e3o da umidade do ar, pode influenciar muito nos quadros de doen\u00e7as respirat\u00f3rias<\/em><\/h2>\n<p style=\"font-weight: 400;\">A chegada do outono \u00e9 marcada, principalmente, pela diminui\u00e7\u00e3o da umidade do ar, que pode influenciar nos quadros de doen\u00e7as respirat\u00f3rias. Diante do cen\u00e1rio, que \u00e9 agravado pela pandemia da Covid-19, os especialistas da \u00e1rea de sa\u00fade refor\u00e7am a necessidade de cuidados.<\/p>\n<p style=\"font-weight: 400;\">De acordo com o m\u00e9dico pneumologista Pedro Luiz Pompeu da Silva, do Grupo S\u00e3o Francisco, que faz parte do Sistema Hapvida, com a mudan\u00e7a de temperatura e umidade, o sistema natural de defesa dos pulm\u00f5es fica prejudicado, j\u00e1 que o ar seco dificulta os movimentos ciliares das vias respirat\u00f3rias e reduz a dissipa\u00e7\u00e3o de subst\u00e2ncias poluentes.<\/p>\n<p style=\"font-weight: 400;\">&#8220;As doen\u00e7as respirat\u00f3rias, em decorr\u00eancia da polui\u00e7\u00e3o, provocam cerca de 5 milh\u00f5es de mortes por ano no mundo. Por isso, nos pr\u00f3ximos meses \u00e9 necess\u00e1rio redobrar os cuidados com a sa\u00fade respirat\u00f3ria&#8221;, afirma Silva.<\/p>\n<p style=\"font-weight: 400;\">O m\u00e9dico relata que a ado\u00e7\u00e3o de cuidados simples auxilia na preven\u00e7\u00e3o e na qualidade do ambiente e do ar que respiramos. &#8220;N\u00e3o ouse sair de casa, para qualquer coisa, sem m\u00e1scara. Dentro de casa usar um umidificador, adotar uma dieta saud\u00e1vel e com bastante l\u00edquido, al\u00e9m de lavar as narinas diariamente, que s\u00e3o as portas de entrada para o pulm\u00e3o&#8221;, orienta.<\/p>\n<p style=\"font-weight: 400;\">Em virtude da pandemia da Covid-19, o pneumologista do Grupo S\u00e3o Francisco ressalta ainda que as pessoas que passam por tratamentos de doen\u00e7as no sistema respirat\u00f3rio devem ter cuidado em manter o quadro controlado.<\/p>\n<p style=\"font-weight: 400;\">&#8220;Quem j\u00e1 sofre com doen\u00e7as como rinite, asma, enfisema ou bronquite cr\u00f4nica deve tomar os cuidados para manter o quadro controlado evitando sa\u00eddas de casa e idas \u00e0 emerg\u00eancia dos hospitais. Por isso, \u00e9 importante ter o tratamento ajustado para n\u00e3o ficar exposto a outra doen\u00e7a nos ambientes externos&#8221;, explica Silva.<\/p>\n<p style=\"font-weight: 400;\">O m\u00e9dico ainda orienta que os cuidados em rela\u00e7\u00e3o \u00e0 preven\u00e7\u00e3o da Covid-19 devem ser mantidos por toda popula\u00e7\u00e3o, j\u00e1 que a doen\u00e7a tamb\u00e9m agrava eventuais problemas e doen\u00e7as existentes no sistema respirat\u00f3rio<\/p>\n<p style=\"font-weight: 400;\">&#8220;Com o surgimento dessas novas variantes \u00e9 importante triplicar os cuidados que j\u00e1 vem sendo tomados como o uso da m\u00e1scara, evitar aglomera\u00e7\u00f5es e a higieniza\u00e7\u00e3o das m\u00e3os com \u00e1lcool em gel ou \u00e1gua com sab\u00e3o. Neste momento, estamos diante de um inimigo bem mais poderoso que tivemos contato nesses meses. Quem j\u00e1 vem tomando esses cuidados deve caprichar um pouco mais. No entanto, quem n\u00e3o toma as medidas de preven\u00e7\u00e3o devem refletir bastante sobre as suas atitudes porque o que estamos vendo no Brasil e no mundo \u00e9 uma situa\u00e7\u00e3o preocupante&#8221;, aponta o m\u00e9dico.<\/p>\n","protected":false},"excerpt":{"rendered":"<p>A entrada da esta\u00e7\u00e3o do outono, quando ocorre a diminui\u00e7\u00e3o da umidade do ar, pode influenciar muito nos quadros de doen\u00e7as respirat\u00f3rias A chegada do outono<span class=\"excerpt-hellip\"> [\u2026]<\/span><\/p>\n","protected":false},"author":4,"featured_media":15641,"comment_status":"open","ping_status":"open","sticky":false,"template":"","format":"standard","meta":{"_jetpack_memberships_contains_paid_content":false,"footnotes":"","jetpack_publicize_message":"","jetpack_publicize_feature_enabled":true,"jetpack_social_post_already_shared":false,"jetpack_social_options":{"image_generator_settings":{"template":"highway","default_image_id":0,"enabled":false},"version":2}},"categories":[28,44],"tags":[],"class_list":["post-15640","post","type-post","status-publish","format-standard","has-post-thumbnail","hentry","category-cotidiano","category-noticias"],"yoast_head":"<!-- This site is optimized with the Yoast SEO plugin v25.6 - https:\/\/yoast.com\/wordpress\/plugins\/seo\/ -->\n<title>Pneumologista alerta sobre necessidade de mais cuidados no tempo seco por conta da pandemia - VerdadeOn<\/title>\n<meta name=\"robots\" content=\"index, follow, max-snippet:-1, max-image-preview:large, max-video-preview:-1\" \/>\n<link rel=\"canonical\" href=\"https:\/\/verdadeon.com.br\/portal\/2021\/03\/27\/pneumologista-alerta-sobre-necessidade-de-mais-cuidados-no-tempo-seco-por-conta-da-pandemia\/\" \/>\n<meta property=\"og:locale\" content=\"pt_BR\" \/>\n<meta property=\"og:type\" content=\"article\" \/>\n<meta property=\"og:title\" content=\"Pneumologista alerta sobre necessidade de mais cuidados no tempo seco por conta da pandemia - VerdadeOn\" \/>\n<meta property=\"og:description\" content=\"A entrada da esta\u00e7\u00e3o do outono, quando ocorre a diminui\u00e7\u00e3o da umidade do ar, pode influenciar muito nos quadros de doen\u00e7as respirat\u00f3rias A chegada do outono [\u2026]\" \/>\n<meta property=\"og:url\" content=\"https:\/\/verdadeon.com.br\/portal\/2021\/03\/27\/pneumologista-alerta-sobre-necessidade-de-mais-cuidados-no-tempo-seco-por-conta-da-pandemia\/\" \/>\n<meta property=\"og:site_name\" content=\"VerdadeOn\" \/>\n<meta property=\"article:published_time\" content=\"2021-03-27T15:00:07+00:00\" \/>\n<meta property=\"article:modified_time\" content=\"2021-03-27T21:30:55+00:00\" \/>\n<meta property=\"og:image\" content=\"https:\/\/verdadeon.com.br\/portal\/wp-content\/uploads\/2021\/03\/unnamed-2.png\" \/>\n\t<meta property=\"og:image:width\" content=\"1000\" \/>\n\t<meta property=\"og:image:height\" content=\"670\" \/>\n\t<meta property=\"og:image:type\" content=\"image\/png\" \/>\n<meta name=\"author\" content=\"Fernando Calixto\" \/>\n<meta name=\"twitter:card\" content=\"summary_large_image\" \/>\n<meta name=\"twitter:label1\" content=\"Escrito por\" \/>\n\t<meta name=\"twitter:data1\" content=\"Fernando Calixto\" \/>\n\t<meta name=\"twitter:label2\" content=\"Est. tempo de leitura\" \/>\n\t<meta name=\"twitter:data2\" content=\"2 minutos\" \/>\n<script type=\"application\/ld+json\" class=\"yoast-schema-graph\">{\"@context\":\"https:\/\/schema.org\",\"@graph\":[{\"@type\":\"WebPage\",\"@id\":\"https:\/\/verdadeon.com.br\/portal\/2021\/03\/27\/pneumologista-alerta-sobre-necessidade-de-mais-cuidados-no-tempo-seco-por-conta-da-pandemia\/\",\"url\":\"https:\/\/verdadeon.com.br\/portal\/2021\/03\/27\/pneumologista-alerta-sobre-necessidade-de-mais-cuidados-no-tempo-seco-por-conta-da-pandemia\/\",\"name\":\"Pneumologista alerta sobre necessidade de mais cuidados no tempo seco por conta da pandemia - VerdadeOn\",\"isPartOf\":{\"@id\":\"https:\/\/verdadeon.com.br\/portal\/#website\"},\"primaryImageOfPage\":{\"@id\":\"https:\/\/verdadeon.com.br\/portal\/2021\/03\/27\/pneumologista-alerta-sobre-necessidade-de-mais-cuidados-no-tempo-seco-por-conta-da-pandemia\/#primaryimage\"},\"image\":{\"@id\":\"https:\/\/verdadeon.com.br\/portal\/2021\/03\/27\/pneumologista-alerta-sobre-necessidade-de-mais-cuidados-no-tempo-seco-por-conta-da-pandemia\/#primaryimage\"},\"thumbnailUrl\":\"https:\/\/i0.wp.com\/verdadeon.com.br\/portal\/wp-content\/uploads\/2021\/03\/unnamed-2.png?fit=1000%2C670&ssl=1\",\"datePublished\":\"2021-03-27T15:00:07+00:00\",\"dateModified\":\"2021-03-27T21:30:55+00:00\",\"author\":{\"@id\":\"https:\/\/verdadeon.com.br\/portal\/#\/schema\/person\/8994718f49ee62ba5610471e29ca1f62\"},\"breadcrumb\":{\"@id\":\"https:\/\/verdadeon.com.br\/portal\/2021\/03\/27\/pneumologista-alerta-sobre-necessidade-de-mais-cuidados-no-tempo-seco-por-conta-da-pandemia\/#breadcrumb\"},\"inLanguage\":\"pt-BR\",\"potentialAction\":[{\"@type\":\"ReadAction\",\"target\":[\"https:\/\/verdadeon.com.br\/portal\/2021\/03\/27\/pneumologista-alerta-sobre-necessidade-de-mais-cuidados-no-tempo-seco-por-conta-da-pandemia\/\"]}]},{\"@type\":\"ImageObject\",\"inLanguage\":\"pt-BR\",\"@id\":\"https:\/\/verdadeon.com.br\/portal\/2021\/03\/27\/pneumologista-alerta-sobre-necessidade-de-mais-cuidados-no-tempo-seco-por-conta-da-pandemia\/#primaryimage\",\"url\":\"https:\/\/i0.wp.com\/verdadeon.com.br\/portal\/wp-content\/uploads\/2021\/03\/unnamed-2.png?fit=1000%2C670&ssl=1\",\"contentUrl\":\"https:\/\/i0.wp.com\/verdadeon.com.br\/portal\/wp-content\/uploads\/2021\/03\/unnamed-2.png?fit=1000%2C670&ssl=1\",\"width\":1000,\"height\":670,\"caption\":\"M\u00e9dico pneumologista Pedro Luiz Pompeu da Silva, do Grupo S\u00e3o Francisco\"},{\"@type\":\"BreadcrumbList\",\"@id\":\"https:\/\/verdadeon.com.br\/portal\/2021\/03\/27\/pneumologista-alerta-sobre-necessidade-de-mais-cuidados-no-tempo-seco-por-conta-da-pandemia\/#breadcrumb\",\"itemListElement\":[{\"@type\":\"ListItem\",\"position\":1,\"name\":\"In\u00edcio\",\"item\":\"https:\/\/verdadeon.com.br\/portal\/\"},{\"@type\":\"ListItem\",\"position\":2,\"name\":\"Pneumologista alerta sobre necessidade de mais cuidados no tempo seco por conta da pandemia\"}]},{\"@type\":\"WebSite\",\"@id\":\"https:\/\/verdadeon.com.br\/portal\/#website\",\"url\":\"https:\/\/verdadeon.com.br\/portal\/\",\"name\":\"VerdadeOn\",\"description\":\"Not\u00edcias di\u00e1rias sobre Franca, Regi\u00e3o, Esporte, Cultura, Cotidiano, Colunas. Cobertura nos principais eventos da cidade \u00e9 aqui - Verdadeon Franca\",\"potentialAction\":[{\"@type\":\"SearchAction\",\"target\":{\"@type\":\"EntryPoint\",\"urlTemplate\":\"https:\/\/verdadeon.com.br\/portal\/?s={search_term_string}\"},\"query-input\":{\"@type\":\"PropertyValueSpecification\",\"valueRequired\":true,\"valueName\":\"search_term_string\"}}],\"inLanguage\":\"pt-BR\"},{\"@type\":\"Person\",\"@id\":\"https:\/\/verdadeon.com.br\/portal\/#\/schema\/person\/8994718f49ee62ba5610471e29ca1f62\",\"name\":\"Fernando Calixto\",\"image\":{\"@type\":\"ImageObject\",\"inLanguage\":\"pt-BR\",\"@id\":\"https:\/\/verdadeon.com.br\/portal\/#\/schema\/person\/image\/\",\"url\":\"https:\/\/secure.gravatar.com\/avatar\/7578910c24966c0316c340f9dbd601e93ee9f9212e1033968b367af9306bd9fb?s=96&d=mm&r=g\",\"contentUrl\":\"https:\/\/secure.gravatar.com\/avatar\/7578910c24966c0316c340f9dbd601e93ee9f9212e1033968b367af9306bd9fb?s=96&d=mm&r=g\",\"caption\":\"Fernando Calixto\"},\"url\":\"https:\/\/verdadeon.com.br\/portal\/author\/fernando-calixto\/\"}]}<\/script>\n<!-- \/ Yoast SEO plugin. -->","yoast_head_json":{"title":"Pneumologista alerta sobre necessidade de mais cuidados no tempo seco por conta da pandemia - VerdadeOn","robots":{"index":"index","follow":"follow","max-snippet":"max-snippet:-1","max-image-preview":"max-image-preview:large","max-video-preview":"max-video-preview:-1"},"canonical":"https:\/\/verdadeon.com.br\/portal\/2021\/03\/27\/pneumologista-alerta-sobre-necessidade-de-mais-cuidados-no-tempo-seco-por-conta-da-pandemia\/","og_locale":"pt_BR","og_type":"article","og_title":"Pneumologista alerta sobre necessidade de mais cuidados no tempo seco por conta da pandemia - VerdadeOn","og_description":"A entrada da esta\u00e7\u00e3o do outono, quando ocorre a diminui\u00e7\u00e3o da umidade do ar, pode influenciar muito nos quadros de doen\u00e7as respirat\u00f3rias A chegada do outono [\u2026]","og_url":"https:\/\/verdadeon.com.br\/portal\/2021\/03\/27\/pneumologista-alerta-sobre-necessidade-de-mais-cuidados-no-tempo-seco-por-conta-da-pandemia\/","og_site_name":"VerdadeOn","article_published_time":"2021-03-27T15:00:07+00:00","article_modified_time":"2021-03-27T21:30:55+00:00","og_image":[{"width":1000,"height":670,"url":"https:\/\/verdadeon.com.br\/portal\/wp-content\/uploads\/2021\/03\/unnamed-2.png","type":"image\/png"}],"author":"Fernando Calixto","twitter_card":"summary_large_image","twitter_misc":{"Escrito por":"Fernando Calixto","Est. tempo de leitura":"2 minutos"},"schema":{"@context":"https:\/\/schema.org","@graph":[{"@type":"WebPage","@id":"https:\/\/verdadeon.com.br\/portal\/2021\/03\/27\/pneumologista-alerta-sobre-necessidade-de-mais-cuidados-no-tempo-seco-por-conta-da-pandemia\/","url":"https:\/\/verdadeon.com.br\/portal\/2021\/03\/27\/pneumologista-alerta-sobre-necessidade-de-mais-cuidados-no-tempo-seco-por-conta-da-pandemia\/","name":"Pneumologista alerta sobre necessidade de mais cuidados no tempo seco por conta da pandemia - VerdadeOn","isPartOf":{"@id":"https:\/\/verdadeon.com.br\/portal\/#website"},"primaryImageOfPage":{"@id":"https:\/\/verdadeon.com.br\/portal\/2021\/03\/27\/pneumologista-alerta-sobre-necessidade-de-mais-cuidados-no-tempo-seco-por-conta-da-pandemia\/#primaryimage"},"image":{"@id":"https:\/\/verdadeon.com.br\/portal\/2021\/03\/27\/pneumologista-alerta-sobre-necessidade-de-mais-cuidados-no-tempo-seco-por-conta-da-pandemia\/#primaryimage"},"thumbnailUrl":"https:\/\/i0.wp.com\/verdadeon.com.br\/portal\/wp-content\/uploads\/2021\/03\/unnamed-2.png?fit=1000%2C670&ssl=1","datePublished":"2021-03-27T15:00:07+00:00","dateModified":"2021-03-27T21:30:55+00:00","author":{"@id":"https:\/\/verdadeon.com.br\/portal\/#\/schema\/person\/8994718f49ee62ba5610471e29ca1f62"},"breadcrumb":{"@id":"https:\/\/verdadeon.com.br\/portal\/2021\/03\/27\/pneumologista-alerta-sobre-necessidade-de-mais-cuidados-no-tempo-seco-por-conta-da-pandemia\/#breadcrumb"},"inLanguage":"pt-BR","potentialAction":[{"@type":"ReadAction","target":["https:\/\/verdadeon.com.br\/portal\/2021\/03\/27\/pneumologista-alerta-sobre-necessidade-de-mais-cuidados-no-tempo-seco-por-conta-da-pandemia\/"]}]},{"@type":"ImageObject","inLanguage":"pt-BR","@id":"https:\/\/verdadeon.com.br\/portal\/2021\/03\/27\/pneumologista-alerta-sobre-necessidade-de-mais-cuidados-no-tempo-seco-por-conta-da-pandemia\/#primaryimage","url":"https:\/\/i0.wp.com\/verdadeon.com.br\/portal\/wp-content\/uploads\/2021\/03\/unnamed-2.png?fit=1000%2C670&ssl=1","contentUrl":"https:\/\/i0.wp.com\/verdadeon.com.br\/portal\/wp-content\/uploads\/2021\/03\/unnamed-2.png?fit=1000%2C670&ssl=1","width":1000,"height":670,"caption":"M\u00e9dico pneumologista Pedro Luiz Pompeu da Silva, do Grupo S\u00e3o Francisco"},{"@type":"BreadcrumbList","@id":"https:\/\/verdadeon.com.br\/portal\/2021\/03\/27\/pneumologista-alerta-sobre-necessidade-de-mais-cuidados-no-tempo-seco-por-conta-da-pandemia\/#breadcrumb","itemListElement":[{"@type":"ListItem","position":1,"name":"In\u00edcio","item":"https:\/\/verdadeon.com.br\/portal\/"},{"@type":"ListItem","position":2,"name":"Pneumologista alerta sobre necessidade de mais cuidados no tempo seco por conta da pandemia"}]},{"@type":"WebSite","@id":"https:\/\/verdadeon.com.br\/portal\/#website","url":"https:\/\/verdadeon.com.br\/portal\/","name":"VerdadeOn","description":"Not\u00edcias di\u00e1rias sobre Franca, Regi\u00e3o, Esporte, Cultura, Cotidiano, Colunas. Cobertura nos principais eventos da cidade \u00e9 aqui - Verdadeon Franca","potentialAction":[{"@type":"SearchAction","target":{"@type":"EntryPoint","urlTemplate":"https:\/\/verdadeon.com.br\/portal\/?s={search_term_string}"},"query-input":{"@type":"PropertyValueSpecification","valueRequired":true,"valueName":"search_term_string"}}],"inLanguage":"pt-BR"},{"@type":"Person","@id":"https:\/\/verdadeon.com.br\/portal\/#\/schema\/person\/8994718f49ee62ba5610471e29ca1f62","name":"Fernando Calixto","image":{"@type":"ImageObject","inLanguage":"pt-BR","@id":"https:\/\/verdadeon.com.br\/portal\/#\/schema\/person\/image\/","url":"https:\/\/secure.gravatar.com\/avatar\/7578910c24966c0316c340f9dbd601e93ee9f9212e1033968b367af9306bd9fb?s=96&d=mm&r=g","contentUrl":"https:\/\/secure.gravatar.com\/avatar\/7578910c24966c0316c340f9dbd601e93ee9f9212e1033968b367af9306bd9fb?s=96&d=mm&r=g","caption":"Fernando Calixto"},"url":"https:\/\/verdadeon.com.br\/portal\/author\/fernando-calixto\/"}]}},"jetpack_publicize_connections":[],"jetpack_featured_media_url":"https:\/\/i0.wp.com\/verdadeon.com.br\/portal\/wp-content\/uploads\/2021\/03\/unnamed-2.png?fit=1000%2C670&ssl=1","jetpack_sharing_enabled":true,"_links":{"self":[{"href":"https:\/\/verdadeon.com.br\/portal\/wp-json\/wp\/v2\/posts\/15640","targetHints":{"allow":["GET"]}}],"collection":[{"href":"https:\/\/verdadeon.com.br\/portal\/wp-json\/wp\/v2\/posts"}],"about":[{"href":"https:\/\/verdadeon.com.br\/portal\/wp-json\/wp\/v2\/types\/post"}],"author":[{"embeddable":true,"href":"https:\/\/verdadeon.com.br\/portal\/wp-json\/wp\/v2\/users\/4"}],"replies":[{"embeddable":true,"href":"https:\/\/verdadeon.com.br\/portal\/wp-json\/wp\/v2\/comments?post=15640"}],"version-history":[{"count":0,"href":"https:\/\/verdadeon.com.br\/portal\/wp-json\/wp\/v2\/posts\/15640\/revisions"}],"wp:featuredmedia":[{"embeddable":true,"href":"https:\/\/verdadeon.com.br\/portal\/wp-json\/wp\/v2\/media\/15641"}],"wp:attachment":[{"href":"https:\/\/verdadeon.com.br\/portal\/wp-json\/wp\/v2\/media?parent=15640"}],"wp:term":[{"taxonomy":"category","embeddable":true,"href":"https:\/\/verdadeon.com.br\/portal\/wp-json\/wp\/v2\/categories?post=15640"},{"taxonomy":"post_tag","embeddable":true,"href":"https:\/\/verdadeon.com.br\/portal\/wp-json\/wp\/v2\/tags?post=15640"}],"curies":[{"name":"wp","href":"https:\/\/api.w.org\/{rel}","templated":true}]}}