{"id":15615,"date":"2021-03-26T16:19:55","date_gmt":"2021-03-26T19:19:55","guid":{"rendered":"https:\/\/verdadeon.com.br\/portal\/?p=15615"},"modified":"2021-03-26T16:19:55","modified_gmt":"2021-03-26T19:19:55","slug":"contran-prorroga-prazo-para-renovacao-da-cnh-em-14-estados","status":"publish","type":"post","link":"https:\/\/verdadeon.com.br\/portal\/2021\/03\/26\/contran-prorroga-prazo-para-renovacao-da-cnh-em-14-estados\/","title":{"rendered":"Contran prorroga prazo para renova\u00e7\u00e3o da CNH em 14 estados"},"content":{"rendered":"<h2>Medida \u00e9 tomada por conta do agravamento da pandemia de Covid-19 no pa\u00eds<\/h2>\n<p>O Conselho Nacional de Tr\u00e2nsito (Contran) prorrogou por tempo indeterminado os prazos para a renova\u00e7\u00e3o da Carteira Nacional de Habilita\u00e7\u00e3o (CNH), assim como licenciamento, transfer\u00eancia e tamb\u00e9m para a emiss\u00e3o ou defesa de multas de tr\u00e2nsito em 14 estados e no Distrito Federal. As portarias com as prorroga\u00e7\u00f5es come\u00e7aram a ser publicadas na \u00faltima quarta-feira (24) no Di\u00e1rio Oficial da Uni\u00e3o (DOU).<br \/>\nA medida, tomada em raz\u00e3o do agravamento da pandemia do novo coronav\u00edrus, vale para o Acre, Alagoas, Amap\u00e1, Amazonas, Bahia, Cear\u00e1, Distrito Federal, Goi\u00e1s, Mato Grosso, Mato Grosso do Sul, Para\u00edba, Pernambuco, Rio de Janeiro, Rio Grande do Norte e S\u00e3o Paulo e poder\u00e1 ser aplicada a outros estados.<br \/>\nOs prazos de in\u00edcio da prorroga\u00e7\u00e3o variam, conforme a unidade da federa\u00e7\u00e3o. Segundo o presidente do Contran e diretor-geral do Departamento Nacional de Tr\u00e2nsito (Denatran), Frederico Carneiro, a iniciativa visa reduzir os impactos da pandemia.<br \/>\nProrroga\u00e7\u00e3o<br \/>\n\u201cO Contran ir\u00e1 atender todas as 27 unidades da federa\u00e7\u00e3o que necessitarem da prorroga\u00e7\u00e3o dos prazos. Estamos em reuni\u00e3o com os Detrans durante essa semana para ouvir e responder as solicita\u00e7\u00f5es e, assim, reduzir os efeitos da pandemia&#8221;, afirmou.<br \/>\nDe acordo com o Contran, os estados poder\u00e3o solicitar a retomada dos prazos dependendo da evolu\u00e7\u00e3o do combate \u00e0 pandemia.<br \/>\n&#8220;Cada \u00f3rg\u00e3o ter\u00e1 o direito de solicitar o adiamento e a retomada dos prazos, dando maior autonomia para cada um deles, de acordo com a necessidade\u201d, finalizou Carneiro.<br \/>\nFonte: Ag\u00eancia Brasil<\/p>\n","protected":false},"excerpt":{"rendered":"<p>Medida \u00e9 tomada por conta do agravamento da pandemia de Covid-19 no pa\u00eds O Conselho Nacional de Tr\u00e2nsito (Contran) prorrogou por tempo indeterminado os prazos para<span class=\"excerpt-hellip\"> [\u2026]<\/span><\/p>\n","protected":false},"author":4,"featured_media":15617,"comment_status":"open","ping_status":"open","sticky":false,"template":"","format":"standard","meta":{"_jetpack_memberships_contains_paid_content":false,"footnotes":"","jetpack_publicize_message":"","jetpack_publicize_feature_enabled":true,"jetpack_social_post_already_shared":false,"jetpack_social_options":{"image_generator_settings":{"template":"highway","default_image_id":0,"enabled":false},"version":2}},"categories":[28,44],"tags":[],"class_list":["post-15615","post","type-post","status-publish","format-standard","has-post-thumbnail","hentry","category-cotidiano","category-noticias"],"yoast_head":"<!-- This site is optimized with the Yoast SEO plugin v25.6 - https:\/\/yoast.com\/wordpress\/plugins\/seo\/ -->\n<title>Contran prorroga prazo para renova\u00e7\u00e3o da CNH em 14 estados - VerdadeOn<\/title>\n<meta name=\"robots\" content=\"index, follow, max-snippet:-1, max-image-preview:large, max-video-preview:-1\" \/>\n<link rel=\"canonical\" href=\"https:\/\/verdadeon.com.br\/portal\/2021\/03\/26\/contran-prorroga-prazo-para-renovacao-da-cnh-em-14-estados\/\" \/>\n<meta property=\"og:locale\" content=\"pt_BR\" \/>\n<meta property=\"og:type\" content=\"article\" \/>\n<meta property=\"og:title\" content=\"Contran prorroga prazo para renova\u00e7\u00e3o da CNH em 14 estados - VerdadeOn\" \/>\n<meta property=\"og:description\" content=\"Medida \u00e9 tomada por conta do agravamento da pandemia de Covid-19 no pa\u00eds O Conselho Nacional de Tr\u00e2nsito (Contran) prorrogou por tempo indeterminado os prazos para [\u2026]\" \/>\n<meta property=\"og:url\" content=\"https:\/\/verdadeon.com.br\/portal\/2021\/03\/26\/contran-prorroga-prazo-para-renovacao-da-cnh-em-14-estados\/\" \/>\n<meta property=\"og:site_name\" content=\"VerdadeOn\" \/>\n<meta property=\"article:published_time\" content=\"2021-03-26T19:19:55+00:00\" \/>\n<meta property=\"og:image\" content=\"https:\/\/verdadeon.com.br\/portal\/wp-content\/uploads\/2021\/03\/WhatsApp-Image-2021-03-26-at-15.53.03.jpeg\" \/>\n\t<meta property=\"og:image:width\" content=\"1000\" \/>\n\t<meta property=\"og:image:height\" content=\"670\" \/>\n\t<meta property=\"og:image:type\" content=\"image\/jpeg\" \/>\n<meta name=\"author\" content=\"Fernando Calixto\" \/>\n<meta name=\"twitter:card\" content=\"summary_large_image\" \/>\n<meta name=\"twitter:label1\" content=\"Escrito por\" \/>\n\t<meta name=\"twitter:data1\" content=\"Fernando Calixto\" \/>\n\t<meta name=\"twitter:label2\" content=\"Est. tempo de leitura\" \/>\n\t<meta name=\"twitter:data2\" content=\"2 minutos\" \/>\n<script type=\"application\/ld+json\" class=\"yoast-schema-graph\">{\"@context\":\"https:\/\/schema.org\",\"@graph\":[{\"@type\":\"WebPage\",\"@id\":\"https:\/\/verdadeon.com.br\/portal\/2021\/03\/26\/contran-prorroga-prazo-para-renovacao-da-cnh-em-14-estados\/\",\"url\":\"https:\/\/verdadeon.com.br\/portal\/2021\/03\/26\/contran-prorroga-prazo-para-renovacao-da-cnh-em-14-estados\/\",\"name\":\"Contran prorroga prazo para renova\u00e7\u00e3o da CNH em 14 estados - VerdadeOn\",\"isPartOf\":{\"@id\":\"https:\/\/verdadeon.com.br\/portal\/#website\"},\"primaryImageOfPage\":{\"@id\":\"https:\/\/verdadeon.com.br\/portal\/2021\/03\/26\/contran-prorroga-prazo-para-renovacao-da-cnh-em-14-estados\/#primaryimage\"},\"image\":{\"@id\":\"https:\/\/verdadeon.com.br\/portal\/2021\/03\/26\/contran-prorroga-prazo-para-renovacao-da-cnh-em-14-estados\/#primaryimage\"},\"thumbnailUrl\":\"https:\/\/i0.wp.com\/verdadeon.com.br\/portal\/wp-content\/uploads\/2021\/03\/WhatsApp-Image-2021-03-26-at-15.53.03.jpeg?fit=1000%2C670&ssl=1\",\"datePublished\":\"2021-03-26T19:19:55+00:00\",\"author\":{\"@id\":\"https:\/\/verdadeon.com.br\/portal\/#\/schema\/person\/8994718f49ee62ba5610471e29ca1f62\"},\"breadcrumb\":{\"@id\":\"https:\/\/verdadeon.com.br\/portal\/2021\/03\/26\/contran-prorroga-prazo-para-renovacao-da-cnh-em-14-estados\/#breadcrumb\"},\"inLanguage\":\"pt-BR\",\"potentialAction\":[{\"@type\":\"ReadAction\",\"target\":[\"https:\/\/verdadeon.com.br\/portal\/2021\/03\/26\/contran-prorroga-prazo-para-renovacao-da-cnh-em-14-estados\/\"]}]},{\"@type\":\"ImageObject\",\"inLanguage\":\"pt-BR\",\"@id\":\"https:\/\/verdadeon.com.br\/portal\/2021\/03\/26\/contran-prorroga-prazo-para-renovacao-da-cnh-em-14-estados\/#primaryimage\",\"url\":\"https:\/\/i0.wp.com\/verdadeon.com.br\/portal\/wp-content\/uploads\/2021\/03\/WhatsApp-Image-2021-03-26-at-15.53.03.jpeg?fit=1000%2C670&ssl=1\",\"contentUrl\":\"https:\/\/i0.wp.com\/verdadeon.com.br\/portal\/wp-content\/uploads\/2021\/03\/WhatsApp-Image-2021-03-26-at-15.53.03.jpeg?fit=1000%2C670&ssl=1\",\"width\":1000,\"height\":670},{\"@type\":\"BreadcrumbList\",\"@id\":\"https:\/\/verdadeon.com.br\/portal\/2021\/03\/26\/contran-prorroga-prazo-para-renovacao-da-cnh-em-14-estados\/#breadcrumb\",\"itemListElement\":[{\"@type\":\"ListItem\",\"position\":1,\"name\":\"In\u00edcio\",\"item\":\"https:\/\/verdadeon.com.br\/portal\/\"},{\"@type\":\"ListItem\",\"position\":2,\"name\":\"Contran prorroga prazo para renova\u00e7\u00e3o da CNH em 14 estados\"}]},{\"@type\":\"WebSite\",\"@id\":\"https:\/\/verdadeon.com.br\/portal\/#website\",\"url\":\"https:\/\/verdadeon.com.br\/portal\/\",\"name\":\"VerdadeOn\",\"description\":\"Not\u00edcias di\u00e1rias sobre Franca, Regi\u00e3o, Esporte, Cultura, Cotidiano, Colunas. Cobertura nos principais eventos da cidade \u00e9 aqui - Verdadeon Franca\",\"potentialAction\":[{\"@type\":\"SearchAction\",\"target\":{\"@type\":\"EntryPoint\",\"urlTemplate\":\"https:\/\/verdadeon.com.br\/portal\/?s={search_term_string}\"},\"query-input\":{\"@type\":\"PropertyValueSpecification\",\"valueRequired\":true,\"valueName\":\"search_term_string\"}}],\"inLanguage\":\"pt-BR\"},{\"@type\":\"Person\",\"@id\":\"https:\/\/verdadeon.com.br\/portal\/#\/schema\/person\/8994718f49ee62ba5610471e29ca1f62\",\"name\":\"Fernando Calixto\",\"image\":{\"@type\":\"ImageObject\",\"inLanguage\":\"pt-BR\",\"@id\":\"https:\/\/verdadeon.com.br\/portal\/#\/schema\/person\/image\/\",\"url\":\"https:\/\/secure.gravatar.com\/avatar\/7578910c24966c0316c340f9dbd601e93ee9f9212e1033968b367af9306bd9fb?s=96&d=mm&r=g\",\"contentUrl\":\"https:\/\/secure.gravatar.com\/avatar\/7578910c24966c0316c340f9dbd601e93ee9f9212e1033968b367af9306bd9fb?s=96&d=mm&r=g\",\"caption\":\"Fernando Calixto\"},\"url\":\"https:\/\/verdadeon.com.br\/portal\/author\/fernando-calixto\/\"}]}<\/script>\n<!-- \/ Yoast SEO plugin. -->","yoast_head_json":{"title":"Contran prorroga prazo para renova\u00e7\u00e3o da CNH em 14 estados - VerdadeOn","robots":{"index":"index","follow":"follow","max-snippet":"max-snippet:-1","max-image-preview":"max-image-preview:large","max-video-preview":"max-video-preview:-1"},"canonical":"https:\/\/verdadeon.com.br\/portal\/2021\/03\/26\/contran-prorroga-prazo-para-renovacao-da-cnh-em-14-estados\/","og_locale":"pt_BR","og_type":"article","og_title":"Contran prorroga prazo para renova\u00e7\u00e3o da CNH em 14 estados - VerdadeOn","og_description":"Medida \u00e9 tomada por conta do agravamento da pandemia de Covid-19 no pa\u00eds O Conselho Nacional de Tr\u00e2nsito (Contran) prorrogou por tempo indeterminado os prazos para [\u2026]","og_url":"https:\/\/verdadeon.com.br\/portal\/2021\/03\/26\/contran-prorroga-prazo-para-renovacao-da-cnh-em-14-estados\/","og_site_name":"VerdadeOn","article_published_time":"2021-03-26T19:19:55+00:00","og_image":[{"width":1000,"height":670,"url":"https:\/\/verdadeon.com.br\/portal\/wp-content\/uploads\/2021\/03\/WhatsApp-Image-2021-03-26-at-15.53.03.jpeg","type":"image\/jpeg"}],"author":"Fernando Calixto","twitter_card":"summary_large_image","twitter_misc":{"Escrito por":"Fernando Calixto","Est. tempo de leitura":"2 minutos"},"schema":{"@context":"https:\/\/schema.org","@graph":[{"@type":"WebPage","@id":"https:\/\/verdadeon.com.br\/portal\/2021\/03\/26\/contran-prorroga-prazo-para-renovacao-da-cnh-em-14-estados\/","url":"https:\/\/verdadeon.com.br\/portal\/2021\/03\/26\/contran-prorroga-prazo-para-renovacao-da-cnh-em-14-estados\/","name":"Contran prorroga prazo para renova\u00e7\u00e3o da CNH em 14 estados - VerdadeOn","isPartOf":{"@id":"https:\/\/verdadeon.com.br\/portal\/#website"},"primaryImageOfPage":{"@id":"https:\/\/verdadeon.com.br\/portal\/2021\/03\/26\/contran-prorroga-prazo-para-renovacao-da-cnh-em-14-estados\/#primaryimage"},"image":{"@id":"https:\/\/verdadeon.com.br\/portal\/2021\/03\/26\/contran-prorroga-prazo-para-renovacao-da-cnh-em-14-estados\/#primaryimage"},"thumbnailUrl":"https:\/\/i0.wp.com\/verdadeon.com.br\/portal\/wp-content\/uploads\/2021\/03\/WhatsApp-Image-2021-03-26-at-15.53.03.jpeg?fit=1000%2C670&ssl=1","datePublished":"2021-03-26T19:19:55+00:00","author":{"@id":"https:\/\/verdadeon.com.br\/portal\/#\/schema\/person\/8994718f49ee62ba5610471e29ca1f62"},"breadcrumb":{"@id":"https:\/\/verdadeon.com.br\/portal\/2021\/03\/26\/contran-prorroga-prazo-para-renovacao-da-cnh-em-14-estados\/#breadcrumb"},"inLanguage":"pt-BR","potentialAction":[{"@type":"ReadAction","target":["https:\/\/verdadeon.com.br\/portal\/2021\/03\/26\/contran-prorroga-prazo-para-renovacao-da-cnh-em-14-estados\/"]}]},{"@type":"ImageObject","inLanguage":"pt-BR","@id":"https:\/\/verdadeon.com.br\/portal\/2021\/03\/26\/contran-prorroga-prazo-para-renovacao-da-cnh-em-14-estados\/#primaryimage","url":"https:\/\/i0.wp.com\/verdadeon.com.br\/portal\/wp-content\/uploads\/2021\/03\/WhatsApp-Image-2021-03-26-at-15.53.03.jpeg?fit=1000%2C670&ssl=1","contentUrl":"https:\/\/i0.wp.com\/verdadeon.com.br\/portal\/wp-content\/uploads\/2021\/03\/WhatsApp-Image-2021-03-26-at-15.53.03.jpeg?fit=1000%2C670&ssl=1","width":1000,"height":670},{"@type":"BreadcrumbList","@id":"https:\/\/verdadeon.com.br\/portal\/2021\/03\/26\/contran-prorroga-prazo-para-renovacao-da-cnh-em-14-estados\/#breadcrumb","itemListElement":[{"@type":"ListItem","position":1,"name":"In\u00edcio","item":"https:\/\/verdadeon.com.br\/portal\/"},{"@type":"ListItem","position":2,"name":"Contran prorroga prazo para renova\u00e7\u00e3o da CNH em 14 estados"}]},{"@type":"WebSite","@id":"https:\/\/verdadeon.com.br\/portal\/#website","url":"https:\/\/verdadeon.com.br\/portal\/","name":"VerdadeOn","description":"Not\u00edcias di\u00e1rias sobre Franca, Regi\u00e3o, Esporte, Cultura, Cotidiano, Colunas. Cobertura nos principais eventos da cidade \u00e9 aqui - Verdadeon Franca","potentialAction":[{"@type":"SearchAction","target":{"@type":"EntryPoint","urlTemplate":"https:\/\/verdadeon.com.br\/portal\/?s={search_term_string}"},"query-input":{"@type":"PropertyValueSpecification","valueRequired":true,"valueName":"search_term_string"}}],"inLanguage":"pt-BR"},{"@type":"Person","@id":"https:\/\/verdadeon.com.br\/portal\/#\/schema\/person\/8994718f49ee62ba5610471e29ca1f62","name":"Fernando Calixto","image":{"@type":"ImageObject","inLanguage":"pt-BR","@id":"https:\/\/verdadeon.com.br\/portal\/#\/schema\/person\/image\/","url":"https:\/\/secure.gravatar.com\/avatar\/7578910c24966c0316c340f9dbd601e93ee9f9212e1033968b367af9306bd9fb?s=96&d=mm&r=g","contentUrl":"https:\/\/secure.gravatar.com\/avatar\/7578910c24966c0316c340f9dbd601e93ee9f9212e1033968b367af9306bd9fb?s=96&d=mm&r=g","caption":"Fernando Calixto"},"url":"https:\/\/verdadeon.com.br\/portal\/author\/fernando-calixto\/"}]}},"jetpack_publicize_connections":[],"jetpack_featured_media_url":"https:\/\/i0.wp.com\/verdadeon.com.br\/portal\/wp-content\/uploads\/2021\/03\/WhatsApp-Image-2021-03-26-at-15.53.03.jpeg?fit=1000%2C670&ssl=1","jetpack_sharing_enabled":true,"_links":{"self":[{"href":"https:\/\/verdadeon.com.br\/portal\/wp-json\/wp\/v2\/posts\/15615","targetHints":{"allow":["GET"]}}],"collection":[{"href":"https:\/\/verdadeon.com.br\/portal\/wp-json\/wp\/v2\/posts"}],"about":[{"href":"https:\/\/verdadeon.com.br\/portal\/wp-json\/wp\/v2\/types\/post"}],"author":[{"embeddable":true,"href":"https:\/\/verdadeon.com.br\/portal\/wp-json\/wp\/v2\/users\/4"}],"replies":[{"embeddable":true,"href":"https:\/\/verdadeon.com.br\/portal\/wp-json\/wp\/v2\/comments?post=15615"}],"version-history":[{"count":0,"href":"https:\/\/verdadeon.com.br\/portal\/wp-json\/wp\/v2\/posts\/15615\/revisions"}],"wp:featuredmedia":[{"embeddable":true,"href":"https:\/\/verdadeon.com.br\/portal\/wp-json\/wp\/v2\/media\/15617"}],"wp:attachment":[{"href":"https:\/\/verdadeon.com.br\/portal\/wp-json\/wp\/v2\/media?parent=15615"}],"wp:term":[{"taxonomy":"category","embeddable":true,"href":"https:\/\/verdadeon.com.br\/portal\/wp-json\/wp\/v2\/categories?post=15615"},{"taxonomy":"post_tag","embeddable":true,"href":"https:\/\/verdadeon.com.br\/portal\/wp-json\/wp\/v2\/tags?post=15615"}],"curies":[{"name":"wp","href":"https:\/\/api.w.org\/{rel}","templated":true}]}}