{"id":15537,"date":"2021-03-24T14:50:02","date_gmt":"2021-03-24T17:50:02","guid":{"rendered":"https:\/\/verdadeon.com.br\/portal\/?p=15537"},"modified":"2021-03-24T14:50:02","modified_gmt":"2021-03-24T17:50:02","slug":"professores-serao-vacinados-a-partir-de-abril-em-todo-o-estado-de-sao-paulo","status":"publish","type":"post","link":"https:\/\/verdadeon.com.br\/portal\/2021\/03\/24\/professores-serao-vacinados-a-partir-de-abril-em-todo-o-estado-de-sao-paulo\/","title":{"rendered":"Professores ser\u00e3o vacinados a partir de abril em todo o estado de S\u00e3o Paulo"},"content":{"rendered":"<h2>Cerca de 180 mil profissionais da \u00e1rea de educa\u00e7\u00e3o e seguran\u00e7a p\u00fablica ser\u00e3o vacinados a partir do dia 5 de abril<\/h2>\n<p>Professores, policiais civis e militares do estado de S\u00e3o Paulo ser\u00e3o vacinados contra a covid-19 a partir de abril. O an\u00fancio foi feito nesta quarta-feira (24) pelo governo paulista.<br \/>\nSegundo o governo, ser\u00e3o vacinados 180 mil profissionais da \u00e1rea da seguran\u00e7a p\u00fablica da ativa, de todas as for\u00e7as. Isso engloba policiais militares e civis, bombeiros, policiais cient\u00edficos, agentes de seguran\u00e7a e de escolta penitenci\u00e1ria, al\u00e9m dos efetivos das guardas civis municipais. Esta vacina\u00e7\u00e3o tem in\u00edcio no dia 5 de abril.<br \/>\nA partir do dia 12 de abril come\u00e7a a vacina\u00e7\u00e3o dos 350 mil profissionais da \u00e1rea da educa\u00e7\u00e3o com idade acima de 47 anos, que atuam em creche ao ensino m\u00e9dio. Ser\u00e3o vacinados professores, diretores, inspetores e outros profissionais da educa\u00e7\u00e3o. Para evitar fraudes, professores da rede privada ter\u00e3o que comprovar que fazem parte desse grupo priorit\u00e1rio de vacina\u00e7\u00e3o apresentando seus dois \u00faltimos contracheques.<br \/>\nAs aulas presencias haviam sido retomadas em S\u00e3o Paulo no in\u00edcio do m\u00eas de fevereiro, ainda em forma de rod\u00edzio. Mas com o aumento dos casos e de interna\u00e7\u00f5es por covid-19 em todo o estado, as aulas presenciais voltaram a ser suspensas a partir do dia 15 de mar\u00e7o, quando foi decretado o in\u00edcio da fase emergencial. Al\u00e9m da suspens\u00e3o das aulas, a fase emergencial proibiu a realiza\u00e7\u00e3o de cultos e cerim\u00f4nias religiosas coletivas e paralisou o futebol.<br \/>\nPor meio de nota \u00e0 imprensa, a Associa\u00e7\u00e3o dos Delegados de Pol\u00edcia do Estado de S\u00e3o Paulo (Adpesp) disse que a vacina\u00e7\u00e3o de policiais era um dos pleitos da associa\u00e7\u00e3o. \u201cDesde o fim do ano passado, a associa\u00e7\u00e3o vem alertando diuturnamente sobre a situa\u00e7\u00e3o ca\u00f3tica enfrentada pelos policiais civis, que seguem exercendo suas fun\u00e7\u00f5es, sem interrup\u00e7\u00e3o, desde o in\u00edcio da pandemia\u201d, diz a nota. O Sindicato dos Professores do Ensino Oficial do Estado de S\u00e3o Paulo (Apeoesp), por meio de sua presidente, a deputada estadual Maria Izabel Azevedo Noronha, tamb\u00e9m celebrou a medida nas redes sociais e destacou que essa era uma demanda dos professores do estado.<br \/>\nHoje, o governo tamb\u00e9m anunciou a antecipa\u00e7\u00e3o da vacina\u00e7\u00e3o de idosos de 69 a 71 anos para esta sexta-feira (26). Esta vacina\u00e7\u00e3o estava prevista para come\u00e7ar no s\u00e1bado (27), mas vai ter in\u00edcio um dia antes. O governo espera vacinar 910 mil pessoas dessa faixa et\u00e1ria do estado.<br \/>\nPr\u00e9-cadastro<br \/>\nPara ser atendido mais rapidamente, o governo recomenda fazer o pr\u00e9-cadastro no site Vacina J\u00e1, que diminui o tempo de espera no momento da vacina\u00e7\u00e3o. O pr\u00e9-cadastro n\u00e3o \u00e9 obrigat\u00f3rio, e os cidad\u00e3os que n\u00e3o puderem preench\u00ea-lo poder\u00e3o se vacinar normalmente, informando seus dados presencialmente no momento da vacina\u00e7\u00e3o.<br \/>\nA campanha de vacina\u00e7\u00e3o contra a covid-19 teve in\u00edcio no dia 17 de janeiro em S\u00e3o Paulo, com a aplica\u00e7\u00e3o de doses em profissionais da \u00e1rea da sa\u00fade, ind\u00edgenas e quilombolas. No in\u00edcio de fevereiro, as doses come\u00e7aram a ser aplicadas em idosos, em ordem de idade decrescente. Neste momento, est\u00e3o sendo vacinados os idosos com idades entre 72 e 74 anos. Segundo o Vacin\u00f4metro, mais de 4,9 milh\u00f5es de doses j\u00e1 foram aplicadas em todo o estado, sendo mais de 1,2 milh\u00e3o na segunda dose.<br \/>\nFonte: Ag\u00eancia Brasil<\/p>\n","protected":false},"excerpt":{"rendered":"<p>Cerca de 180 mil profissionais da \u00e1rea de educa\u00e7\u00e3o e seguran\u00e7a p\u00fablica ser\u00e3o vacinados a partir do dia 5 de abril Professores, policiais civis e militares<span class=\"excerpt-hellip\"> [\u2026]<\/span><\/p>\n","protected":false},"author":4,"featured_media":15540,"comment_status":"open","ping_status":"open","sticky":false,"template":"","format":"standard","meta":{"_jetpack_memberships_contains_paid_content":false,"footnotes":"","jetpack_publicize_message":"","jetpack_publicize_feature_enabled":true,"jetpack_social_post_already_shared":false,"jetpack_social_options":{"image_generator_settings":{"template":"highway","default_image_id":0,"enabled":false},"version":2}},"categories":[28,81],"tags":[],"class_list":["post-15537","post","type-post","status-publish","format-standard","has-post-thumbnail","hentry","category-cotidiano","category-manchete"],"yoast_head":"<!-- This site is optimized with the Yoast SEO plugin v25.6 - https:\/\/yoast.com\/wordpress\/plugins\/seo\/ -->\n<title>Professores ser\u00e3o vacinados a partir de abril em todo o estado de S\u00e3o Paulo - VerdadeOn<\/title>\n<meta name=\"robots\" content=\"index, follow, max-snippet:-1, max-image-preview:large, max-video-preview:-1\" \/>\n<link rel=\"canonical\" href=\"https:\/\/verdadeon.com.br\/portal\/2021\/03\/24\/professores-serao-vacinados-a-partir-de-abril-em-todo-o-estado-de-sao-paulo\/\" \/>\n<meta property=\"og:locale\" content=\"pt_BR\" \/>\n<meta property=\"og:type\" content=\"article\" \/>\n<meta property=\"og:title\" content=\"Professores ser\u00e3o vacinados a partir de abril em todo o estado de S\u00e3o Paulo - VerdadeOn\" \/>\n<meta property=\"og:description\" content=\"Cerca de 180 mil profissionais da \u00e1rea de educa\u00e7\u00e3o e seguran\u00e7a p\u00fablica ser\u00e3o vacinados a partir do dia 5 de abril Professores, policiais civis e militares [\u2026]\" \/>\n<meta property=\"og:url\" content=\"https:\/\/verdadeon.com.br\/portal\/2021\/03\/24\/professores-serao-vacinados-a-partir-de-abril-em-todo-o-estado-de-sao-paulo\/\" \/>\n<meta property=\"og:site_name\" content=\"VerdadeOn\" \/>\n<meta property=\"article:published_time\" content=\"2021-03-24T17:50:02+00:00\" \/>\n<meta property=\"og:image\" content=\"https:\/\/verdadeon.com.br\/portal\/wp-content\/uploads\/2021\/03\/WhatsApp-Image-2021-03-24-at-14.04.18.jpeg\" \/>\n\t<meta property=\"og:image:width\" content=\"1000\" \/>\n\t<meta property=\"og:image:height\" content=\"670\" \/>\n\t<meta property=\"og:image:type\" content=\"image\/jpeg\" \/>\n<meta name=\"author\" content=\"Fernando Calixto\" \/>\n<meta name=\"twitter:card\" content=\"summary_large_image\" \/>\n<meta name=\"twitter:label1\" content=\"Escrito por\" \/>\n\t<meta name=\"twitter:data1\" content=\"Fernando Calixto\" \/>\n\t<meta name=\"twitter:label2\" content=\"Est. tempo de leitura\" \/>\n\t<meta name=\"twitter:data2\" content=\"3 minutos\" \/>\n<script type=\"application\/ld+json\" class=\"yoast-schema-graph\">{\"@context\":\"https:\/\/schema.org\",\"@graph\":[{\"@type\":\"WebPage\",\"@id\":\"https:\/\/verdadeon.com.br\/portal\/2021\/03\/24\/professores-serao-vacinados-a-partir-de-abril-em-todo-o-estado-de-sao-paulo\/\",\"url\":\"https:\/\/verdadeon.com.br\/portal\/2021\/03\/24\/professores-serao-vacinados-a-partir-de-abril-em-todo-o-estado-de-sao-paulo\/\",\"name\":\"Professores ser\u00e3o vacinados a partir de abril em todo o estado de S\u00e3o Paulo - VerdadeOn\",\"isPartOf\":{\"@id\":\"https:\/\/verdadeon.com.br\/portal\/#website\"},\"primaryImageOfPage\":{\"@id\":\"https:\/\/verdadeon.com.br\/portal\/2021\/03\/24\/professores-serao-vacinados-a-partir-de-abril-em-todo-o-estado-de-sao-paulo\/#primaryimage\"},\"image\":{\"@id\":\"https:\/\/verdadeon.com.br\/portal\/2021\/03\/24\/professores-serao-vacinados-a-partir-de-abril-em-todo-o-estado-de-sao-paulo\/#primaryimage\"},\"thumbnailUrl\":\"https:\/\/i0.wp.com\/verdadeon.com.br\/portal\/wp-content\/uploads\/2021\/03\/WhatsApp-Image-2021-03-24-at-14.04.18.jpeg?fit=1000%2C670&ssl=1\",\"datePublished\":\"2021-03-24T17:50:02+00:00\",\"author\":{\"@id\":\"https:\/\/verdadeon.com.br\/portal\/#\/schema\/person\/8994718f49ee62ba5610471e29ca1f62\"},\"breadcrumb\":{\"@id\":\"https:\/\/verdadeon.com.br\/portal\/2021\/03\/24\/professores-serao-vacinados-a-partir-de-abril-em-todo-o-estado-de-sao-paulo\/#breadcrumb\"},\"inLanguage\":\"pt-BR\",\"potentialAction\":[{\"@type\":\"ReadAction\",\"target\":[\"https:\/\/verdadeon.com.br\/portal\/2021\/03\/24\/professores-serao-vacinados-a-partir-de-abril-em-todo-o-estado-de-sao-paulo\/\"]}]},{\"@type\":\"ImageObject\",\"inLanguage\":\"pt-BR\",\"@id\":\"https:\/\/verdadeon.com.br\/portal\/2021\/03\/24\/professores-serao-vacinados-a-partir-de-abril-em-todo-o-estado-de-sao-paulo\/#primaryimage\",\"url\":\"https:\/\/i0.wp.com\/verdadeon.com.br\/portal\/wp-content\/uploads\/2021\/03\/WhatsApp-Image-2021-03-24-at-14.04.18.jpeg?fit=1000%2C670&ssl=1\",\"contentUrl\":\"https:\/\/i0.wp.com\/verdadeon.com.br\/portal\/wp-content\/uploads\/2021\/03\/WhatsApp-Image-2021-03-24-at-14.04.18.jpeg?fit=1000%2C670&ssl=1\",\"width\":1000,\"height\":670,\"caption\":\"An\u00fancio foi feito durante coletiva de imprensa com o governador Jo\u00e3o Doria | Foto: Ag\u00eancia Brasil\"},{\"@type\":\"BreadcrumbList\",\"@id\":\"https:\/\/verdadeon.com.br\/portal\/2021\/03\/24\/professores-serao-vacinados-a-partir-de-abril-em-todo-o-estado-de-sao-paulo\/#breadcrumb\",\"itemListElement\":[{\"@type\":\"ListItem\",\"position\":1,\"name\":\"In\u00edcio\",\"item\":\"https:\/\/verdadeon.com.br\/portal\/\"},{\"@type\":\"ListItem\",\"position\":2,\"name\":\"Professores ser\u00e3o vacinados a partir de abril em todo o estado de S\u00e3o Paulo\"}]},{\"@type\":\"WebSite\",\"@id\":\"https:\/\/verdadeon.com.br\/portal\/#website\",\"url\":\"https:\/\/verdadeon.com.br\/portal\/\",\"name\":\"VerdadeOn\",\"description\":\"Not\u00edcias di\u00e1rias sobre Franca, Regi\u00e3o, Esporte, Cultura, Cotidiano, Colunas. Cobertura nos principais eventos da cidade \u00e9 aqui - Verdadeon Franca\",\"potentialAction\":[{\"@type\":\"SearchAction\",\"target\":{\"@type\":\"EntryPoint\",\"urlTemplate\":\"https:\/\/verdadeon.com.br\/portal\/?s={search_term_string}\"},\"query-input\":{\"@type\":\"PropertyValueSpecification\",\"valueRequired\":true,\"valueName\":\"search_term_string\"}}],\"inLanguage\":\"pt-BR\"},{\"@type\":\"Person\",\"@id\":\"https:\/\/verdadeon.com.br\/portal\/#\/schema\/person\/8994718f49ee62ba5610471e29ca1f62\",\"name\":\"Fernando Calixto\",\"image\":{\"@type\":\"ImageObject\",\"inLanguage\":\"pt-BR\",\"@id\":\"https:\/\/verdadeon.com.br\/portal\/#\/schema\/person\/image\/\",\"url\":\"https:\/\/secure.gravatar.com\/avatar\/7578910c24966c0316c340f9dbd601e93ee9f9212e1033968b367af9306bd9fb?s=96&d=mm&r=g\",\"contentUrl\":\"https:\/\/secure.gravatar.com\/avatar\/7578910c24966c0316c340f9dbd601e93ee9f9212e1033968b367af9306bd9fb?s=96&d=mm&r=g\",\"caption\":\"Fernando Calixto\"},\"url\":\"https:\/\/verdadeon.com.br\/portal\/author\/fernando-calixto\/\"}]}<\/script>\n<!-- \/ Yoast SEO plugin. -->","yoast_head_json":{"title":"Professores ser\u00e3o vacinados a partir de abril em todo o estado de S\u00e3o Paulo - VerdadeOn","robots":{"index":"index","follow":"follow","max-snippet":"max-snippet:-1","max-image-preview":"max-image-preview:large","max-video-preview":"max-video-preview:-1"},"canonical":"https:\/\/verdadeon.com.br\/portal\/2021\/03\/24\/professores-serao-vacinados-a-partir-de-abril-em-todo-o-estado-de-sao-paulo\/","og_locale":"pt_BR","og_type":"article","og_title":"Professores ser\u00e3o vacinados a partir de abril em todo o estado de S\u00e3o Paulo - VerdadeOn","og_description":"Cerca de 180 mil profissionais da \u00e1rea de educa\u00e7\u00e3o e seguran\u00e7a p\u00fablica ser\u00e3o vacinados a partir do dia 5 de abril Professores, policiais civis e militares [\u2026]","og_url":"https:\/\/verdadeon.com.br\/portal\/2021\/03\/24\/professores-serao-vacinados-a-partir-de-abril-em-todo-o-estado-de-sao-paulo\/","og_site_name":"VerdadeOn","article_published_time":"2021-03-24T17:50:02+00:00","og_image":[{"width":1000,"height":670,"url":"https:\/\/verdadeon.com.br\/portal\/wp-content\/uploads\/2021\/03\/WhatsApp-Image-2021-03-24-at-14.04.18.jpeg","type":"image\/jpeg"}],"author":"Fernando Calixto","twitter_card":"summary_large_image","twitter_misc":{"Escrito por":"Fernando Calixto","Est. tempo de leitura":"3 minutos"},"schema":{"@context":"https:\/\/schema.org","@graph":[{"@type":"WebPage","@id":"https:\/\/verdadeon.com.br\/portal\/2021\/03\/24\/professores-serao-vacinados-a-partir-de-abril-em-todo-o-estado-de-sao-paulo\/","url":"https:\/\/verdadeon.com.br\/portal\/2021\/03\/24\/professores-serao-vacinados-a-partir-de-abril-em-todo-o-estado-de-sao-paulo\/","name":"Professores ser\u00e3o vacinados a partir de abril em todo o estado de S\u00e3o Paulo - VerdadeOn","isPartOf":{"@id":"https:\/\/verdadeon.com.br\/portal\/#website"},"primaryImageOfPage":{"@id":"https:\/\/verdadeon.com.br\/portal\/2021\/03\/24\/professores-serao-vacinados-a-partir-de-abril-em-todo-o-estado-de-sao-paulo\/#primaryimage"},"image":{"@id":"https:\/\/verdadeon.com.br\/portal\/2021\/03\/24\/professores-serao-vacinados-a-partir-de-abril-em-todo-o-estado-de-sao-paulo\/#primaryimage"},"thumbnailUrl":"https:\/\/i0.wp.com\/verdadeon.com.br\/portal\/wp-content\/uploads\/2021\/03\/WhatsApp-Image-2021-03-24-at-14.04.18.jpeg?fit=1000%2C670&ssl=1","datePublished":"2021-03-24T17:50:02+00:00","author":{"@id":"https:\/\/verdadeon.com.br\/portal\/#\/schema\/person\/8994718f49ee62ba5610471e29ca1f62"},"breadcrumb":{"@id":"https:\/\/verdadeon.com.br\/portal\/2021\/03\/24\/professores-serao-vacinados-a-partir-de-abril-em-todo-o-estado-de-sao-paulo\/#breadcrumb"},"inLanguage":"pt-BR","potentialAction":[{"@type":"ReadAction","target":["https:\/\/verdadeon.com.br\/portal\/2021\/03\/24\/professores-serao-vacinados-a-partir-de-abril-em-todo-o-estado-de-sao-paulo\/"]}]},{"@type":"ImageObject","inLanguage":"pt-BR","@id":"https:\/\/verdadeon.com.br\/portal\/2021\/03\/24\/professores-serao-vacinados-a-partir-de-abril-em-todo-o-estado-de-sao-paulo\/#primaryimage","url":"https:\/\/i0.wp.com\/verdadeon.com.br\/portal\/wp-content\/uploads\/2021\/03\/WhatsApp-Image-2021-03-24-at-14.04.18.jpeg?fit=1000%2C670&ssl=1","contentUrl":"https:\/\/i0.wp.com\/verdadeon.com.br\/portal\/wp-content\/uploads\/2021\/03\/WhatsApp-Image-2021-03-24-at-14.04.18.jpeg?fit=1000%2C670&ssl=1","width":1000,"height":670,"caption":"An\u00fancio foi feito durante coletiva de imprensa com o governador Jo\u00e3o Doria | Foto: Ag\u00eancia Brasil"},{"@type":"BreadcrumbList","@id":"https:\/\/verdadeon.com.br\/portal\/2021\/03\/24\/professores-serao-vacinados-a-partir-de-abril-em-todo-o-estado-de-sao-paulo\/#breadcrumb","itemListElement":[{"@type":"ListItem","position":1,"name":"In\u00edcio","item":"https:\/\/verdadeon.com.br\/portal\/"},{"@type":"ListItem","position":2,"name":"Professores ser\u00e3o vacinados a partir de abril em todo o estado de S\u00e3o Paulo"}]},{"@type":"WebSite","@id":"https:\/\/verdadeon.com.br\/portal\/#website","url":"https:\/\/verdadeon.com.br\/portal\/","name":"VerdadeOn","description":"Not\u00edcias di\u00e1rias sobre Franca, Regi\u00e3o, Esporte, Cultura, Cotidiano, Colunas. Cobertura nos principais eventos da cidade \u00e9 aqui - Verdadeon Franca","potentialAction":[{"@type":"SearchAction","target":{"@type":"EntryPoint","urlTemplate":"https:\/\/verdadeon.com.br\/portal\/?s={search_term_string}"},"query-input":{"@type":"PropertyValueSpecification","valueRequired":true,"valueName":"search_term_string"}}],"inLanguage":"pt-BR"},{"@type":"Person","@id":"https:\/\/verdadeon.com.br\/portal\/#\/schema\/person\/8994718f49ee62ba5610471e29ca1f62","name":"Fernando Calixto","image":{"@type":"ImageObject","inLanguage":"pt-BR","@id":"https:\/\/verdadeon.com.br\/portal\/#\/schema\/person\/image\/","url":"https:\/\/secure.gravatar.com\/avatar\/7578910c24966c0316c340f9dbd601e93ee9f9212e1033968b367af9306bd9fb?s=96&d=mm&r=g","contentUrl":"https:\/\/secure.gravatar.com\/avatar\/7578910c24966c0316c340f9dbd601e93ee9f9212e1033968b367af9306bd9fb?s=96&d=mm&r=g","caption":"Fernando Calixto"},"url":"https:\/\/verdadeon.com.br\/portal\/author\/fernando-calixto\/"}]}},"jetpack_publicize_connections":[],"jetpack_featured_media_url":"https:\/\/i0.wp.com\/verdadeon.com.br\/portal\/wp-content\/uploads\/2021\/03\/WhatsApp-Image-2021-03-24-at-14.04.18.jpeg?fit=1000%2C670&ssl=1","jetpack_sharing_enabled":true,"_links":{"self":[{"href":"https:\/\/verdadeon.com.br\/portal\/wp-json\/wp\/v2\/posts\/15537","targetHints":{"allow":["GET"]}}],"collection":[{"href":"https:\/\/verdadeon.com.br\/portal\/wp-json\/wp\/v2\/posts"}],"about":[{"href":"https:\/\/verdadeon.com.br\/portal\/wp-json\/wp\/v2\/types\/post"}],"author":[{"embeddable":true,"href":"https:\/\/verdadeon.com.br\/portal\/wp-json\/wp\/v2\/users\/4"}],"replies":[{"embeddable":true,"href":"https:\/\/verdadeon.com.br\/portal\/wp-json\/wp\/v2\/comments?post=15537"}],"version-history":[{"count":0,"href":"https:\/\/verdadeon.com.br\/portal\/wp-json\/wp\/v2\/posts\/15537\/revisions"}],"wp:featuredmedia":[{"embeddable":true,"href":"https:\/\/verdadeon.com.br\/portal\/wp-json\/wp\/v2\/media\/15540"}],"wp:attachment":[{"href":"https:\/\/verdadeon.com.br\/portal\/wp-json\/wp\/v2\/media?parent=15537"}],"wp:term":[{"taxonomy":"category","embeddable":true,"href":"https:\/\/verdadeon.com.br\/portal\/wp-json\/wp\/v2\/categories?post=15537"},{"taxonomy":"post_tag","embeddable":true,"href":"https:\/\/verdadeon.com.br\/portal\/wp-json\/wp\/v2\/tags?post=15537"}],"curies":[{"name":"wp","href":"https:\/\/api.w.org\/{rel}","templated":true}]}}