{"id":15519,"date":"2021-03-23T12:00:08","date_gmt":"2021-03-23T15:00:08","guid":{"rendered":"https:\/\/verdadeon.com.br\/portal\/?p=15519"},"modified":"2021-03-23T16:53:07","modified_gmt":"2021-03-23T19:53:07","slug":"sindserv-adia-eleicoes-por-conta-da-pandemia-de-covid-19","status":"publish","type":"post","link":"https:\/\/verdadeon.com.br\/portal\/2021\/03\/23\/sindserv-adia-eleicoes-por-conta-da-pandemia-de-covid-19\/","title":{"rendered":"SindServ adia elei\u00e7\u00f5es por conta da pandemia de covid-19"},"content":{"rendered":"<h2>Medida visa evitar poss\u00edveis aglomera\u00e7\u00f5es e seguir decreto da Prefeitura. As chapas concorrentes deram aval<\/h2>\n<p>As elei\u00e7\u00f5es do Sindicato dos Servidores e Empregados P\u00fablicos Municipais de Franca, foram adiadas para os dias 27, 28 e 29 de abril. A decis\u00e3o foi devida a pandemia mundial e respectivamente o Decreto de calamidade p\u00fablica do Munic\u00edpio de Franca, e foi deliberada pelas chapas concorrentes ao pleito eleitoral para o quadri\u00eanio 2021-2025.<br \/>\n\u201cO processo eleitoral ser\u00e1 realizado conforme o disposto no Estatuto Social, atendendo aos prazos previstos no Estatuto Social da entidade sindical\u201d, informou.<br \/>\nAs vota\u00e7\u00f5es ter\u00e3o in\u00edcio no dia 27 de abril e encerrando-se no dia 29, das 7h \u00e0s 17h de cada dia de vota\u00e7\u00e3o, em primeiro turno, na sede da entidade sindical e nas urnas itinerantes conforme quantidade de urnas e trajeto definido pela comiss\u00e3o eleitoral.<br \/>\nA apura\u00e7\u00e3o dos votos se iniciar\u00e1 imediatamente ap\u00f3s o encerramento da vota\u00e7\u00e3o na forma do artigo 44\u00ba do estatuto Social da Entidade. Finda a apura\u00e7\u00e3o e obtido o qu\u00f3rum previsto no artigo 47 do Estatuto Social da Entidade, o Presidente da mesa apuradora proclamar\u00e1 eleita a chapa que obtiver na primeira vota\u00e7\u00e3o o maior n\u00famero de votos do total de votos apurados.<br \/>\nN\u00e3o sendo obtido qu\u00f3rum para elei\u00e7\u00e3o sindical, o Presidente da mesa apuradora encerrar\u00e1 a elei\u00e7\u00e3o, far\u00e1 inutilizar as c\u00e9dulas e sobrecartas sem as abrir, notificando em seguida, o Presidente do pleito para que este promova nova elei\u00e7\u00e3o que ser\u00e1 realizada em segundo escrut\u00ednio nos dias 25, 26 e 27 de maio, das 7h \u00e0s 17h de cada dia de vota\u00e7\u00e3o em segundo turno, na sede da entidade sindical e nas urnas itinerantes conforme quantidade de urnas e trajeto definido pela comiss\u00e3o eleitoral.<br \/>\nSe novamente n\u00e3o atingir o qu\u00f3rum previsto no artigo 47 do Estatuto da Entidade Sindical ser\u00e1 convocada nova elei\u00e7\u00e3o em terceiro escrut\u00ednio a ser realizada nos dias 7, 8 e 9 de junho de 2021, no mesmo hor\u00e1rio da elei\u00e7\u00e3o anterior de cada dia de vota\u00e7\u00e3o.<br \/>\nEmpate<br \/>\nEm caso de empate entre as chapas mais votadas, realizar-se-\u00e1 elei\u00e7\u00e3o no primeiro dia \u00fatil ap\u00f3s o d\u00e9cimo dia do final do pleito. Na ocorr\u00eancia de quaisquer das hip\u00f3teses previstas de nova elei\u00e7\u00e3o por falta de qu\u00f3rum, apensa as chapas inscritas para a primeira elei\u00e7\u00e3o poder\u00e3o concorrer \u00e0s subsequentes, conforme par\u00e1grafo 3\u00ba do artigo 47 do Estatuto Social da Entidade.<br \/>\nN\u00e3o sendo atingido o qu\u00f3rum em terceiro e \u00faltimo escrut\u00ednio o Presidente da entidade no prazo de 48 (quarenta e oito) horas, convocar\u00e1 Assembleia Geral que declara a vac\u00e2ncia da administra\u00e7\u00e3o a partir do t\u00e9rmino do mandato dos escolhidos, dentre os elementos integrantes do quadro social que preencham os requisitos do Artigo 16 deste Estatuto, realizando-se nova elei\u00e7\u00e3o, dentro do prazo m\u00e1ximo de 120 (cento e vinte) dias.<\/p>\n","protected":false},"excerpt":{"rendered":"<p>Medida visa evitar poss\u00edveis aglomera\u00e7\u00f5es e seguir decreto da Prefeitura. As chapas concorrentes deram aval As elei\u00e7\u00f5es do Sindicato dos Servidores e Empregados P\u00fablicos Municipais de<span class=\"excerpt-hellip\"> [\u2026]<\/span><\/p>\n","protected":false},"author":4,"featured_media":15520,"comment_status":"open","ping_status":"open","sticky":false,"template":"","format":"standard","meta":{"_jetpack_memberships_contains_paid_content":false,"footnotes":"","jetpack_publicize_message":"","jetpack_publicize_feature_enabled":true,"jetpack_social_post_already_shared":false,"jetpack_social_options":{"image_generator_settings":{"template":"highway","default_image_id":0,"enabled":false},"version":2}},"categories":[28,81],"tags":[],"class_list":["post-15519","post","type-post","status-publish","format-standard","has-post-thumbnail","hentry","category-cotidiano","category-manchete"],"yoast_head":"<!-- This site is optimized with the Yoast SEO plugin v25.6 - https:\/\/yoast.com\/wordpress\/plugins\/seo\/ -->\n<title>SindServ adia elei\u00e7\u00f5es por conta da pandemia de covid-19 - VerdadeOn<\/title>\n<meta name=\"robots\" content=\"index, follow, max-snippet:-1, max-image-preview:large, max-video-preview:-1\" \/>\n<link rel=\"canonical\" href=\"https:\/\/verdadeon.com.br\/portal\/2021\/03\/23\/sindserv-adia-eleicoes-por-conta-da-pandemia-de-covid-19\/\" \/>\n<meta property=\"og:locale\" content=\"pt_BR\" \/>\n<meta property=\"og:type\" content=\"article\" \/>\n<meta property=\"og:title\" content=\"SindServ adia elei\u00e7\u00f5es por conta da pandemia de covid-19 - VerdadeOn\" \/>\n<meta property=\"og:description\" content=\"Medida visa evitar poss\u00edveis aglomera\u00e7\u00f5es e seguir decreto da Prefeitura. As chapas concorrentes deram aval As elei\u00e7\u00f5es do Sindicato dos Servidores e Empregados P\u00fablicos Municipais de [\u2026]\" \/>\n<meta property=\"og:url\" content=\"https:\/\/verdadeon.com.br\/portal\/2021\/03\/23\/sindserv-adia-eleicoes-por-conta-da-pandemia-de-covid-19\/\" \/>\n<meta property=\"og:site_name\" content=\"VerdadeOn\" \/>\n<meta property=\"article:published_time\" content=\"2021-03-23T15:00:08+00:00\" \/>\n<meta property=\"article:modified_time\" content=\"2021-03-23T19:53:07+00:00\" \/>\n<meta property=\"og:image\" content=\"https:\/\/verdadeon.com.br\/portal\/wp-content\/uploads\/2021\/03\/DSC5087.jpg\" \/>\n\t<meta property=\"og:image:width\" content=\"1000\" \/>\n\t<meta property=\"og:image:height\" content=\"670\" \/>\n\t<meta property=\"og:image:type\" content=\"image\/jpeg\" \/>\n<meta name=\"author\" content=\"Fernando Calixto\" \/>\n<meta name=\"twitter:card\" content=\"summary_large_image\" \/>\n<meta name=\"twitter:label1\" content=\"Escrito por\" \/>\n\t<meta name=\"twitter:data1\" content=\"Fernando Calixto\" \/>\n\t<meta name=\"twitter:label2\" content=\"Est. tempo de leitura\" \/>\n\t<meta name=\"twitter:data2\" content=\"2 minutos\" \/>\n<script type=\"application\/ld+json\" class=\"yoast-schema-graph\">{\"@context\":\"https:\/\/schema.org\",\"@graph\":[{\"@type\":\"WebPage\",\"@id\":\"https:\/\/verdadeon.com.br\/portal\/2021\/03\/23\/sindserv-adia-eleicoes-por-conta-da-pandemia-de-covid-19\/\",\"url\":\"https:\/\/verdadeon.com.br\/portal\/2021\/03\/23\/sindserv-adia-eleicoes-por-conta-da-pandemia-de-covid-19\/\",\"name\":\"SindServ adia elei\u00e7\u00f5es por conta da pandemia de covid-19 - VerdadeOn\",\"isPartOf\":{\"@id\":\"https:\/\/verdadeon.com.br\/portal\/#website\"},\"primaryImageOfPage\":{\"@id\":\"https:\/\/verdadeon.com.br\/portal\/2021\/03\/23\/sindserv-adia-eleicoes-por-conta-da-pandemia-de-covid-19\/#primaryimage\"},\"image\":{\"@id\":\"https:\/\/verdadeon.com.br\/portal\/2021\/03\/23\/sindserv-adia-eleicoes-por-conta-da-pandemia-de-covid-19\/#primaryimage\"},\"thumbnailUrl\":\"https:\/\/i0.wp.com\/verdadeon.com.br\/portal\/wp-content\/uploads\/2021\/03\/DSC5087.jpg?fit=1000%2C670&ssl=1\",\"datePublished\":\"2021-03-23T15:00:08+00:00\",\"dateModified\":\"2021-03-23T19:53:07+00:00\",\"author\":{\"@id\":\"https:\/\/verdadeon.com.br\/portal\/#\/schema\/person\/8994718f49ee62ba5610471e29ca1f62\"},\"breadcrumb\":{\"@id\":\"https:\/\/verdadeon.com.br\/portal\/2021\/03\/23\/sindserv-adia-eleicoes-por-conta-da-pandemia-de-covid-19\/#breadcrumb\"},\"inLanguage\":\"pt-BR\",\"potentialAction\":[{\"@type\":\"ReadAction\",\"target\":[\"https:\/\/verdadeon.com.br\/portal\/2021\/03\/23\/sindserv-adia-eleicoes-por-conta-da-pandemia-de-covid-19\/\"]}]},{\"@type\":\"ImageObject\",\"inLanguage\":\"pt-BR\",\"@id\":\"https:\/\/verdadeon.com.br\/portal\/2021\/03\/23\/sindserv-adia-eleicoes-por-conta-da-pandemia-de-covid-19\/#primaryimage\",\"url\":\"https:\/\/i0.wp.com\/verdadeon.com.br\/portal\/wp-content\/uploads\/2021\/03\/DSC5087.jpg?fit=1000%2C670&ssl=1\",\"contentUrl\":\"https:\/\/i0.wp.com\/verdadeon.com.br\/portal\/wp-content\/uploads\/2021\/03\/DSC5087.jpg?fit=1000%2C670&ssl=1\",\"width\":1000,\"height\":670,\"caption\":\"Servidores realizam paralisa\u00e7\u00e3o a fim de que a Prefeitura atenda \u00e0s suas demandas (\u00a9Divulga\u00e7\u00e3o)\"},{\"@type\":\"BreadcrumbList\",\"@id\":\"https:\/\/verdadeon.com.br\/portal\/2021\/03\/23\/sindserv-adia-eleicoes-por-conta-da-pandemia-de-covid-19\/#breadcrumb\",\"itemListElement\":[{\"@type\":\"ListItem\",\"position\":1,\"name\":\"In\u00edcio\",\"item\":\"https:\/\/verdadeon.com.br\/portal\/\"},{\"@type\":\"ListItem\",\"position\":2,\"name\":\"SindServ adia elei\u00e7\u00f5es por conta da pandemia de covid-19\"}]},{\"@type\":\"WebSite\",\"@id\":\"https:\/\/verdadeon.com.br\/portal\/#website\",\"url\":\"https:\/\/verdadeon.com.br\/portal\/\",\"name\":\"VerdadeOn\",\"description\":\"Not\u00edcias di\u00e1rias sobre Franca, Regi\u00e3o, Esporte, Cultura, Cotidiano, Colunas. Cobertura nos principais eventos da cidade \u00e9 aqui - Verdadeon Franca\",\"potentialAction\":[{\"@type\":\"SearchAction\",\"target\":{\"@type\":\"EntryPoint\",\"urlTemplate\":\"https:\/\/verdadeon.com.br\/portal\/?s={search_term_string}\"},\"query-input\":{\"@type\":\"PropertyValueSpecification\",\"valueRequired\":true,\"valueName\":\"search_term_string\"}}],\"inLanguage\":\"pt-BR\"},{\"@type\":\"Person\",\"@id\":\"https:\/\/verdadeon.com.br\/portal\/#\/schema\/person\/8994718f49ee62ba5610471e29ca1f62\",\"name\":\"Fernando Calixto\",\"image\":{\"@type\":\"ImageObject\",\"inLanguage\":\"pt-BR\",\"@id\":\"https:\/\/verdadeon.com.br\/portal\/#\/schema\/person\/image\/\",\"url\":\"https:\/\/secure.gravatar.com\/avatar\/7578910c24966c0316c340f9dbd601e93ee9f9212e1033968b367af9306bd9fb?s=96&d=mm&r=g\",\"contentUrl\":\"https:\/\/secure.gravatar.com\/avatar\/7578910c24966c0316c340f9dbd601e93ee9f9212e1033968b367af9306bd9fb?s=96&d=mm&r=g\",\"caption\":\"Fernando Calixto\"},\"url\":\"https:\/\/verdadeon.com.br\/portal\/author\/fernando-calixto\/\"}]}<\/script>\n<!-- \/ Yoast SEO plugin. -->","yoast_head_json":{"title":"SindServ adia elei\u00e7\u00f5es por conta da pandemia de covid-19 - VerdadeOn","robots":{"index":"index","follow":"follow","max-snippet":"max-snippet:-1","max-image-preview":"max-image-preview:large","max-video-preview":"max-video-preview:-1"},"canonical":"https:\/\/verdadeon.com.br\/portal\/2021\/03\/23\/sindserv-adia-eleicoes-por-conta-da-pandemia-de-covid-19\/","og_locale":"pt_BR","og_type":"article","og_title":"SindServ adia elei\u00e7\u00f5es por conta da pandemia de covid-19 - VerdadeOn","og_description":"Medida visa evitar poss\u00edveis aglomera\u00e7\u00f5es e seguir decreto da Prefeitura. As chapas concorrentes deram aval As elei\u00e7\u00f5es do Sindicato dos Servidores e Empregados P\u00fablicos Municipais de [\u2026]","og_url":"https:\/\/verdadeon.com.br\/portal\/2021\/03\/23\/sindserv-adia-eleicoes-por-conta-da-pandemia-de-covid-19\/","og_site_name":"VerdadeOn","article_published_time":"2021-03-23T15:00:08+00:00","article_modified_time":"2021-03-23T19:53:07+00:00","og_image":[{"width":1000,"height":670,"url":"https:\/\/verdadeon.com.br\/portal\/wp-content\/uploads\/2021\/03\/DSC5087.jpg","type":"image\/jpeg"}],"author":"Fernando Calixto","twitter_card":"summary_large_image","twitter_misc":{"Escrito por":"Fernando Calixto","Est. tempo de leitura":"2 minutos"},"schema":{"@context":"https:\/\/schema.org","@graph":[{"@type":"WebPage","@id":"https:\/\/verdadeon.com.br\/portal\/2021\/03\/23\/sindserv-adia-eleicoes-por-conta-da-pandemia-de-covid-19\/","url":"https:\/\/verdadeon.com.br\/portal\/2021\/03\/23\/sindserv-adia-eleicoes-por-conta-da-pandemia-de-covid-19\/","name":"SindServ adia elei\u00e7\u00f5es por conta da pandemia de covid-19 - VerdadeOn","isPartOf":{"@id":"https:\/\/verdadeon.com.br\/portal\/#website"},"primaryImageOfPage":{"@id":"https:\/\/verdadeon.com.br\/portal\/2021\/03\/23\/sindserv-adia-eleicoes-por-conta-da-pandemia-de-covid-19\/#primaryimage"},"image":{"@id":"https:\/\/verdadeon.com.br\/portal\/2021\/03\/23\/sindserv-adia-eleicoes-por-conta-da-pandemia-de-covid-19\/#primaryimage"},"thumbnailUrl":"https:\/\/i0.wp.com\/verdadeon.com.br\/portal\/wp-content\/uploads\/2021\/03\/DSC5087.jpg?fit=1000%2C670&ssl=1","datePublished":"2021-03-23T15:00:08+00:00","dateModified":"2021-03-23T19:53:07+00:00","author":{"@id":"https:\/\/verdadeon.com.br\/portal\/#\/schema\/person\/8994718f49ee62ba5610471e29ca1f62"},"breadcrumb":{"@id":"https:\/\/verdadeon.com.br\/portal\/2021\/03\/23\/sindserv-adia-eleicoes-por-conta-da-pandemia-de-covid-19\/#breadcrumb"},"inLanguage":"pt-BR","potentialAction":[{"@type":"ReadAction","target":["https:\/\/verdadeon.com.br\/portal\/2021\/03\/23\/sindserv-adia-eleicoes-por-conta-da-pandemia-de-covid-19\/"]}]},{"@type":"ImageObject","inLanguage":"pt-BR","@id":"https:\/\/verdadeon.com.br\/portal\/2021\/03\/23\/sindserv-adia-eleicoes-por-conta-da-pandemia-de-covid-19\/#primaryimage","url":"https:\/\/i0.wp.com\/verdadeon.com.br\/portal\/wp-content\/uploads\/2021\/03\/DSC5087.jpg?fit=1000%2C670&ssl=1","contentUrl":"https:\/\/i0.wp.com\/verdadeon.com.br\/portal\/wp-content\/uploads\/2021\/03\/DSC5087.jpg?fit=1000%2C670&ssl=1","width":1000,"height":670,"caption":"Servidores realizam paralisa\u00e7\u00e3o a fim de que a Prefeitura atenda \u00e0s suas demandas (\u00a9Divulga\u00e7\u00e3o)"},{"@type":"BreadcrumbList","@id":"https:\/\/verdadeon.com.br\/portal\/2021\/03\/23\/sindserv-adia-eleicoes-por-conta-da-pandemia-de-covid-19\/#breadcrumb","itemListElement":[{"@type":"ListItem","position":1,"name":"In\u00edcio","item":"https:\/\/verdadeon.com.br\/portal\/"},{"@type":"ListItem","position":2,"name":"SindServ adia elei\u00e7\u00f5es por conta da pandemia de covid-19"}]},{"@type":"WebSite","@id":"https:\/\/verdadeon.com.br\/portal\/#website","url":"https:\/\/verdadeon.com.br\/portal\/","name":"VerdadeOn","description":"Not\u00edcias di\u00e1rias sobre Franca, Regi\u00e3o, Esporte, Cultura, Cotidiano, Colunas. Cobertura nos principais eventos da cidade \u00e9 aqui - Verdadeon Franca","potentialAction":[{"@type":"SearchAction","target":{"@type":"EntryPoint","urlTemplate":"https:\/\/verdadeon.com.br\/portal\/?s={search_term_string}"},"query-input":{"@type":"PropertyValueSpecification","valueRequired":true,"valueName":"search_term_string"}}],"inLanguage":"pt-BR"},{"@type":"Person","@id":"https:\/\/verdadeon.com.br\/portal\/#\/schema\/person\/8994718f49ee62ba5610471e29ca1f62","name":"Fernando Calixto","image":{"@type":"ImageObject","inLanguage":"pt-BR","@id":"https:\/\/verdadeon.com.br\/portal\/#\/schema\/person\/image\/","url":"https:\/\/secure.gravatar.com\/avatar\/7578910c24966c0316c340f9dbd601e93ee9f9212e1033968b367af9306bd9fb?s=96&d=mm&r=g","contentUrl":"https:\/\/secure.gravatar.com\/avatar\/7578910c24966c0316c340f9dbd601e93ee9f9212e1033968b367af9306bd9fb?s=96&d=mm&r=g","caption":"Fernando Calixto"},"url":"https:\/\/verdadeon.com.br\/portal\/author\/fernando-calixto\/"}]}},"jetpack_publicize_connections":[],"jetpack_featured_media_url":"https:\/\/i0.wp.com\/verdadeon.com.br\/portal\/wp-content\/uploads\/2021\/03\/DSC5087.jpg?fit=1000%2C670&ssl=1","jetpack_sharing_enabled":true,"_links":{"self":[{"href":"https:\/\/verdadeon.com.br\/portal\/wp-json\/wp\/v2\/posts\/15519","targetHints":{"allow":["GET"]}}],"collection":[{"href":"https:\/\/verdadeon.com.br\/portal\/wp-json\/wp\/v2\/posts"}],"about":[{"href":"https:\/\/verdadeon.com.br\/portal\/wp-json\/wp\/v2\/types\/post"}],"author":[{"embeddable":true,"href":"https:\/\/verdadeon.com.br\/portal\/wp-json\/wp\/v2\/users\/4"}],"replies":[{"embeddable":true,"href":"https:\/\/verdadeon.com.br\/portal\/wp-json\/wp\/v2\/comments?post=15519"}],"version-history":[{"count":0,"href":"https:\/\/verdadeon.com.br\/portal\/wp-json\/wp\/v2\/posts\/15519\/revisions"}],"wp:featuredmedia":[{"embeddable":true,"href":"https:\/\/verdadeon.com.br\/portal\/wp-json\/wp\/v2\/media\/15520"}],"wp:attachment":[{"href":"https:\/\/verdadeon.com.br\/portal\/wp-json\/wp\/v2\/media?parent=15519"}],"wp:term":[{"taxonomy":"category","embeddable":true,"href":"https:\/\/verdadeon.com.br\/portal\/wp-json\/wp\/v2\/categories?post=15519"},{"taxonomy":"post_tag","embeddable":true,"href":"https:\/\/verdadeon.com.br\/portal\/wp-json\/wp\/v2\/tags?post=15519"}],"curies":[{"name":"wp","href":"https:\/\/api.w.org\/{rel}","templated":true}]}}