{"id":15511,"date":"2021-03-23T16:19:14","date_gmt":"2021-03-23T19:19:14","guid":{"rendered":"https:\/\/verdadeon.com.br\/portal\/?p=15511"},"modified":"2021-03-23T16:19:14","modified_gmt":"2021-03-23T19:19:14","slug":"franca-cai-para-4-lugar-do-ranking-trata-brasil-de-saneamento-basico","status":"publish","type":"post","link":"https:\/\/verdadeon.com.br\/portal\/2021\/03\/23\/franca-cai-para-4-lugar-do-ranking-trata-brasil-de-saneamento-basico\/","title":{"rendered":"Franca cai para 4\u00b0 lugar do ranking \u2018Trata Brasil\u2019 de Saneamento B\u00e1sico"},"content":{"rendered":"<h2>Cidade ocupou primeiro lugar durante longo per\u00edodo, em 2020 ocupou a segunda coloca\u00e7\u00e3o, agora caiu para 4\u00b0<\/h2>\n<p>Franca ocupa agora a 4\u00b0 lugar do ranking do Instituto Trata Brasil, que afere os indicadores de qualidade do saneamento b\u00e1sico. A \u00faltima vez que a cidade ocupou o primeiro lugar do ranking, foi em 2019. Em 2020, Santos ocupou a primeira coloca\u00e7\u00e3o e Franca a segunda. Neste ano a cidade do litoral permanece na lideran\u00e7a, seguida por Maring\u00e1 (PR) e Uberl\u00e2ndia (MG), e os francanos na quarta coloca\u00e7\u00e3o.<br \/>\nA Sabesp tem 5 munic\u00edpios na lista das 20 cidades brasileiras com os melhores indicadores, com destaque para Santos, a primeira colocada. S\u00e3o destaques tamb\u00e9m al\u00e9m de Franca, S\u00e3o Paulo (8\u00aa), Suzano (10\u00aa) e Taubat\u00e9 (19\u00aa), munic\u00edpios atendidos pela companhia. O ranking foi divulgado na segunda-feira (22), dia em que \u00e9 comemorado o Dia Mundial da \u00c1gua. O levantamento \u00e9 feito em parceria entre o Trata Brasil e a consultoria GO Associados e abrange os 100 maiores munic\u00edpios do pa\u00eds.<br \/>\nO ranking \u00e9 elaborado a partir dos dados da base 2019 do Sistema Nacional de Informa\u00e7\u00f5es sobre Saneamento (SNIS), ponderando \u00edndices de acesso \u00e0 \u00e1gua e ao esgotamento sanit\u00e1rio (coleta e tratamento de esgoto), popula\u00e7\u00e3o total atendida com \u00e1gua tratada e com rede de esgoto, tratamento do esgoto, \u00edndice total de perda de \u00e1gua tratada, tarifa m\u00e9dia praticada e investimentos. O estudo calcula a nota total para cada munic\u00edpio, que pode chegar at\u00e9 10.Na quarta posi\u00e7\u00e3o, Franca se sobressai com percentuais elevados nos diferentes indicadores e 9,37 como nota total.<br \/>\nAl\u00e9m das 5 cidades entre as 20 com melhor posi\u00e7\u00e3o, outros 12 munic\u00edpios atendidos pela Sabesp aparecem no estudo do Trata Brasil: S\u00e3o Jos\u00e9 dos Campos (na 26\u00aa posi\u00e7\u00e3o), Santo Andr\u00e9 (29\u00aa), Praia Grande (31\u00aa) Diadema (39\u00aa), Guarulhos (40\u00aa), Tabo\u00e3o da Serra (41\u00aa), Osasco (46\u00aa), S\u00e3o Vicente (52\u00aa), S\u00e3o Bernardo do Campo (55\u00aa), Carapicu\u00edba (57\u00aa), Guaruj\u00e1 (58\u00aa) e Itaquaquecetuba (70\u00aa).<br \/>\nCapitais<br \/>\nEntre as 27 capitais brasileiras, S\u00e3o Paulo aparece com a melhor coloca\u00e7\u00e3o no ranking, tendo subido da 19\u00aa posi\u00e7\u00e3o no ano passado para 8\u00aa, e tamb\u00e9m se destaca na avalia\u00e7\u00e3o de investimentos em saneamento.<br \/>\nDe acordo com o estudo, entre 2015 e 2019 foram investidos R$ 22,58 bilh\u00f5es em valores absolutos nas capitais brasileiras, sendo que o munic\u00edpio de S\u00e3o Paulo teve quase metade desse montante, com R$ 11,09 bilh\u00f5es. Quando considerado o investimento per capita, S\u00e3o Paulo fica em segundo lugar entre as capitais, com investimento m\u00e9dio anual de R$ 181,02 por habitante, atr\u00e1s apenas de Cuiab\u00e1 (MT), com R$ 189,22.<\/p>\n","protected":false},"excerpt":{"rendered":"<p>Cidade ocupou primeiro lugar durante longo per\u00edodo, em 2020 ocupou a segunda coloca\u00e7\u00e3o, agora caiu para 4\u00b0 Franca ocupa agora a 4\u00b0 lugar do ranking do<span class=\"excerpt-hellip\"> [\u2026]<\/span><\/p>\n","protected":false},"author":4,"featured_media":15512,"comment_status":"open","ping_status":"open","sticky":false,"template":"","format":"standard","meta":{"_jetpack_memberships_contains_paid_content":false,"footnotes":"","jetpack_publicize_message":"","jetpack_publicize_feature_enabled":true,"jetpack_social_post_already_shared":false,"jetpack_social_options":{"image_generator_settings":{"template":"highway","default_image_id":0,"enabled":false},"version":2}},"categories":[28,81],"tags":[],"class_list":["post-15511","post","type-post","status-publish","format-standard","has-post-thumbnail","hentry","category-cotidiano","category-manchete"],"yoast_head":"<!-- This site is optimized with the Yoast SEO plugin v25.6 - https:\/\/yoast.com\/wordpress\/plugins\/seo\/ -->\n<title>Franca cai para 4\u00b0 lugar do ranking \u2018Trata Brasil\u2019 de Saneamento B\u00e1sico - VerdadeOn<\/title>\n<meta name=\"robots\" content=\"index, follow, max-snippet:-1, max-image-preview:large, max-video-preview:-1\" \/>\n<link rel=\"canonical\" href=\"https:\/\/verdadeon.com.br\/portal\/2021\/03\/23\/franca-cai-para-4-lugar-do-ranking-trata-brasil-de-saneamento-basico\/\" \/>\n<meta property=\"og:locale\" content=\"pt_BR\" \/>\n<meta property=\"og:type\" content=\"article\" \/>\n<meta property=\"og:title\" content=\"Franca cai para 4\u00b0 lugar do ranking \u2018Trata Brasil\u2019 de Saneamento B\u00e1sico - VerdadeOn\" \/>\n<meta property=\"og:description\" content=\"Cidade ocupou primeiro lugar durante longo per\u00edodo, em 2020 ocupou a segunda coloca\u00e7\u00e3o, agora caiu para 4\u00b0 Franca ocupa agora a 4\u00b0 lugar do ranking do [\u2026]\" \/>\n<meta property=\"og:url\" content=\"https:\/\/verdadeon.com.br\/portal\/2021\/03\/23\/franca-cai-para-4-lugar-do-ranking-trata-brasil-de-saneamento-basico\/\" \/>\n<meta property=\"og:site_name\" content=\"VerdadeOn\" \/>\n<meta property=\"article:published_time\" content=\"2021-03-23T19:19:14+00:00\" \/>\n<meta property=\"og:image\" content=\"https:\/\/verdadeon.com.br\/portal\/wp-content\/uploads\/2021\/03\/WhatsApp-Image-2021-03-23-at-16.05.15-1.jpeg\" \/>\n\t<meta property=\"og:image:width\" content=\"1000\" \/>\n\t<meta property=\"og:image:height\" content=\"670\" \/>\n\t<meta property=\"og:image:type\" content=\"image\/jpeg\" \/>\n<meta name=\"author\" content=\"Fernando Calixto\" \/>\n<meta name=\"twitter:card\" content=\"summary_large_image\" \/>\n<meta name=\"twitter:label1\" content=\"Escrito por\" \/>\n\t<meta name=\"twitter:data1\" content=\"Fernando Calixto\" \/>\n\t<meta name=\"twitter:label2\" content=\"Est. tempo de leitura\" \/>\n\t<meta name=\"twitter:data2\" content=\"2 minutos\" \/>\n<script type=\"application\/ld+json\" class=\"yoast-schema-graph\">{\"@context\":\"https:\/\/schema.org\",\"@graph\":[{\"@type\":\"WebPage\",\"@id\":\"https:\/\/verdadeon.com.br\/portal\/2021\/03\/23\/franca-cai-para-4-lugar-do-ranking-trata-brasil-de-saneamento-basico\/\",\"url\":\"https:\/\/verdadeon.com.br\/portal\/2021\/03\/23\/franca-cai-para-4-lugar-do-ranking-trata-brasil-de-saneamento-basico\/\",\"name\":\"Franca cai para 4\u00b0 lugar do ranking \u2018Trata Brasil\u2019 de Saneamento B\u00e1sico - VerdadeOn\",\"isPartOf\":{\"@id\":\"https:\/\/verdadeon.com.br\/portal\/#website\"},\"primaryImageOfPage\":{\"@id\":\"https:\/\/verdadeon.com.br\/portal\/2021\/03\/23\/franca-cai-para-4-lugar-do-ranking-trata-brasil-de-saneamento-basico\/#primaryimage\"},\"image\":{\"@id\":\"https:\/\/verdadeon.com.br\/portal\/2021\/03\/23\/franca-cai-para-4-lugar-do-ranking-trata-brasil-de-saneamento-basico\/#primaryimage\"},\"thumbnailUrl\":\"https:\/\/i0.wp.com\/verdadeon.com.br\/portal\/wp-content\/uploads\/2021\/03\/WhatsApp-Image-2021-03-23-at-16.05.15-1.jpeg?fit=1000%2C670&ssl=1\",\"datePublished\":\"2021-03-23T19:19:14+00:00\",\"author\":{\"@id\":\"https:\/\/verdadeon.com.br\/portal\/#\/schema\/person\/8994718f49ee62ba5610471e29ca1f62\"},\"breadcrumb\":{\"@id\":\"https:\/\/verdadeon.com.br\/portal\/2021\/03\/23\/franca-cai-para-4-lugar-do-ranking-trata-brasil-de-saneamento-basico\/#breadcrumb\"},\"inLanguage\":\"pt-BR\",\"potentialAction\":[{\"@type\":\"ReadAction\",\"target\":[\"https:\/\/verdadeon.com.br\/portal\/2021\/03\/23\/franca-cai-para-4-lugar-do-ranking-trata-brasil-de-saneamento-basico\/\"]}]},{\"@type\":\"ImageObject\",\"inLanguage\":\"pt-BR\",\"@id\":\"https:\/\/verdadeon.com.br\/portal\/2021\/03\/23\/franca-cai-para-4-lugar-do-ranking-trata-brasil-de-saneamento-basico\/#primaryimage\",\"url\":\"https:\/\/i0.wp.com\/verdadeon.com.br\/portal\/wp-content\/uploads\/2021\/03\/WhatsApp-Image-2021-03-23-at-16.05.15-1.jpeg?fit=1000%2C670&ssl=1\",\"contentUrl\":\"https:\/\/i0.wp.com\/verdadeon.com.br\/portal\/wp-content\/uploads\/2021\/03\/WhatsApp-Image-2021-03-23-at-16.05.15-1.jpeg?fit=1000%2C670&ssl=1\",\"width\":1000,\"height\":670},{\"@type\":\"BreadcrumbList\",\"@id\":\"https:\/\/verdadeon.com.br\/portal\/2021\/03\/23\/franca-cai-para-4-lugar-do-ranking-trata-brasil-de-saneamento-basico\/#breadcrumb\",\"itemListElement\":[{\"@type\":\"ListItem\",\"position\":1,\"name\":\"In\u00edcio\",\"item\":\"https:\/\/verdadeon.com.br\/portal\/\"},{\"@type\":\"ListItem\",\"position\":2,\"name\":\"Franca cai para 4\u00b0 lugar do ranking \u2018Trata Brasil\u2019 de Saneamento B\u00e1sico\"}]},{\"@type\":\"WebSite\",\"@id\":\"https:\/\/verdadeon.com.br\/portal\/#website\",\"url\":\"https:\/\/verdadeon.com.br\/portal\/\",\"name\":\"VerdadeOn\",\"description\":\"Not\u00edcias di\u00e1rias sobre Franca, Regi\u00e3o, Esporte, Cultura, Cotidiano, Colunas. Cobertura nos principais eventos da cidade \u00e9 aqui - Verdadeon Franca\",\"potentialAction\":[{\"@type\":\"SearchAction\",\"target\":{\"@type\":\"EntryPoint\",\"urlTemplate\":\"https:\/\/verdadeon.com.br\/portal\/?s={search_term_string}\"},\"query-input\":{\"@type\":\"PropertyValueSpecification\",\"valueRequired\":true,\"valueName\":\"search_term_string\"}}],\"inLanguage\":\"pt-BR\"},{\"@type\":\"Person\",\"@id\":\"https:\/\/verdadeon.com.br\/portal\/#\/schema\/person\/8994718f49ee62ba5610471e29ca1f62\",\"name\":\"Fernando Calixto\",\"image\":{\"@type\":\"ImageObject\",\"inLanguage\":\"pt-BR\",\"@id\":\"https:\/\/verdadeon.com.br\/portal\/#\/schema\/person\/image\/\",\"url\":\"https:\/\/secure.gravatar.com\/avatar\/7578910c24966c0316c340f9dbd601e93ee9f9212e1033968b367af9306bd9fb?s=96&d=mm&r=g\",\"contentUrl\":\"https:\/\/secure.gravatar.com\/avatar\/7578910c24966c0316c340f9dbd601e93ee9f9212e1033968b367af9306bd9fb?s=96&d=mm&r=g\",\"caption\":\"Fernando Calixto\"},\"url\":\"https:\/\/verdadeon.com.br\/portal\/author\/fernando-calixto\/\"}]}<\/script>\n<!-- \/ Yoast SEO plugin. -->","yoast_head_json":{"title":"Franca cai para 4\u00b0 lugar do ranking \u2018Trata Brasil\u2019 de Saneamento B\u00e1sico - VerdadeOn","robots":{"index":"index","follow":"follow","max-snippet":"max-snippet:-1","max-image-preview":"max-image-preview:large","max-video-preview":"max-video-preview:-1"},"canonical":"https:\/\/verdadeon.com.br\/portal\/2021\/03\/23\/franca-cai-para-4-lugar-do-ranking-trata-brasil-de-saneamento-basico\/","og_locale":"pt_BR","og_type":"article","og_title":"Franca cai para 4\u00b0 lugar do ranking \u2018Trata Brasil\u2019 de Saneamento B\u00e1sico - VerdadeOn","og_description":"Cidade ocupou primeiro lugar durante longo per\u00edodo, em 2020 ocupou a segunda coloca\u00e7\u00e3o, agora caiu para 4\u00b0 Franca ocupa agora a 4\u00b0 lugar do ranking do [\u2026]","og_url":"https:\/\/verdadeon.com.br\/portal\/2021\/03\/23\/franca-cai-para-4-lugar-do-ranking-trata-brasil-de-saneamento-basico\/","og_site_name":"VerdadeOn","article_published_time":"2021-03-23T19:19:14+00:00","og_image":[{"width":1000,"height":670,"url":"https:\/\/verdadeon.com.br\/portal\/wp-content\/uploads\/2021\/03\/WhatsApp-Image-2021-03-23-at-16.05.15-1.jpeg","type":"image\/jpeg"}],"author":"Fernando Calixto","twitter_card":"summary_large_image","twitter_misc":{"Escrito por":"Fernando Calixto","Est. tempo de leitura":"2 minutos"},"schema":{"@context":"https:\/\/schema.org","@graph":[{"@type":"WebPage","@id":"https:\/\/verdadeon.com.br\/portal\/2021\/03\/23\/franca-cai-para-4-lugar-do-ranking-trata-brasil-de-saneamento-basico\/","url":"https:\/\/verdadeon.com.br\/portal\/2021\/03\/23\/franca-cai-para-4-lugar-do-ranking-trata-brasil-de-saneamento-basico\/","name":"Franca cai para 4\u00b0 lugar do ranking \u2018Trata Brasil\u2019 de Saneamento B\u00e1sico - VerdadeOn","isPartOf":{"@id":"https:\/\/verdadeon.com.br\/portal\/#website"},"primaryImageOfPage":{"@id":"https:\/\/verdadeon.com.br\/portal\/2021\/03\/23\/franca-cai-para-4-lugar-do-ranking-trata-brasil-de-saneamento-basico\/#primaryimage"},"image":{"@id":"https:\/\/verdadeon.com.br\/portal\/2021\/03\/23\/franca-cai-para-4-lugar-do-ranking-trata-brasil-de-saneamento-basico\/#primaryimage"},"thumbnailUrl":"https:\/\/i0.wp.com\/verdadeon.com.br\/portal\/wp-content\/uploads\/2021\/03\/WhatsApp-Image-2021-03-23-at-16.05.15-1.jpeg?fit=1000%2C670&ssl=1","datePublished":"2021-03-23T19:19:14+00:00","author":{"@id":"https:\/\/verdadeon.com.br\/portal\/#\/schema\/person\/8994718f49ee62ba5610471e29ca1f62"},"breadcrumb":{"@id":"https:\/\/verdadeon.com.br\/portal\/2021\/03\/23\/franca-cai-para-4-lugar-do-ranking-trata-brasil-de-saneamento-basico\/#breadcrumb"},"inLanguage":"pt-BR","potentialAction":[{"@type":"ReadAction","target":["https:\/\/verdadeon.com.br\/portal\/2021\/03\/23\/franca-cai-para-4-lugar-do-ranking-trata-brasil-de-saneamento-basico\/"]}]},{"@type":"ImageObject","inLanguage":"pt-BR","@id":"https:\/\/verdadeon.com.br\/portal\/2021\/03\/23\/franca-cai-para-4-lugar-do-ranking-trata-brasil-de-saneamento-basico\/#primaryimage","url":"https:\/\/i0.wp.com\/verdadeon.com.br\/portal\/wp-content\/uploads\/2021\/03\/WhatsApp-Image-2021-03-23-at-16.05.15-1.jpeg?fit=1000%2C670&ssl=1","contentUrl":"https:\/\/i0.wp.com\/verdadeon.com.br\/portal\/wp-content\/uploads\/2021\/03\/WhatsApp-Image-2021-03-23-at-16.05.15-1.jpeg?fit=1000%2C670&ssl=1","width":1000,"height":670},{"@type":"BreadcrumbList","@id":"https:\/\/verdadeon.com.br\/portal\/2021\/03\/23\/franca-cai-para-4-lugar-do-ranking-trata-brasil-de-saneamento-basico\/#breadcrumb","itemListElement":[{"@type":"ListItem","position":1,"name":"In\u00edcio","item":"https:\/\/verdadeon.com.br\/portal\/"},{"@type":"ListItem","position":2,"name":"Franca cai para 4\u00b0 lugar do ranking \u2018Trata Brasil\u2019 de Saneamento B\u00e1sico"}]},{"@type":"WebSite","@id":"https:\/\/verdadeon.com.br\/portal\/#website","url":"https:\/\/verdadeon.com.br\/portal\/","name":"VerdadeOn","description":"Not\u00edcias di\u00e1rias sobre Franca, Regi\u00e3o, Esporte, Cultura, Cotidiano, Colunas. Cobertura nos principais eventos da cidade \u00e9 aqui - Verdadeon Franca","potentialAction":[{"@type":"SearchAction","target":{"@type":"EntryPoint","urlTemplate":"https:\/\/verdadeon.com.br\/portal\/?s={search_term_string}"},"query-input":{"@type":"PropertyValueSpecification","valueRequired":true,"valueName":"search_term_string"}}],"inLanguage":"pt-BR"},{"@type":"Person","@id":"https:\/\/verdadeon.com.br\/portal\/#\/schema\/person\/8994718f49ee62ba5610471e29ca1f62","name":"Fernando Calixto","image":{"@type":"ImageObject","inLanguage":"pt-BR","@id":"https:\/\/verdadeon.com.br\/portal\/#\/schema\/person\/image\/","url":"https:\/\/secure.gravatar.com\/avatar\/7578910c24966c0316c340f9dbd601e93ee9f9212e1033968b367af9306bd9fb?s=96&d=mm&r=g","contentUrl":"https:\/\/secure.gravatar.com\/avatar\/7578910c24966c0316c340f9dbd601e93ee9f9212e1033968b367af9306bd9fb?s=96&d=mm&r=g","caption":"Fernando Calixto"},"url":"https:\/\/verdadeon.com.br\/portal\/author\/fernando-calixto\/"}]}},"jetpack_publicize_connections":[],"jetpack_featured_media_url":"https:\/\/i0.wp.com\/verdadeon.com.br\/portal\/wp-content\/uploads\/2021\/03\/WhatsApp-Image-2021-03-23-at-16.05.15-1.jpeg?fit=1000%2C670&ssl=1","jetpack_sharing_enabled":true,"_links":{"self":[{"href":"https:\/\/verdadeon.com.br\/portal\/wp-json\/wp\/v2\/posts\/15511","targetHints":{"allow":["GET"]}}],"collection":[{"href":"https:\/\/verdadeon.com.br\/portal\/wp-json\/wp\/v2\/posts"}],"about":[{"href":"https:\/\/verdadeon.com.br\/portal\/wp-json\/wp\/v2\/types\/post"}],"author":[{"embeddable":true,"href":"https:\/\/verdadeon.com.br\/portal\/wp-json\/wp\/v2\/users\/4"}],"replies":[{"embeddable":true,"href":"https:\/\/verdadeon.com.br\/portal\/wp-json\/wp\/v2\/comments?post=15511"}],"version-history":[{"count":0,"href":"https:\/\/verdadeon.com.br\/portal\/wp-json\/wp\/v2\/posts\/15511\/revisions"}],"wp:featuredmedia":[{"embeddable":true,"href":"https:\/\/verdadeon.com.br\/portal\/wp-json\/wp\/v2\/media\/15512"}],"wp:attachment":[{"href":"https:\/\/verdadeon.com.br\/portal\/wp-json\/wp\/v2\/media?parent=15511"}],"wp:term":[{"taxonomy":"category","embeddable":true,"href":"https:\/\/verdadeon.com.br\/portal\/wp-json\/wp\/v2\/categories?post=15511"},{"taxonomy":"post_tag","embeddable":true,"href":"https:\/\/verdadeon.com.br\/portal\/wp-json\/wp\/v2\/tags?post=15511"}],"curies":[{"name":"wp","href":"https:\/\/api.w.org\/{rel}","templated":true}]}}