{"id":15408,"date":"2021-03-20T11:30:54","date_gmt":"2021-03-20T14:30:54","guid":{"rendered":"https:\/\/verdadeon.com.br\/portal\/?p=15408"},"modified":"2021-03-20T14:01:16","modified_gmt":"2021-03-20T17:01:16","slug":"vacinacao-em-idosos-a-partir-de-73-anos-e-iniciada-nesta-segunda-feira-em-franca","status":"publish","type":"post","link":"https:\/\/verdadeon.com.br\/portal\/2021\/03\/20\/vacinacao-em-idosos-a-partir-de-73-anos-e-iniciada-nesta-segunda-feira-em-franca\/","title":{"rendered":"Vacina\u00e7\u00e3o em idosos a partir de 73 anos \u00e9 iniciada nesta segunda-feira em Franca"},"content":{"rendered":"<h2>Novo grupo ser\u00e1 imunizado ap\u00f3s o envio de quase 7 mil doses para Franca na \u00faltima semana<\/h2>\n<p>Come\u00e7a nesta segunda-feira (22), a aplica\u00e7\u00e3o da primeira dose da vacina contra a Covid-19, para os idosos com idade de 73 anos ou mais. A secretaria de Sa\u00fade de Franca afirmou que o montante recebido pelo munic\u00edpio, ser\u00e1 suficiente para atender toda a demanda desta faixa et\u00e1ria.<br \/>\nA imuniza\u00e7\u00e3o vai acontecer na UBS do Leporace; do Brasil\u00e2ndia; Aeroporto 1 e 3; Horto; Esta\u00e7\u00e3o; \u00c2ngela Rosa; Lu\u00edza e Paulistano; funcionando das 7h30 \u00e0s 13h.<br \/>\nOs dois postos Drive Thru, no Poliesportivo e Franca Shopping, tamb\u00e9m far\u00e3o a imuniza\u00e7\u00e3o desta faixa et\u00e1ria, mas com o hor\u00e1rio diferente, das 8 \u00e0s 17h. As pessoas devem apresentar um documento de identidade com foto e o CPF para comprova\u00e7\u00e3o da idade e cadastro, lembrando que a vacina\u00e7\u00e3o acontece mediante distribui\u00e7\u00e3o de senhas.<\/p>\n<p>Segunda Dose<\/p>\n<p>Para segunda-feira, 22, a Secretaria de Sa\u00fade continua aplicando a segunda dose para os idosos com 85 anos ou mais e para os profissionais de sa\u00fade, que ainda n\u00e3o completaram o esquema vacinal.<br \/>\nO atendimento ser\u00e1 prestado para os dois p\u00fablicos, exclusivamente, na UBS do Jardim Paulista, das 07h30 \u00e0s 12h, para os idosos e para os profissionais de sa\u00fade, das 13 \u00e0s 17h. \u00c9 importante que as pessoas compare\u00e7am nos hor\u00e1rios estabelecidos, munidas de um documento de identifica\u00e7\u00e3o com foto, CPF e o cart\u00e3o de vacina\u00e7\u00e3o para comprovar a primeira dose.<br \/>\nDe acordo com a Prefeitura de Franca mais de 30 mil doses j\u00e1 foram aplicadas desde janeiro, quando teve in\u00edcio a imuniza\u00e7\u00e3o na cidade. O m\u00e9dico da Vigil\u00e2ncia Epidemiol\u00f3gica, Homero Rosa, afirmou que embora o n\u00famero seja expressivo, a cidade dever\u00e1 sentir o reflexo desses n\u00fameros daqui a algumas semanas ou um m\u00eas, quando uma maior parcela da popula\u00e7\u00e3o estiver imunizada com as duas doses.<\/p>\n","protected":false},"excerpt":{"rendered":"<p>Novo grupo ser\u00e1 imunizado ap\u00f3s o envio de quase 7 mil doses para Franca na \u00faltima semana Come\u00e7a nesta segunda-feira (22), a aplica\u00e7\u00e3o da primeira dose<span class=\"excerpt-hellip\"> [\u2026]<\/span><\/p>\n","protected":false},"author":4,"featured_media":15412,"comment_status":"open","ping_status":"open","sticky":false,"template":"","format":"standard","meta":{"_jetpack_memberships_contains_paid_content":false,"footnotes":"","jetpack_publicize_message":"","jetpack_publicize_feature_enabled":true,"jetpack_social_post_already_shared":false,"jetpack_social_options":{"image_generator_settings":{"template":"highway","default_image_id":0,"enabled":false},"version":2}},"categories":[28,81],"tags":[],"class_list":["post-15408","post","type-post","status-publish","format-standard","has-post-thumbnail","hentry","category-cotidiano","category-manchete"],"yoast_head":"<!-- This site is optimized with the Yoast SEO plugin v25.6 - https:\/\/yoast.com\/wordpress\/plugins\/seo\/ -->\n<title>Vacina\u00e7\u00e3o em idosos a partir de 73 anos \u00e9 iniciada nesta segunda-feira em Franca - VerdadeOn<\/title>\n<meta name=\"robots\" content=\"index, follow, max-snippet:-1, max-image-preview:large, max-video-preview:-1\" \/>\n<link rel=\"canonical\" href=\"https:\/\/verdadeon.com.br\/portal\/2021\/03\/20\/vacinacao-em-idosos-a-partir-de-73-anos-e-iniciada-nesta-segunda-feira-em-franca\/\" \/>\n<meta property=\"og:locale\" content=\"pt_BR\" \/>\n<meta property=\"og:type\" content=\"article\" \/>\n<meta property=\"og:title\" content=\"Vacina\u00e7\u00e3o em idosos a partir de 73 anos \u00e9 iniciada nesta segunda-feira em Franca - VerdadeOn\" \/>\n<meta property=\"og:description\" content=\"Novo grupo ser\u00e1 imunizado ap\u00f3s o envio de quase 7 mil doses para Franca na \u00faltima semana Come\u00e7a nesta segunda-feira (22), a aplica\u00e7\u00e3o da primeira dose [\u2026]\" \/>\n<meta property=\"og:url\" content=\"https:\/\/verdadeon.com.br\/portal\/2021\/03\/20\/vacinacao-em-idosos-a-partir-de-73-anos-e-iniciada-nesta-segunda-feira-em-franca\/\" \/>\n<meta property=\"og:site_name\" content=\"VerdadeOn\" \/>\n<meta property=\"article:published_time\" content=\"2021-03-20T14:30:54+00:00\" \/>\n<meta property=\"article:modified_time\" content=\"2021-03-20T17:01:16+00:00\" \/>\n<meta property=\"og:image\" content=\"https:\/\/verdadeon.com.br\/portal\/wp-content\/uploads\/2021\/03\/WhatsApp-Image-2021-03-20-at-10.33.41.jpeg\" \/>\n\t<meta property=\"og:image:width\" content=\"1000\" \/>\n\t<meta property=\"og:image:height\" content=\"670\" \/>\n\t<meta property=\"og:image:type\" content=\"image\/jpeg\" \/>\n<meta name=\"author\" content=\"Fernando Calixto\" \/>\n<meta name=\"twitter:card\" content=\"summary_large_image\" \/>\n<meta name=\"twitter:label1\" content=\"Escrito por\" \/>\n\t<meta name=\"twitter:data1\" content=\"Fernando Calixto\" \/>\n\t<meta name=\"twitter:label2\" content=\"Est. tempo de leitura\" \/>\n\t<meta name=\"twitter:data2\" content=\"2 minutos\" \/>\n<script type=\"application\/ld+json\" class=\"yoast-schema-graph\">{\"@context\":\"https:\/\/schema.org\",\"@graph\":[{\"@type\":\"WebPage\",\"@id\":\"https:\/\/verdadeon.com.br\/portal\/2021\/03\/20\/vacinacao-em-idosos-a-partir-de-73-anos-e-iniciada-nesta-segunda-feira-em-franca\/\",\"url\":\"https:\/\/verdadeon.com.br\/portal\/2021\/03\/20\/vacinacao-em-idosos-a-partir-de-73-anos-e-iniciada-nesta-segunda-feira-em-franca\/\",\"name\":\"Vacina\u00e7\u00e3o em idosos a partir de 73 anos \u00e9 iniciada nesta segunda-feira em Franca - VerdadeOn\",\"isPartOf\":{\"@id\":\"https:\/\/verdadeon.com.br\/portal\/#website\"},\"primaryImageOfPage\":{\"@id\":\"https:\/\/verdadeon.com.br\/portal\/2021\/03\/20\/vacinacao-em-idosos-a-partir-de-73-anos-e-iniciada-nesta-segunda-feira-em-franca\/#primaryimage\"},\"image\":{\"@id\":\"https:\/\/verdadeon.com.br\/portal\/2021\/03\/20\/vacinacao-em-idosos-a-partir-de-73-anos-e-iniciada-nesta-segunda-feira-em-franca\/#primaryimage\"},\"thumbnailUrl\":\"https:\/\/i0.wp.com\/verdadeon.com.br\/portal\/wp-content\/uploads\/2021\/03\/WhatsApp-Image-2021-03-20-at-10.33.41.jpeg?fit=1000%2C670&ssl=1\",\"datePublished\":\"2021-03-20T14:30:54+00:00\",\"dateModified\":\"2021-03-20T17:01:16+00:00\",\"author\":{\"@id\":\"https:\/\/verdadeon.com.br\/portal\/#\/schema\/person\/8994718f49ee62ba5610471e29ca1f62\"},\"breadcrumb\":{\"@id\":\"https:\/\/verdadeon.com.br\/portal\/2021\/03\/20\/vacinacao-em-idosos-a-partir-de-73-anos-e-iniciada-nesta-segunda-feira-em-franca\/#breadcrumb\"},\"inLanguage\":\"pt-BR\",\"potentialAction\":[{\"@type\":\"ReadAction\",\"target\":[\"https:\/\/verdadeon.com.br\/portal\/2021\/03\/20\/vacinacao-em-idosos-a-partir-de-73-anos-e-iniciada-nesta-segunda-feira-em-franca\/\"]}]},{\"@type\":\"ImageObject\",\"inLanguage\":\"pt-BR\",\"@id\":\"https:\/\/verdadeon.com.br\/portal\/2021\/03\/20\/vacinacao-em-idosos-a-partir-de-73-anos-e-iniciada-nesta-segunda-feira-em-franca\/#primaryimage\",\"url\":\"https:\/\/i0.wp.com\/verdadeon.com.br\/portal\/wp-content\/uploads\/2021\/03\/WhatsApp-Image-2021-03-20-at-10.33.41.jpeg?fit=1000%2C670&ssl=1\",\"contentUrl\":\"https:\/\/i0.wp.com\/verdadeon.com.br\/portal\/wp-content\/uploads\/2021\/03\/WhatsApp-Image-2021-03-20-at-10.33.41.jpeg?fit=1000%2C670&ssl=1\",\"width\":1000,\"height\":670,\"caption\":\"Ao mesmo tempo a segunda dose tamb\u00e9m est\u00e1 sendo aplicada para outros grupos de idosos | Foto: Prefeitura de Franca\"},{\"@type\":\"BreadcrumbList\",\"@id\":\"https:\/\/verdadeon.com.br\/portal\/2021\/03\/20\/vacinacao-em-idosos-a-partir-de-73-anos-e-iniciada-nesta-segunda-feira-em-franca\/#breadcrumb\",\"itemListElement\":[{\"@type\":\"ListItem\",\"position\":1,\"name\":\"In\u00edcio\",\"item\":\"https:\/\/verdadeon.com.br\/portal\/\"},{\"@type\":\"ListItem\",\"position\":2,\"name\":\"Vacina\u00e7\u00e3o em idosos a partir de 73 anos \u00e9 iniciada nesta segunda-feira em Franca\"}]},{\"@type\":\"WebSite\",\"@id\":\"https:\/\/verdadeon.com.br\/portal\/#website\",\"url\":\"https:\/\/verdadeon.com.br\/portal\/\",\"name\":\"VerdadeOn\",\"description\":\"Not\u00edcias di\u00e1rias sobre Franca, Regi\u00e3o, Esporte, Cultura, Cotidiano, Colunas. Cobertura nos principais eventos da cidade \u00e9 aqui - Verdadeon Franca\",\"potentialAction\":[{\"@type\":\"SearchAction\",\"target\":{\"@type\":\"EntryPoint\",\"urlTemplate\":\"https:\/\/verdadeon.com.br\/portal\/?s={search_term_string}\"},\"query-input\":{\"@type\":\"PropertyValueSpecification\",\"valueRequired\":true,\"valueName\":\"search_term_string\"}}],\"inLanguage\":\"pt-BR\"},{\"@type\":\"Person\",\"@id\":\"https:\/\/verdadeon.com.br\/portal\/#\/schema\/person\/8994718f49ee62ba5610471e29ca1f62\",\"name\":\"Fernando Calixto\",\"image\":{\"@type\":\"ImageObject\",\"inLanguage\":\"pt-BR\",\"@id\":\"https:\/\/verdadeon.com.br\/portal\/#\/schema\/person\/image\/\",\"url\":\"https:\/\/secure.gravatar.com\/avatar\/7578910c24966c0316c340f9dbd601e93ee9f9212e1033968b367af9306bd9fb?s=96&d=mm&r=g\",\"contentUrl\":\"https:\/\/secure.gravatar.com\/avatar\/7578910c24966c0316c340f9dbd601e93ee9f9212e1033968b367af9306bd9fb?s=96&d=mm&r=g\",\"caption\":\"Fernando Calixto\"},\"url\":\"https:\/\/verdadeon.com.br\/portal\/author\/fernando-calixto\/\"}]}<\/script>\n<!-- \/ Yoast SEO plugin. -->","yoast_head_json":{"title":"Vacina\u00e7\u00e3o em idosos a partir de 73 anos \u00e9 iniciada nesta segunda-feira em Franca - VerdadeOn","robots":{"index":"index","follow":"follow","max-snippet":"max-snippet:-1","max-image-preview":"max-image-preview:large","max-video-preview":"max-video-preview:-1"},"canonical":"https:\/\/verdadeon.com.br\/portal\/2021\/03\/20\/vacinacao-em-idosos-a-partir-de-73-anos-e-iniciada-nesta-segunda-feira-em-franca\/","og_locale":"pt_BR","og_type":"article","og_title":"Vacina\u00e7\u00e3o em idosos a partir de 73 anos \u00e9 iniciada nesta segunda-feira em Franca - VerdadeOn","og_description":"Novo grupo ser\u00e1 imunizado ap\u00f3s o envio de quase 7 mil doses para Franca na \u00faltima semana Come\u00e7a nesta segunda-feira (22), a aplica\u00e7\u00e3o da primeira dose [\u2026]","og_url":"https:\/\/verdadeon.com.br\/portal\/2021\/03\/20\/vacinacao-em-idosos-a-partir-de-73-anos-e-iniciada-nesta-segunda-feira-em-franca\/","og_site_name":"VerdadeOn","article_published_time":"2021-03-20T14:30:54+00:00","article_modified_time":"2021-03-20T17:01:16+00:00","og_image":[{"width":1000,"height":670,"url":"https:\/\/verdadeon.com.br\/portal\/wp-content\/uploads\/2021\/03\/WhatsApp-Image-2021-03-20-at-10.33.41.jpeg","type":"image\/jpeg"}],"author":"Fernando Calixto","twitter_card":"summary_large_image","twitter_misc":{"Escrito por":"Fernando Calixto","Est. tempo de leitura":"2 minutos"},"schema":{"@context":"https:\/\/schema.org","@graph":[{"@type":"WebPage","@id":"https:\/\/verdadeon.com.br\/portal\/2021\/03\/20\/vacinacao-em-idosos-a-partir-de-73-anos-e-iniciada-nesta-segunda-feira-em-franca\/","url":"https:\/\/verdadeon.com.br\/portal\/2021\/03\/20\/vacinacao-em-idosos-a-partir-de-73-anos-e-iniciada-nesta-segunda-feira-em-franca\/","name":"Vacina\u00e7\u00e3o em idosos a partir de 73 anos \u00e9 iniciada nesta segunda-feira em Franca - VerdadeOn","isPartOf":{"@id":"https:\/\/verdadeon.com.br\/portal\/#website"},"primaryImageOfPage":{"@id":"https:\/\/verdadeon.com.br\/portal\/2021\/03\/20\/vacinacao-em-idosos-a-partir-de-73-anos-e-iniciada-nesta-segunda-feira-em-franca\/#primaryimage"},"image":{"@id":"https:\/\/verdadeon.com.br\/portal\/2021\/03\/20\/vacinacao-em-idosos-a-partir-de-73-anos-e-iniciada-nesta-segunda-feira-em-franca\/#primaryimage"},"thumbnailUrl":"https:\/\/i0.wp.com\/verdadeon.com.br\/portal\/wp-content\/uploads\/2021\/03\/WhatsApp-Image-2021-03-20-at-10.33.41.jpeg?fit=1000%2C670&ssl=1","datePublished":"2021-03-20T14:30:54+00:00","dateModified":"2021-03-20T17:01:16+00:00","author":{"@id":"https:\/\/verdadeon.com.br\/portal\/#\/schema\/person\/8994718f49ee62ba5610471e29ca1f62"},"breadcrumb":{"@id":"https:\/\/verdadeon.com.br\/portal\/2021\/03\/20\/vacinacao-em-idosos-a-partir-de-73-anos-e-iniciada-nesta-segunda-feira-em-franca\/#breadcrumb"},"inLanguage":"pt-BR","potentialAction":[{"@type":"ReadAction","target":["https:\/\/verdadeon.com.br\/portal\/2021\/03\/20\/vacinacao-em-idosos-a-partir-de-73-anos-e-iniciada-nesta-segunda-feira-em-franca\/"]}]},{"@type":"ImageObject","inLanguage":"pt-BR","@id":"https:\/\/verdadeon.com.br\/portal\/2021\/03\/20\/vacinacao-em-idosos-a-partir-de-73-anos-e-iniciada-nesta-segunda-feira-em-franca\/#primaryimage","url":"https:\/\/i0.wp.com\/verdadeon.com.br\/portal\/wp-content\/uploads\/2021\/03\/WhatsApp-Image-2021-03-20-at-10.33.41.jpeg?fit=1000%2C670&ssl=1","contentUrl":"https:\/\/i0.wp.com\/verdadeon.com.br\/portal\/wp-content\/uploads\/2021\/03\/WhatsApp-Image-2021-03-20-at-10.33.41.jpeg?fit=1000%2C670&ssl=1","width":1000,"height":670,"caption":"Ao mesmo tempo a segunda dose tamb\u00e9m est\u00e1 sendo aplicada para outros grupos de idosos | Foto: Prefeitura de Franca"},{"@type":"BreadcrumbList","@id":"https:\/\/verdadeon.com.br\/portal\/2021\/03\/20\/vacinacao-em-idosos-a-partir-de-73-anos-e-iniciada-nesta-segunda-feira-em-franca\/#breadcrumb","itemListElement":[{"@type":"ListItem","position":1,"name":"In\u00edcio","item":"https:\/\/verdadeon.com.br\/portal\/"},{"@type":"ListItem","position":2,"name":"Vacina\u00e7\u00e3o em idosos a partir de 73 anos \u00e9 iniciada nesta segunda-feira em Franca"}]},{"@type":"WebSite","@id":"https:\/\/verdadeon.com.br\/portal\/#website","url":"https:\/\/verdadeon.com.br\/portal\/","name":"VerdadeOn","description":"Not\u00edcias di\u00e1rias sobre Franca, Regi\u00e3o, Esporte, Cultura, Cotidiano, Colunas. Cobertura nos principais eventos da cidade \u00e9 aqui - Verdadeon Franca","potentialAction":[{"@type":"SearchAction","target":{"@type":"EntryPoint","urlTemplate":"https:\/\/verdadeon.com.br\/portal\/?s={search_term_string}"},"query-input":{"@type":"PropertyValueSpecification","valueRequired":true,"valueName":"search_term_string"}}],"inLanguage":"pt-BR"},{"@type":"Person","@id":"https:\/\/verdadeon.com.br\/portal\/#\/schema\/person\/8994718f49ee62ba5610471e29ca1f62","name":"Fernando Calixto","image":{"@type":"ImageObject","inLanguage":"pt-BR","@id":"https:\/\/verdadeon.com.br\/portal\/#\/schema\/person\/image\/","url":"https:\/\/secure.gravatar.com\/avatar\/7578910c24966c0316c340f9dbd601e93ee9f9212e1033968b367af9306bd9fb?s=96&d=mm&r=g","contentUrl":"https:\/\/secure.gravatar.com\/avatar\/7578910c24966c0316c340f9dbd601e93ee9f9212e1033968b367af9306bd9fb?s=96&d=mm&r=g","caption":"Fernando Calixto"},"url":"https:\/\/verdadeon.com.br\/portal\/author\/fernando-calixto\/"}]}},"jetpack_publicize_connections":[],"jetpack_featured_media_url":"https:\/\/i0.wp.com\/verdadeon.com.br\/portal\/wp-content\/uploads\/2021\/03\/WhatsApp-Image-2021-03-20-at-10.33.41.jpeg?fit=1000%2C670&ssl=1","jetpack_sharing_enabled":true,"_links":{"self":[{"href":"https:\/\/verdadeon.com.br\/portal\/wp-json\/wp\/v2\/posts\/15408","targetHints":{"allow":["GET"]}}],"collection":[{"href":"https:\/\/verdadeon.com.br\/portal\/wp-json\/wp\/v2\/posts"}],"about":[{"href":"https:\/\/verdadeon.com.br\/portal\/wp-json\/wp\/v2\/types\/post"}],"author":[{"embeddable":true,"href":"https:\/\/verdadeon.com.br\/portal\/wp-json\/wp\/v2\/users\/4"}],"replies":[{"embeddable":true,"href":"https:\/\/verdadeon.com.br\/portal\/wp-json\/wp\/v2\/comments?post=15408"}],"version-history":[{"count":0,"href":"https:\/\/verdadeon.com.br\/portal\/wp-json\/wp\/v2\/posts\/15408\/revisions"}],"wp:featuredmedia":[{"embeddable":true,"href":"https:\/\/verdadeon.com.br\/portal\/wp-json\/wp\/v2\/media\/15412"}],"wp:attachment":[{"href":"https:\/\/verdadeon.com.br\/portal\/wp-json\/wp\/v2\/media?parent=15408"}],"wp:term":[{"taxonomy":"category","embeddable":true,"href":"https:\/\/verdadeon.com.br\/portal\/wp-json\/wp\/v2\/categories?post=15408"},{"taxonomy":"post_tag","embeddable":true,"href":"https:\/\/verdadeon.com.br\/portal\/wp-json\/wp\/v2\/tags?post=15408"}],"curies":[{"name":"wp","href":"https:\/\/api.w.org\/{rel}","templated":true}]}}